{"id":11483,"date":"2026-01-25T12:30:07","date_gmt":"2026-01-25T12:30:07","guid":{"rendered":"https:\/\/lobosnews.com.ar\/index.php\/2026\/01\/25\/consumir-frutas-y-verduras-con-piel-aporta-mas-fibra-vitaminas-y-antioxidantes\/"},"modified":"2026-01-25T17:30:30","modified_gmt":"2026-01-25T17:30:30","slug":"consumir-frutas-y-verduras-con-piel-aporta-mas-fibra-vitaminas-y-antioxidantes","status":"publish","type":"post","link":"https:\/\/lobosnews.com.ar\/index.php\/2026\/01\/25\/consumir-frutas-y-verduras-con-piel-aporta-mas-fibra-vitaminas-y-antioxidantes\/","title":{"rendered":"Consumir frutas y verduras con piel aporta m\u00e1s fibra, vitaminas y antioxidantes"},"content":{"rendered":"<p><img loading=\"lazy\" decoding=\"async\" src=\"https:\/\/lobosnews.com.ar\/wp-content\/uploads\/2026\/01\/consumir-frutas-y-verduras-con-piel-aporta-mas-fibra-vitaminas-y-antioxidantes.jpg\" alt=\"Diversos estudios evidencian que la piel de frutas y verduras contiene m\u00e1s fibra y antioxidantes esenciales que la pulpa (Imagen Ilustrativa Infobae)\" height=\"1080\" width=\"1920\"\/><\/p>\n<p><b>Descartar las c\u00e1scaras de frutas y hortalizas<\/b> i<b>mplica perder una fuente relevante de nutrientes<\/b>, seg\u00fan <i>National Geographic<\/i>. Estudios recientes confirman que <b>la piel concentra m\u00e1s <\/b><span class=\"waslinkname\"><b>fibra<\/b><\/span><b>, antioxidantes naturales y vitaminas esenciales que la pulpa<\/b>.<\/p>\n<p>La costumbre de pelar frutas y verduras est\u00e1 profundamente arraigada. Sin embargo, la evidencia cient\u00edfica indica que esta pr\u00e1ctica reduce el aporte nutricional. <i>National Geographic<\/i> se\u00f1ala que <b>muchas c\u00e1scaras contienen compuestos bioactivos que favorecen la digesti\u00f3n, refuerzan el sistema inmunol\u00f3gico y pueden ayudar a prevenir enfermedades cr\u00f3nicas<\/b> como la diabetes y el c\u00e1ncer.<\/p>\n<h2>Importancia de las c\u00e1scaras en la dieta<\/h2>\n<p>Las c\u00e1scaras funcionan como una <b>barrera protectora natural<\/b> y <b>acumulan gran parte de los micronutrientes<\/b>. Al eliminarlas, se disminuye significativamente la cantidad de fibra, antioxidantes, vitaminas y minerales que se ingieren.<\/p>\n<p><img loading=\"lazy\" decoding=\"async\" src=\"https:\/\/lobosnews.com.ar\/wp-content\/uploads\/2026\/01\/consumir-frutas-y-verduras-con-piel-aporta-mas-fibra-vitaminas-y-antioxidantes-1.jpg\" alt=\"Las c\u00e1scaras de frutas y verduras aportan importantes micronutrientes y fibras esenciales para la salud\" height=\"1024\" width=\"1536\"\/><\/p>\n<p><i>National Geographic<\/i> destaca que gran parte de la fibra y los fitoqu\u00edmicos protectores permanecen en la piel, elevando el valor nutricional del alimento.<\/p>\n<h2>Evidencia cient\u00edfica sobre los nutrientes en la piel<\/h2>\n<p>El medio subraya <b>diferencias claras entre el valor nutricional de los alimentos pelados y los consumidos con piel<\/b>. Por ejemplo, una manzana contiene hasta un 332% m\u00e1s de vitamina K, un 115% m\u00e1s de vitamina C y un 20% m\u00e1s de calcio cuando se consume entera.<\/p>\n<p>La papa hervida con piel puede aportar hasta un 175% m\u00e1s de vitamina C y un 110% m\u00e1s de magnesio. Omitir la c\u00e1scara supone desaprovechar verdaderas fuentes de fibra y compuestos bioactivos clave para la salud.<\/p>\n<h2>Listado detallado de frutas y hortalizas recomendadas para consumir con piel<\/h2>\n<p><i>National Geographic<\/i> identifica las frutas y hortalizas cuyos beneficios aumentan al consumirlas con piel.<\/p>\n<ul>\n<li>La <b>manzana<\/b> lidera la lista, ya que su piel aporta quercetina, un flavonoide antioxidante que protege el sistema cardiovascular y ayuda a reducir la inflamaci\u00f3n. Adem\u00e1s, contiene fibra soluble e insoluble que regula el tr\u00e1nsito intestinal y los niveles de glucosa.<\/li>\n<li>En la <b>zanahoria<\/b>, aunque la piel representa solo el 11% de su peso, contiene m\u00e1s del 50% de los \u00e1cidos fen\u00f3licos antioxidantes, carotenoides, vitamina K y niacina. Comerla entera, cruda o cocida maximiza sus beneficios.<\/li>\n<li>En los <b>c\u00edtricos<\/b>, como <b>naranja, lim\u00f3n o lima<\/b>, la piel posee m\u00e1s vitamina C, pectina y carotenoides que la pulpa. Adem\u00e1s, es rica en hesperidina, un antioxidante con efectos antiinflamatorios y reguladores de la glucosa. Usar la ralladura permite enriquecer ensaladas, postres o bebidas.<\/li>\n<\/ul>\n<p><img loading=\"lazy\" decoding=\"async\" src=\"https:\/\/lobosnews.com.ar\/wp-content\/uploads\/2026\/01\/consumir-frutas-y-verduras-con-piel-aporta-mas-fibra-vitaminas-y-antioxidantes-2.jpg\" alt=\"La piel de los c\u00edtricos, como naranja, lim\u00f3n o lima, aporta mayor cantidad de vitamina C, pectina y carotenoides que la pulpa (Imagen Ilustrativa Infobae)\" height=\"1080\" width=\"1920\"\/><\/p>\n<ul>\n<li>La <b>berenjena<\/b> sobresale por la nasunina, un antioxidante presente en la piel morada, vinculado a la protecci\u00f3n de las membranas celulares, especialmente en el cerebro. Se recomienda preparar platos como ratatouille o berenjenas rellenas sin pelarlas.<\/li>\n<li>El <b>kiwi<\/b> tambi\u00e9n resulta notable. Aunque su textura externa puede resultar peculiar, la piel ofrece el doble de fibra que el interior, as\u00ed como m\u00e1s vitamina E, folato y antioxidantes. Los kiwis de pulpa amarilla tienen una piel m\u00e1s suave y apta para el consumo.<\/li>\n<li>Consumir la <b>papa <\/b>con piel incrementa notablemente su aporte de fibra, potasio, hierro y vitamina C. Cocinarlas bien lavadas, en pur\u00e9s, guarniciones o en rodajas, potencia su valor nutricional.<\/li>\n<li>En el caso del <b>tomate<\/b>, retirar la piel implica perder hasta el 80% del licopeno, un antioxidante importante en la prevenci\u00f3n de enfermedades, as\u00ed como vitaminas del grupo B y vitamina C. Usar el tomate entero en recetas resulta m\u00e1s beneficioso.<\/li>\n<\/ul>\n<h2>Precauciones y pieles no aptas para el consumo<\/h2>\n<p><i>National Geographic<\/i> advierte que no todas las c\u00e1scaras son adecuadas para comer. Pieles como las de <b>la palta, pi\u00f1a, mel\u00f3n, papaya, ajo y cebolla pueden resultar indigestas, demasiado duras o contener compuestos t\u00f3xicos<\/b>.<\/p>\n<p><img loading=\"lazy\" decoding=\"async\" src=\"https:\/\/lobosnews.com.ar\/wp-content\/uploads\/2026\/01\/consumir-frutas-y-verduras-con-piel-aporta-mas-fibra-vitaminas-y-antioxidantes-3.jpg\" alt=\"Las pieles de palta, pi\u00f1a, mel\u00f3n y papaya pueden ser indigestas o demasiado dif\u00edciles de digerir para el organismo humano (Imagen Ilustrativa Infobae)\" height=\"816\" width=\"1456\"\/><\/p>\n<p>Debe evitarse cualquier piel que est\u00e9 da\u00f1ada, mohosa o tenga un sabor excesivamente amargo, se\u00f1ales que pueden indicar la presencia de sustancias no deseadas.<\/p>\n<p>La higiene alimentaria es fundamental. Un buen lavado antes de consumir frutas y hortalizas ayuda a eliminar contaminantes superficiales y garantiza la seguridad del consumo.<\/p>\n<h2>Consejos para aprovechar al m\u00e1ximo las c\u00e1scaras<\/h2>\n<p>Para incorporar la piel de frutas y verduras a la dieta diaria, <i>National Geographic<\/i> recomienda lavar y cepillar bien cada pieza antes de consumirla o cocinarla. M\u00e9todos como asar o cocer al vapor ayudan a preservar la biodisponibilidad de los nutrientes y a facilitar el aprovechamiento integral de los alimentos.<\/p>\n<p>Al enfrentar una fruta o verdura, recordar el valor nutricional de la piel puede marcar la diferencia en la salud, destaca <i>National Geographic<\/i>. <b>La piel no es solo un envoltorio: es un reservorio de compuestos esenciales que enriquecen la alimentaci\u00f3n<\/b>.<\/p>\n","protected":false},"excerpt":{"rendered":"<p>Descartar las c\u00e1scaras de frutas y hortalizas implica perder una fuente relevante de nutrientes, seg\u00fan National Geographic. Estudios recientes confirman que la piel concentra m\u00e1s fibra, antioxidantes naturales y vitaminas esenciales que la pulpa. La costumbre de pelar frutas y verduras est\u00e1 profundamente arraigada. Sin embargo, la evidencia cient\u00edfica indica que esta pr\u00e1ctica reduce el&#8230;<\/p>\n","protected":false},"author":1,"featured_media":11489,"comment_status":"open","ping_status":"closed","sticky":false,"template":"","format":"standard","meta":{"_jetpack_memberships_contains_paid_content":false,"footnotes":""},"categories":[81],"tags":[],"class_list":["post-11483","post","type-post","status-publish","format-standard","has-post-thumbnail","hentry","category-salud"],"magazineBlocksPostFeaturedMedia":{"thumbnail":"https:\/\/lobosnews.com.ar\/wp-content\/uploads\/2026\/01\/consumir-frutas-y-verduras-con-piel-aporta-mas-fibra-vitaminas-y-antioxidantes-6-150x150.jpg","medium":"https:\/\/lobosnews.com.ar\/wp-content\/uploads\/2026\/01\/consumir-frutas-y-verduras-con-piel-aporta-mas-fibra-vitaminas-y-antioxidantes-6-300x168.jpg","medium_large":"https:\/\/lobosnews.com.ar\/wp-content\/uploads\/2026\/01\/consumir-frutas-y-verduras-con-piel-aporta-mas-fibra-vitaminas-y-antioxidantes-6-768x430.jpg","large":"https:\/\/lobosnews.com.ar\/wp-content\/uploads\/2026\/01\/consumir-frutas-y-verduras-con-piel-aporta-mas-fibra-vitaminas-y-antioxidantes-6-1024x574.jpg","1536x1536":"https:\/\/lobosnews.com.ar\/wp-content\/uploads\/2026\/01\/consumir-frutas-y-verduras-con-piel-aporta-mas-fibra-vitaminas-y-antioxidantes-6.jpg","2048x2048":"https:\/\/lobosnews.com.ar\/wp-content\/uploads\/2026\/01\/consumir-frutas-y-verduras-con-piel-aporta-mas-fibra-vitaminas-y-antioxidantes-6.jpg","newsmatic-featured":"https:\/\/lobosnews.com.ar\/wp-content\/uploads\/2026\/01\/consumir-frutas-y-verduras-con-piel-aporta-mas-fibra-vitaminas-y-antioxidantes-6-820x545.jpg","newsmatic-list":"https:\/\/lobosnews.com.ar\/wp-content\/uploads\/2026\/01\/consumir-frutas-y-verduras-con-piel-aporta-mas-fibra-vitaminas-y-antioxidantes-6-600x400.jpg","newsmatic-thumb":"https:\/\/lobosnews.com.ar\/wp-content\/uploads\/2026\/01\/consumir-frutas-y-verduras-con-piel-aporta-mas-fibra-vitaminas-y-antioxidantes-6-300x200.jpg","newsmatic-small":"https:\/\/lobosnews.com.ar\/wp-content\/uploads\/2026\/01\/consumir-frutas-y-verduras-con-piel-aporta-mas-fibra-vitaminas-y-antioxidantes-6-150x95.jpg","newsmatic-grid":"https:\/\/lobosnews.com.ar\/wp-content\/uploads\/2026\/01\/consumir-frutas-y-verduras-con-piel-aporta-mas-fibra-vitaminas-y-antioxidantes-6-400x250.jpg"},"magazineBlocksPostAuthor":{"name":"admin","avatar":"https:\/\/secure.gravatar.com\/avatar\/76e419471a2083bc3ceab22a763dbbf9b0c1bd15a6214cf3280e2c2dde4580f9?s=96&d=mm&r=g"},"magazineBlocksPostCommentsNumber":"0","magazineBlocksPostExcerpt":"Descartar las c\u00e1scaras de frutas y hortalizas implica perder una fuente relevante de nutrientes, seg\u00fan National Geographic. Estudios recientes confirman que la piel concentra m\u00e1s fibra, antioxidantes naturales y vitaminas esenciales que la pulpa. La costumbre de pelar frutas y verduras est\u00e1 profundamente arraigada. Sin embargo, la evidencia cient\u00edfica indica que esta pr\u00e1ctica reduce el...","magazineBlocksPostCategories":["Salud"],"magazineBlocksPostViewCount":152,"magazineBlocksPostReadTime":4,"magazine_blocks_featured_image_url":{"full":["https:\/\/lobosnews.com.ar\/wp-content\/uploads\/2026\/01\/consumir-frutas-y-verduras-con-piel-aporta-mas-fibra-vitaminas-y-antioxidantes-6.jpg",1456,816,false],"medium":["https:\/\/lobosnews.com.ar\/wp-content\/uploads\/2026\/01\/consumir-frutas-y-verduras-con-piel-aporta-mas-fibra-vitaminas-y-antioxidantes-6-300x168.jpg",300,168,true],"thumbnail":["https:\/\/lobosnews.com.ar\/wp-content\/uploads\/2026\/01\/consumir-frutas-y-verduras-con-piel-aporta-mas-fibra-vitaminas-y-antioxidantes-6-150x150.jpg",150,150,true]},"magazine_blocks_author":{"display_name":"admin","author_link":"https:\/\/lobosnews.com.ar\/index.php\/author\/lobos-news\/"},"magazine_blocks_comment":0,"magazine_blocks_author_image":"https:\/\/secure.gravatar.com\/avatar\/76e419471a2083bc3ceab22a763dbbf9b0c1bd15a6214cf3280e2c2dde4580f9?s=96&d=mm&r=g","magazine_blocks_category":"<a href=\"#\" class=\"category-link category-link-81\">Salud<\/a>","yoast_head":"<!-- This site is optimized with the Yoast SEO plugin v26.6 - https:\/\/yoast.com\/wordpress\/plugins\/seo\/ -->\n<title>Consumir frutas y verduras con piel aporta m\u00e1s fibra, vitaminas y antioxidantes - Lobos News<\/title>\n<meta name=\"robots\" content=\"index, follow, max-snippet:-1, max-image-preview:large, max-video-preview:-1\" \/>\n<link rel=\"canonical\" href=\"https:\/\/lobosnews.com.ar\/index.php\/2026\/01\/25\/consumir-frutas-y-verduras-con-piel-aporta-mas-fibra-vitaminas-y-antioxidantes\/\" \/>\n<meta property=\"og:locale\" content=\"es_ES\" \/>\n<meta property=\"og:type\" content=\"article\" \/>\n<meta property=\"og:title\" content=\"Consumir frutas y verduras con piel aporta m\u00e1s fibra, vitaminas y antioxidantes - Lobos News\" \/>\n<meta property=\"og:description\" content=\"Descartar las c\u00e1scaras de frutas y hortalizas implica perder una fuente relevante de nutrientes, seg\u00fan National Geographic. Estudios recientes confirman que la piel concentra m\u00e1s fibra, antioxidantes naturales y vitaminas esenciales que la pulpa. La costumbre de pelar frutas y verduras est\u00e1 profundamente arraigada. Sin embargo, la evidencia cient\u00edfica indica que esta pr\u00e1ctica reduce el...\" \/>\n<meta property=\"og:url\" content=\"https:\/\/lobosnews.com.ar\/index.php\/2026\/01\/25\/consumir-frutas-y-verduras-con-piel-aporta-mas-fibra-vitaminas-y-antioxidantes\/\" \/>\n<meta property=\"og:site_name\" content=\"Lobos News\" \/>\n<meta property=\"article:published_time\" content=\"2026-01-25T12:30:07+00:00\" \/>\n<meta property=\"article:modified_time\" content=\"2026-01-25T17:30:30+00:00\" \/>\n<meta property=\"og:image\" content=\"https:\/\/lobosnews.com.ar\/wp-content\/uploads\/2026\/01\/consumir-frutas-y-verduras-con-piel-aporta-mas-fibra-vitaminas-y-antioxidantes.jpg\" \/>\n<meta name=\"author\" content=\"admin\" \/>\n<meta name=\"twitter:card\" content=\"summary_large_image\" \/>\n<meta name=\"twitter:label1\" content=\"Escrito por\" \/>\n\t<meta name=\"twitter:data1\" content=\"admin\" \/>\n\t<meta name=\"twitter:label2\" content=\"Tiempo de lectura\" \/>\n\t<meta name=\"twitter:data2\" content=\"4 minutos\" \/>\n<script type=\"application\/ld+json\" class=\"yoast-schema-graph\">{\"@context\":\"https:\/\/schema.org\",\"@graph\":[{\"@type\":\"Article\",\"@id\":\"https:\/\/lobosnews.com.ar\/index.php\/2026\/01\/25\/consumir-frutas-y-verduras-con-piel-aporta-mas-fibra-vitaminas-y-antioxidantes\/#article\",\"isPartOf\":{\"@id\":\"https:\/\/lobosnews.com.ar\/index.php\/2026\/01\/25\/consumir-frutas-y-verduras-con-piel-aporta-mas-fibra-vitaminas-y-antioxidantes\/\"},\"author\":{\"name\":\"admin\",\"@id\":\"https:\/\/lobosnews.com.ar\/#\/schema\/person\/232422a593d5c541dd9aef6aaed10943\"},\"headline\":\"Consumir frutas y verduras con piel aporta m\u00e1s fibra, vitaminas y antioxidantes\",\"datePublished\":\"2026-01-25T12:30:07+00:00\",\"dateModified\":\"2026-01-25T17:30:30+00:00\",\"mainEntityOfPage\":{\"@id\":\"https:\/\/lobosnews.com.ar\/index.php\/2026\/01\/25\/consumir-frutas-y-verduras-con-piel-aporta-mas-fibra-vitaminas-y-antioxidantes\/\"},\"wordCount\":773,\"commentCount\":0,\"publisher\":{\"@id\":\"https:\/\/lobosnews.com.ar\/#organization\"},\"image\":{\"@id\":\"https:\/\/lobosnews.com.ar\/index.php\/2026\/01\/25\/consumir-frutas-y-verduras-con-piel-aporta-mas-fibra-vitaminas-y-antioxidantes\/#primaryimage\"},\"thumbnailUrl\":\"https:\/\/lobosnews.com.ar\/wp-content\/uploads\/2026\/01\/consumir-frutas-y-verduras-con-piel-aporta-mas-fibra-vitaminas-y-antioxidantes-6.jpg\",\"articleSection\":[\"Salud\"],\"inLanguage\":\"es\",\"potentialAction\":[{\"@type\":\"CommentAction\",\"name\":\"Comment\",\"target\":[\"https:\/\/lobosnews.com.ar\/index.php\/2026\/01\/25\/consumir-frutas-y-verduras-con-piel-aporta-mas-fibra-vitaminas-y-antioxidantes\/#respond\"]}]},{\"@type\":\"WebPage\",\"@id\":\"https:\/\/lobosnews.com.ar\/index.php\/2026\/01\/25\/consumir-frutas-y-verduras-con-piel-aporta-mas-fibra-vitaminas-y-antioxidantes\/\",\"url\":\"https:\/\/lobosnews.com.ar\/index.php\/2026\/01\/25\/consumir-frutas-y-verduras-con-piel-aporta-mas-fibra-vitaminas-y-antioxidantes\/\",\"name\":\"Consumir frutas y verduras con piel aporta m\u00e1s fibra, vitaminas y antioxidantes - Lobos News\",\"isPartOf\":{\"@id\":\"https:\/\/lobosnews.com.ar\/#website\"},\"primaryImageOfPage\":{\"@id\":\"https:\/\/lobosnews.com.ar\/index.php\/2026\/01\/25\/consumir-frutas-y-verduras-con-piel-aporta-mas-fibra-vitaminas-y-antioxidantes\/#primaryimage\"},\"image\":{\"@id\":\"https:\/\/lobosnews.com.ar\/index.php\/2026\/01\/25\/consumir-frutas-y-verduras-con-piel-aporta-mas-fibra-vitaminas-y-antioxidantes\/#primaryimage\"},\"thumbnailUrl\":\"https:\/\/lobosnews.com.ar\/wp-content\/uploads\/2026\/01\/consumir-frutas-y-verduras-con-piel-aporta-mas-fibra-vitaminas-y-antioxidantes-6.jpg\",\"datePublished\":\"2026-01-25T12:30:07+00:00\",\"dateModified\":\"2026-01-25T17:30:30+00:00\",\"breadcrumb\":{\"@id\":\"https:\/\/lobosnews.com.ar\/index.php\/2026\/01\/25\/consumir-frutas-y-verduras-con-piel-aporta-mas-fibra-vitaminas-y-antioxidantes\/#breadcrumb\"},\"inLanguage\":\"es\",\"potentialAction\":[{\"@type\":\"ReadAction\",\"target\":[\"https:\/\/lobosnews.com.ar\/index.php\/2026\/01\/25\/consumir-frutas-y-verduras-con-piel-aporta-mas-fibra-vitaminas-y-antioxidantes\/\"]}]},{\"@type\":\"ImageObject\",\"inLanguage\":\"es\",\"@id\":\"https:\/\/lobosnews.com.ar\/index.php\/2026\/01\/25\/consumir-frutas-y-verduras-con-piel-aporta-mas-fibra-vitaminas-y-antioxidantes\/#primaryimage\",\"url\":\"https:\/\/lobosnews.com.ar\/wp-content\/uploads\/2026\/01\/consumir-frutas-y-verduras-con-piel-aporta-mas-fibra-vitaminas-y-antioxidantes-6.jpg\",\"contentUrl\":\"https:\/\/lobosnews.com.ar\/wp-content\/uploads\/2026\/01\/consumir-frutas-y-verduras-con-piel-aporta-mas-fibra-vitaminas-y-antioxidantes-6.jpg\",\"width\":1456,\"height\":816,\"caption\":\"Consumir frutas y verduras con piel aporta m\u00e1s fibra, vitaminas y antioxidantes\"},{\"@type\":\"BreadcrumbList\",\"@id\":\"https:\/\/lobosnews.com.ar\/index.php\/2026\/01\/25\/consumir-frutas-y-verduras-con-piel-aporta-mas-fibra-vitaminas-y-antioxidantes\/#breadcrumb\",\"itemListElement\":[{\"@type\":\"ListItem\",\"position\":1,\"name\":\"Portada\",\"item\":\"https:\/\/lobosnews.com.ar\/\"},{\"@type\":\"ListItem\",\"position\":2,\"name\":\"Consumir frutas y verduras con piel aporta m\u00e1s fibra, vitaminas y antioxidantes\"}]},{\"@type\":\"WebSite\",\"@id\":\"https:\/\/lobosnews.com.ar\/#website\",\"url\":\"https:\/\/lobosnews.com.ar\/\",\"name\":\"Lobos News\",\"description\":\"Informaci\u00f3n a cada instante\",\"publisher\":{\"@id\":\"https:\/\/lobosnews.com.ar\/#organization\"},\"potentialAction\":[{\"@type\":\"SearchAction\",\"target\":{\"@type\":\"EntryPoint\",\"urlTemplate\":\"https:\/\/lobosnews.com.ar\/?s={search_term_string}\"},\"query-input\":{\"@type\":\"PropertyValueSpecification\",\"valueRequired\":true,\"valueName\":\"search_term_string\"}}],\"inLanguage\":\"es\"},{\"@type\":\"Organization\",\"@id\":\"https:\/\/lobosnews.com.ar\/#organization\",\"name\":\"Lobos News\",\"url\":\"https:\/\/lobosnews.com.ar\/\",\"logo\":{\"@type\":\"ImageObject\",\"inLanguage\":\"es\",\"@id\":\"https:\/\/lobosnews.com.ar\/#\/schema\/logo\/image\/\",\"url\":\"https:\/\/lobosnews.com.ar\/wp-content\/uploads\/2026\/01\/logo-lobosnews.png\",\"contentUrl\":\"https:\/\/lobosnews.com.ar\/wp-content\/uploads\/2026\/01\/logo-lobosnews.png\",\"width\":500,\"height\":200,\"caption\":\"Lobos News\"},\"image\":{\"@id\":\"https:\/\/lobosnews.com.ar\/#\/schema\/logo\/image\/\"}},{\"@type\":\"Person\",\"@id\":\"https:\/\/lobosnews.com.ar\/#\/schema\/person\/232422a593d5c541dd9aef6aaed10943\",\"name\":\"admin\",\"image\":{\"@type\":\"ImageObject\",\"inLanguage\":\"es\",\"@id\":\"https:\/\/lobosnews.com.ar\/#\/schema\/person\/image\/\",\"url\":\"https:\/\/secure.gravatar.com\/avatar\/76e419471a2083bc3ceab22a763dbbf9b0c1bd15a6214cf3280e2c2dde4580f9?s=96&d=mm&r=g\",\"contentUrl\":\"https:\/\/secure.gravatar.com\/avatar\/76e419471a2083bc3ceab22a763dbbf9b0c1bd15a6214cf3280e2c2dde4580f9?s=96&d=mm&r=g\",\"caption\":\"admin\"},\"sameAs\":[\"https:\/\/lobosnews.com.ar\"],\"url\":\"https:\/\/lobosnews.com.ar\/index.php\/author\/lobos-news\/\"}]}<\/script>\n<!-- \/ Yoast SEO plugin. -->","yoast_head_json":{"title":"Consumir frutas y verduras con piel aporta m\u00e1s fibra, vitaminas y antioxidantes - Lobos News","robots":{"index":"index","follow":"follow","max-snippet":"max-snippet:-1","max-image-preview":"max-image-preview:large","max-video-preview":"max-video-preview:-1"},"canonical":"https:\/\/lobosnews.com.ar\/index.php\/2026\/01\/25\/consumir-frutas-y-verduras-con-piel-aporta-mas-fibra-vitaminas-y-antioxidantes\/","og_locale":"es_ES","og_type":"article","og_title":"Consumir frutas y verduras con piel aporta m\u00e1s fibra, vitaminas y antioxidantes - Lobos News","og_description":"Descartar las c\u00e1scaras de frutas y hortalizas implica perder una fuente relevante de nutrientes, seg\u00fan National Geographic. Estudios recientes confirman que la piel concentra m\u00e1s fibra, antioxidantes naturales y vitaminas esenciales que la pulpa. La costumbre de pelar frutas y verduras est\u00e1 profundamente arraigada. Sin embargo, la evidencia cient\u00edfica indica que esta pr\u00e1ctica reduce el...","og_url":"https:\/\/lobosnews.com.ar\/index.php\/2026\/01\/25\/consumir-frutas-y-verduras-con-piel-aporta-mas-fibra-vitaminas-y-antioxidantes\/","og_site_name":"Lobos News","article_published_time":"2026-01-25T12:30:07+00:00","article_modified_time":"2026-01-25T17:30:30+00:00","og_image":[{"url":"https:\/\/lobosnews.com.ar\/wp-content\/uploads\/2026\/01\/consumir-frutas-y-verduras-con-piel-aporta-mas-fibra-vitaminas-y-antioxidantes.jpg","type":"","width":"","height":""}],"author":"admin","twitter_card":"summary_large_image","twitter_misc":{"Escrito por":"admin","Tiempo de lectura":"4 minutos"},"schema":{"@context":"https:\/\/schema.org","@graph":[{"@type":"Article","@id":"https:\/\/lobosnews.com.ar\/index.php\/2026\/01\/25\/consumir-frutas-y-verduras-con-piel-aporta-mas-fibra-vitaminas-y-antioxidantes\/#article","isPartOf":{"@id":"https:\/\/lobosnews.com.ar\/index.php\/2026\/01\/25\/consumir-frutas-y-verduras-con-piel-aporta-mas-fibra-vitaminas-y-antioxidantes\/"},"author":{"name":"admin","@id":"https:\/\/lobosnews.com.ar\/#\/schema\/person\/232422a593d5c541dd9aef6aaed10943"},"headline":"Consumir frutas y verduras con piel aporta m\u00e1s fibra, vitaminas y antioxidantes","datePublished":"2026-01-25T12:30:07+00:00","dateModified":"2026-01-25T17:30:30+00:00","mainEntityOfPage":{"@id":"https:\/\/lobosnews.com.ar\/index.php\/2026\/01\/25\/consumir-frutas-y-verduras-con-piel-aporta-mas-fibra-vitaminas-y-antioxidantes\/"},"wordCount":773,"commentCount":0,"publisher":{"@id":"https:\/\/lobosnews.com.ar\/#organization"},"image":{"@id":"https:\/\/lobosnews.com.ar\/index.php\/2026\/01\/25\/consumir-frutas-y-verduras-con-piel-aporta-mas-fibra-vitaminas-y-antioxidantes\/#primaryimage"},"thumbnailUrl":"https:\/\/lobosnews.com.ar\/wp-content\/uploads\/2026\/01\/consumir-frutas-y-verduras-con-piel-aporta-mas-fibra-vitaminas-y-antioxidantes-6.jpg","articleSection":["Salud"],"inLanguage":"es","potentialAction":[{"@type":"CommentAction","name":"Comment","target":["https:\/\/lobosnews.com.ar\/index.php\/2026\/01\/25\/consumir-frutas-y-verduras-con-piel-aporta-mas-fibra-vitaminas-y-antioxidantes\/#respond"]}]},{"@type":"WebPage","@id":"https:\/\/lobosnews.com.ar\/index.php\/2026\/01\/25\/consumir-frutas-y-verduras-con-piel-aporta-mas-fibra-vitaminas-y-antioxidantes\/","url":"https:\/\/lobosnews.com.ar\/index.php\/2026\/01\/25\/consumir-frutas-y-verduras-con-piel-aporta-mas-fibra-vitaminas-y-antioxidantes\/","name":"Consumir frutas y verduras con piel aporta m\u00e1s fibra, vitaminas y antioxidantes - Lobos News","isPartOf":{"@id":"https:\/\/lobosnews.com.ar\/#website"},"primaryImageOfPage":{"@id":"https:\/\/lobosnews.com.ar\/index.php\/2026\/01\/25\/consumir-frutas-y-verduras-con-piel-aporta-mas-fibra-vitaminas-y-antioxidantes\/#primaryimage"},"image":{"@id":"https:\/\/lobosnews.com.ar\/index.php\/2026\/01\/25\/consumir-frutas-y-verduras-con-piel-aporta-mas-fibra-vitaminas-y-antioxidantes\/#primaryimage"},"thumbnailUrl":"https:\/\/lobosnews.com.ar\/wp-content\/uploads\/2026\/01\/consumir-frutas-y-verduras-con-piel-aporta-mas-fibra-vitaminas-y-antioxidantes-6.jpg","datePublished":"2026-01-25T12:30:07+00:00","dateModified":"2026-01-25T17:30:30+00:00","breadcrumb":{"@id":"https:\/\/lobosnews.com.ar\/index.php\/2026\/01\/25\/consumir-frutas-y-verduras-con-piel-aporta-mas-fibra-vitaminas-y-antioxidantes\/#breadcrumb"},"inLanguage":"es","potentialAction":[{"@type":"ReadAction","target":["https:\/\/lobosnews.com.ar\/index.php\/2026\/01\/25\/consumir-frutas-y-verduras-con-piel-aporta-mas-fibra-vitaminas-y-antioxidantes\/"]}]},{"@type":"ImageObject","inLanguage":"es","@id":"https:\/\/lobosnews.com.ar\/index.php\/2026\/01\/25\/consumir-frutas-y-verduras-con-piel-aporta-mas-fibra-vitaminas-y-antioxidantes\/#primaryimage","url":"https:\/\/lobosnews.com.ar\/wp-content\/uploads\/2026\/01\/consumir-frutas-y-verduras-con-piel-aporta-mas-fibra-vitaminas-y-antioxidantes-6.jpg","contentUrl":"https:\/\/lobosnews.com.ar\/wp-content\/uploads\/2026\/01\/consumir-frutas-y-verduras-con-piel-aporta-mas-fibra-vitaminas-y-antioxidantes-6.jpg","width":1456,"height":816,"caption":"Consumir frutas y verduras con piel aporta m\u00e1s fibra, vitaminas y antioxidantes"},{"@type":"BreadcrumbList","@id":"https:\/\/lobosnews.com.ar\/index.php\/2026\/01\/25\/consumir-frutas-y-verduras-con-piel-aporta-mas-fibra-vitaminas-y-antioxidantes\/#breadcrumb","itemListElement":[{"@type":"ListItem","position":1,"name":"Portada","item":"https:\/\/lobosnews.com.ar\/"},{"@type":"ListItem","position":2,"name":"Consumir frutas y verduras con piel aporta m\u00e1s fibra, vitaminas y antioxidantes"}]},{"@type":"WebSite","@id":"https:\/\/lobosnews.com.ar\/#website","url":"https:\/\/lobosnews.com.ar\/","name":"Lobos News","description":"Informaci\u00f3n a cada instante","publisher":{"@id":"https:\/\/lobosnews.com.ar\/#organization"},"potentialAction":[{"@type":"SearchAction","target":{"@type":"EntryPoint","urlTemplate":"https:\/\/lobosnews.com.ar\/?s={search_term_string}"},"query-input":{"@type":"PropertyValueSpecification","valueRequired":true,"valueName":"search_term_string"}}],"inLanguage":"es"},{"@type":"Organization","@id":"https:\/\/lobosnews.com.ar\/#organization","name":"Lobos News","url":"https:\/\/lobosnews.com.ar\/","logo":{"@type":"ImageObject","inLanguage":"es","@id":"https:\/\/lobosnews.com.ar\/#\/schema\/logo\/image\/","url":"https:\/\/lobosnews.com.ar\/wp-content\/uploads\/2026\/01\/logo-lobosnews.png","contentUrl":"https:\/\/lobosnews.com.ar\/wp-content\/uploads\/2026\/01\/logo-lobosnews.png","width":500,"height":200,"caption":"Lobos News"},"image":{"@id":"https:\/\/lobosnews.com.ar\/#\/schema\/logo\/image\/"}},{"@type":"Person","@id":"https:\/\/lobosnews.com.ar\/#\/schema\/person\/232422a593d5c541dd9aef6aaed10943","name":"admin","image":{"@type":"ImageObject","inLanguage":"es","@id":"https:\/\/lobosnews.com.ar\/#\/schema\/person\/image\/","url":"https:\/\/secure.gravatar.com\/avatar\/76e419471a2083bc3ceab22a763dbbf9b0c1bd15a6214cf3280e2c2dde4580f9?s=96&d=mm&r=g","contentUrl":"https:\/\/secure.gravatar.com\/avatar\/76e419471a2083bc3ceab22a763dbbf9b0c1bd15a6214cf3280e2c2dde4580f9?s=96&d=mm&r=g","caption":"admin"},"sameAs":["https:\/\/lobosnews.com.ar"],"url":"https:\/\/lobosnews.com.ar\/index.php\/author\/lobos-news\/"}]}},"jetpack_featured_media_url":"https:\/\/lobosnews.com.ar\/wp-content\/uploads\/2026\/01\/consumir-frutas-y-verduras-con-piel-aporta-mas-fibra-vitaminas-y-antioxidantes-6.jpg","jetpack_sharing_enabled":true,"_links":{"self":[{"href":"https:\/\/lobosnews.com.ar\/index.php\/wp-json\/wp\/v2\/posts\/11483","targetHints":{"allow":["GET"]}}],"collection":[{"href":"https:\/\/lobosnews.com.ar\/index.php\/wp-json\/wp\/v2\/posts"}],"about":[{"href":"https:\/\/lobosnews.com.ar\/index.php\/wp-json\/wp\/v2\/types\/post"}],"author":[{"embeddable":true,"href":"https:\/\/lobosnews.com.ar\/index.php\/wp-json\/wp\/v2\/users\/1"}],"replies":[{"embeddable":true,"href":"https:\/\/lobosnews.com.ar\/index.php\/wp-json\/wp\/v2\/comments?post=11483"}],"version-history":[{"count":1,"href":"https:\/\/lobosnews.com.ar\/index.php\/wp-json\/wp\/v2\/posts\/11483\/revisions"}],"predecessor-version":[{"id":11488,"href":"https:\/\/lobosnews.com.ar\/index.php\/wp-json\/wp\/v2\/posts\/11483\/revisions\/11488"}],"wp:featuredmedia":[{"embeddable":true,"href":"https:\/\/lobosnews.com.ar\/index.php\/wp-json\/wp\/v2\/media\/11489"}],"wp:attachment":[{"href":"https:\/\/lobosnews.com.ar\/index.php\/wp-json\/wp\/v2\/media?parent=11483"}],"wp:term":[{"taxonomy":"category","embeddable":true,"href":"https:\/\/lobosnews.com.ar\/index.php\/wp-json\/wp\/v2\/categories?post=11483"},{"taxonomy":"post_tag","embeddable":true,"href":"https:\/\/lobosnews.com.ar\/index.php\/wp-json\/wp\/v2\/tags?post=11483"}],"curies":[{"name":"wp","href":"https:\/\/api.w.org\/{rel}","templated":true}]}}