{"id":11435,"date":"2026-01-25T13:46:08","date_gmt":"2026-01-25T13:46:08","guid":{"rendered":"https:\/\/lobosnews.com.ar\/index.php\/2026\/01\/25\/salen-a-la-subasta-fotos-ineditas-cartas-y-manuscritos-de-oscar-wilde\/"},"modified":"2026-01-25T17:15:38","modified_gmt":"2026-01-25T17:15:38","slug":"salen-a-la-subasta-fotos-ineditas-cartas-y-manuscritos-de-oscar-wilde","status":"publish","type":"post","link":"https:\/\/lobosnews.com.ar\/index.php\/2026\/01\/25\/salen-a-la-subasta-fotos-ineditas-cartas-y-manuscritos-de-oscar-wilde\/","title":{"rendered":"Salen a la subasta fotos in\u00e9ditas, cartas y manuscritos de Oscar Wilde"},"content":{"rendered":"<p><img loading=\"lazy\" decoding=\"async\" src=\"https:\/\/lobosnews.com.ar\/wp-content\/uploads\/2026\/01\/salen-a-la-subasta-fotos-ineditas-cartas-y-manuscritos-de-oscar-wilde.jpg\" alt=\"Salen a la subasta fotos in\u00e9ditas, cartas con humor y manuscritos de Oscar Wilde \" height=\"2978\" width=\"1920\"\/><\/p>\n<p>El inter\u00e9s por <b>Oscar Wilde<\/b> y su legado se reaviva este a\u00f1o con la subasta en <b>Bonhams<\/b> de una colecci\u00f3n extraordinaria de objetos, cartas y manuscritos relacionados con uno de los grandes nombres de la literatura. <\/p>\n<p>La venta, programada para el 18 de febrero y coincidente con el 125\u00b0 aniversario de la muerte del autor, ofrece al p\u00fablico la oportunidad de acceder a piezas hist\u00f3ricas y personales que reflejan tanto su genio literario como los episodios dram\u00e1ticos de su vida. <\/p>\n<p>Entre los lotes, se encuentra el recibo de 77 francos del funeral de Wilde en Par\u00eds, as\u00ed como ediciones firmadas, cartas y los emblem\u00e1ticos retratos realizados por <b>Napoleon Sarony<\/b>, im\u00e1genes que forjaron la imagen p\u00fablica del escritor y simbolizan su vigencia art\u00edstica y cultural, seg\u00fan inform\u00f3 <i>Artnet News<\/i>.<\/p>\n<p>Un aspecto destacado de la subasta son las fotograf\u00edas originales tomadas por <b>Napoleon Sarony<\/b> en Nueva York entre 1882 y 1883, momento en que Wilde, todav\u00eda sin haber escrito sus obras m\u00e1s conocidas, ya atra\u00eda las miradas con su actitud de dandi, su ingenio y su vestimenta inconfundible: chaqueta de terciopelo, calz\u00f3n de seda y zapatillas rematadas con lazos de grosgrain. <\/p>\n<p><img loading=\"lazy\" decoding=\"async\" src=\"https:\/\/lobosnews.com.ar\/wp-content\/uploads\/2026\/01\/salen-a-la-subasta-fotos-ineditas-cartas-y-manuscritos-de-oscar-wilde-1.jpg\" alt=\"Fotograf\u00eda original de Oscar Wilde en tarjeta de gabinete, tomada por Napoleon Sarony, 1882\" height=\"2900\" width=\"1920\"\/><\/p>\n<p>Estas im\u00e1genes contribuyeron de manera decisiva a instalar a Wilde como \u00edcono est\u00e9tico, al punto que un periodista del Medio Oeste norteamericano se pregunt\u00f3, tras ver las fotos, si los j\u00f3venes de Milwaukee \u201ctemer\u00edan que sus pantorrillas carecieran de simetr\u00eda\u201d. <\/p>\n<p>Ahora, estos retratos, considerados claves para la cultura visual victoriana, regresan a la actualidad al incluirse como cartas de gabinete en la subasta, con estimaciones de \u00a33.000 a \u00a35.000 (USD 4.040\u2013 6.730). <b>Jeremy Mason<\/b>, bibli\u00f3filo brit\u00e1nico y propietario de la colecci\u00f3n, afirm\u00f3 en un video anterior de Bonhams: \u201cNo hay nada de Wilde que no resulte fascinante al revisarlo\u201d.<\/p>\n<p>La variedad y rareza de los lotes en subasta incluye cartas manuscritas cargadas del caracter\u00edstico humor y la agudeza del escritor. Una de ellas, enviada en 1895 a la cr\u00edtica <b>Ada Leverson<\/b>, muestra la complicidad y el ingenio de Wilde al decir: \u201cEres m\u00e1s que todas las cr\u00edticas\u201d, y al dirigirse a ella como \u201cEsfinge\u201d. <\/p>\n<p><img loading=\"lazy\" decoding=\"async\" src=\"https:\/\/lobosnews.com.ar\/wp-content\/uploads\/2026\/01\/salen-a-la-subasta-fotos-ineditas-cartas-y-manuscritos-de-oscar-wilde-2.jpg\" alt=\"\"El retrato de Dorian Gray\" (1891), primera edici\u00f3n, firmada por el autor\" height=\"1488\" width=\"1920\"\/><\/p>\n<p>En otras misivas, Wilde aconseja con esp\u00edritu l\u00fadico a la ni\u00f1a <b>Beatrice Faudel-Phillips<\/b>: \u201cLas personas que rompen sus compromisos\u2026 acaban tan gordas que los chalecos ya no les quedan\u201d. Cada carta de este grupo se estima entre \u00a36.000 y \u00a38.000 (USD 8.070\u201310.770), reflejando la alta demanda de objetos vinculados con la vida privada del escritor.<\/p>\n<p>En la selecci\u00f3n de vol\u00famenes sobresale una edici\u00f3n de 1891 de <i><b>El retrato de Dorian Gray<\/b><\/i>, firmada por Wilde y valorada entre \u00a312.000 y \u00a318.000 (USD 16.150\u201324.235), as\u00ed como una p\u00e1gina manuscrita del ensayo \u201cSobre el papel del artista\u201d, acompa\u00f1ada por una carta de <b>Andr\u00e9 Gide<\/b> regalando el documento, cuyo precio estimado va de \u00a315.000 a \u00a325.000 (USD 20.190\u201333.660). Otra pieza notable es la primera edici\u00f3n de <i><b>Salom\u00e9<\/b><\/i>, dedicada en franc\u00e9s por Wilde al poeta <b>Stuart Merrill<\/b>, tambi\u00e9n estimada entre \u00a315.000 y \u00a325.000.<\/p>\n<p>La subasta incluye artefactos de los \u00faltimos a\u00f1os de Wilde. Entre ellos figura material relacionado con su relaci\u00f3n con <b>Lord Alfred Douglas<\/b>, pieza central del esc\u00e1ndalo que lo llev\u00f3 a los tribunales y posteriormente a dos a\u00f1os de trabajos forzados por \u201cindecencia grave\u201d entre 1895 y 1897, lo que afect\u00f3 profundamente su salud y su reputaci\u00f3n. Wilde morir\u00eda exiliado en Francia en 1900, a los 46 a\u00f1os. <\/p>\n<p><img loading=\"lazy\" decoding=\"async\" src=\"https:\/\/lobosnews.com.ar\/wp-content\/uploads\/2026\/01\/salen-a-la-subasta-fotos-ineditas-cartas-y-manuscritos-de-oscar-wilde-3.jpg\" alt=\"Retrato de Lord Alfred Douglas, por Cameron Studio, ca. 1893\" height=\"2434\" width=\"1920\"\/><\/p>\n<p>Entre los lotes de esta \u00e9poca tambi\u00e9n se encuentra una edici\u00f3n firmada de 1898 de <i><b>La balada de la c\u00e1rcel de Reading<\/b><\/i>, obra escrita tras su experiencia carcelaria y estimada entre \u00a310.000 y \u00a315.000 (USD 13.460\u201320.190).<\/p>\n<p><b>Matthew Haley<\/b>, director del departamento de libros y manuscritos de <b>Bonhams<\/b>, explic\u00f3: \u201cOscar Wilde fue una figura extraordinaria, un gran ingenio, un esc\u00e1ndalo del siglo XIX y, para algunos, un m\u00e1rtir de los derechos gay, cuya vida y trabajo mantienen un atractivo constante, desde los escenarios hasta la pantalla. La excepcional colecci\u00f3n de Jeremy Mason nos acerca a\u00fan m\u00e1s al hombre y anticipamos un enorme inter\u00e9s de los coleccionistas en esta venta incre\u00edble\u201d.<\/p>\n<p>Fotos: Bonhams <\/p>\n","protected":false},"excerpt":{"rendered":"<p>El inter\u00e9s por Oscar Wilde y su legado se reaviva este a\u00f1o con la subasta en Bonhams de una colecci\u00f3n extraordinaria de objetos, cartas y manuscritos relacionados con uno de los grandes nombres de la literatura. La venta, programada para el 18 de febrero y coincidente con el 125\u00b0 aniversario de la muerte del autor,&#8230;<\/p>\n","protected":false},"author":1,"featured_media":11441,"comment_status":"open","ping_status":"closed","sticky":false,"template":"","format":"standard","meta":{"_jetpack_memberships_contains_paid_content":false,"footnotes":""},"categories":[31],"tags":[],"class_list":["post-11435","post","type-post","status-publish","format-standard","has-post-thumbnail","hentry","category-actualidad"],"magazineBlocksPostFeaturedMedia":{"thumbnail":"https:\/\/lobosnews.com.ar\/wp-content\/uploads\/2026\/01\/salen-a-la-subasta-fotos-ineditas-cartas-y-manuscritos-de-oscar-wilde-7-150x150.jpg","medium":"https:\/\/lobosnews.com.ar\/wp-content\/uploads\/2026\/01\/salen-a-la-subasta-fotos-ineditas-cartas-y-manuscritos-de-oscar-wilde-7-237x300.jpg","medium_large":"https:\/\/lobosnews.com.ar\/wp-content\/uploads\/2026\/01\/salen-a-la-subasta-fotos-ineditas-cartas-y-manuscritos-de-oscar-wilde-7-768x974.jpg","large":"https:\/\/lobosnews.com.ar\/wp-content\/uploads\/2026\/01\/salen-a-la-subasta-fotos-ineditas-cartas-y-manuscritos-de-oscar-wilde-7-808x1024.jpg","1536x1536":"https:\/\/lobosnews.com.ar\/wp-content\/uploads\/2026\/01\/salen-a-la-subasta-fotos-ineditas-cartas-y-manuscritos-de-oscar-wilde-7-1212x1536.jpg","2048x2048":"https:\/\/lobosnews.com.ar\/wp-content\/uploads\/2026\/01\/salen-a-la-subasta-fotos-ineditas-cartas-y-manuscritos-de-oscar-wilde-7-1616x2048.jpg","newsmatic-featured":"https:\/\/lobosnews.com.ar\/wp-content\/uploads\/2026\/01\/salen-a-la-subasta-fotos-ineditas-cartas-y-manuscritos-de-oscar-wilde-7-820x545.jpg","newsmatic-list":"https:\/\/lobosnews.com.ar\/wp-content\/uploads\/2026\/01\/salen-a-la-subasta-fotos-ineditas-cartas-y-manuscritos-de-oscar-wilde-7-600x400.jpg","newsmatic-thumb":"https:\/\/lobosnews.com.ar\/wp-content\/uploads\/2026\/01\/salen-a-la-subasta-fotos-ineditas-cartas-y-manuscritos-de-oscar-wilde-7-300x200.jpg","newsmatic-small":"https:\/\/lobosnews.com.ar\/wp-content\/uploads\/2026\/01\/salen-a-la-subasta-fotos-ineditas-cartas-y-manuscritos-de-oscar-wilde-7-150x95.jpg","newsmatic-grid":"https:\/\/lobosnews.com.ar\/wp-content\/uploads\/2026\/01\/salen-a-la-subasta-fotos-ineditas-cartas-y-manuscritos-de-oscar-wilde-7-400x250.jpg"},"magazineBlocksPostAuthor":{"name":"admin","avatar":"https:\/\/secure.gravatar.com\/avatar\/76e419471a2083bc3ceab22a763dbbf9b0c1bd15a6214cf3280e2c2dde4580f9?s=96&d=mm&r=g"},"magazineBlocksPostCommentsNumber":"0","magazineBlocksPostExcerpt":"El inter\u00e9s por Oscar Wilde y su legado se reaviva este a\u00f1o con la subasta en Bonhams de una colecci\u00f3n extraordinaria de objetos, cartas y manuscritos relacionados con uno de los grandes nombres de la literatura. La venta, programada para el 18 de febrero y coincidente con el 125\u00b0 aniversario de la muerte del autor,...","magazineBlocksPostCategories":["Actualidad"],"magazineBlocksPostViewCount":107,"magazineBlocksPostReadTime":4,"magazine_blocks_featured_image_url":{"full":["https:\/\/lobosnews.com.ar\/wp-content\/uploads\/2026\/01\/salen-a-la-subasta-fotos-ineditas-cartas-y-manuscritos-de-oscar-wilde-7.jpg",1920,2434,false],"medium":["https:\/\/lobosnews.com.ar\/wp-content\/uploads\/2026\/01\/salen-a-la-subasta-fotos-ineditas-cartas-y-manuscritos-de-oscar-wilde-7-237x300.jpg",237,300,true],"thumbnail":["https:\/\/lobosnews.com.ar\/wp-content\/uploads\/2026\/01\/salen-a-la-subasta-fotos-ineditas-cartas-y-manuscritos-de-oscar-wilde-7-150x150.jpg",150,150,true]},"magazine_blocks_author":{"display_name":"admin","author_link":"https:\/\/lobosnews.com.ar\/index.php\/author\/lobos-news\/"},"magazine_blocks_comment":0,"magazine_blocks_author_image":"https:\/\/secure.gravatar.com\/avatar\/76e419471a2083bc3ceab22a763dbbf9b0c1bd15a6214cf3280e2c2dde4580f9?s=96&d=mm&r=g","magazine_blocks_category":"<a href=\"#\" class=\"category-link category-link-31\">Actualidad<\/a>","yoast_head":"<!-- This site is optimized with the Yoast SEO plugin v26.6 - https:\/\/yoast.com\/wordpress\/plugins\/seo\/ -->\n<title>Salen a la subasta fotos in\u00e9ditas, cartas y manuscritos de Oscar Wilde - Lobos News<\/title>\n<meta name=\"robots\" content=\"index, follow, max-snippet:-1, max-image-preview:large, max-video-preview:-1\" \/>\n<link rel=\"canonical\" href=\"https:\/\/lobosnews.com.ar\/index.php\/2026\/01\/25\/salen-a-la-subasta-fotos-ineditas-cartas-y-manuscritos-de-oscar-wilde\/\" \/>\n<meta property=\"og:locale\" content=\"es_ES\" \/>\n<meta property=\"og:type\" content=\"article\" \/>\n<meta property=\"og:title\" content=\"Salen a la subasta fotos in\u00e9ditas, cartas y manuscritos de Oscar Wilde - Lobos News\" \/>\n<meta property=\"og:description\" content=\"El inter\u00e9s por Oscar Wilde y su legado se reaviva este a\u00f1o con la subasta en Bonhams de una colecci\u00f3n extraordinaria de objetos, cartas y manuscritos relacionados con uno de los grandes nombres de la literatura. La venta, programada para el 18 de febrero y coincidente con el 125\u00b0 aniversario de la muerte del autor,...\" \/>\n<meta property=\"og:url\" content=\"https:\/\/lobosnews.com.ar\/index.php\/2026\/01\/25\/salen-a-la-subasta-fotos-ineditas-cartas-y-manuscritos-de-oscar-wilde\/\" \/>\n<meta property=\"og:site_name\" content=\"Lobos News\" \/>\n<meta property=\"article:published_time\" content=\"2026-01-25T13:46:08+00:00\" \/>\n<meta property=\"article:modified_time\" content=\"2026-01-25T17:15:38+00:00\" \/>\n<meta property=\"og:image\" content=\"https:\/\/lobosnews.com.ar\/wp-content\/uploads\/2026\/01\/salen-a-la-subasta-fotos-ineditas-cartas-y-manuscritos-de-oscar-wilde.jpg\" \/>\n<meta name=\"author\" content=\"admin\" \/>\n<meta name=\"twitter:card\" content=\"summary_large_image\" \/>\n<meta name=\"twitter:label1\" content=\"Escrito por\" \/>\n\t<meta name=\"twitter:data1\" content=\"admin\" \/>\n\t<meta name=\"twitter:label2\" content=\"Tiempo de lectura\" \/>\n\t<meta name=\"twitter:data2\" content=\"3 minutos\" \/>\n<script type=\"application\/ld+json\" class=\"yoast-schema-graph\">{\"@context\":\"https:\/\/schema.org\",\"@graph\":[{\"@type\":\"Article\",\"@id\":\"https:\/\/lobosnews.com.ar\/index.php\/2026\/01\/25\/salen-a-la-subasta-fotos-ineditas-cartas-y-manuscritos-de-oscar-wilde\/#article\",\"isPartOf\":{\"@id\":\"https:\/\/lobosnews.com.ar\/index.php\/2026\/01\/25\/salen-a-la-subasta-fotos-ineditas-cartas-y-manuscritos-de-oscar-wilde\/\"},\"author\":{\"name\":\"admin\",\"@id\":\"https:\/\/lobosnews.com.ar\/#\/schema\/person\/232422a593d5c541dd9aef6aaed10943\"},\"headline\":\"Salen a la subasta fotos in\u00e9ditas, cartas y manuscritos de Oscar Wilde\",\"datePublished\":\"2026-01-25T13:46:08+00:00\",\"dateModified\":\"2026-01-25T17:15:38+00:00\",\"mainEntityOfPage\":{\"@id\":\"https:\/\/lobosnews.com.ar\/index.php\/2026\/01\/25\/salen-a-la-subasta-fotos-ineditas-cartas-y-manuscritos-de-oscar-wilde\/\"},\"wordCount\":699,\"commentCount\":0,\"publisher\":{\"@id\":\"https:\/\/lobosnews.com.ar\/#organization\"},\"image\":{\"@id\":\"https:\/\/lobosnews.com.ar\/index.php\/2026\/01\/25\/salen-a-la-subasta-fotos-ineditas-cartas-y-manuscritos-de-oscar-wilde\/#primaryimage\"},\"thumbnailUrl\":\"https:\/\/lobosnews.com.ar\/wp-content\/uploads\/2026\/01\/salen-a-la-subasta-fotos-ineditas-cartas-y-manuscritos-de-oscar-wilde-7.jpg\",\"articleSection\":[\"Actualidad\"],\"inLanguage\":\"es\",\"potentialAction\":[{\"@type\":\"CommentAction\",\"name\":\"Comment\",\"target\":[\"https:\/\/lobosnews.com.ar\/index.php\/2026\/01\/25\/salen-a-la-subasta-fotos-ineditas-cartas-y-manuscritos-de-oscar-wilde\/#respond\"]}]},{\"@type\":\"WebPage\",\"@id\":\"https:\/\/lobosnews.com.ar\/index.php\/2026\/01\/25\/salen-a-la-subasta-fotos-ineditas-cartas-y-manuscritos-de-oscar-wilde\/\",\"url\":\"https:\/\/lobosnews.com.ar\/index.php\/2026\/01\/25\/salen-a-la-subasta-fotos-ineditas-cartas-y-manuscritos-de-oscar-wilde\/\",\"name\":\"Salen a la subasta fotos in\u00e9ditas, cartas y manuscritos de Oscar Wilde - Lobos News\",\"isPartOf\":{\"@id\":\"https:\/\/lobosnews.com.ar\/#website\"},\"primaryImageOfPage\":{\"@id\":\"https:\/\/lobosnews.com.ar\/index.php\/2026\/01\/25\/salen-a-la-subasta-fotos-ineditas-cartas-y-manuscritos-de-oscar-wilde\/#primaryimage\"},\"image\":{\"@id\":\"https:\/\/lobosnews.com.ar\/index.php\/2026\/01\/25\/salen-a-la-subasta-fotos-ineditas-cartas-y-manuscritos-de-oscar-wilde\/#primaryimage\"},\"thumbnailUrl\":\"https:\/\/lobosnews.com.ar\/wp-content\/uploads\/2026\/01\/salen-a-la-subasta-fotos-ineditas-cartas-y-manuscritos-de-oscar-wilde-7.jpg\",\"datePublished\":\"2026-01-25T13:46:08+00:00\",\"dateModified\":\"2026-01-25T17:15:38+00:00\",\"breadcrumb\":{\"@id\":\"https:\/\/lobosnews.com.ar\/index.php\/2026\/01\/25\/salen-a-la-subasta-fotos-ineditas-cartas-y-manuscritos-de-oscar-wilde\/#breadcrumb\"},\"inLanguage\":\"es\",\"potentialAction\":[{\"@type\":\"ReadAction\",\"target\":[\"https:\/\/lobosnews.com.ar\/index.php\/2026\/01\/25\/salen-a-la-subasta-fotos-ineditas-cartas-y-manuscritos-de-oscar-wilde\/\"]}]},{\"@type\":\"ImageObject\",\"inLanguage\":\"es\",\"@id\":\"https:\/\/lobosnews.com.ar\/index.php\/2026\/01\/25\/salen-a-la-subasta-fotos-ineditas-cartas-y-manuscritos-de-oscar-wilde\/#primaryimage\",\"url\":\"https:\/\/lobosnews.com.ar\/wp-content\/uploads\/2026\/01\/salen-a-la-subasta-fotos-ineditas-cartas-y-manuscritos-de-oscar-wilde-7.jpg\",\"contentUrl\":\"https:\/\/lobosnews.com.ar\/wp-content\/uploads\/2026\/01\/salen-a-la-subasta-fotos-ineditas-cartas-y-manuscritos-de-oscar-wilde-7.jpg\",\"width\":1920,\"height\":2434,\"caption\":\"Salen a la subasta fotos in\u00e9ditas, cartas y manuscritos de Oscar Wilde\"},{\"@type\":\"BreadcrumbList\",\"@id\":\"https:\/\/lobosnews.com.ar\/index.php\/2026\/01\/25\/salen-a-la-subasta-fotos-ineditas-cartas-y-manuscritos-de-oscar-wilde\/#breadcrumb\",\"itemListElement\":[{\"@type\":\"ListItem\",\"position\":1,\"name\":\"Portada\",\"item\":\"https:\/\/lobosnews.com.ar\/\"},{\"@type\":\"ListItem\",\"position\":2,\"name\":\"Salen a la subasta fotos in\u00e9ditas, cartas y manuscritos de Oscar Wilde\"}]},{\"@type\":\"WebSite\",\"@id\":\"https:\/\/lobosnews.com.ar\/#website\",\"url\":\"https:\/\/lobosnews.com.ar\/\",\"name\":\"Lobos News\",\"description\":\"Informaci\u00f3n a cada instante\",\"publisher\":{\"@id\":\"https:\/\/lobosnews.com.ar\/#organization\"},\"potentialAction\":[{\"@type\":\"SearchAction\",\"target\":{\"@type\":\"EntryPoint\",\"urlTemplate\":\"https:\/\/lobosnews.com.ar\/?s={search_term_string}\"},\"query-input\":{\"@type\":\"PropertyValueSpecification\",\"valueRequired\":true,\"valueName\":\"search_term_string\"}}],\"inLanguage\":\"es\"},{\"@type\":\"Organization\",\"@id\":\"https:\/\/lobosnews.com.ar\/#organization\",\"name\":\"Lobos News\",\"url\":\"https:\/\/lobosnews.com.ar\/\",\"logo\":{\"@type\":\"ImageObject\",\"inLanguage\":\"es\",\"@id\":\"https:\/\/lobosnews.com.ar\/#\/schema\/logo\/image\/\",\"url\":\"https:\/\/lobosnews.com.ar\/wp-content\/uploads\/2026\/01\/logo-lobosnews.png\",\"contentUrl\":\"https:\/\/lobosnews.com.ar\/wp-content\/uploads\/2026\/01\/logo-lobosnews.png\",\"width\":500,\"height\":200,\"caption\":\"Lobos News\"},\"image\":{\"@id\":\"https:\/\/lobosnews.com.ar\/#\/schema\/logo\/image\/\"}},{\"@type\":\"Person\",\"@id\":\"https:\/\/lobosnews.com.ar\/#\/schema\/person\/232422a593d5c541dd9aef6aaed10943\",\"name\":\"admin\",\"image\":{\"@type\":\"ImageObject\",\"inLanguage\":\"es\",\"@id\":\"https:\/\/lobosnews.com.ar\/#\/schema\/person\/image\/\",\"url\":\"https:\/\/secure.gravatar.com\/avatar\/76e419471a2083bc3ceab22a763dbbf9b0c1bd15a6214cf3280e2c2dde4580f9?s=96&d=mm&r=g\",\"contentUrl\":\"https:\/\/secure.gravatar.com\/avatar\/76e419471a2083bc3ceab22a763dbbf9b0c1bd15a6214cf3280e2c2dde4580f9?s=96&d=mm&r=g\",\"caption\":\"admin\"},\"sameAs\":[\"https:\/\/lobosnews.com.ar\"],\"url\":\"https:\/\/lobosnews.com.ar\/index.php\/author\/lobos-news\/\"}]}<\/script>\n<!-- \/ Yoast SEO plugin. -->","yoast_head_json":{"title":"Salen a la subasta fotos in\u00e9ditas, cartas y manuscritos de Oscar Wilde - Lobos News","robots":{"index":"index","follow":"follow","max-snippet":"max-snippet:-1","max-image-preview":"max-image-preview:large","max-video-preview":"max-video-preview:-1"},"canonical":"https:\/\/lobosnews.com.ar\/index.php\/2026\/01\/25\/salen-a-la-subasta-fotos-ineditas-cartas-y-manuscritos-de-oscar-wilde\/","og_locale":"es_ES","og_type":"article","og_title":"Salen a la subasta fotos in\u00e9ditas, cartas y manuscritos de Oscar Wilde - Lobos News","og_description":"El inter\u00e9s por Oscar Wilde y su legado se reaviva este a\u00f1o con la subasta en Bonhams de una colecci\u00f3n extraordinaria de objetos, cartas y manuscritos relacionados con uno de los grandes nombres de la literatura. La venta, programada para el 18 de febrero y coincidente con el 125\u00b0 aniversario de la muerte del autor,...","og_url":"https:\/\/lobosnews.com.ar\/index.php\/2026\/01\/25\/salen-a-la-subasta-fotos-ineditas-cartas-y-manuscritos-de-oscar-wilde\/","og_site_name":"Lobos News","article_published_time":"2026-01-25T13:46:08+00:00","article_modified_time":"2026-01-25T17:15:38+00:00","og_image":[{"url":"https:\/\/lobosnews.com.ar\/wp-content\/uploads\/2026\/01\/salen-a-la-subasta-fotos-ineditas-cartas-y-manuscritos-de-oscar-wilde.jpg","type":"","width":"","height":""}],"author":"admin","twitter_card":"summary_large_image","twitter_misc":{"Escrito por":"admin","Tiempo de lectura":"3 minutos"},"schema":{"@context":"https:\/\/schema.org","@graph":[{"@type":"Article","@id":"https:\/\/lobosnews.com.ar\/index.php\/2026\/01\/25\/salen-a-la-subasta-fotos-ineditas-cartas-y-manuscritos-de-oscar-wilde\/#article","isPartOf":{"@id":"https:\/\/lobosnews.com.ar\/index.php\/2026\/01\/25\/salen-a-la-subasta-fotos-ineditas-cartas-y-manuscritos-de-oscar-wilde\/"},"author":{"name":"admin","@id":"https:\/\/lobosnews.com.ar\/#\/schema\/person\/232422a593d5c541dd9aef6aaed10943"},"headline":"Salen a la subasta fotos in\u00e9ditas, cartas y manuscritos de Oscar Wilde","datePublished":"2026-01-25T13:46:08+00:00","dateModified":"2026-01-25T17:15:38+00:00","mainEntityOfPage":{"@id":"https:\/\/lobosnews.com.ar\/index.php\/2026\/01\/25\/salen-a-la-subasta-fotos-ineditas-cartas-y-manuscritos-de-oscar-wilde\/"},"wordCount":699,"commentCount":0,"publisher":{"@id":"https:\/\/lobosnews.com.ar\/#organization"},"image":{"@id":"https:\/\/lobosnews.com.ar\/index.php\/2026\/01\/25\/salen-a-la-subasta-fotos-ineditas-cartas-y-manuscritos-de-oscar-wilde\/#primaryimage"},"thumbnailUrl":"https:\/\/lobosnews.com.ar\/wp-content\/uploads\/2026\/01\/salen-a-la-subasta-fotos-ineditas-cartas-y-manuscritos-de-oscar-wilde-7.jpg","articleSection":["Actualidad"],"inLanguage":"es","potentialAction":[{"@type":"CommentAction","name":"Comment","target":["https:\/\/lobosnews.com.ar\/index.php\/2026\/01\/25\/salen-a-la-subasta-fotos-ineditas-cartas-y-manuscritos-de-oscar-wilde\/#respond"]}]},{"@type":"WebPage","@id":"https:\/\/lobosnews.com.ar\/index.php\/2026\/01\/25\/salen-a-la-subasta-fotos-ineditas-cartas-y-manuscritos-de-oscar-wilde\/","url":"https:\/\/lobosnews.com.ar\/index.php\/2026\/01\/25\/salen-a-la-subasta-fotos-ineditas-cartas-y-manuscritos-de-oscar-wilde\/","name":"Salen a la subasta fotos in\u00e9ditas, cartas y manuscritos de Oscar Wilde - Lobos News","isPartOf":{"@id":"https:\/\/lobosnews.com.ar\/#website"},"primaryImageOfPage":{"@id":"https:\/\/lobosnews.com.ar\/index.php\/2026\/01\/25\/salen-a-la-subasta-fotos-ineditas-cartas-y-manuscritos-de-oscar-wilde\/#primaryimage"},"image":{"@id":"https:\/\/lobosnews.com.ar\/index.php\/2026\/01\/25\/salen-a-la-subasta-fotos-ineditas-cartas-y-manuscritos-de-oscar-wilde\/#primaryimage"},"thumbnailUrl":"https:\/\/lobosnews.com.ar\/wp-content\/uploads\/2026\/01\/salen-a-la-subasta-fotos-ineditas-cartas-y-manuscritos-de-oscar-wilde-7.jpg","datePublished":"2026-01-25T13:46:08+00:00","dateModified":"2026-01-25T17:15:38+00:00","breadcrumb":{"@id":"https:\/\/lobosnews.com.ar\/index.php\/2026\/01\/25\/salen-a-la-subasta-fotos-ineditas-cartas-y-manuscritos-de-oscar-wilde\/#breadcrumb"},"inLanguage":"es","potentialAction":[{"@type":"ReadAction","target":["https:\/\/lobosnews.com.ar\/index.php\/2026\/01\/25\/salen-a-la-subasta-fotos-ineditas-cartas-y-manuscritos-de-oscar-wilde\/"]}]},{"@type":"ImageObject","inLanguage":"es","@id":"https:\/\/lobosnews.com.ar\/index.php\/2026\/01\/25\/salen-a-la-subasta-fotos-ineditas-cartas-y-manuscritos-de-oscar-wilde\/#primaryimage","url":"https:\/\/lobosnews.com.ar\/wp-content\/uploads\/2026\/01\/salen-a-la-subasta-fotos-ineditas-cartas-y-manuscritos-de-oscar-wilde-7.jpg","contentUrl":"https:\/\/lobosnews.com.ar\/wp-content\/uploads\/2026\/01\/salen-a-la-subasta-fotos-ineditas-cartas-y-manuscritos-de-oscar-wilde-7.jpg","width":1920,"height":2434,"caption":"Salen a la subasta fotos in\u00e9ditas, cartas y manuscritos de Oscar Wilde"},{"@type":"BreadcrumbList","@id":"https:\/\/lobosnews.com.ar\/index.php\/2026\/01\/25\/salen-a-la-subasta-fotos-ineditas-cartas-y-manuscritos-de-oscar-wilde\/#breadcrumb","itemListElement":[{"@type":"ListItem","position":1,"name":"Portada","item":"https:\/\/lobosnews.com.ar\/"},{"@type":"ListItem","position":2,"name":"Salen a la subasta fotos in\u00e9ditas, cartas y manuscritos de Oscar Wilde"}]},{"@type":"WebSite","@id":"https:\/\/lobosnews.com.ar\/#website","url":"https:\/\/lobosnews.com.ar\/","name":"Lobos News","description":"Informaci\u00f3n a cada instante","publisher":{"@id":"https:\/\/lobosnews.com.ar\/#organization"},"potentialAction":[{"@type":"SearchAction","target":{"@type":"EntryPoint","urlTemplate":"https:\/\/lobosnews.com.ar\/?s={search_term_string}"},"query-input":{"@type":"PropertyValueSpecification","valueRequired":true,"valueName":"search_term_string"}}],"inLanguage":"es"},{"@type":"Organization","@id":"https:\/\/lobosnews.com.ar\/#organization","name":"Lobos News","url":"https:\/\/lobosnews.com.ar\/","logo":{"@type":"ImageObject","inLanguage":"es","@id":"https:\/\/lobosnews.com.ar\/#\/schema\/logo\/image\/","url":"https:\/\/lobosnews.com.ar\/wp-content\/uploads\/2026\/01\/logo-lobosnews.png","contentUrl":"https:\/\/lobosnews.com.ar\/wp-content\/uploads\/2026\/01\/logo-lobosnews.png","width":500,"height":200,"caption":"Lobos News"},"image":{"@id":"https:\/\/lobosnews.com.ar\/#\/schema\/logo\/image\/"}},{"@type":"Person","@id":"https:\/\/lobosnews.com.ar\/#\/schema\/person\/232422a593d5c541dd9aef6aaed10943","name":"admin","image":{"@type":"ImageObject","inLanguage":"es","@id":"https:\/\/lobosnews.com.ar\/#\/schema\/person\/image\/","url":"https:\/\/secure.gravatar.com\/avatar\/76e419471a2083bc3ceab22a763dbbf9b0c1bd15a6214cf3280e2c2dde4580f9?s=96&d=mm&r=g","contentUrl":"https:\/\/secure.gravatar.com\/avatar\/76e419471a2083bc3ceab22a763dbbf9b0c1bd15a6214cf3280e2c2dde4580f9?s=96&d=mm&r=g","caption":"admin"},"sameAs":["https:\/\/lobosnews.com.ar"],"url":"https:\/\/lobosnews.com.ar\/index.php\/author\/lobos-news\/"}]}},"jetpack_featured_media_url":"https:\/\/lobosnews.com.ar\/wp-content\/uploads\/2026\/01\/salen-a-la-subasta-fotos-ineditas-cartas-y-manuscritos-de-oscar-wilde-7.jpg","jetpack_sharing_enabled":true,"_links":{"self":[{"href":"https:\/\/lobosnews.com.ar\/index.php\/wp-json\/wp\/v2\/posts\/11435","targetHints":{"allow":["GET"]}}],"collection":[{"href":"https:\/\/lobosnews.com.ar\/index.php\/wp-json\/wp\/v2\/posts"}],"about":[{"href":"https:\/\/lobosnews.com.ar\/index.php\/wp-json\/wp\/v2\/types\/post"}],"author":[{"embeddable":true,"href":"https:\/\/lobosnews.com.ar\/index.php\/wp-json\/wp\/v2\/users\/1"}],"replies":[{"embeddable":true,"href":"https:\/\/lobosnews.com.ar\/index.php\/wp-json\/wp\/v2\/comments?post=11435"}],"version-history":[{"count":1,"href":"https:\/\/lobosnews.com.ar\/index.php\/wp-json\/wp\/v2\/posts\/11435\/revisions"}],"predecessor-version":[{"id":11440,"href":"https:\/\/lobosnews.com.ar\/index.php\/wp-json\/wp\/v2\/posts\/11435\/revisions\/11440"}],"wp:featuredmedia":[{"embeddable":true,"href":"https:\/\/lobosnews.com.ar\/index.php\/wp-json\/wp\/v2\/media\/11441"}],"wp:attachment":[{"href":"https:\/\/lobosnews.com.ar\/index.php\/wp-json\/wp\/v2\/media?parent=11435"}],"wp:term":[{"taxonomy":"category","embeddable":true,"href":"https:\/\/lobosnews.com.ar\/index.php\/wp-json\/wp\/v2\/categories?post=11435"},{"taxonomy":"post_tag","embeddable":true,"href":"https:\/\/lobosnews.com.ar\/index.php\/wp-json\/wp\/v2\/tags?post=11435"}],"curies":[{"name":"wp","href":"https:\/\/api.w.org\/{rel}","templated":true}]}}