{"id":11429,"date":"2026-01-25T14:20:54","date_gmt":"2026-01-25T14:20:54","guid":{"rendered":"https:\/\/lobosnews.com.ar\/index.php\/2026\/01\/25\/francia-detuvo-al-capitan-de-un-petrolero-de-la-flota-fantasma-rusa-y-eleva-la-tension-con-moscu\/"},"modified":"2026-01-25T17:15:24","modified_gmt":"2026-01-25T17:15:24","slug":"francia-detuvo-al-capitan-de-un-petrolero-de-la-flota-fantasma-rusa-y-eleva-la-tension-con-moscu","status":"publish","type":"post","link":"https:\/\/lobosnews.com.ar\/index.php\/2026\/01\/25\/francia-detuvo-al-capitan-de-un-petrolero-de-la-flota-fantasma-rusa-y-eleva-la-tension-con-moscu\/","title":{"rendered":"Francia detuvo al capit\u00e1n de un petrolero de la \u201cflota fantasma\u201d rusa y eleva la tensi\u00f3n con Mosc\u00fa"},"content":{"rendered":"<p><img loading=\"lazy\" decoding=\"async\" src=\"https:\/\/lobosnews.com.ar\/wp-content\/uploads\/2026\/01\/francia-detuvo-al-capitan-de-un-petrolero-de-la-flota-fantasma-rusa-y-eleva-la-tension-con-moscu.jpg\" alt=\"Un buque franc\u00e9s custodia al petrolero Grinch cerca de Martigues. El nav\u00edo, de 249 metros de eslora, es sospechoso de integrar la \"flota fantasma\" que evade sanciones rusas. (REUTERS\/Manon Cruz)\" height=\"3653\" width=\"5480\"\/><\/p>\n<p><b>Francia <\/b>detuvo el domingo al <b>capit\u00e1n indio de un petrolero sospechoso de pertenecer a la \u201cflota fantasma\u201d rusa <\/b>que elude las sanciones por no enarbolar bandera, seg\u00fan informaron los fiscales.<\/p>\n<p>El capit\u00e1n, de 58 a\u00f1os, estaba al mando del petrolero <b>Grinch<\/b>, que fue apresado por la Armada francesa el jueves en el Mediterr\u00e1neo y ahora se encuentra amarrado, bajo vigilancia, en un puerto del sur de Francia, cerca de Marsella. <\/p>\n<p>La fiscal\u00eda de Marsella, encargada de investigar el caso, dijo que <b>el resto de los tripulantes del barco, todos ellos tambi\u00e9n indios, permanec\u00edan \u201ca bordo\u201d.<\/b><\/p>\n<p>Se cree que el Grinch forma parte de una<b> flota de petroleros en su mayor\u00eda antiguos que se utilizan para transportar petr\u00f3leo ruso<\/b>, infringiendo el l\u00edmite de precio del crudo impuesto por los pa\u00edses occidentales y el G7 tras la invasi\u00f3n de Ucrania por parte de Mosc\u00fa.<\/p>\n<p><b>Los buques de esa \u201cflota fantasma\u201d cambian con frecuencia la bandera que enarbolan<\/b>, en una pr\u00e1ctica conocida como \u201ccambio de bandera\u201d, y a veces navegan con pabellones no v\u00e1lidos, en un intento de escapar de la detecci\u00f3n y el rastreo. <\/p>\n<p><img loading=\"lazy\" decoding=\"async\" src=\"https:\/\/lobosnews.com.ar\/wp-content\/uploads\/2026\/01\/francia-detuvo-al-capitan-de-un-petrolero-de-la-flota-fantasma-rusa-y-eleva-la-tension-con-moscu-1.jpg\" alt=\"Un buque franc\u00e9s rodea al petrolero Grinch, interceptado por operar con bandera falsa. El nav\u00edo de 249 metros integra la flota fantasma que elude sanciones al crudo ruso. (REUTERS\/Manon Cruz)\" height=\"2454\" width=\"3681\"\/><\/p>\n<p>El Grinch fue escoltado por la Armada francesa el s\u00e1bado hasta el <b>golfo de Fos<\/b>, en el sur de Francia.<\/p>\n<p><b>Estaba anclado a unos 500 metros de la ciudad de Martigues<\/b>, seg\u00fan observ\u00f3 el domingo un fot\u00f3grafo de la <i>AFP<\/i>. Un buque de la Armada francesa y dos lanchas patrulleras de la gendarmer\u00eda estaban estacionados en las cercan\u00edas.<\/p>\n<p>La prefectura local dijo que se hab\u00edan establecido<b> zonas de exclusi\u00f3n n\u00e1utica y a\u00e9rea alrededor del lugar de fondeo.<\/b><\/p>\n<h2>Sanciones<\/h2>\n<p><img loading=\"lazy\" decoding=\"async\" src=\"https:\/\/lobosnews.com.ar\/wp-content\/uploads\/2026\/01\/francia-detuvo-al-capitan-de-un-petrolero-de-la-flota-fantasma-rusa-y-eleva-la-tension-con-moscu-2.jpg\" alt=\"Imagen de archivo del petrolero Boracay frente a Saint-Nazaire. Su capit\u00e1n chino ser\u00e1 juzgado en febrero tras ser acusado por Francia de operar bajo la \"flota fantasma\". (REUTERS\/Stephane Mahe)\" height=\"3925\" width=\"5888\"\/><\/p>\n<p><b>Unas 598 embarcaciones sospechosas de pertenecer a la flota fantasma de Rusia<\/b> est\u00e1n <b>sujetas a sanciones<\/b> de la Uni\u00f3n Europea.<\/p>\n<p>Las autoridades dijeron que el <b>Grinch<\/b>, de 249 metros de eslora, <b>aparec\u00eda con ese nombre en una lista de sanciones del Reino Unido<\/b> de embarcaciones de la flota fantasma rusa, pero como Carl en las listas compiladas por la UE y Estados Unidos.<\/p>\n<p>La operaci\u00f3n para interceptar el buque fue la segunda de este tipo en los \u00faltimos meses.<\/p>\n<p>A finales de septiembre,<b> Francia detuvo un buque vinculado a Rusia llamado Boracay<\/b>, que afirmaba enarbolar pabell\u00f3n de Ben\u00edn, en una medida que el presidente ruso, Vlad\u00edmir Putin, conden\u00f3 como \u201cpirater\u00eda\u201d.<\/p>\n<p>El capit\u00e1n chino del Boracay ser\u00e1 juzgado en Francia en febrero.<\/p>\n<p><i>(Con informaci\u00f3n de AFP)<\/i><\/p>\n","protected":false},"excerpt":{"rendered":"<p>Francia detuvo el domingo al capit\u00e1n indio de un petrolero sospechoso de pertenecer a la \u201cflota fantasma\u201d rusa que elude las sanciones por no enarbolar bandera, seg\u00fan informaron los fiscales. El capit\u00e1n, de 58 a\u00f1os, estaba al mando del petrolero Grinch, que fue apresado por la Armada francesa el jueves en el Mediterr\u00e1neo y ahora&#8230;<\/p>\n","protected":false},"author":1,"featured_media":11434,"comment_status":"open","ping_status":"closed","sticky":false,"template":"","format":"standard","meta":{"_jetpack_memberships_contains_paid_content":false,"footnotes":""},"categories":[31],"tags":[],"class_list":["post-11429","post","type-post","status-publish","format-standard","has-post-thumbnail","hentry","category-actualidad"],"magazineBlocksPostFeaturedMedia":{"thumbnail":"https:\/\/lobosnews.com.ar\/wp-content\/uploads\/2026\/01\/francia-detuvo-al-capitan-de-un-petrolero-de-la-flota-fantasma-rusa-y-eleva-la-tension-con-moscu-4-150x150.jpg","medium":"https:\/\/lobosnews.com.ar\/wp-content\/uploads\/2026\/01\/francia-detuvo-al-capitan-de-un-petrolero-de-la-flota-fantasma-rusa-y-eleva-la-tension-con-moscu-4-300x200.jpg","medium_large":"https:\/\/lobosnews.com.ar\/wp-content\/uploads\/2026\/01\/francia-detuvo-al-capitan-de-un-petrolero-de-la-flota-fantasma-rusa-y-eleva-la-tension-con-moscu-4-768x512.jpg","large":"https:\/\/lobosnews.com.ar\/wp-content\/uploads\/2026\/01\/francia-detuvo-al-capitan-de-un-petrolero-de-la-flota-fantasma-rusa-y-eleva-la-tension-con-moscu-4-1024x683.jpg","1536x1536":"https:\/\/lobosnews.com.ar\/wp-content\/uploads\/2026\/01\/francia-detuvo-al-capitan-de-un-petrolero-de-la-flota-fantasma-rusa-y-eleva-la-tension-con-moscu-4-1536x1024.jpg","2048x2048":"https:\/\/lobosnews.com.ar\/wp-content\/uploads\/2026\/01\/francia-detuvo-al-capitan-de-un-petrolero-de-la-flota-fantasma-rusa-y-eleva-la-tension-con-moscu-4-2048x1365.jpg","newsmatic-featured":"https:\/\/lobosnews.com.ar\/wp-content\/uploads\/2026\/01\/francia-detuvo-al-capitan-de-un-petrolero-de-la-flota-fantasma-rusa-y-eleva-la-tension-con-moscu-4-820x545.jpg","newsmatic-list":"https:\/\/lobosnews.com.ar\/wp-content\/uploads\/2026\/01\/francia-detuvo-al-capitan-de-un-petrolero-de-la-flota-fantasma-rusa-y-eleva-la-tension-con-moscu-4-600x400.jpg","newsmatic-thumb":"https:\/\/lobosnews.com.ar\/wp-content\/uploads\/2026\/01\/francia-detuvo-al-capitan-de-un-petrolero-de-la-flota-fantasma-rusa-y-eleva-la-tension-con-moscu-4-300x200.jpg","newsmatic-small":"https:\/\/lobosnews.com.ar\/wp-content\/uploads\/2026\/01\/francia-detuvo-al-capitan-de-un-petrolero-de-la-flota-fantasma-rusa-y-eleva-la-tension-con-moscu-4-150x95.jpg","newsmatic-grid":"https:\/\/lobosnews.com.ar\/wp-content\/uploads\/2026\/01\/francia-detuvo-al-capitan-de-un-petrolero-de-la-flota-fantasma-rusa-y-eleva-la-tension-con-moscu-4-400x250.jpg"},"magazineBlocksPostAuthor":{"name":"admin","avatar":"https:\/\/secure.gravatar.com\/avatar\/76e419471a2083bc3ceab22a763dbbf9b0c1bd15a6214cf3280e2c2dde4580f9?s=96&d=mm&r=g"},"magazineBlocksPostCommentsNumber":"0","magazineBlocksPostExcerpt":"Francia detuvo el domingo al capit\u00e1n indio de un petrolero sospechoso de pertenecer a la \u201cflota fantasma\u201d rusa que elude las sanciones por no enarbolar bandera, seg\u00fan informaron los fiscales. El capit\u00e1n, de 58 a\u00f1os, estaba al mando del petrolero Grinch, que fue apresado por la Armada francesa el jueves en el Mediterr\u00e1neo y ahora...","magazineBlocksPostCategories":["Actualidad"],"magazineBlocksPostViewCount":97,"magazineBlocksPostReadTime":3,"magazine_blocks_featured_image_url":{"full":["https:\/\/lobosnews.com.ar\/wp-content\/uploads\/2026\/01\/francia-detuvo-al-capitan-de-un-petrolero-de-la-flota-fantasma-rusa-y-eleva-la-tension-con-moscu-4-scaled.jpg",2560,1706,false],"medium":["https:\/\/lobosnews.com.ar\/wp-content\/uploads\/2026\/01\/francia-detuvo-al-capitan-de-un-petrolero-de-la-flota-fantasma-rusa-y-eleva-la-tension-con-moscu-4-300x200.jpg",300,200,true],"thumbnail":["https:\/\/lobosnews.com.ar\/wp-content\/uploads\/2026\/01\/francia-detuvo-al-capitan-de-un-petrolero-de-la-flota-fantasma-rusa-y-eleva-la-tension-con-moscu-4-150x150.jpg",150,150,true]},"magazine_blocks_author":{"display_name":"admin","author_link":"https:\/\/lobosnews.com.ar\/index.php\/author\/lobos-news\/"},"magazine_blocks_comment":0,"magazine_blocks_author_image":"https:\/\/secure.gravatar.com\/avatar\/76e419471a2083bc3ceab22a763dbbf9b0c1bd15a6214cf3280e2c2dde4580f9?s=96&d=mm&r=g","magazine_blocks_category":"<a href=\"#\" class=\"category-link category-link-31\">Actualidad<\/a>","yoast_head":"<!-- This site is optimized with the Yoast SEO plugin v26.6 - https:\/\/yoast.com\/wordpress\/plugins\/seo\/ -->\n<title>Francia detuvo al capit\u00e1n de un petrolero de la \u201cflota fantasma\u201d rusa y eleva la tensi\u00f3n con Mosc\u00fa - Lobos News<\/title>\n<meta name=\"robots\" content=\"index, follow, max-snippet:-1, max-image-preview:large, max-video-preview:-1\" \/>\n<link rel=\"canonical\" href=\"https:\/\/lobosnews.com.ar\/index.php\/2026\/01\/25\/francia-detuvo-al-capitan-de-un-petrolero-de-la-flota-fantasma-rusa-y-eleva-la-tension-con-moscu\/\" \/>\n<meta property=\"og:locale\" content=\"es_ES\" \/>\n<meta property=\"og:type\" content=\"article\" \/>\n<meta property=\"og:title\" content=\"Francia detuvo al capit\u00e1n de un petrolero de la \u201cflota fantasma\u201d rusa y eleva la tensi\u00f3n con Mosc\u00fa - Lobos News\" \/>\n<meta property=\"og:description\" content=\"Francia detuvo el domingo al capit\u00e1n indio de un petrolero sospechoso de pertenecer a la \u201cflota fantasma\u201d rusa que elude las sanciones por no enarbolar bandera, seg\u00fan informaron los fiscales. El capit\u00e1n, de 58 a\u00f1os, estaba al mando del petrolero Grinch, que fue apresado por la Armada francesa el jueves en el Mediterr\u00e1neo y ahora...\" \/>\n<meta property=\"og:url\" content=\"https:\/\/lobosnews.com.ar\/index.php\/2026\/01\/25\/francia-detuvo-al-capitan-de-un-petrolero-de-la-flota-fantasma-rusa-y-eleva-la-tension-con-moscu\/\" \/>\n<meta property=\"og:site_name\" content=\"Lobos News\" \/>\n<meta property=\"article:published_time\" content=\"2026-01-25T14:20:54+00:00\" \/>\n<meta property=\"article:modified_time\" content=\"2026-01-25T17:15:24+00:00\" \/>\n<meta property=\"og:image\" content=\"https:\/\/lobosnews.com.ar\/wp-content\/uploads\/2026\/01\/francia-detuvo-al-capitan-de-un-petrolero-de-la-flota-fantasma-rusa-y-eleva-la-tension-con-moscu.jpg\" \/>\n<meta name=\"author\" content=\"admin\" \/>\n<meta name=\"twitter:card\" content=\"summary_large_image\" \/>\n<meta name=\"twitter:label1\" content=\"Escrito por\" \/>\n\t<meta name=\"twitter:data1\" content=\"admin\" \/>\n\t<meta name=\"twitter:label2\" content=\"Tiempo de lectura\" \/>\n\t<meta name=\"twitter:data2\" content=\"2 minutos\" \/>\n<script type=\"application\/ld+json\" class=\"yoast-schema-graph\">{\"@context\":\"https:\/\/schema.org\",\"@graph\":[{\"@type\":\"Article\",\"@id\":\"https:\/\/lobosnews.com.ar\/index.php\/2026\/01\/25\/francia-detuvo-al-capitan-de-un-petrolero-de-la-flota-fantasma-rusa-y-eleva-la-tension-con-moscu\/#article\",\"isPartOf\":{\"@id\":\"https:\/\/lobosnews.com.ar\/index.php\/2026\/01\/25\/francia-detuvo-al-capitan-de-un-petrolero-de-la-flota-fantasma-rusa-y-eleva-la-tension-con-moscu\/\"},\"author\":{\"name\":\"admin\",\"@id\":\"https:\/\/lobosnews.com.ar\/#\/schema\/person\/232422a593d5c541dd9aef6aaed10943\"},\"headline\":\"Francia detuvo al capit\u00e1n de un petrolero de la \u201cflota fantasma\u201d rusa y eleva la tensi\u00f3n con Mosc\u00fa\",\"datePublished\":\"2026-01-25T14:20:54+00:00\",\"dateModified\":\"2026-01-25T17:15:24+00:00\",\"mainEntityOfPage\":{\"@id\":\"https:\/\/lobosnews.com.ar\/index.php\/2026\/01\/25\/francia-detuvo-al-capitan-de-un-petrolero-de-la-flota-fantasma-rusa-y-eleva-la-tension-con-moscu\/\"},\"wordCount\":436,\"commentCount\":0,\"publisher\":{\"@id\":\"https:\/\/lobosnews.com.ar\/#organization\"},\"image\":{\"@id\":\"https:\/\/lobosnews.com.ar\/index.php\/2026\/01\/25\/francia-detuvo-al-capitan-de-un-petrolero-de-la-flota-fantasma-rusa-y-eleva-la-tension-con-moscu\/#primaryimage\"},\"thumbnailUrl\":\"https:\/\/lobosnews.com.ar\/wp-content\/uploads\/2026\/01\/francia-detuvo-al-capitan-de-un-petrolero-de-la-flota-fantasma-rusa-y-eleva-la-tension-con-moscu-4-scaled.jpg\",\"articleSection\":[\"Actualidad\"],\"inLanguage\":\"es\",\"potentialAction\":[{\"@type\":\"CommentAction\",\"name\":\"Comment\",\"target\":[\"https:\/\/lobosnews.com.ar\/index.php\/2026\/01\/25\/francia-detuvo-al-capitan-de-un-petrolero-de-la-flota-fantasma-rusa-y-eleva-la-tension-con-moscu\/#respond\"]}]},{\"@type\":\"WebPage\",\"@id\":\"https:\/\/lobosnews.com.ar\/index.php\/2026\/01\/25\/francia-detuvo-al-capitan-de-un-petrolero-de-la-flota-fantasma-rusa-y-eleva-la-tension-con-moscu\/\",\"url\":\"https:\/\/lobosnews.com.ar\/index.php\/2026\/01\/25\/francia-detuvo-al-capitan-de-un-petrolero-de-la-flota-fantasma-rusa-y-eleva-la-tension-con-moscu\/\",\"name\":\"Francia detuvo al capit\u00e1n de un petrolero de la \u201cflota fantasma\u201d rusa y eleva la tensi\u00f3n con Mosc\u00fa - Lobos News\",\"isPartOf\":{\"@id\":\"https:\/\/lobosnews.com.ar\/#website\"},\"primaryImageOfPage\":{\"@id\":\"https:\/\/lobosnews.com.ar\/index.php\/2026\/01\/25\/francia-detuvo-al-capitan-de-un-petrolero-de-la-flota-fantasma-rusa-y-eleva-la-tension-con-moscu\/#primaryimage\"},\"image\":{\"@id\":\"https:\/\/lobosnews.com.ar\/index.php\/2026\/01\/25\/francia-detuvo-al-capitan-de-un-petrolero-de-la-flota-fantasma-rusa-y-eleva-la-tension-con-moscu\/#primaryimage\"},\"thumbnailUrl\":\"https:\/\/lobosnews.com.ar\/wp-content\/uploads\/2026\/01\/francia-detuvo-al-capitan-de-un-petrolero-de-la-flota-fantasma-rusa-y-eleva-la-tension-con-moscu-4-scaled.jpg\",\"datePublished\":\"2026-01-25T14:20:54+00:00\",\"dateModified\":\"2026-01-25T17:15:24+00:00\",\"breadcrumb\":{\"@id\":\"https:\/\/lobosnews.com.ar\/index.php\/2026\/01\/25\/francia-detuvo-al-capitan-de-un-petrolero-de-la-flota-fantasma-rusa-y-eleva-la-tension-con-moscu\/#breadcrumb\"},\"inLanguage\":\"es\",\"potentialAction\":[{\"@type\":\"ReadAction\",\"target\":[\"https:\/\/lobosnews.com.ar\/index.php\/2026\/01\/25\/francia-detuvo-al-capitan-de-un-petrolero-de-la-flota-fantasma-rusa-y-eleva-la-tension-con-moscu\/\"]}]},{\"@type\":\"ImageObject\",\"inLanguage\":\"es\",\"@id\":\"https:\/\/lobosnews.com.ar\/index.php\/2026\/01\/25\/francia-detuvo-al-capitan-de-un-petrolero-de-la-flota-fantasma-rusa-y-eleva-la-tension-con-moscu\/#primaryimage\",\"url\":\"https:\/\/lobosnews.com.ar\/wp-content\/uploads\/2026\/01\/francia-detuvo-al-capitan-de-un-petrolero-de-la-flota-fantasma-rusa-y-eleva-la-tension-con-moscu-4-scaled.jpg\",\"contentUrl\":\"https:\/\/lobosnews.com.ar\/wp-content\/uploads\/2026\/01\/francia-detuvo-al-capitan-de-un-petrolero-de-la-flota-fantasma-rusa-y-eleva-la-tension-con-moscu-4-scaled.jpg\",\"width\":2560,\"height\":1706,\"caption\":\"Francia detuvo al capit\u00e1n de un petrolero de la \u201cflota fantasma\u201d rusa y eleva la tensi\u00f3n con Mosc\u00fa\"},{\"@type\":\"BreadcrumbList\",\"@id\":\"https:\/\/lobosnews.com.ar\/index.php\/2026\/01\/25\/francia-detuvo-al-capitan-de-un-petrolero-de-la-flota-fantasma-rusa-y-eleva-la-tension-con-moscu\/#breadcrumb\",\"itemListElement\":[{\"@type\":\"ListItem\",\"position\":1,\"name\":\"Portada\",\"item\":\"https:\/\/lobosnews.com.ar\/\"},{\"@type\":\"ListItem\",\"position\":2,\"name\":\"Francia detuvo al capit\u00e1n de un petrolero de la \u201cflota fantasma\u201d rusa y eleva la tensi\u00f3n con Mosc\u00fa\"}]},{\"@type\":\"WebSite\",\"@id\":\"https:\/\/lobosnews.com.ar\/#website\",\"url\":\"https:\/\/lobosnews.com.ar\/\",\"name\":\"Lobos News\",\"description\":\"Informaci\u00f3n a cada instante\",\"publisher\":{\"@id\":\"https:\/\/lobosnews.com.ar\/#organization\"},\"potentialAction\":[{\"@type\":\"SearchAction\",\"target\":{\"@type\":\"EntryPoint\",\"urlTemplate\":\"https:\/\/lobosnews.com.ar\/?s={search_term_string}\"},\"query-input\":{\"@type\":\"PropertyValueSpecification\",\"valueRequired\":true,\"valueName\":\"search_term_string\"}}],\"inLanguage\":\"es\"},{\"@type\":\"Organization\",\"@id\":\"https:\/\/lobosnews.com.ar\/#organization\",\"name\":\"Lobos News\",\"url\":\"https:\/\/lobosnews.com.ar\/\",\"logo\":{\"@type\":\"ImageObject\",\"inLanguage\":\"es\",\"@id\":\"https:\/\/lobosnews.com.ar\/#\/schema\/logo\/image\/\",\"url\":\"https:\/\/lobosnews.com.ar\/wp-content\/uploads\/2026\/01\/logo-lobosnews.png\",\"contentUrl\":\"https:\/\/lobosnews.com.ar\/wp-content\/uploads\/2026\/01\/logo-lobosnews.png\",\"width\":500,\"height\":200,\"caption\":\"Lobos News\"},\"image\":{\"@id\":\"https:\/\/lobosnews.com.ar\/#\/schema\/logo\/image\/\"}},{\"@type\":\"Person\",\"@id\":\"https:\/\/lobosnews.com.ar\/#\/schema\/person\/232422a593d5c541dd9aef6aaed10943\",\"name\":\"admin\",\"image\":{\"@type\":\"ImageObject\",\"inLanguage\":\"es\",\"@id\":\"https:\/\/lobosnews.com.ar\/#\/schema\/person\/image\/\",\"url\":\"https:\/\/secure.gravatar.com\/avatar\/76e419471a2083bc3ceab22a763dbbf9b0c1bd15a6214cf3280e2c2dde4580f9?s=96&d=mm&r=g\",\"contentUrl\":\"https:\/\/secure.gravatar.com\/avatar\/76e419471a2083bc3ceab22a763dbbf9b0c1bd15a6214cf3280e2c2dde4580f9?s=96&d=mm&r=g\",\"caption\":\"admin\"},\"sameAs\":[\"https:\/\/lobosnews.com.ar\"],\"url\":\"https:\/\/lobosnews.com.ar\/index.php\/author\/lobos-news\/\"}]}<\/script>\n<!-- \/ Yoast SEO plugin. -->","yoast_head_json":{"title":"Francia detuvo al capit\u00e1n de un petrolero de la \u201cflota fantasma\u201d rusa y eleva la tensi\u00f3n con Mosc\u00fa - Lobos News","robots":{"index":"index","follow":"follow","max-snippet":"max-snippet:-1","max-image-preview":"max-image-preview:large","max-video-preview":"max-video-preview:-1"},"canonical":"https:\/\/lobosnews.com.ar\/index.php\/2026\/01\/25\/francia-detuvo-al-capitan-de-un-petrolero-de-la-flota-fantasma-rusa-y-eleva-la-tension-con-moscu\/","og_locale":"es_ES","og_type":"article","og_title":"Francia detuvo al capit\u00e1n de un petrolero de la \u201cflota fantasma\u201d rusa y eleva la tensi\u00f3n con Mosc\u00fa - Lobos News","og_description":"Francia detuvo el domingo al capit\u00e1n indio de un petrolero sospechoso de pertenecer a la \u201cflota fantasma\u201d rusa que elude las sanciones por no enarbolar bandera, seg\u00fan informaron los fiscales. El capit\u00e1n, de 58 a\u00f1os, estaba al mando del petrolero Grinch, que fue apresado por la Armada francesa el jueves en el Mediterr\u00e1neo y ahora...","og_url":"https:\/\/lobosnews.com.ar\/index.php\/2026\/01\/25\/francia-detuvo-al-capitan-de-un-petrolero-de-la-flota-fantasma-rusa-y-eleva-la-tension-con-moscu\/","og_site_name":"Lobos News","article_published_time":"2026-01-25T14:20:54+00:00","article_modified_time":"2026-01-25T17:15:24+00:00","og_image":[{"url":"https:\/\/lobosnews.com.ar\/wp-content\/uploads\/2026\/01\/francia-detuvo-al-capitan-de-un-petrolero-de-la-flota-fantasma-rusa-y-eleva-la-tension-con-moscu.jpg","type":"","width":"","height":""}],"author":"admin","twitter_card":"summary_large_image","twitter_misc":{"Escrito por":"admin","Tiempo de lectura":"2 minutos"},"schema":{"@context":"https:\/\/schema.org","@graph":[{"@type":"Article","@id":"https:\/\/lobosnews.com.ar\/index.php\/2026\/01\/25\/francia-detuvo-al-capitan-de-un-petrolero-de-la-flota-fantasma-rusa-y-eleva-la-tension-con-moscu\/#article","isPartOf":{"@id":"https:\/\/lobosnews.com.ar\/index.php\/2026\/01\/25\/francia-detuvo-al-capitan-de-un-petrolero-de-la-flota-fantasma-rusa-y-eleva-la-tension-con-moscu\/"},"author":{"name":"admin","@id":"https:\/\/lobosnews.com.ar\/#\/schema\/person\/232422a593d5c541dd9aef6aaed10943"},"headline":"Francia detuvo al capit\u00e1n de un petrolero de la \u201cflota fantasma\u201d rusa y eleva la tensi\u00f3n con Mosc\u00fa","datePublished":"2026-01-25T14:20:54+00:00","dateModified":"2026-01-25T17:15:24+00:00","mainEntityOfPage":{"@id":"https:\/\/lobosnews.com.ar\/index.php\/2026\/01\/25\/francia-detuvo-al-capitan-de-un-petrolero-de-la-flota-fantasma-rusa-y-eleva-la-tension-con-moscu\/"},"wordCount":436,"commentCount":0,"publisher":{"@id":"https:\/\/lobosnews.com.ar\/#organization"},"image":{"@id":"https:\/\/lobosnews.com.ar\/index.php\/2026\/01\/25\/francia-detuvo-al-capitan-de-un-petrolero-de-la-flota-fantasma-rusa-y-eleva-la-tension-con-moscu\/#primaryimage"},"thumbnailUrl":"https:\/\/lobosnews.com.ar\/wp-content\/uploads\/2026\/01\/francia-detuvo-al-capitan-de-un-petrolero-de-la-flota-fantasma-rusa-y-eleva-la-tension-con-moscu-4-scaled.jpg","articleSection":["Actualidad"],"inLanguage":"es","potentialAction":[{"@type":"CommentAction","name":"Comment","target":["https:\/\/lobosnews.com.ar\/index.php\/2026\/01\/25\/francia-detuvo-al-capitan-de-un-petrolero-de-la-flota-fantasma-rusa-y-eleva-la-tension-con-moscu\/#respond"]}]},{"@type":"WebPage","@id":"https:\/\/lobosnews.com.ar\/index.php\/2026\/01\/25\/francia-detuvo-al-capitan-de-un-petrolero-de-la-flota-fantasma-rusa-y-eleva-la-tension-con-moscu\/","url":"https:\/\/lobosnews.com.ar\/index.php\/2026\/01\/25\/francia-detuvo-al-capitan-de-un-petrolero-de-la-flota-fantasma-rusa-y-eleva-la-tension-con-moscu\/","name":"Francia detuvo al capit\u00e1n de un petrolero de la \u201cflota fantasma\u201d rusa y eleva la tensi\u00f3n con Mosc\u00fa - Lobos News","isPartOf":{"@id":"https:\/\/lobosnews.com.ar\/#website"},"primaryImageOfPage":{"@id":"https:\/\/lobosnews.com.ar\/index.php\/2026\/01\/25\/francia-detuvo-al-capitan-de-un-petrolero-de-la-flota-fantasma-rusa-y-eleva-la-tension-con-moscu\/#primaryimage"},"image":{"@id":"https:\/\/lobosnews.com.ar\/index.php\/2026\/01\/25\/francia-detuvo-al-capitan-de-un-petrolero-de-la-flota-fantasma-rusa-y-eleva-la-tension-con-moscu\/#primaryimage"},"thumbnailUrl":"https:\/\/lobosnews.com.ar\/wp-content\/uploads\/2026\/01\/francia-detuvo-al-capitan-de-un-petrolero-de-la-flota-fantasma-rusa-y-eleva-la-tension-con-moscu-4-scaled.jpg","datePublished":"2026-01-25T14:20:54+00:00","dateModified":"2026-01-25T17:15:24+00:00","breadcrumb":{"@id":"https:\/\/lobosnews.com.ar\/index.php\/2026\/01\/25\/francia-detuvo-al-capitan-de-un-petrolero-de-la-flota-fantasma-rusa-y-eleva-la-tension-con-moscu\/#breadcrumb"},"inLanguage":"es","potentialAction":[{"@type":"ReadAction","target":["https:\/\/lobosnews.com.ar\/index.php\/2026\/01\/25\/francia-detuvo-al-capitan-de-un-petrolero-de-la-flota-fantasma-rusa-y-eleva-la-tension-con-moscu\/"]}]},{"@type":"ImageObject","inLanguage":"es","@id":"https:\/\/lobosnews.com.ar\/index.php\/2026\/01\/25\/francia-detuvo-al-capitan-de-un-petrolero-de-la-flota-fantasma-rusa-y-eleva-la-tension-con-moscu\/#primaryimage","url":"https:\/\/lobosnews.com.ar\/wp-content\/uploads\/2026\/01\/francia-detuvo-al-capitan-de-un-petrolero-de-la-flota-fantasma-rusa-y-eleva-la-tension-con-moscu-4-scaled.jpg","contentUrl":"https:\/\/lobosnews.com.ar\/wp-content\/uploads\/2026\/01\/francia-detuvo-al-capitan-de-un-petrolero-de-la-flota-fantasma-rusa-y-eleva-la-tension-con-moscu-4-scaled.jpg","width":2560,"height":1706,"caption":"Francia detuvo al capit\u00e1n de un petrolero de la \u201cflota fantasma\u201d rusa y eleva la tensi\u00f3n con Mosc\u00fa"},{"@type":"BreadcrumbList","@id":"https:\/\/lobosnews.com.ar\/index.php\/2026\/01\/25\/francia-detuvo-al-capitan-de-un-petrolero-de-la-flota-fantasma-rusa-y-eleva-la-tension-con-moscu\/#breadcrumb","itemListElement":[{"@type":"ListItem","position":1,"name":"Portada","item":"https:\/\/lobosnews.com.ar\/"},{"@type":"ListItem","position":2,"name":"Francia detuvo al capit\u00e1n de un petrolero de la \u201cflota fantasma\u201d rusa y eleva la tensi\u00f3n con Mosc\u00fa"}]},{"@type":"WebSite","@id":"https:\/\/lobosnews.com.ar\/#website","url":"https:\/\/lobosnews.com.ar\/","name":"Lobos News","description":"Informaci\u00f3n a cada instante","publisher":{"@id":"https:\/\/lobosnews.com.ar\/#organization"},"potentialAction":[{"@type":"SearchAction","target":{"@type":"EntryPoint","urlTemplate":"https:\/\/lobosnews.com.ar\/?s={search_term_string}"},"query-input":{"@type":"PropertyValueSpecification","valueRequired":true,"valueName":"search_term_string"}}],"inLanguage":"es"},{"@type":"Organization","@id":"https:\/\/lobosnews.com.ar\/#organization","name":"Lobos News","url":"https:\/\/lobosnews.com.ar\/","logo":{"@type":"ImageObject","inLanguage":"es","@id":"https:\/\/lobosnews.com.ar\/#\/schema\/logo\/image\/","url":"https:\/\/lobosnews.com.ar\/wp-content\/uploads\/2026\/01\/logo-lobosnews.png","contentUrl":"https:\/\/lobosnews.com.ar\/wp-content\/uploads\/2026\/01\/logo-lobosnews.png","width":500,"height":200,"caption":"Lobos News"},"image":{"@id":"https:\/\/lobosnews.com.ar\/#\/schema\/logo\/image\/"}},{"@type":"Person","@id":"https:\/\/lobosnews.com.ar\/#\/schema\/person\/232422a593d5c541dd9aef6aaed10943","name":"admin","image":{"@type":"ImageObject","inLanguage":"es","@id":"https:\/\/lobosnews.com.ar\/#\/schema\/person\/image\/","url":"https:\/\/secure.gravatar.com\/avatar\/76e419471a2083bc3ceab22a763dbbf9b0c1bd15a6214cf3280e2c2dde4580f9?s=96&d=mm&r=g","contentUrl":"https:\/\/secure.gravatar.com\/avatar\/76e419471a2083bc3ceab22a763dbbf9b0c1bd15a6214cf3280e2c2dde4580f9?s=96&d=mm&r=g","caption":"admin"},"sameAs":["https:\/\/lobosnews.com.ar"],"url":"https:\/\/lobosnews.com.ar\/index.php\/author\/lobos-news\/"}]}},"jetpack_featured_media_url":"https:\/\/lobosnews.com.ar\/wp-content\/uploads\/2026\/01\/francia-detuvo-al-capitan-de-un-petrolero-de-la-flota-fantasma-rusa-y-eleva-la-tension-con-moscu-4-scaled.jpg","jetpack_sharing_enabled":true,"_links":{"self":[{"href":"https:\/\/lobosnews.com.ar\/index.php\/wp-json\/wp\/v2\/posts\/11429","targetHints":{"allow":["GET"]}}],"collection":[{"href":"https:\/\/lobosnews.com.ar\/index.php\/wp-json\/wp\/v2\/posts"}],"about":[{"href":"https:\/\/lobosnews.com.ar\/index.php\/wp-json\/wp\/v2\/types\/post"}],"author":[{"embeddable":true,"href":"https:\/\/lobosnews.com.ar\/index.php\/wp-json\/wp\/v2\/users\/1"}],"replies":[{"embeddable":true,"href":"https:\/\/lobosnews.com.ar\/index.php\/wp-json\/wp\/v2\/comments?post=11429"}],"version-history":[{"count":1,"href":"https:\/\/lobosnews.com.ar\/index.php\/wp-json\/wp\/v2\/posts\/11429\/revisions"}],"predecessor-version":[{"id":11433,"href":"https:\/\/lobosnews.com.ar\/index.php\/wp-json\/wp\/v2\/posts\/11429\/revisions\/11433"}],"wp:featuredmedia":[{"embeddable":true,"href":"https:\/\/lobosnews.com.ar\/index.php\/wp-json\/wp\/v2\/media\/11434"}],"wp:attachment":[{"href":"https:\/\/lobosnews.com.ar\/index.php\/wp-json\/wp\/v2\/media?parent=11429"}],"wp:term":[{"taxonomy":"category","embeddable":true,"href":"https:\/\/lobosnews.com.ar\/index.php\/wp-json\/wp\/v2\/categories?post=11429"},{"taxonomy":"post_tag","embeddable":true,"href":"https:\/\/lobosnews.com.ar\/index.php\/wp-json\/wp\/v2\/tags?post=11429"}],"curies":[{"name":"wp","href":"https:\/\/api.w.org\/{rel}","templated":true}]}}