{"id":11411,"date":"2026-01-25T13:32:20","date_gmt":"2026-01-25T13:32:20","guid":{"rendered":"https:\/\/lobosnews.com.ar\/index.php\/2026\/01\/25\/la-seleccion-argentina-de-futsal-debuta-en-la-copa-america-frente-a-peru-hora-y-tv\/"},"modified":"2026-01-25T16:01:08","modified_gmt":"2026-01-25T16:01:08","slug":"la-seleccion-argentina-de-futsal-debuta-en-la-copa-america-frente-a-peru-hora-y-tv","status":"publish","type":"post","link":"https:\/\/lobosnews.com.ar\/index.php\/2026\/01\/25\/la-seleccion-argentina-de-futsal-debuta-en-la-copa-america-frente-a-peru-hora-y-tv\/","title":{"rendered":"La selecci\u00f3n argentina de futsal debuta en la Copa Am\u00e9rica frente a Per\u00fa: hora y TV"},"content":{"rendered":"<p><img loading=\"lazy\" decoding=\"async\" src=\"https:\/\/lobosnews.com.ar\/wp-content\/uploads\/2026\/01\/la-seleccion-argentina-de-futsal-debuta-en-la-copa-america-frente-a-peru-hora-y-tv.jpg\" alt=\"La selecci\u00f3n argentina de futsal debutar\u00e1 en la Copa Am\u00e9rica ante Per\u00fa (Instagram @afafutsal.oficial)\" height=\"608\" width=\"1080\"\/><\/p>\n<p>La<b> selecci\u00f3n argentina<\/b> de <b>futsal <\/b>comienza a desandar su camino en la <b>Copa Am\u00e9rica<\/b> frente a su par de <b>Per\u00fa <\/b>en el encuentro que dar\u00e1 continuidad a la jornada de la primera fecha de la fase de grupos. El cotejo empezar\u00e1 a las 17.00 en el estadio del <i><b>Comit\u00e9 Ol\u00edmpico de Paraguay<\/b><\/i><b> <\/b>(<i>COP Arena<\/i>) y ser\u00e1 televisado por <i>Dsports<\/i>.<\/p>\n<p>En las \u00faltimas dos ediciones de este torneo, celebradas tambi\u00e9n en territorio paraguayo, <b>Argentina <\/b>mostr\u00f3 un rendimiento destacado: <b>obtuvo el t\u00edtulo en 2022 al vencer al seleccionado local <\/b>y fue subcampeona en la edici\u00f3n 2024 luego de perder en la final ante Brasil. El premio mayor en esta oportunidad ser\u00e1 la clasificaci\u00f3n tanto del campe\u00f3n como del subcampe\u00f3n a la Finalissima 2026.<\/p>\n<p>La jornada inaugural de la<b> Copa Am\u00e9rica <\/b>de Paraguay, que se extender\u00e1 hasta el 1 de febrero, se inici\u00f3 el s\u00e1bado 24 de enero con los triunfos de Per\u00fa ante Paraguay (3-1), Uruguay frente a Ecuador (3-2) y Chile sobre Bolivia (4-0). En tanto que el campe\u00f3n Brasil empat\u00f3 2-2 contra Colombia. <\/p>\n<p>Adem\u00e1s del debut frente a <b>Per\u00fa<\/b>, la selecci\u00f3n argentina se enfrentar\u00e1 a <b>Uruguay<\/b>, <b>Ecuador <\/b>y <b>Paraguay <\/b>en la fase de grupos. Los dos primeros de cada zona avanzar\u00e1n a las semifinales. En el Grupo B participan <b>Brasil<\/b>, <b>Venezuela<\/b>, <b>Chile<\/b>, <b>Colombia <\/b>y <b>Bolivia<\/b>.<\/p>\n<p><img loading=\"lazy\" decoding=\"async\" src=\"https:\/\/lobosnews.com.ar\/wp-content\/uploads\/2026\/01\/la-seleccion-argentina-de-futsal-debuta-en-la-copa-america-frente-a-peru-hora-y-tv-1.jpg\" alt=\"Mat\u00edas Lucuix, entrenador de la selecci\u00f3n argentina de futsal, dio a conocer a los 14 convocados para la Copa Am\u00e9rica 2026 (Foto: AFA)\" height=\"666\" width=\"1000\"\/><\/p>\n<p>La selecci\u00f3n argentina buscar\u00e1 ganar su cuarta Copa Am\u00e9rica (lo logr\u00f3 2003, 2015 y 2022), mientras que Brasil es el m\u00e1ximo ganador de la historia, con 11 t\u00edtulos. El resto de las selecciones participantes nunca han levantado un trofeo.<\/p>\n<h2>El plantel de Argentina para la Copa Am\u00e9rica de Futsal<\/h2>\n<ul>\n<li>Nicol\u00e1s Sarmiento (ASD Roma 1927)<\/li>\n<li>Mat\u00edas Rosa (Ja\u00e9n Para\u00edso Interior FS)<\/li>\n<li>Lukas Acosta (Pe\u00f1\u00edscola FS)<\/li>\n<li>Juan Rodr\u00edguez (Am\u00e9rica del Sud)<\/li>\n<li>Lucas Bolo Alemany (Napoli Futsal)<\/li>\n<li>Agust\u00edn Plaza (Pe\u00f1\u00edscola FS)<\/li>\n<li>Bautista Caso (Pinocho)<\/li>\n<li>Nelson Barrientos (Boca Juniors)<\/li>\n<li>Kevin Arrieta (Pirossigeno Cosenza Futsal)<\/li>\n<li>Juan Pablo Cuello (Xota F\u00fatbol Sala)<\/li>\n<li>\u00c1ngel Claudino (Riga FC)<\/li>\n<li>Lucas Granda (FC Barcelona)<\/li>\n<li>Dylan Vargas (Riga FC)<\/li>\n<li>Agust\u00edn Del Rey (C\u00f3rdoba Patrimonio Humanidad)<\/li>\n<\/ul>\n<h2>Los grupos de la Copa Am\u00e9rica de Futsal 2026<\/h2>\n<p><b>Grupo A<\/b>: Paraguay, Argentina, Uruguay, Per\u00fa y Ecuador.<\/p>\n<p><b>Grupo B<\/b>: Brasil, Venezuela, Chile, Colombia y Bolivia.<\/p>\n<h2>Fixture de la Fase de Grupos<\/h2>\n<h3>S\u00e1bado 24 de enero<\/h3>\n<p>&#8211; Bolivia 0-4 Chile<\/p>\n<p>&#8211; Brasil 2-2 Colombia<\/p>\n<p>&#8211; Ecuador 2-3 Uruguay<\/p>\n<p>&#8211; Paraguay 1-3 Per\u00fa<\/p>\n<h4>Domingo 25 de enero<\/h4>\n<p>&#8211; 12.00: Colombia vs Venezuela<\/p>\n<p>&#8211; 14.30: Bolivia vs Brasil<\/p>\n<p><b>&#8211; 17.00: Per\u00fa vs Argentina<\/b><\/p>\n<p>&#8211; 19.30: Ecuador vs Paraguay<\/p>\n<h3>Lunes 26 de enero<\/h3>\n<p>&#8211; 12.00: Colombia vs Bolivia<\/p>\n<p>&#8211; 14.30: Venezuela vs Chile<\/p>\n<p>&#8211; 17.00: Per\u00fa vs Ecuador<\/p>\n<p>&#8211; <b>19.30: Argentina vs Uruguay<\/b><\/p>\n<h3>Mi\u00e9rcoles 28 de enero<\/h3>\n<p>&#8211; 12.00: Venezuela vs Bolivia<\/p>\n<p>&#8211; 14.30: Chile vs Brasil<\/p>\n<p><b>&#8211; 17.00: Argentina vs Ecuador<\/b><\/p>\n<p>&#8211; 19.30: Uruguay vs Paraguay<\/p>\n<h3>Jueves 29 de enero<\/h3>\n<p>&#8211; 12.00: Chile vs Colombia<\/p>\n<p>&#8211; 14.30: Brasil vs Venezuela<\/p>\n<p>&#8211; 17.00: Uruguay vs Per\u00fa<\/p>\n<p><b>&#8211; 19.30: Paraguay vs Argentina<\/b><\/p>\n<h2>Fase Final<\/h2>\n<h3>S\u00e1bado 31 de enero<\/h3>\n<p>&#8211; 5\u00b0 A vs 5\u00b0 B<\/p>\n<p>&#8211; 4\u00b0 A vs 4\u00b0 B<\/p>\n<p>&#8211; 1\u00b0 A vs 2\u00b0 B (semifinal 1)<\/p>\n<p>&#8211; 1\u00b0 B vs 2\u00b0 A (semifinal 2)<\/p>\n<h3>Domingo 1 de febrero <\/h3>\n<p>&#8211; 3\u00b0 A vs 3\u00b0 B<\/p>\n<p>&#8211; Perdedor Semifinal 1 \u2013 Perdedor Semifinal 2 (Por el tercer puesto)<\/p>\n<p>&#8211; Ganador Semifinal 1 \u2013 Ganador Semifinal 2 (Final).<\/p>\n","protected":false},"excerpt":{"rendered":"<p>La selecci\u00f3n argentina de futsal comienza a desandar su camino en la Copa Am\u00e9rica frente a su par de Per\u00fa en el encuentro que dar\u00e1 continuidad a la jornada de la primera fecha de la fase de grupos. El cotejo empezar\u00e1 a las 17.00 en el estadio del Comit\u00e9 Ol\u00edmpico de Paraguay (COP Arena) y&#8230;<\/p>\n","protected":false},"author":1,"featured_media":0,"comment_status":"open","ping_status":"closed","sticky":false,"template":"","format":"standard","meta":{"_jetpack_memberships_contains_paid_content":false,"footnotes":""},"categories":[30],"tags":[39],"class_list":["post-11411","post","type-post","status-publish","format-standard","hentry","category-argentina","tag-deportes"],"magazineBlocksPostFeaturedMedia":{"thumbnail":false,"medium":false,"medium_large":false,"large":false,"1536x1536":false,"2048x2048":false,"newsmatic-featured":false,"newsmatic-list":false,"newsmatic-thumb":false,"newsmatic-small":false,"newsmatic-grid":false},"magazineBlocksPostAuthor":{"name":"admin","avatar":"https:\/\/secure.gravatar.com\/avatar\/76e419471a2083bc3ceab22a763dbbf9b0c1bd15a6214cf3280e2c2dde4580f9?s=96&d=mm&r=g"},"magazineBlocksPostCommentsNumber":"0","magazineBlocksPostExcerpt":"La selecci\u00f3n argentina de futsal comienza a desandar su camino en la Copa Am\u00e9rica frente a su par de Per\u00fa en el encuentro que dar\u00e1 continuidad a la jornada de la primera fecha de la fase de grupos. El cotejo empezar\u00e1 a las 17.00 en el estadio del Comit\u00e9 Ol\u00edmpico de Paraguay (COP Arena) y...","magazineBlocksPostCategories":["Argentina"],"magazineBlocksPostViewCount":108,"magazineBlocksPostReadTime":3,"magazine_blocks_featured_image_url":{"full":false,"medium":false,"thumbnail":false},"magazine_blocks_author":{"display_name":"admin","author_link":"https:\/\/lobosnews.com.ar\/index.php\/author\/lobos-news\/"},"magazine_blocks_comment":0,"magazine_blocks_author_image":"https:\/\/secure.gravatar.com\/avatar\/76e419471a2083bc3ceab22a763dbbf9b0c1bd15a6214cf3280e2c2dde4580f9?s=96&d=mm&r=g","magazine_blocks_category":"<a href=\"#\" class=\"category-link category-link-30\">Argentina<\/a>","yoast_head":"<!-- This site is optimized with the Yoast SEO plugin v26.6 - https:\/\/yoast.com\/wordpress\/plugins\/seo\/ -->\n<title>La selecci\u00f3n argentina de futsal debuta en la Copa Am\u00e9rica frente a Per\u00fa: hora y TV - Lobos News<\/title>\n<meta name=\"robots\" content=\"index, follow, max-snippet:-1, max-image-preview:large, max-video-preview:-1\" \/>\n<link rel=\"canonical\" href=\"https:\/\/lobosnews.com.ar\/index.php\/2026\/01\/25\/la-seleccion-argentina-de-futsal-debuta-en-la-copa-america-frente-a-peru-hora-y-tv\/\" \/>\n<meta property=\"og:locale\" content=\"es_ES\" \/>\n<meta property=\"og:type\" content=\"article\" \/>\n<meta property=\"og:title\" content=\"La selecci\u00f3n argentina de futsal debuta en la Copa Am\u00e9rica frente a Per\u00fa: hora y TV - Lobos News\" \/>\n<meta property=\"og:description\" content=\"La selecci\u00f3n argentina de futsal comienza a desandar su camino en la Copa Am\u00e9rica frente a su par de Per\u00fa en el encuentro que dar\u00e1 continuidad a la jornada de la primera fecha de la fase de grupos. El cotejo empezar\u00e1 a las 17.00 en el estadio del Comit\u00e9 Ol\u00edmpico de Paraguay (COP Arena) y...\" \/>\n<meta property=\"og:url\" content=\"https:\/\/lobosnews.com.ar\/index.php\/2026\/01\/25\/la-seleccion-argentina-de-futsal-debuta-en-la-copa-america-frente-a-peru-hora-y-tv\/\" \/>\n<meta property=\"og:site_name\" content=\"Lobos News\" \/>\n<meta property=\"article:published_time\" content=\"2026-01-25T13:32:20+00:00\" \/>\n<meta property=\"article:modified_time\" content=\"2026-01-25T16:01:08+00:00\" \/>\n<meta property=\"og:image\" content=\"https:\/\/lobosnews.com.ar\/wp-content\/uploads\/2026\/01\/la-seleccion-argentina-de-futsal-debuta-en-la-copa-america-frente-a-peru-hora-y-tv.jpg\" \/>\n<meta name=\"author\" content=\"admin\" \/>\n<meta name=\"twitter:card\" content=\"summary_large_image\" \/>\n<meta name=\"twitter:label1\" content=\"Escrito por\" \/>\n\t<meta name=\"twitter:data1\" content=\"admin\" \/>\n\t<meta name=\"twitter:label2\" content=\"Tiempo de lectura\" \/>\n\t<meta name=\"twitter:data2\" content=\"2 minutos\" \/>\n<script type=\"application\/ld+json\" class=\"yoast-schema-graph\">{\"@context\":\"https:\/\/schema.org\",\"@graph\":[{\"@type\":\"Article\",\"@id\":\"https:\/\/lobosnews.com.ar\/index.php\/2026\/01\/25\/la-seleccion-argentina-de-futsal-debuta-en-la-copa-america-frente-a-peru-hora-y-tv\/#article\",\"isPartOf\":{\"@id\":\"https:\/\/lobosnews.com.ar\/index.php\/2026\/01\/25\/la-seleccion-argentina-de-futsal-debuta-en-la-copa-america-frente-a-peru-hora-y-tv\/\"},\"author\":{\"name\":\"admin\",\"@id\":\"https:\/\/lobosnews.com.ar\/#\/schema\/person\/232422a593d5c541dd9aef6aaed10943\"},\"headline\":\"La selecci\u00f3n argentina de futsal debuta en la Copa Am\u00e9rica frente a Per\u00fa: hora y TV\",\"datePublished\":\"2026-01-25T13:32:20+00:00\",\"dateModified\":\"2026-01-25T16:01:08+00:00\",\"mainEntityOfPage\":{\"@id\":\"https:\/\/lobosnews.com.ar\/index.php\/2026\/01\/25\/la-seleccion-argentina-de-futsal-debuta-en-la-copa-america-frente-a-peru-hora-y-tv\/\"},\"wordCount\":515,\"commentCount\":0,\"publisher\":{\"@id\":\"https:\/\/lobosnews.com.ar\/#organization\"},\"image\":{\"@id\":\"https:\/\/lobosnews.com.ar\/index.php\/2026\/01\/25\/la-seleccion-argentina-de-futsal-debuta-en-la-copa-america-frente-a-peru-hora-y-tv\/#primaryimage\"},\"thumbnailUrl\":\"https:\/\/lobosnews.com.ar\/wp-content\/uploads\/2026\/01\/la-seleccion-argentina-de-futsal-debuta-en-la-copa-america-frente-a-peru-hora-y-tv.jpg\",\"keywords\":[\"Deportes\"],\"articleSection\":[\"Argentina\"],\"inLanguage\":\"es\",\"potentialAction\":[{\"@type\":\"CommentAction\",\"name\":\"Comment\",\"target\":[\"https:\/\/lobosnews.com.ar\/index.php\/2026\/01\/25\/la-seleccion-argentina-de-futsal-debuta-en-la-copa-america-frente-a-peru-hora-y-tv\/#respond\"]}]},{\"@type\":\"WebPage\",\"@id\":\"https:\/\/lobosnews.com.ar\/index.php\/2026\/01\/25\/la-seleccion-argentina-de-futsal-debuta-en-la-copa-america-frente-a-peru-hora-y-tv\/\",\"url\":\"https:\/\/lobosnews.com.ar\/index.php\/2026\/01\/25\/la-seleccion-argentina-de-futsal-debuta-en-la-copa-america-frente-a-peru-hora-y-tv\/\",\"name\":\"La selecci\u00f3n argentina de futsal debuta en la Copa Am\u00e9rica frente a Per\u00fa: hora y TV - Lobos News\",\"isPartOf\":{\"@id\":\"https:\/\/lobosnews.com.ar\/#website\"},\"primaryImageOfPage\":{\"@id\":\"https:\/\/lobosnews.com.ar\/index.php\/2026\/01\/25\/la-seleccion-argentina-de-futsal-debuta-en-la-copa-america-frente-a-peru-hora-y-tv\/#primaryimage\"},\"image\":{\"@id\":\"https:\/\/lobosnews.com.ar\/index.php\/2026\/01\/25\/la-seleccion-argentina-de-futsal-debuta-en-la-copa-america-frente-a-peru-hora-y-tv\/#primaryimage\"},\"thumbnailUrl\":\"https:\/\/lobosnews.com.ar\/wp-content\/uploads\/2026\/01\/la-seleccion-argentina-de-futsal-debuta-en-la-copa-america-frente-a-peru-hora-y-tv.jpg\",\"datePublished\":\"2026-01-25T13:32:20+00:00\",\"dateModified\":\"2026-01-25T16:01:08+00:00\",\"breadcrumb\":{\"@id\":\"https:\/\/lobosnews.com.ar\/index.php\/2026\/01\/25\/la-seleccion-argentina-de-futsal-debuta-en-la-copa-america-frente-a-peru-hora-y-tv\/#breadcrumb\"},\"inLanguage\":\"es\",\"potentialAction\":[{\"@type\":\"ReadAction\",\"target\":[\"https:\/\/lobosnews.com.ar\/index.php\/2026\/01\/25\/la-seleccion-argentina-de-futsal-debuta-en-la-copa-america-frente-a-peru-hora-y-tv\/\"]}]},{\"@type\":\"ImageObject\",\"inLanguage\":\"es\",\"@id\":\"https:\/\/lobosnews.com.ar\/index.php\/2026\/01\/25\/la-seleccion-argentina-de-futsal-debuta-en-la-copa-america-frente-a-peru-hora-y-tv\/#primaryimage\",\"url\":\"https:\/\/lobosnews.com.ar\/wp-content\/uploads\/2026\/01\/la-seleccion-argentina-de-futsal-debuta-en-la-copa-america-frente-a-peru-hora-y-tv.jpg\",\"contentUrl\":\"https:\/\/lobosnews.com.ar\/wp-content\/uploads\/2026\/01\/la-seleccion-argentina-de-futsal-debuta-en-la-copa-america-frente-a-peru-hora-y-tv.jpg\"},{\"@type\":\"BreadcrumbList\",\"@id\":\"https:\/\/lobosnews.com.ar\/index.php\/2026\/01\/25\/la-seleccion-argentina-de-futsal-debuta-en-la-copa-america-frente-a-peru-hora-y-tv\/#breadcrumb\",\"itemListElement\":[{\"@type\":\"ListItem\",\"position\":1,\"name\":\"Portada\",\"item\":\"https:\/\/lobosnews.com.ar\/\"},{\"@type\":\"ListItem\",\"position\":2,\"name\":\"La selecci\u00f3n argentina de futsal debuta en la Copa Am\u00e9rica frente a Per\u00fa: hora y TV\"}]},{\"@type\":\"WebSite\",\"@id\":\"https:\/\/lobosnews.com.ar\/#website\",\"url\":\"https:\/\/lobosnews.com.ar\/\",\"name\":\"Lobos News\",\"description\":\"Informaci\u00f3n a cada instante\",\"publisher\":{\"@id\":\"https:\/\/lobosnews.com.ar\/#organization\"},\"potentialAction\":[{\"@type\":\"SearchAction\",\"target\":{\"@type\":\"EntryPoint\",\"urlTemplate\":\"https:\/\/lobosnews.com.ar\/?s={search_term_string}\"},\"query-input\":{\"@type\":\"PropertyValueSpecification\",\"valueRequired\":true,\"valueName\":\"search_term_string\"}}],\"inLanguage\":\"es\"},{\"@type\":\"Organization\",\"@id\":\"https:\/\/lobosnews.com.ar\/#organization\",\"name\":\"Lobos News\",\"url\":\"https:\/\/lobosnews.com.ar\/\",\"logo\":{\"@type\":\"ImageObject\",\"inLanguage\":\"es\",\"@id\":\"https:\/\/lobosnews.com.ar\/#\/schema\/logo\/image\/\",\"url\":\"https:\/\/lobosnews.com.ar\/wp-content\/uploads\/2026\/01\/logo-lobosnews.png\",\"contentUrl\":\"https:\/\/lobosnews.com.ar\/wp-content\/uploads\/2026\/01\/logo-lobosnews.png\",\"width\":500,\"height\":200,\"caption\":\"Lobos News\"},\"image\":{\"@id\":\"https:\/\/lobosnews.com.ar\/#\/schema\/logo\/image\/\"}},{\"@type\":\"Person\",\"@id\":\"https:\/\/lobosnews.com.ar\/#\/schema\/person\/232422a593d5c541dd9aef6aaed10943\",\"name\":\"admin\",\"image\":{\"@type\":\"ImageObject\",\"inLanguage\":\"es\",\"@id\":\"https:\/\/lobosnews.com.ar\/#\/schema\/person\/image\/\",\"url\":\"https:\/\/secure.gravatar.com\/avatar\/76e419471a2083bc3ceab22a763dbbf9b0c1bd15a6214cf3280e2c2dde4580f9?s=96&d=mm&r=g\",\"contentUrl\":\"https:\/\/secure.gravatar.com\/avatar\/76e419471a2083bc3ceab22a763dbbf9b0c1bd15a6214cf3280e2c2dde4580f9?s=96&d=mm&r=g\",\"caption\":\"admin\"},\"sameAs\":[\"https:\/\/lobosnews.com.ar\"],\"url\":\"https:\/\/lobosnews.com.ar\/index.php\/author\/lobos-news\/\"}]}<\/script>\n<!-- \/ Yoast SEO plugin. -->","yoast_head_json":{"title":"La selecci\u00f3n argentina de futsal debuta en la Copa Am\u00e9rica frente a Per\u00fa: hora y TV - Lobos News","robots":{"index":"index","follow":"follow","max-snippet":"max-snippet:-1","max-image-preview":"max-image-preview:large","max-video-preview":"max-video-preview:-1"},"canonical":"https:\/\/lobosnews.com.ar\/index.php\/2026\/01\/25\/la-seleccion-argentina-de-futsal-debuta-en-la-copa-america-frente-a-peru-hora-y-tv\/","og_locale":"es_ES","og_type":"article","og_title":"La selecci\u00f3n argentina de futsal debuta en la Copa Am\u00e9rica frente a Per\u00fa: hora y TV - Lobos News","og_description":"La selecci\u00f3n argentina de futsal comienza a desandar su camino en la Copa Am\u00e9rica frente a su par de Per\u00fa en el encuentro que dar\u00e1 continuidad a la jornada de la primera fecha de la fase de grupos. El cotejo empezar\u00e1 a las 17.00 en el estadio del Comit\u00e9 Ol\u00edmpico de Paraguay (COP Arena) y...","og_url":"https:\/\/lobosnews.com.ar\/index.php\/2026\/01\/25\/la-seleccion-argentina-de-futsal-debuta-en-la-copa-america-frente-a-peru-hora-y-tv\/","og_site_name":"Lobos News","article_published_time":"2026-01-25T13:32:20+00:00","article_modified_time":"2026-01-25T16:01:08+00:00","og_image":[{"url":"https:\/\/lobosnews.com.ar\/wp-content\/uploads\/2026\/01\/la-seleccion-argentina-de-futsal-debuta-en-la-copa-america-frente-a-peru-hora-y-tv.jpg","type":"","width":"","height":""}],"author":"admin","twitter_card":"summary_large_image","twitter_misc":{"Escrito por":"admin","Tiempo de lectura":"2 minutos"},"schema":{"@context":"https:\/\/schema.org","@graph":[{"@type":"Article","@id":"https:\/\/lobosnews.com.ar\/index.php\/2026\/01\/25\/la-seleccion-argentina-de-futsal-debuta-en-la-copa-america-frente-a-peru-hora-y-tv\/#article","isPartOf":{"@id":"https:\/\/lobosnews.com.ar\/index.php\/2026\/01\/25\/la-seleccion-argentina-de-futsal-debuta-en-la-copa-america-frente-a-peru-hora-y-tv\/"},"author":{"name":"admin","@id":"https:\/\/lobosnews.com.ar\/#\/schema\/person\/232422a593d5c541dd9aef6aaed10943"},"headline":"La selecci\u00f3n argentina de futsal debuta en la Copa Am\u00e9rica frente a Per\u00fa: hora y TV","datePublished":"2026-01-25T13:32:20+00:00","dateModified":"2026-01-25T16:01:08+00:00","mainEntityOfPage":{"@id":"https:\/\/lobosnews.com.ar\/index.php\/2026\/01\/25\/la-seleccion-argentina-de-futsal-debuta-en-la-copa-america-frente-a-peru-hora-y-tv\/"},"wordCount":515,"commentCount":0,"publisher":{"@id":"https:\/\/lobosnews.com.ar\/#organization"},"image":{"@id":"https:\/\/lobosnews.com.ar\/index.php\/2026\/01\/25\/la-seleccion-argentina-de-futsal-debuta-en-la-copa-america-frente-a-peru-hora-y-tv\/#primaryimage"},"thumbnailUrl":"https:\/\/lobosnews.com.ar\/wp-content\/uploads\/2026\/01\/la-seleccion-argentina-de-futsal-debuta-en-la-copa-america-frente-a-peru-hora-y-tv.jpg","keywords":["Deportes"],"articleSection":["Argentina"],"inLanguage":"es","potentialAction":[{"@type":"CommentAction","name":"Comment","target":["https:\/\/lobosnews.com.ar\/index.php\/2026\/01\/25\/la-seleccion-argentina-de-futsal-debuta-en-la-copa-america-frente-a-peru-hora-y-tv\/#respond"]}]},{"@type":"WebPage","@id":"https:\/\/lobosnews.com.ar\/index.php\/2026\/01\/25\/la-seleccion-argentina-de-futsal-debuta-en-la-copa-america-frente-a-peru-hora-y-tv\/","url":"https:\/\/lobosnews.com.ar\/index.php\/2026\/01\/25\/la-seleccion-argentina-de-futsal-debuta-en-la-copa-america-frente-a-peru-hora-y-tv\/","name":"La selecci\u00f3n argentina de futsal debuta en la Copa Am\u00e9rica frente a Per\u00fa: hora y TV - Lobos News","isPartOf":{"@id":"https:\/\/lobosnews.com.ar\/#website"},"primaryImageOfPage":{"@id":"https:\/\/lobosnews.com.ar\/index.php\/2026\/01\/25\/la-seleccion-argentina-de-futsal-debuta-en-la-copa-america-frente-a-peru-hora-y-tv\/#primaryimage"},"image":{"@id":"https:\/\/lobosnews.com.ar\/index.php\/2026\/01\/25\/la-seleccion-argentina-de-futsal-debuta-en-la-copa-america-frente-a-peru-hora-y-tv\/#primaryimage"},"thumbnailUrl":"https:\/\/lobosnews.com.ar\/wp-content\/uploads\/2026\/01\/la-seleccion-argentina-de-futsal-debuta-en-la-copa-america-frente-a-peru-hora-y-tv.jpg","datePublished":"2026-01-25T13:32:20+00:00","dateModified":"2026-01-25T16:01:08+00:00","breadcrumb":{"@id":"https:\/\/lobosnews.com.ar\/index.php\/2026\/01\/25\/la-seleccion-argentina-de-futsal-debuta-en-la-copa-america-frente-a-peru-hora-y-tv\/#breadcrumb"},"inLanguage":"es","potentialAction":[{"@type":"ReadAction","target":["https:\/\/lobosnews.com.ar\/index.php\/2026\/01\/25\/la-seleccion-argentina-de-futsal-debuta-en-la-copa-america-frente-a-peru-hora-y-tv\/"]}]},{"@type":"ImageObject","inLanguage":"es","@id":"https:\/\/lobosnews.com.ar\/index.php\/2026\/01\/25\/la-seleccion-argentina-de-futsal-debuta-en-la-copa-america-frente-a-peru-hora-y-tv\/#primaryimage","url":"https:\/\/lobosnews.com.ar\/wp-content\/uploads\/2026\/01\/la-seleccion-argentina-de-futsal-debuta-en-la-copa-america-frente-a-peru-hora-y-tv.jpg","contentUrl":"https:\/\/lobosnews.com.ar\/wp-content\/uploads\/2026\/01\/la-seleccion-argentina-de-futsal-debuta-en-la-copa-america-frente-a-peru-hora-y-tv.jpg"},{"@type":"BreadcrumbList","@id":"https:\/\/lobosnews.com.ar\/index.php\/2026\/01\/25\/la-seleccion-argentina-de-futsal-debuta-en-la-copa-america-frente-a-peru-hora-y-tv\/#breadcrumb","itemListElement":[{"@type":"ListItem","position":1,"name":"Portada","item":"https:\/\/lobosnews.com.ar\/"},{"@type":"ListItem","position":2,"name":"La selecci\u00f3n argentina de futsal debuta en la Copa Am\u00e9rica frente a Per\u00fa: hora y TV"}]},{"@type":"WebSite","@id":"https:\/\/lobosnews.com.ar\/#website","url":"https:\/\/lobosnews.com.ar\/","name":"Lobos News","description":"Informaci\u00f3n a cada instante","publisher":{"@id":"https:\/\/lobosnews.com.ar\/#organization"},"potentialAction":[{"@type":"SearchAction","target":{"@type":"EntryPoint","urlTemplate":"https:\/\/lobosnews.com.ar\/?s={search_term_string}"},"query-input":{"@type":"PropertyValueSpecification","valueRequired":true,"valueName":"search_term_string"}}],"inLanguage":"es"},{"@type":"Organization","@id":"https:\/\/lobosnews.com.ar\/#organization","name":"Lobos News","url":"https:\/\/lobosnews.com.ar\/","logo":{"@type":"ImageObject","inLanguage":"es","@id":"https:\/\/lobosnews.com.ar\/#\/schema\/logo\/image\/","url":"https:\/\/lobosnews.com.ar\/wp-content\/uploads\/2026\/01\/logo-lobosnews.png","contentUrl":"https:\/\/lobosnews.com.ar\/wp-content\/uploads\/2026\/01\/logo-lobosnews.png","width":500,"height":200,"caption":"Lobos News"},"image":{"@id":"https:\/\/lobosnews.com.ar\/#\/schema\/logo\/image\/"}},{"@type":"Person","@id":"https:\/\/lobosnews.com.ar\/#\/schema\/person\/232422a593d5c541dd9aef6aaed10943","name":"admin","image":{"@type":"ImageObject","inLanguage":"es","@id":"https:\/\/lobosnews.com.ar\/#\/schema\/person\/image\/","url":"https:\/\/secure.gravatar.com\/avatar\/76e419471a2083bc3ceab22a763dbbf9b0c1bd15a6214cf3280e2c2dde4580f9?s=96&d=mm&r=g","contentUrl":"https:\/\/secure.gravatar.com\/avatar\/76e419471a2083bc3ceab22a763dbbf9b0c1bd15a6214cf3280e2c2dde4580f9?s=96&d=mm&r=g","caption":"admin"},"sameAs":["https:\/\/lobosnews.com.ar"],"url":"https:\/\/lobosnews.com.ar\/index.php\/author\/lobos-news\/"}]}},"jetpack_featured_media_url":"","jetpack_sharing_enabled":true,"_links":{"self":[{"href":"https:\/\/lobosnews.com.ar\/index.php\/wp-json\/wp\/v2\/posts\/11411","targetHints":{"allow":["GET"]}}],"collection":[{"href":"https:\/\/lobosnews.com.ar\/index.php\/wp-json\/wp\/v2\/posts"}],"about":[{"href":"https:\/\/lobosnews.com.ar\/index.php\/wp-json\/wp\/v2\/types\/post"}],"author":[{"embeddable":true,"href":"https:\/\/lobosnews.com.ar\/index.php\/wp-json\/wp\/v2\/users\/1"}],"replies":[{"embeddable":true,"href":"https:\/\/lobosnews.com.ar\/index.php\/wp-json\/wp\/v2\/comments?post=11411"}],"version-history":[{"count":1,"href":"https:\/\/lobosnews.com.ar\/index.php\/wp-json\/wp\/v2\/posts\/11411\/revisions"}],"predecessor-version":[{"id":11414,"href":"https:\/\/lobosnews.com.ar\/index.php\/wp-json\/wp\/v2\/posts\/11411\/revisions\/11414"}],"wp:attachment":[{"href":"https:\/\/lobosnews.com.ar\/index.php\/wp-json\/wp\/v2\/media?parent=11411"}],"wp:term":[{"taxonomy":"category","embeddable":true,"href":"https:\/\/lobosnews.com.ar\/index.php\/wp-json\/wp\/v2\/categories?post=11411"},{"taxonomy":"post_tag","embeddable":true,"href":"https:\/\/lobosnews.com.ar\/index.php\/wp-json\/wp\/v2\/tags?post=11411"}],"curies":[{"name":"wp","href":"https:\/\/api.w.org\/{rel}","templated":true}]}}