{"id":11236,"date":"2026-01-24T23:44:53","date_gmt":"2026-01-24T23:44:53","guid":{"rendered":"https:\/\/lobosnews.com.ar\/index.php\/2026\/01\/24\/gonzalo-valenzuela-recien-separado-compartio-una-postal-familiar-junto-a-juana-viale\/"},"modified":"2026-01-25T05:21:02","modified_gmt":"2026-01-25T05:21:02","slug":"gonzalo-valenzuela-recien-separado-compartio-una-postal-familiar-junto-a-juana-viale","status":"publish","type":"post","link":"https:\/\/lobosnews.com.ar\/index.php\/2026\/01\/24\/gonzalo-valenzuela-recien-separado-compartio-una-postal-familiar-junto-a-juana-viale\/","title":{"rendered":"Gonzalo Valenzuela, reci\u00e9n separado, comparti\u00f3 una postal familiar junto a Juana Viale"},"content":{"rendered":"<p>El cumplea\u00f1os n\u00famero 18 de <span class=\"waslinkname\"><b>Silvestre<\/b><\/span>, el hijo de <span class=\"waslinkname\"><b>Juana Viale<\/b><\/span> y<span class=\"waslinkname\"> <b>Gonzalo Valenzuela<\/b><\/span>, se convirti\u00f3 en el escenario de un reencuentro familiar tan inesperado como celebrado, esta vez en territorio chileno. La imagen compartida por el actor en sus redes sociales, donde la expareja aparece sonriente junto a sus dos hijos durante un festejo \u00edntimo, sorprendi\u00f3 a seguidores y propios protagonistas, y reflej\u00f3 el clima de complicidad y armon\u00eda alcanzado tras a\u00f1os de distancia p\u00fablica y viejas tensiones.<\/p>\n<p>En la postal, Juana sostiene la torta con las velas encendidas, mientras Gonzalo apoya la mano en el hombro de Silvestre, el flamante mayor de edad, y Al\u00ed, el hermano menor, completa el cuadro familiar. Sin poses forzadas ni gestos acartonados, los cuatro irradian una alegr\u00eda espont\u00e1nea y distendida, disfrutando de un momento clave en la vida de los adolescentes y en la historia de la familia.<\/p>\n<p>El reencuentro no pas\u00f3 desapercibido, sobre todo porque desde la separaci\u00f3n escandalosa en 2013, Juana y Gonzalo hab\u00edan optado por una distancia prudente y una exposici\u00f3n m\u00ednima de su vida privada. Adem\u00e1s, el reciente <span class=\"waslinkname\">final de la relaci\u00f3n de Valenzuela con la presentadora chilena <b>Kika Silva<\/b><\/span> \u2014con quien se cas\u00f3 en 2024 y se separ\u00f3 hace pocos d\u00edas\u2014 sum\u00f3 a\u00fan m\u00e1s atenci\u00f3n a la escena familiar y a la cercan\u00eda renovada con la madre de sus hijos.<\/p>\n<p><img loading=\"lazy\" decoding=\"async\" src=\"https:\/\/lobosnews.com.ar\/wp-content\/uploads\/2026\/01\/gonzalo-valenzuela-recien-separado-compartio-una-postal-familiar-junto-a-juana-viale.jpg\" alt=\"Juana y Gonzalo se mostraron juntos en el cumplea\u00f1os de Silvestre (Instagram)\" height=\"947\" width=\"535\"\/><\/p>\n<p>En entrevistas previas, el propio Valenzuela hab\u00eda reconocido el lugar central que ocup\u00f3 Juana en su vida: \u201cCon ella tuve lo que toda la vida siempre dese\u00e9, tener una familia, volver a tener un n\u00facleo familiar, que fue mi gran carencia porque desde los 20 a\u00f1os nunca m\u00e1s tuve familia. Lo pasamos muy bien, fue mi familia mucho tiempo, y es por lejos la mujer m\u00e1s importante que he tenido en mi vida\u201d.<\/p>\n<p>La celebraci\u00f3n continu\u00f3 al d\u00eda siguiente en Chile, donde Gonzalo y sus hijos decidieron llevar la uni\u00f3n familiar a otro nivel y se animaron a una experiencia extrema: saltaron en paraca\u00eddas. El momento de la decisi\u00f3n qued\u00f3 registrado en las historias del actor, que comparti\u00f3 la adrenalina previa junto a sus hijos: \u201cYa. Decisi\u00f3n, decisi\u00f3n tomada. Hoy d\u00eda me voy a lanzar. Chao. Hoy d\u00eda s\u00ed que me lanzo. Listo. \u00bfSe lanzan conmigo?\u201d, pregunt\u00f3 Gonzalo, mientras la respuesta fue inmediata: \u201cNos lanzamos\u201d. Con risas y la consigna de disfrutar la aventura a pesar del miedo, la familia sell\u00f3 la jornada con una experiencia inolvidable.<\/p>\n<p>As\u00ed, el cumplea\u00f1os de Silvestre no solo marc\u00f3 la llegada a la mayor\u00eda de edad, sino tambi\u00e9n el ejemplo de una familia ensamblada capaz de priorizar el bienestar y la alegr\u00eda de sus hijos por encima de viejos desencuentros. La postal del reencuentro y el salto en paraca\u00eddas confirmaron que, m\u00e1s all\u00e1 de las pantallas y los rumores, la uni\u00f3n y la madurez pueden convertirse en el mejor regalo para una nueva etapa.<\/p>\n<p><img loading=\"lazy\" decoding=\"async\" src=\"https:\/\/lobosnews.com.ar\/wp-content\/uploads\/2026\/01\/gonzalo-valenzuela-recien-separado-compartio-una-postal-familiar-junto-a-juana-viale-1.jpg\" alt=\"El comunicado con el que Valenzuela anunci\u00f3 su separaci\u00f3n\" height=\"864\" width=\"492\"\/><\/p>\n<p>Tan solo d\u00edas atr\u00e1s, Manguera y <b>Kika Silva <\/b>sorprendieron a sus seguidores al anunciar su separaci\u00f3n tras dos a\u00f1os de matrimonio, eligiendo comunicar la noticia en redes sociales con un comunicado conjunto y en sus propias palabras. La pareja, que hab\u00eda construido una historia marcada por el amor y la complicidad, decidi\u00f3 poner fin a la relaci\u00f3n con un mensaje que transmiti\u00f3 respeto, agradecimiento y la voluntad de priorizar el bienestar emocional de ambos y de sus familias.<\/p>\n<p>En el comunicado, expresaron: \u201c<b>Hola, queremos comentarles algo que sentimos importante para nosotros y decirlo con nuestras propias palabras. Hemos decidido tomar caminos separados y no seguir como pareja<\/b>\u201d. Y sigui\u00f3: \u201cEsta decisi\u00f3n ha sido un proceso donde nos hemos tomado el tiempo para cuidarnos y vivirlo humanamente, con cari\u00f1o y respeto\u201d.<\/p>\n<p>\u201cCompartimos una historia importante, con amor, aprendizajes y momentos que siempre van a ser parte de nosotros. Agradecemos el cari\u00f1o y pedimos sinceramente respeto por este momento y empat\u00eda por los ni\u00f1os y nuestras familias. Gracias. Kika y Gonzalo\u201d, cerraron el mensaje que publicaron en conjunto en las redes sociales.<\/p>\n","protected":false},"excerpt":{"rendered":"<p>El cumplea\u00f1os n\u00famero 18 de Silvestre, el hijo de Juana Viale y Gonzalo Valenzuela, se convirti\u00f3 en el escenario de un reencuentro familiar tan inesperado como celebrado, esta vez en territorio chileno. La imagen compartida por el actor en sus redes sociales, donde la expareja aparece sonriente junto a sus dos hijos durante un festejo&#8230;<\/p>\n","protected":false},"author":1,"featured_media":11240,"comment_status":"open","ping_status":"closed","sticky":false,"template":"","format":"standard","meta":{"_jetpack_memberships_contains_paid_content":false,"footnotes":""},"categories":[79],"tags":[],"class_list":["post-11236","post","type-post","status-publish","format-standard","has-post-thumbnail","hentry","category-cine-y-series"],"magazineBlocksPostFeaturedMedia":{"thumbnail":"https:\/\/lobosnews.com.ar\/wp-content\/uploads\/2026\/01\/gonzalo-valenzuela-recien-separado-compartio-una-postal-familiar-junto-a-juana-viale-2-150x150.jpg","medium":"https:\/\/lobosnews.com.ar\/wp-content\/uploads\/2026\/01\/gonzalo-valenzuela-recien-separado-compartio-una-postal-familiar-junto-a-juana-viale-2-171x300.jpg","medium_large":"https:\/\/lobosnews.com.ar\/wp-content\/uploads\/2026\/01\/gonzalo-valenzuela-recien-separado-compartio-una-postal-familiar-junto-a-juana-viale-2.jpg","large":"https:\/\/lobosnews.com.ar\/wp-content\/uploads\/2026\/01\/gonzalo-valenzuela-recien-separado-compartio-una-postal-familiar-junto-a-juana-viale-2.jpg","1536x1536":"https:\/\/lobosnews.com.ar\/wp-content\/uploads\/2026\/01\/gonzalo-valenzuela-recien-separado-compartio-una-postal-familiar-junto-a-juana-viale-2.jpg","2048x2048":"https:\/\/lobosnews.com.ar\/wp-content\/uploads\/2026\/01\/gonzalo-valenzuela-recien-separado-compartio-una-postal-familiar-junto-a-juana-viale-2.jpg","newsmatic-featured":"https:\/\/lobosnews.com.ar\/wp-content\/uploads\/2026\/01\/gonzalo-valenzuela-recien-separado-compartio-una-postal-familiar-junto-a-juana-viale-2-492x545.jpg","newsmatic-list":"https:\/\/lobosnews.com.ar\/wp-content\/uploads\/2026\/01\/gonzalo-valenzuela-recien-separado-compartio-una-postal-familiar-junto-a-juana-viale-2-492x400.jpg","newsmatic-thumb":"https:\/\/lobosnews.com.ar\/wp-content\/uploads\/2026\/01\/gonzalo-valenzuela-recien-separado-compartio-una-postal-familiar-junto-a-juana-viale-2-300x200.jpg","newsmatic-small":"https:\/\/lobosnews.com.ar\/wp-content\/uploads\/2026\/01\/gonzalo-valenzuela-recien-separado-compartio-una-postal-familiar-junto-a-juana-viale-2-150x95.jpg","newsmatic-grid":"https:\/\/lobosnews.com.ar\/wp-content\/uploads\/2026\/01\/gonzalo-valenzuela-recien-separado-compartio-una-postal-familiar-junto-a-juana-viale-2-400x250.jpg"},"magazineBlocksPostAuthor":{"name":"admin","avatar":"https:\/\/secure.gravatar.com\/avatar\/76e419471a2083bc3ceab22a763dbbf9b0c1bd15a6214cf3280e2c2dde4580f9?s=96&d=mm&r=g"},"magazineBlocksPostCommentsNumber":"0","magazineBlocksPostExcerpt":"El cumplea\u00f1os n\u00famero 18 de Silvestre, el hijo de Juana Viale y Gonzalo Valenzuela, se convirti\u00f3 en el escenario de un reencuentro familiar tan inesperado como celebrado, esta vez en territorio chileno. La imagen compartida por el actor en sus redes sociales, donde la expareja aparece sonriente junto a sus dos hijos durante un festejo...","magazineBlocksPostCategories":["Cine y Series"],"magazineBlocksPostViewCount":149,"magazineBlocksPostReadTime":4,"magazine_blocks_featured_image_url":{"full":["https:\/\/lobosnews.com.ar\/wp-content\/uploads\/2026\/01\/gonzalo-valenzuela-recien-separado-compartio-una-postal-familiar-junto-a-juana-viale-2.jpg",492,864,false],"medium":["https:\/\/lobosnews.com.ar\/wp-content\/uploads\/2026\/01\/gonzalo-valenzuela-recien-separado-compartio-una-postal-familiar-junto-a-juana-viale-2-171x300.jpg",171,300,true],"thumbnail":["https:\/\/lobosnews.com.ar\/wp-content\/uploads\/2026\/01\/gonzalo-valenzuela-recien-separado-compartio-una-postal-familiar-junto-a-juana-viale-2-150x150.jpg",150,150,true]},"magazine_blocks_author":{"display_name":"admin","author_link":"https:\/\/lobosnews.com.ar\/index.php\/author\/lobos-news\/"},"magazine_blocks_comment":0,"magazine_blocks_author_image":"https:\/\/secure.gravatar.com\/avatar\/76e419471a2083bc3ceab22a763dbbf9b0c1bd15a6214cf3280e2c2dde4580f9?s=96&d=mm&r=g","magazine_blocks_category":"<a href=\"#\" class=\"category-link category-link-79\">Cine y Series<\/a>","yoast_head":"<!-- This site is optimized with the Yoast SEO plugin v26.6 - https:\/\/yoast.com\/wordpress\/plugins\/seo\/ -->\n<title>Gonzalo Valenzuela, reci\u00e9n separado, comparti\u00f3 una postal familiar junto a Juana Viale - Lobos News<\/title>\n<meta name=\"robots\" content=\"index, follow, max-snippet:-1, max-image-preview:large, max-video-preview:-1\" \/>\n<link rel=\"canonical\" href=\"https:\/\/lobosnews.com.ar\/index.php\/2026\/01\/24\/gonzalo-valenzuela-recien-separado-compartio-una-postal-familiar-junto-a-juana-viale\/\" \/>\n<meta property=\"og:locale\" content=\"es_ES\" \/>\n<meta property=\"og:type\" content=\"article\" \/>\n<meta property=\"og:title\" content=\"Gonzalo Valenzuela, reci\u00e9n separado, comparti\u00f3 una postal familiar junto a Juana Viale - Lobos News\" \/>\n<meta property=\"og:description\" content=\"El cumplea\u00f1os n\u00famero 18 de Silvestre, el hijo de Juana Viale y Gonzalo Valenzuela, se convirti\u00f3 en el escenario de un reencuentro familiar tan inesperado como celebrado, esta vez en territorio chileno. La imagen compartida por el actor en sus redes sociales, donde la expareja aparece sonriente junto a sus dos hijos durante un festejo...\" \/>\n<meta property=\"og:url\" content=\"https:\/\/lobosnews.com.ar\/index.php\/2026\/01\/24\/gonzalo-valenzuela-recien-separado-compartio-una-postal-familiar-junto-a-juana-viale\/\" \/>\n<meta property=\"og:site_name\" content=\"Lobos News\" \/>\n<meta property=\"article:published_time\" content=\"2026-01-24T23:44:53+00:00\" \/>\n<meta property=\"article:modified_time\" content=\"2026-01-25T05:21:02+00:00\" \/>\n<meta property=\"og:image\" content=\"https:\/\/lobosnews.com.ar\/wp-content\/uploads\/2026\/01\/gonzalo-valenzuela-recien-separado-compartio-una-postal-familiar-junto-a-juana-viale.jpg\" \/>\n<meta name=\"author\" content=\"admin\" \/>\n<meta name=\"twitter:card\" content=\"summary_large_image\" \/>\n<meta name=\"twitter:label1\" content=\"Escrito por\" \/>\n\t<meta name=\"twitter:data1\" content=\"admin\" \/>\n\t<meta name=\"twitter:label2\" content=\"Tiempo de lectura\" \/>\n\t<meta name=\"twitter:data2\" content=\"3 minutos\" \/>\n<script type=\"application\/ld+json\" class=\"yoast-schema-graph\">{\"@context\":\"https:\/\/schema.org\",\"@graph\":[{\"@type\":\"Article\",\"@id\":\"https:\/\/lobosnews.com.ar\/index.php\/2026\/01\/24\/gonzalo-valenzuela-recien-separado-compartio-una-postal-familiar-junto-a-juana-viale\/#article\",\"isPartOf\":{\"@id\":\"https:\/\/lobosnews.com.ar\/index.php\/2026\/01\/24\/gonzalo-valenzuela-recien-separado-compartio-una-postal-familiar-junto-a-juana-viale\/\"},\"author\":{\"name\":\"admin\",\"@id\":\"https:\/\/lobosnews.com.ar\/#\/schema\/person\/232422a593d5c541dd9aef6aaed10943\"},\"headline\":\"Gonzalo Valenzuela, reci\u00e9n separado, comparti\u00f3 una postal familiar junto a Juana Viale\",\"datePublished\":\"2026-01-24T23:44:53+00:00\",\"dateModified\":\"2026-01-25T05:21:02+00:00\",\"mainEntityOfPage\":{\"@id\":\"https:\/\/lobosnews.com.ar\/index.php\/2026\/01\/24\/gonzalo-valenzuela-recien-separado-compartio-una-postal-familiar-junto-a-juana-viale\/\"},\"wordCount\":712,\"commentCount\":0,\"publisher\":{\"@id\":\"https:\/\/lobosnews.com.ar\/#organization\"},\"image\":{\"@id\":\"https:\/\/lobosnews.com.ar\/index.php\/2026\/01\/24\/gonzalo-valenzuela-recien-separado-compartio-una-postal-familiar-junto-a-juana-viale\/#primaryimage\"},\"thumbnailUrl\":\"https:\/\/lobosnews.com.ar\/wp-content\/uploads\/2026\/01\/gonzalo-valenzuela-recien-separado-compartio-una-postal-familiar-junto-a-juana-viale-2.jpg\",\"articleSection\":[\"Cine y Series\"],\"inLanguage\":\"es\",\"potentialAction\":[{\"@type\":\"CommentAction\",\"name\":\"Comment\",\"target\":[\"https:\/\/lobosnews.com.ar\/index.php\/2026\/01\/24\/gonzalo-valenzuela-recien-separado-compartio-una-postal-familiar-junto-a-juana-viale\/#respond\"]}]},{\"@type\":\"WebPage\",\"@id\":\"https:\/\/lobosnews.com.ar\/index.php\/2026\/01\/24\/gonzalo-valenzuela-recien-separado-compartio-una-postal-familiar-junto-a-juana-viale\/\",\"url\":\"https:\/\/lobosnews.com.ar\/index.php\/2026\/01\/24\/gonzalo-valenzuela-recien-separado-compartio-una-postal-familiar-junto-a-juana-viale\/\",\"name\":\"Gonzalo Valenzuela, reci\u00e9n separado, comparti\u00f3 una postal familiar junto a Juana Viale - Lobos News\",\"isPartOf\":{\"@id\":\"https:\/\/lobosnews.com.ar\/#website\"},\"primaryImageOfPage\":{\"@id\":\"https:\/\/lobosnews.com.ar\/index.php\/2026\/01\/24\/gonzalo-valenzuela-recien-separado-compartio-una-postal-familiar-junto-a-juana-viale\/#primaryimage\"},\"image\":{\"@id\":\"https:\/\/lobosnews.com.ar\/index.php\/2026\/01\/24\/gonzalo-valenzuela-recien-separado-compartio-una-postal-familiar-junto-a-juana-viale\/#primaryimage\"},\"thumbnailUrl\":\"https:\/\/lobosnews.com.ar\/wp-content\/uploads\/2026\/01\/gonzalo-valenzuela-recien-separado-compartio-una-postal-familiar-junto-a-juana-viale-2.jpg\",\"datePublished\":\"2026-01-24T23:44:53+00:00\",\"dateModified\":\"2026-01-25T05:21:02+00:00\",\"breadcrumb\":{\"@id\":\"https:\/\/lobosnews.com.ar\/index.php\/2026\/01\/24\/gonzalo-valenzuela-recien-separado-compartio-una-postal-familiar-junto-a-juana-viale\/#breadcrumb\"},\"inLanguage\":\"es\",\"potentialAction\":[{\"@type\":\"ReadAction\",\"target\":[\"https:\/\/lobosnews.com.ar\/index.php\/2026\/01\/24\/gonzalo-valenzuela-recien-separado-compartio-una-postal-familiar-junto-a-juana-viale\/\"]}]},{\"@type\":\"ImageObject\",\"inLanguage\":\"es\",\"@id\":\"https:\/\/lobosnews.com.ar\/index.php\/2026\/01\/24\/gonzalo-valenzuela-recien-separado-compartio-una-postal-familiar-junto-a-juana-viale\/#primaryimage\",\"url\":\"https:\/\/lobosnews.com.ar\/wp-content\/uploads\/2026\/01\/gonzalo-valenzuela-recien-separado-compartio-una-postal-familiar-junto-a-juana-viale-2.jpg\",\"contentUrl\":\"https:\/\/lobosnews.com.ar\/wp-content\/uploads\/2026\/01\/gonzalo-valenzuela-recien-separado-compartio-una-postal-familiar-junto-a-juana-viale-2.jpg\",\"width\":492,\"height\":864,\"caption\":\"Gonzalo Valenzuela, reci\u00e9n separado, comparti\u00f3 una postal familiar junto a Juana Viale\"},{\"@type\":\"BreadcrumbList\",\"@id\":\"https:\/\/lobosnews.com.ar\/index.php\/2026\/01\/24\/gonzalo-valenzuela-recien-separado-compartio-una-postal-familiar-junto-a-juana-viale\/#breadcrumb\",\"itemListElement\":[{\"@type\":\"ListItem\",\"position\":1,\"name\":\"Portada\",\"item\":\"https:\/\/lobosnews.com.ar\/\"},{\"@type\":\"ListItem\",\"position\":2,\"name\":\"Gonzalo Valenzuela, reci\u00e9n separado, comparti\u00f3 una postal familiar junto a Juana Viale\"}]},{\"@type\":\"WebSite\",\"@id\":\"https:\/\/lobosnews.com.ar\/#website\",\"url\":\"https:\/\/lobosnews.com.ar\/\",\"name\":\"Lobos News\",\"description\":\"Informaci\u00f3n a cada instante\",\"publisher\":{\"@id\":\"https:\/\/lobosnews.com.ar\/#organization\"},\"potentialAction\":[{\"@type\":\"SearchAction\",\"target\":{\"@type\":\"EntryPoint\",\"urlTemplate\":\"https:\/\/lobosnews.com.ar\/?s={search_term_string}\"},\"query-input\":{\"@type\":\"PropertyValueSpecification\",\"valueRequired\":true,\"valueName\":\"search_term_string\"}}],\"inLanguage\":\"es\"},{\"@type\":\"Organization\",\"@id\":\"https:\/\/lobosnews.com.ar\/#organization\",\"name\":\"Lobos News\",\"url\":\"https:\/\/lobosnews.com.ar\/\",\"logo\":{\"@type\":\"ImageObject\",\"inLanguage\":\"es\",\"@id\":\"https:\/\/lobosnews.com.ar\/#\/schema\/logo\/image\/\",\"url\":\"https:\/\/lobosnews.com.ar\/wp-content\/uploads\/2026\/01\/logo-lobosnews.png\",\"contentUrl\":\"https:\/\/lobosnews.com.ar\/wp-content\/uploads\/2026\/01\/logo-lobosnews.png\",\"width\":500,\"height\":200,\"caption\":\"Lobos News\"},\"image\":{\"@id\":\"https:\/\/lobosnews.com.ar\/#\/schema\/logo\/image\/\"}},{\"@type\":\"Person\",\"@id\":\"https:\/\/lobosnews.com.ar\/#\/schema\/person\/232422a593d5c541dd9aef6aaed10943\",\"name\":\"admin\",\"image\":{\"@type\":\"ImageObject\",\"inLanguage\":\"es\",\"@id\":\"https:\/\/lobosnews.com.ar\/#\/schema\/person\/image\/\",\"url\":\"https:\/\/secure.gravatar.com\/avatar\/76e419471a2083bc3ceab22a763dbbf9b0c1bd15a6214cf3280e2c2dde4580f9?s=96&d=mm&r=g\",\"contentUrl\":\"https:\/\/secure.gravatar.com\/avatar\/76e419471a2083bc3ceab22a763dbbf9b0c1bd15a6214cf3280e2c2dde4580f9?s=96&d=mm&r=g\",\"caption\":\"admin\"},\"sameAs\":[\"https:\/\/lobosnews.com.ar\"],\"url\":\"https:\/\/lobosnews.com.ar\/index.php\/author\/lobos-news\/\"}]}<\/script>\n<!-- \/ Yoast SEO plugin. -->","yoast_head_json":{"title":"Gonzalo Valenzuela, reci\u00e9n separado, comparti\u00f3 una postal familiar junto a Juana Viale - Lobos News","robots":{"index":"index","follow":"follow","max-snippet":"max-snippet:-1","max-image-preview":"max-image-preview:large","max-video-preview":"max-video-preview:-1"},"canonical":"https:\/\/lobosnews.com.ar\/index.php\/2026\/01\/24\/gonzalo-valenzuela-recien-separado-compartio-una-postal-familiar-junto-a-juana-viale\/","og_locale":"es_ES","og_type":"article","og_title":"Gonzalo Valenzuela, reci\u00e9n separado, comparti\u00f3 una postal familiar junto a Juana Viale - Lobos News","og_description":"El cumplea\u00f1os n\u00famero 18 de Silvestre, el hijo de Juana Viale y Gonzalo Valenzuela, se convirti\u00f3 en el escenario de un reencuentro familiar tan inesperado como celebrado, esta vez en territorio chileno. La imagen compartida por el actor en sus redes sociales, donde la expareja aparece sonriente junto a sus dos hijos durante un festejo...","og_url":"https:\/\/lobosnews.com.ar\/index.php\/2026\/01\/24\/gonzalo-valenzuela-recien-separado-compartio-una-postal-familiar-junto-a-juana-viale\/","og_site_name":"Lobos News","article_published_time":"2026-01-24T23:44:53+00:00","article_modified_time":"2026-01-25T05:21:02+00:00","og_image":[{"url":"https:\/\/lobosnews.com.ar\/wp-content\/uploads\/2026\/01\/gonzalo-valenzuela-recien-separado-compartio-una-postal-familiar-junto-a-juana-viale.jpg","type":"","width":"","height":""}],"author":"admin","twitter_card":"summary_large_image","twitter_misc":{"Escrito por":"admin","Tiempo de lectura":"3 minutos"},"schema":{"@context":"https:\/\/schema.org","@graph":[{"@type":"Article","@id":"https:\/\/lobosnews.com.ar\/index.php\/2026\/01\/24\/gonzalo-valenzuela-recien-separado-compartio-una-postal-familiar-junto-a-juana-viale\/#article","isPartOf":{"@id":"https:\/\/lobosnews.com.ar\/index.php\/2026\/01\/24\/gonzalo-valenzuela-recien-separado-compartio-una-postal-familiar-junto-a-juana-viale\/"},"author":{"name":"admin","@id":"https:\/\/lobosnews.com.ar\/#\/schema\/person\/232422a593d5c541dd9aef6aaed10943"},"headline":"Gonzalo Valenzuela, reci\u00e9n separado, comparti\u00f3 una postal familiar junto a Juana Viale","datePublished":"2026-01-24T23:44:53+00:00","dateModified":"2026-01-25T05:21:02+00:00","mainEntityOfPage":{"@id":"https:\/\/lobosnews.com.ar\/index.php\/2026\/01\/24\/gonzalo-valenzuela-recien-separado-compartio-una-postal-familiar-junto-a-juana-viale\/"},"wordCount":712,"commentCount":0,"publisher":{"@id":"https:\/\/lobosnews.com.ar\/#organization"},"image":{"@id":"https:\/\/lobosnews.com.ar\/index.php\/2026\/01\/24\/gonzalo-valenzuela-recien-separado-compartio-una-postal-familiar-junto-a-juana-viale\/#primaryimage"},"thumbnailUrl":"https:\/\/lobosnews.com.ar\/wp-content\/uploads\/2026\/01\/gonzalo-valenzuela-recien-separado-compartio-una-postal-familiar-junto-a-juana-viale-2.jpg","articleSection":["Cine y Series"],"inLanguage":"es","potentialAction":[{"@type":"CommentAction","name":"Comment","target":["https:\/\/lobosnews.com.ar\/index.php\/2026\/01\/24\/gonzalo-valenzuela-recien-separado-compartio-una-postal-familiar-junto-a-juana-viale\/#respond"]}]},{"@type":"WebPage","@id":"https:\/\/lobosnews.com.ar\/index.php\/2026\/01\/24\/gonzalo-valenzuela-recien-separado-compartio-una-postal-familiar-junto-a-juana-viale\/","url":"https:\/\/lobosnews.com.ar\/index.php\/2026\/01\/24\/gonzalo-valenzuela-recien-separado-compartio-una-postal-familiar-junto-a-juana-viale\/","name":"Gonzalo Valenzuela, reci\u00e9n separado, comparti\u00f3 una postal familiar junto a Juana Viale - Lobos News","isPartOf":{"@id":"https:\/\/lobosnews.com.ar\/#website"},"primaryImageOfPage":{"@id":"https:\/\/lobosnews.com.ar\/index.php\/2026\/01\/24\/gonzalo-valenzuela-recien-separado-compartio-una-postal-familiar-junto-a-juana-viale\/#primaryimage"},"image":{"@id":"https:\/\/lobosnews.com.ar\/index.php\/2026\/01\/24\/gonzalo-valenzuela-recien-separado-compartio-una-postal-familiar-junto-a-juana-viale\/#primaryimage"},"thumbnailUrl":"https:\/\/lobosnews.com.ar\/wp-content\/uploads\/2026\/01\/gonzalo-valenzuela-recien-separado-compartio-una-postal-familiar-junto-a-juana-viale-2.jpg","datePublished":"2026-01-24T23:44:53+00:00","dateModified":"2026-01-25T05:21:02+00:00","breadcrumb":{"@id":"https:\/\/lobosnews.com.ar\/index.php\/2026\/01\/24\/gonzalo-valenzuela-recien-separado-compartio-una-postal-familiar-junto-a-juana-viale\/#breadcrumb"},"inLanguage":"es","potentialAction":[{"@type":"ReadAction","target":["https:\/\/lobosnews.com.ar\/index.php\/2026\/01\/24\/gonzalo-valenzuela-recien-separado-compartio-una-postal-familiar-junto-a-juana-viale\/"]}]},{"@type":"ImageObject","inLanguage":"es","@id":"https:\/\/lobosnews.com.ar\/index.php\/2026\/01\/24\/gonzalo-valenzuela-recien-separado-compartio-una-postal-familiar-junto-a-juana-viale\/#primaryimage","url":"https:\/\/lobosnews.com.ar\/wp-content\/uploads\/2026\/01\/gonzalo-valenzuela-recien-separado-compartio-una-postal-familiar-junto-a-juana-viale-2.jpg","contentUrl":"https:\/\/lobosnews.com.ar\/wp-content\/uploads\/2026\/01\/gonzalo-valenzuela-recien-separado-compartio-una-postal-familiar-junto-a-juana-viale-2.jpg","width":492,"height":864,"caption":"Gonzalo Valenzuela, reci\u00e9n separado, comparti\u00f3 una postal familiar junto a Juana Viale"},{"@type":"BreadcrumbList","@id":"https:\/\/lobosnews.com.ar\/index.php\/2026\/01\/24\/gonzalo-valenzuela-recien-separado-compartio-una-postal-familiar-junto-a-juana-viale\/#breadcrumb","itemListElement":[{"@type":"ListItem","position":1,"name":"Portada","item":"https:\/\/lobosnews.com.ar\/"},{"@type":"ListItem","position":2,"name":"Gonzalo Valenzuela, reci\u00e9n separado, comparti\u00f3 una postal familiar junto a Juana Viale"}]},{"@type":"WebSite","@id":"https:\/\/lobosnews.com.ar\/#website","url":"https:\/\/lobosnews.com.ar\/","name":"Lobos News","description":"Informaci\u00f3n a cada instante","publisher":{"@id":"https:\/\/lobosnews.com.ar\/#organization"},"potentialAction":[{"@type":"SearchAction","target":{"@type":"EntryPoint","urlTemplate":"https:\/\/lobosnews.com.ar\/?s={search_term_string}"},"query-input":{"@type":"PropertyValueSpecification","valueRequired":true,"valueName":"search_term_string"}}],"inLanguage":"es"},{"@type":"Organization","@id":"https:\/\/lobosnews.com.ar\/#organization","name":"Lobos News","url":"https:\/\/lobosnews.com.ar\/","logo":{"@type":"ImageObject","inLanguage":"es","@id":"https:\/\/lobosnews.com.ar\/#\/schema\/logo\/image\/","url":"https:\/\/lobosnews.com.ar\/wp-content\/uploads\/2026\/01\/logo-lobosnews.png","contentUrl":"https:\/\/lobosnews.com.ar\/wp-content\/uploads\/2026\/01\/logo-lobosnews.png","width":500,"height":200,"caption":"Lobos News"},"image":{"@id":"https:\/\/lobosnews.com.ar\/#\/schema\/logo\/image\/"}},{"@type":"Person","@id":"https:\/\/lobosnews.com.ar\/#\/schema\/person\/232422a593d5c541dd9aef6aaed10943","name":"admin","image":{"@type":"ImageObject","inLanguage":"es","@id":"https:\/\/lobosnews.com.ar\/#\/schema\/person\/image\/","url":"https:\/\/secure.gravatar.com\/avatar\/76e419471a2083bc3ceab22a763dbbf9b0c1bd15a6214cf3280e2c2dde4580f9?s=96&d=mm&r=g","contentUrl":"https:\/\/secure.gravatar.com\/avatar\/76e419471a2083bc3ceab22a763dbbf9b0c1bd15a6214cf3280e2c2dde4580f9?s=96&d=mm&r=g","caption":"admin"},"sameAs":["https:\/\/lobosnews.com.ar"],"url":"https:\/\/lobosnews.com.ar\/index.php\/author\/lobos-news\/"}]}},"jetpack_featured_media_url":"https:\/\/lobosnews.com.ar\/wp-content\/uploads\/2026\/01\/gonzalo-valenzuela-recien-separado-compartio-una-postal-familiar-junto-a-juana-viale-2.jpg","jetpack_sharing_enabled":true,"_links":{"self":[{"href":"https:\/\/lobosnews.com.ar\/index.php\/wp-json\/wp\/v2\/posts\/11236","targetHints":{"allow":["GET"]}}],"collection":[{"href":"https:\/\/lobosnews.com.ar\/index.php\/wp-json\/wp\/v2\/posts"}],"about":[{"href":"https:\/\/lobosnews.com.ar\/index.php\/wp-json\/wp\/v2\/types\/post"}],"author":[{"embeddable":true,"href":"https:\/\/lobosnews.com.ar\/index.php\/wp-json\/wp\/v2\/users\/1"}],"replies":[{"embeddable":true,"href":"https:\/\/lobosnews.com.ar\/index.php\/wp-json\/wp\/v2\/comments?post=11236"}],"version-history":[{"count":1,"href":"https:\/\/lobosnews.com.ar\/index.php\/wp-json\/wp\/v2\/posts\/11236\/revisions"}],"predecessor-version":[{"id":11239,"href":"https:\/\/lobosnews.com.ar\/index.php\/wp-json\/wp\/v2\/posts\/11236\/revisions\/11239"}],"wp:featuredmedia":[{"embeddable":true,"href":"https:\/\/lobosnews.com.ar\/index.php\/wp-json\/wp\/v2\/media\/11240"}],"wp:attachment":[{"href":"https:\/\/lobosnews.com.ar\/index.php\/wp-json\/wp\/v2\/media?parent=11236"}],"wp:term":[{"taxonomy":"category","embeddable":true,"href":"https:\/\/lobosnews.com.ar\/index.php\/wp-json\/wp\/v2\/categories?post=11236"},{"taxonomy":"post_tag","embeddable":true,"href":"https:\/\/lobosnews.com.ar\/index.php\/wp-json\/wp\/v2\/tags?post=11236"}],"curies":[{"name":"wp","href":"https:\/\/api.w.org\/{rel}","templated":true}]}}