{"id":11218,"date":"2026-01-24T23:26:30","date_gmt":"2026-01-24T23:26:30","guid":{"rendered":"https:\/\/lobosnews.com.ar\/index.php\/2026\/01\/24\/descubrieron-una-tumba-en-turquia-que-estaria-vinculada-a-la-familia-del-rey-midas\/"},"modified":"2026-01-25T05:13:14","modified_gmt":"2026-01-25T05:13:14","slug":"descubrieron-una-tumba-en-turquia-que-estaria-vinculada-a-la-familia-del-rey-midas","status":"publish","type":"post","link":"https:\/\/lobosnews.com.ar\/index.php\/2026\/01\/24\/descubrieron-una-tumba-en-turquia-que-estaria-vinculada-a-la-familia-del-rey-midas\/","title":{"rendered":"Descubrieron una tumba en Turqu\u00eda que estar\u00eda vinculada a la familia del rey Midas"},"content":{"rendered":"<p><img loading=\"lazy\" decoding=\"async\" src=\"https:\/\/lobosnews.com.ar\/wp-content\/uploads\/2026\/01\/descubrieron-una-tumba-en-turquia-que-estaria-vinculada-a-la-familia-del-rey-midas.jpg\" alt=\"La colina de Karaa\u011fa\u00e7, en Anatolia, revel\u00f3 una tumba monumental vinculada a la \u00e9lite de la antigua Frigia\" height=\"1080\" width=\"1920\"\/><\/p>\n<p>En el coraz\u00f3n de <b>Anatolia<\/b>, una colina cubierta de vegetaci\u00f3n se convirti\u00f3 en escenario de uno de los hallazgos arqueol\u00f3gicos m\u00e1s destacados de los \u00faltimos a\u00f1os. <b>Arque\u00f3logos descubrieron una tumba monumental en el t\u00famulo de Karaa\u011fa\u00e7 que podr\u00eda pertenecer a un familiar del legendario rey Midas<\/b>. <\/p>\n<p>El descubrimiento publicado en la<span class=\"waslinkname\"> <i>American Journal of Archaeology<\/i><\/span>, a m\u00e1s de 160 kil\u00f3metros de la antigua capital de Frigia, desaf\u00eda las ideas tradicionales sobre la centralizaci\u00f3n del poder en este antiguo reino de la Edad del Hierro.<\/p>\n<h3>El t\u00famulo de Karaa\u011fa\u00e7: entre la leyenda y la evidencia<\/h3>\n<p>La investigaci\u00f3n, liderada por el equipo del arque\u00f3logo <b>H\u00fcseyin Erpehlivan<\/b> de la <b>Universidad de Bilecik<\/b>, en Turqu\u00eda, revel\u00f3 que el t\u00famulo de <b>Karaa\u011fa\u00e7<\/b>, en la provincia de Bilecik, fue utilizado como cementerio durante casi tres mil a\u00f1os. <\/p>\n<p>La estructura destaca por su <b>c\u00e1mara funeraria de madera cuidadosamente ensamblada y rodeada por una arquitectura compleja de piedra y tierra<\/b>. En su interior, los especialistas encontraron <b>vasijas cer\u00e1micas, recipientes met\u00e1licos ornamentados y situlas de bronce<\/b>, elementos reservados a las \u00e9lites de la \u00e9poca.<\/p>\n<p><img loading=\"lazy\" decoding=\"async\" src=\"https:\/\/lobosnews.com.ar\/wp-content\/uploads\/2026\/01\/descubrieron-una-tumba-en-turquia-que-estaria-vinculada-a-la-familia-del-rey-midas-1.jpg\" alt=\"Arque\u00f3logos encontraron en el t\u00famulo vasijas cer\u00e1micas y situlas de bronce similares a las halladas en la tumba de Midas\" height=\"1920\" width=\"1920\"\/><\/p>\n<p>Estos objetos presentan <b>decoraciones con escenas de caza, procesiones y combates<\/b>. <\/p>\n<p>Se trata de <b>piezas similares a las halladas en la \u201cTumba de Midas\u201d en Gordion, atribuida al padre del rey, Gordias. <\/b><\/p>\n<p>Para Erpehlivan: \u201cLa arquitectura monumental y los objetos hallados en el yacimiento \u2014entre ellos jarras de cer\u00e1mica y vasijas de bronce conocidas como s\u00edtulas\u2014 son id\u00e9nticos a los encontrados en contextos vinculados a la familia real\u201d.<\/p>\n<h3>Poder distribuido y nuevas preguntas sobre Frigia<\/h3>\n<p>La ubicaci\u00f3n de la tumba, a considerable distancia de <b>Gordion<\/b>, pone en cuesti\u00f3n la imagen de una <b>Frigia centralizada<\/b>. Los arque\u00f3logos sostienen que este entierro indica un sistema pol\u00edtico m\u00e1s complejo, basado en <b>una red de centros regionales con autonom\u00eda significativa<\/b>. \u201cLa presencia de una tumba de \u00e9lite en esta regi\u00f3n indica que la autoridad pol\u00edtica de Frigia no se concentraba exclusivamente en Gordion, sino que se distribu\u00eda en distintos puntos del territorio\u201d, afirm\u00f3 Erpehlivan.<\/p>\n<p><i>E<\/i>l an\u00e1lisis del arque\u00f3logo estadounidense <b>Brian Rose<\/b>, de la <b>Universidad de Pensilvania<\/b>, destac\u00f3 que el sitio contiene restos humanos de diferentes \u00e9pocas, lo que sugiere que el lugar mantuvo su importancia simb\u00f3lica durante siglos. <\/p>\n<p>Rose agreg\u00f3 que, si bien los huesos no pertenecen al ocupante original, la magnitud de la construcci\u00f3n y los bienes funerarios confirman la relevancia estrat\u00e9gica del t\u00famulo.<\/p>\n<p><img loading=\"lazy\" decoding=\"async\" src=\"https:\/\/lobosnews.com.ar\/wp-content\/uploads\/2026\/01\/descubrieron-una-tumba-en-turquia-que-estaria-vinculada-a-la-familia-del-rey-midas-2.jpg\" alt=\"La c\u00e1mara funeraria de madera en Karaa\u011fa\u00e7 destaca por su compleja construcci\u00f3n y antig\u00fcedad\" height=\"1080\" width=\"1920\"\/><\/p>\n<h3>\u00bfUn noble, un familiar, o un aliado diplom\u00e1tico?<\/h3>\n<p>La hip\u00f3tesis m\u00e1s s\u00f3lida entre los expertos sostiene que el t\u00famulo de Karaa\u011fa\u00e7 perteneci\u00f3 a un <b>gobernador, un noble de alto rango o un familiar directo de Midas<\/b>, aunque no necesariamente a un monarca. <\/p>\n<p>Los elementos que extrajeron del sitio, valiosos y decorados, son muy similares a otros que se hallaron casi exclusivamente en la tumba del padre de Midas. Esta coincidencia respalda la idea de v\u00ednculos cercanos con la familia real.<\/p>\n<p>Sin embargo, parte de la comunidad cient\u00edfica plantea que estos objetos podr\u00edan haber sido parte de un <b>sistema de intercambio diplom\u00e1tico<\/b>, donde el rey recompensaba a autoridades perif\u00e9ricas con regalos que reforzaban alianzas. La riqueza hallada en la tumba no implica de forma autom\u00e1tica un estatus real, aunque s\u00ed evidencia una \u00e9lite conectada y poderosa.<\/p>\n<h3>El enigma de la tumba de Midas<\/h3>\n<p>La figura de <b>Midas<\/b> ha estado envuelta en mitos, especialmente el del \u201ctoque de oro\u201d. Estudios recientes, como los publicados en el American Journal of Archaeology, se\u00f1alan que las fuentes asirias ya mencionaban a un rey frigio con ese nombre durante el siglo VIII a.C.<\/p>\n<p>La profesora <b>Lynn Roller<\/b>, de la <b>Universidad de California en Davis<\/b>, record\u00f3 que estos textos constituyen una prueba s\u00f3lida de que Midas fue un gobernante real.<\/p>\n<p><img loading=\"lazy\" decoding=\"async\" src=\"https:\/\/lobosnews.com.ar\/wp-content\/uploads\/2026\/01\/descubrieron-una-tumba-en-turquia-que-estaria-vinculada-a-la-familia-del-rey-midas-3.jpg\" alt=\"Especialistas consideran que el entierro podr\u00eda pertenecer a un familiar o aliado cercano de Midas\" height=\"1080\" width=\"1920\"\/><\/p>\n<p>Una de las piezas clave para datar el hallazgo es una inscripci\u00f3n con un nombre frigio en uno de los recipientes cer\u00e1micos, lo que sit\u00faa la construcci\u00f3n de la tumba entre <b>el 740 y el 690 a.C.<\/b>, en plena \u00e9poca de Midas.<b> \u201cEsto sugiere que se trataba de una figura integrada en las estructuras de poder frigias, posiblemente un pariente directo del rey o un gobernador que recibi\u00f3 obsequios del propio Midas\u201d<\/b>, afirm\u00f3 Erpehlivan.<\/p>\n<p>El t\u00famulo de Karaa\u011fa\u00e7, m\u00e1s all\u00e1 de su singularidad arquitect\u00f3nica, muestra una <b>historia de reutilizaci\u00f3n funeraria<\/b>. Fueron identificados restos \u00f3seos correspondientes tanto a poblaciones anteriores como posteriores a la construcci\u00f3n original. Esta persistencia en el uso del lugar refuerza su car\u00e1cter sagrado y su relevancia para distintas generaciones.<\/p>\n<p>A medida que avanzan las excavaciones y los estudios cient\u00edficos, los investigadores esperan que el t\u00famulo aporte nuevas pistas sobre la <b>estructura social, pol\u00edtica y cultural de Frigia<\/b>. Aunque la ubicaci\u00f3n exacta de la tumba de Midas sigue siendo un misterio, cada nuevo hallazgo acerca la historia a la figura real detr\u00e1s del mito.<\/p>\n","protected":false},"excerpt":{"rendered":"<p>En el coraz\u00f3n de Anatolia, una colina cubierta de vegetaci\u00f3n se convirti\u00f3 en escenario de uno de los hallazgos arqueol\u00f3gicos m\u00e1s destacados de los \u00faltimos a\u00f1os. Arque\u00f3logos descubrieron una tumba monumental en el t\u00famulo de Karaa\u011fa\u00e7 que podr\u00eda pertenecer a un familiar del legendario rey Midas. El descubrimiento publicado en la American Journal of Archaeology,&#8230;<\/p>\n","protected":false},"author":1,"featured_media":11224,"comment_status":"open","ping_status":"closed","sticky":false,"template":"","format":"standard","meta":{"_jetpack_memberships_contains_paid_content":false,"footnotes":""},"categories":[31],"tags":[],"class_list":["post-11218","post","type-post","status-publish","format-standard","has-post-thumbnail","hentry","category-actualidad"],"magazineBlocksPostFeaturedMedia":{"thumbnail":"https:\/\/lobosnews.com.ar\/wp-content\/uploads\/2026\/01\/descubrieron-una-tumba-en-turquia-que-estaria-vinculada-a-la-familia-del-rey-midas-6-150x150.jpg","medium":"https:\/\/lobosnews.com.ar\/wp-content\/uploads\/2026\/01\/descubrieron-una-tumba-en-turquia-que-estaria-vinculada-a-la-familia-del-rey-midas-6-300x169.jpg","medium_large":"https:\/\/lobosnews.com.ar\/wp-content\/uploads\/2026\/01\/descubrieron-una-tumba-en-turquia-que-estaria-vinculada-a-la-familia-del-rey-midas-6-768x432.jpg","large":"https:\/\/lobosnews.com.ar\/wp-content\/uploads\/2026\/01\/descubrieron-una-tumba-en-turquia-que-estaria-vinculada-a-la-familia-del-rey-midas-6-1024x576.jpg","1536x1536":"https:\/\/lobosnews.com.ar\/wp-content\/uploads\/2026\/01\/descubrieron-una-tumba-en-turquia-que-estaria-vinculada-a-la-familia-del-rey-midas-6-1536x864.jpg","2048x2048":"https:\/\/lobosnews.com.ar\/wp-content\/uploads\/2026\/01\/descubrieron-una-tumba-en-turquia-que-estaria-vinculada-a-la-familia-del-rey-midas-6.jpg","newsmatic-featured":"https:\/\/lobosnews.com.ar\/wp-content\/uploads\/2026\/01\/descubrieron-una-tumba-en-turquia-que-estaria-vinculada-a-la-familia-del-rey-midas-6-820x545.jpg","newsmatic-list":"https:\/\/lobosnews.com.ar\/wp-content\/uploads\/2026\/01\/descubrieron-una-tumba-en-turquia-que-estaria-vinculada-a-la-familia-del-rey-midas-6-600x400.jpg","newsmatic-thumb":"https:\/\/lobosnews.com.ar\/wp-content\/uploads\/2026\/01\/descubrieron-una-tumba-en-turquia-que-estaria-vinculada-a-la-familia-del-rey-midas-6-300x200.jpg","newsmatic-small":"https:\/\/lobosnews.com.ar\/wp-content\/uploads\/2026\/01\/descubrieron-una-tumba-en-turquia-que-estaria-vinculada-a-la-familia-del-rey-midas-6-150x95.jpg","newsmatic-grid":"https:\/\/lobosnews.com.ar\/wp-content\/uploads\/2026\/01\/descubrieron-una-tumba-en-turquia-que-estaria-vinculada-a-la-familia-del-rey-midas-6-400x250.jpg"},"magazineBlocksPostAuthor":{"name":"admin","avatar":"https:\/\/secure.gravatar.com\/avatar\/76e419471a2083bc3ceab22a763dbbf9b0c1bd15a6214cf3280e2c2dde4580f9?s=96&d=mm&r=g"},"magazineBlocksPostCommentsNumber":"0","magazineBlocksPostExcerpt":"En el coraz\u00f3n de Anatolia, una colina cubierta de vegetaci\u00f3n se convirti\u00f3 en escenario de uno de los hallazgos arqueol\u00f3gicos m\u00e1s destacados de los \u00faltimos a\u00f1os. Arque\u00f3logos descubrieron una tumba monumental en el t\u00famulo de Karaa\u011fa\u00e7 que podr\u00eda pertenecer a un familiar del legendario rey Midas. El descubrimiento publicado en la American Journal of Archaeology,...","magazineBlocksPostCategories":["Actualidad"],"magazineBlocksPostViewCount":102,"magazineBlocksPostReadTime":5,"magazine_blocks_featured_image_url":{"full":["https:\/\/lobosnews.com.ar\/wp-content\/uploads\/2026\/01\/descubrieron-una-tumba-en-turquia-que-estaria-vinculada-a-la-familia-del-rey-midas-6.jpg",1920,1080,false],"medium":["https:\/\/lobosnews.com.ar\/wp-content\/uploads\/2026\/01\/descubrieron-una-tumba-en-turquia-que-estaria-vinculada-a-la-familia-del-rey-midas-6-300x169.jpg",300,169,true],"thumbnail":["https:\/\/lobosnews.com.ar\/wp-content\/uploads\/2026\/01\/descubrieron-una-tumba-en-turquia-que-estaria-vinculada-a-la-familia-del-rey-midas-6-150x150.jpg",150,150,true]},"magazine_blocks_author":{"display_name":"admin","author_link":"https:\/\/lobosnews.com.ar\/index.php\/author\/lobos-news\/"},"magazine_blocks_comment":0,"magazine_blocks_author_image":"https:\/\/secure.gravatar.com\/avatar\/76e419471a2083bc3ceab22a763dbbf9b0c1bd15a6214cf3280e2c2dde4580f9?s=96&d=mm&r=g","magazine_blocks_category":"<a href=\"#\" class=\"category-link category-link-31\">Actualidad<\/a>","yoast_head":"<!-- This site is optimized with the Yoast SEO plugin v26.6 - https:\/\/yoast.com\/wordpress\/plugins\/seo\/ -->\n<title>Descubrieron una tumba en Turqu\u00eda que estar\u00eda vinculada a la familia del rey Midas - Lobos News<\/title>\n<meta name=\"robots\" content=\"index, follow, max-snippet:-1, max-image-preview:large, max-video-preview:-1\" \/>\n<link rel=\"canonical\" href=\"https:\/\/lobosnews.com.ar\/index.php\/2026\/01\/24\/descubrieron-una-tumba-en-turquia-que-estaria-vinculada-a-la-familia-del-rey-midas\/\" \/>\n<meta property=\"og:locale\" content=\"es_ES\" \/>\n<meta property=\"og:type\" content=\"article\" \/>\n<meta property=\"og:title\" content=\"Descubrieron una tumba en Turqu\u00eda que estar\u00eda vinculada a la familia del rey Midas - Lobos News\" \/>\n<meta property=\"og:description\" content=\"En el coraz\u00f3n de Anatolia, una colina cubierta de vegetaci\u00f3n se convirti\u00f3 en escenario de uno de los hallazgos arqueol\u00f3gicos m\u00e1s destacados de los \u00faltimos a\u00f1os. Arque\u00f3logos descubrieron una tumba monumental en el t\u00famulo de Karaa\u011fa\u00e7 que podr\u00eda pertenecer a un familiar del legendario rey Midas. El descubrimiento publicado en la American Journal of Archaeology,...\" \/>\n<meta property=\"og:url\" content=\"https:\/\/lobosnews.com.ar\/index.php\/2026\/01\/24\/descubrieron-una-tumba-en-turquia-que-estaria-vinculada-a-la-familia-del-rey-midas\/\" \/>\n<meta property=\"og:site_name\" content=\"Lobos News\" \/>\n<meta property=\"article:published_time\" content=\"2026-01-24T23:26:30+00:00\" \/>\n<meta property=\"article:modified_time\" content=\"2026-01-25T05:13:14+00:00\" \/>\n<meta property=\"og:image\" content=\"https:\/\/lobosnews.com.ar\/wp-content\/uploads\/2026\/01\/descubrieron-una-tumba-en-turquia-que-estaria-vinculada-a-la-familia-del-rey-midas.jpg\" \/>\n<meta name=\"author\" content=\"admin\" \/>\n<meta name=\"twitter:card\" content=\"summary_large_image\" \/>\n<meta name=\"twitter:label1\" content=\"Escrito por\" \/>\n\t<meta name=\"twitter:data1\" content=\"admin\" \/>\n\t<meta name=\"twitter:label2\" content=\"Tiempo de lectura\" \/>\n\t<meta name=\"twitter:data2\" content=\"4 minutos\" \/>\n<script type=\"application\/ld+json\" class=\"yoast-schema-graph\">{\"@context\":\"https:\/\/schema.org\",\"@graph\":[{\"@type\":\"Article\",\"@id\":\"https:\/\/lobosnews.com.ar\/index.php\/2026\/01\/24\/descubrieron-una-tumba-en-turquia-que-estaria-vinculada-a-la-familia-del-rey-midas\/#article\",\"isPartOf\":{\"@id\":\"https:\/\/lobosnews.com.ar\/index.php\/2026\/01\/24\/descubrieron-una-tumba-en-turquia-que-estaria-vinculada-a-la-familia-del-rey-midas\/\"},\"author\":{\"name\":\"admin\",\"@id\":\"https:\/\/lobosnews.com.ar\/#\/schema\/person\/232422a593d5c541dd9aef6aaed10943\"},\"headline\":\"Descubrieron una tumba en Turqu\u00eda que estar\u00eda vinculada a la familia del rey Midas\",\"datePublished\":\"2026-01-24T23:26:30+00:00\",\"dateModified\":\"2026-01-25T05:13:14+00:00\",\"mainEntityOfPage\":{\"@id\":\"https:\/\/lobosnews.com.ar\/index.php\/2026\/01\/24\/descubrieron-una-tumba-en-turquia-que-estaria-vinculada-a-la-familia-del-rey-midas\/\"},\"wordCount\":863,\"commentCount\":0,\"publisher\":{\"@id\":\"https:\/\/lobosnews.com.ar\/#organization\"},\"image\":{\"@id\":\"https:\/\/lobosnews.com.ar\/index.php\/2026\/01\/24\/descubrieron-una-tumba-en-turquia-que-estaria-vinculada-a-la-familia-del-rey-midas\/#primaryimage\"},\"thumbnailUrl\":\"https:\/\/lobosnews.com.ar\/wp-content\/uploads\/2026\/01\/descubrieron-una-tumba-en-turquia-que-estaria-vinculada-a-la-familia-del-rey-midas-6.jpg\",\"articleSection\":[\"Actualidad\"],\"inLanguage\":\"es\",\"potentialAction\":[{\"@type\":\"CommentAction\",\"name\":\"Comment\",\"target\":[\"https:\/\/lobosnews.com.ar\/index.php\/2026\/01\/24\/descubrieron-una-tumba-en-turquia-que-estaria-vinculada-a-la-familia-del-rey-midas\/#respond\"]}]},{\"@type\":\"WebPage\",\"@id\":\"https:\/\/lobosnews.com.ar\/index.php\/2026\/01\/24\/descubrieron-una-tumba-en-turquia-que-estaria-vinculada-a-la-familia-del-rey-midas\/\",\"url\":\"https:\/\/lobosnews.com.ar\/index.php\/2026\/01\/24\/descubrieron-una-tumba-en-turquia-que-estaria-vinculada-a-la-familia-del-rey-midas\/\",\"name\":\"Descubrieron una tumba en Turqu\u00eda que estar\u00eda vinculada a la familia del rey Midas - Lobos News\",\"isPartOf\":{\"@id\":\"https:\/\/lobosnews.com.ar\/#website\"},\"primaryImageOfPage\":{\"@id\":\"https:\/\/lobosnews.com.ar\/index.php\/2026\/01\/24\/descubrieron-una-tumba-en-turquia-que-estaria-vinculada-a-la-familia-del-rey-midas\/#primaryimage\"},\"image\":{\"@id\":\"https:\/\/lobosnews.com.ar\/index.php\/2026\/01\/24\/descubrieron-una-tumba-en-turquia-que-estaria-vinculada-a-la-familia-del-rey-midas\/#primaryimage\"},\"thumbnailUrl\":\"https:\/\/lobosnews.com.ar\/wp-content\/uploads\/2026\/01\/descubrieron-una-tumba-en-turquia-que-estaria-vinculada-a-la-familia-del-rey-midas-6.jpg\",\"datePublished\":\"2026-01-24T23:26:30+00:00\",\"dateModified\":\"2026-01-25T05:13:14+00:00\",\"breadcrumb\":{\"@id\":\"https:\/\/lobosnews.com.ar\/index.php\/2026\/01\/24\/descubrieron-una-tumba-en-turquia-que-estaria-vinculada-a-la-familia-del-rey-midas\/#breadcrumb\"},\"inLanguage\":\"es\",\"potentialAction\":[{\"@type\":\"ReadAction\",\"target\":[\"https:\/\/lobosnews.com.ar\/index.php\/2026\/01\/24\/descubrieron-una-tumba-en-turquia-que-estaria-vinculada-a-la-familia-del-rey-midas\/\"]}]},{\"@type\":\"ImageObject\",\"inLanguage\":\"es\",\"@id\":\"https:\/\/lobosnews.com.ar\/index.php\/2026\/01\/24\/descubrieron-una-tumba-en-turquia-que-estaria-vinculada-a-la-familia-del-rey-midas\/#primaryimage\",\"url\":\"https:\/\/lobosnews.com.ar\/wp-content\/uploads\/2026\/01\/descubrieron-una-tumba-en-turquia-que-estaria-vinculada-a-la-familia-del-rey-midas-6.jpg\",\"contentUrl\":\"https:\/\/lobosnews.com.ar\/wp-content\/uploads\/2026\/01\/descubrieron-una-tumba-en-turquia-que-estaria-vinculada-a-la-familia-del-rey-midas-6.jpg\",\"width\":1920,\"height\":1080,\"caption\":\"Descubrieron una tumba en Turqu\u00eda que estar\u00eda vinculada a la familia del rey Midas\"},{\"@type\":\"BreadcrumbList\",\"@id\":\"https:\/\/lobosnews.com.ar\/index.php\/2026\/01\/24\/descubrieron-una-tumba-en-turquia-que-estaria-vinculada-a-la-familia-del-rey-midas\/#breadcrumb\",\"itemListElement\":[{\"@type\":\"ListItem\",\"position\":1,\"name\":\"Portada\",\"item\":\"https:\/\/lobosnews.com.ar\/\"},{\"@type\":\"ListItem\",\"position\":2,\"name\":\"Descubrieron una tumba en Turqu\u00eda que estar\u00eda vinculada a la familia del rey Midas\"}]},{\"@type\":\"WebSite\",\"@id\":\"https:\/\/lobosnews.com.ar\/#website\",\"url\":\"https:\/\/lobosnews.com.ar\/\",\"name\":\"Lobos News\",\"description\":\"Informaci\u00f3n a cada instante\",\"publisher\":{\"@id\":\"https:\/\/lobosnews.com.ar\/#organization\"},\"potentialAction\":[{\"@type\":\"SearchAction\",\"target\":{\"@type\":\"EntryPoint\",\"urlTemplate\":\"https:\/\/lobosnews.com.ar\/?s={search_term_string}\"},\"query-input\":{\"@type\":\"PropertyValueSpecification\",\"valueRequired\":true,\"valueName\":\"search_term_string\"}}],\"inLanguage\":\"es\"},{\"@type\":\"Organization\",\"@id\":\"https:\/\/lobosnews.com.ar\/#organization\",\"name\":\"Lobos News\",\"url\":\"https:\/\/lobosnews.com.ar\/\",\"logo\":{\"@type\":\"ImageObject\",\"inLanguage\":\"es\",\"@id\":\"https:\/\/lobosnews.com.ar\/#\/schema\/logo\/image\/\",\"url\":\"https:\/\/lobosnews.com.ar\/wp-content\/uploads\/2026\/01\/logo-lobosnews.png\",\"contentUrl\":\"https:\/\/lobosnews.com.ar\/wp-content\/uploads\/2026\/01\/logo-lobosnews.png\",\"width\":500,\"height\":200,\"caption\":\"Lobos News\"},\"image\":{\"@id\":\"https:\/\/lobosnews.com.ar\/#\/schema\/logo\/image\/\"}},{\"@type\":\"Person\",\"@id\":\"https:\/\/lobosnews.com.ar\/#\/schema\/person\/232422a593d5c541dd9aef6aaed10943\",\"name\":\"admin\",\"image\":{\"@type\":\"ImageObject\",\"inLanguage\":\"es\",\"@id\":\"https:\/\/lobosnews.com.ar\/#\/schema\/person\/image\/\",\"url\":\"https:\/\/secure.gravatar.com\/avatar\/76e419471a2083bc3ceab22a763dbbf9b0c1bd15a6214cf3280e2c2dde4580f9?s=96&d=mm&r=g\",\"contentUrl\":\"https:\/\/secure.gravatar.com\/avatar\/76e419471a2083bc3ceab22a763dbbf9b0c1bd15a6214cf3280e2c2dde4580f9?s=96&d=mm&r=g\",\"caption\":\"admin\"},\"sameAs\":[\"https:\/\/lobosnews.com.ar\"],\"url\":\"https:\/\/lobosnews.com.ar\/index.php\/author\/lobos-news\/\"}]}<\/script>\n<!-- \/ Yoast SEO plugin. -->","yoast_head_json":{"title":"Descubrieron una tumba en Turqu\u00eda que estar\u00eda vinculada a la familia del rey Midas - Lobos News","robots":{"index":"index","follow":"follow","max-snippet":"max-snippet:-1","max-image-preview":"max-image-preview:large","max-video-preview":"max-video-preview:-1"},"canonical":"https:\/\/lobosnews.com.ar\/index.php\/2026\/01\/24\/descubrieron-una-tumba-en-turquia-que-estaria-vinculada-a-la-familia-del-rey-midas\/","og_locale":"es_ES","og_type":"article","og_title":"Descubrieron una tumba en Turqu\u00eda que estar\u00eda vinculada a la familia del rey Midas - Lobos News","og_description":"En el coraz\u00f3n de Anatolia, una colina cubierta de vegetaci\u00f3n se convirti\u00f3 en escenario de uno de los hallazgos arqueol\u00f3gicos m\u00e1s destacados de los \u00faltimos a\u00f1os. Arque\u00f3logos descubrieron una tumba monumental en el t\u00famulo de Karaa\u011fa\u00e7 que podr\u00eda pertenecer a un familiar del legendario rey Midas. El descubrimiento publicado en la American Journal of Archaeology,...","og_url":"https:\/\/lobosnews.com.ar\/index.php\/2026\/01\/24\/descubrieron-una-tumba-en-turquia-que-estaria-vinculada-a-la-familia-del-rey-midas\/","og_site_name":"Lobos News","article_published_time":"2026-01-24T23:26:30+00:00","article_modified_time":"2026-01-25T05:13:14+00:00","og_image":[{"url":"https:\/\/lobosnews.com.ar\/wp-content\/uploads\/2026\/01\/descubrieron-una-tumba-en-turquia-que-estaria-vinculada-a-la-familia-del-rey-midas.jpg","type":"","width":"","height":""}],"author":"admin","twitter_card":"summary_large_image","twitter_misc":{"Escrito por":"admin","Tiempo de lectura":"4 minutos"},"schema":{"@context":"https:\/\/schema.org","@graph":[{"@type":"Article","@id":"https:\/\/lobosnews.com.ar\/index.php\/2026\/01\/24\/descubrieron-una-tumba-en-turquia-que-estaria-vinculada-a-la-familia-del-rey-midas\/#article","isPartOf":{"@id":"https:\/\/lobosnews.com.ar\/index.php\/2026\/01\/24\/descubrieron-una-tumba-en-turquia-que-estaria-vinculada-a-la-familia-del-rey-midas\/"},"author":{"name":"admin","@id":"https:\/\/lobosnews.com.ar\/#\/schema\/person\/232422a593d5c541dd9aef6aaed10943"},"headline":"Descubrieron una tumba en Turqu\u00eda que estar\u00eda vinculada a la familia del rey Midas","datePublished":"2026-01-24T23:26:30+00:00","dateModified":"2026-01-25T05:13:14+00:00","mainEntityOfPage":{"@id":"https:\/\/lobosnews.com.ar\/index.php\/2026\/01\/24\/descubrieron-una-tumba-en-turquia-que-estaria-vinculada-a-la-familia-del-rey-midas\/"},"wordCount":863,"commentCount":0,"publisher":{"@id":"https:\/\/lobosnews.com.ar\/#organization"},"image":{"@id":"https:\/\/lobosnews.com.ar\/index.php\/2026\/01\/24\/descubrieron-una-tumba-en-turquia-que-estaria-vinculada-a-la-familia-del-rey-midas\/#primaryimage"},"thumbnailUrl":"https:\/\/lobosnews.com.ar\/wp-content\/uploads\/2026\/01\/descubrieron-una-tumba-en-turquia-que-estaria-vinculada-a-la-familia-del-rey-midas-6.jpg","articleSection":["Actualidad"],"inLanguage":"es","potentialAction":[{"@type":"CommentAction","name":"Comment","target":["https:\/\/lobosnews.com.ar\/index.php\/2026\/01\/24\/descubrieron-una-tumba-en-turquia-que-estaria-vinculada-a-la-familia-del-rey-midas\/#respond"]}]},{"@type":"WebPage","@id":"https:\/\/lobosnews.com.ar\/index.php\/2026\/01\/24\/descubrieron-una-tumba-en-turquia-que-estaria-vinculada-a-la-familia-del-rey-midas\/","url":"https:\/\/lobosnews.com.ar\/index.php\/2026\/01\/24\/descubrieron-una-tumba-en-turquia-que-estaria-vinculada-a-la-familia-del-rey-midas\/","name":"Descubrieron una tumba en Turqu\u00eda que estar\u00eda vinculada a la familia del rey Midas - Lobos News","isPartOf":{"@id":"https:\/\/lobosnews.com.ar\/#website"},"primaryImageOfPage":{"@id":"https:\/\/lobosnews.com.ar\/index.php\/2026\/01\/24\/descubrieron-una-tumba-en-turquia-que-estaria-vinculada-a-la-familia-del-rey-midas\/#primaryimage"},"image":{"@id":"https:\/\/lobosnews.com.ar\/index.php\/2026\/01\/24\/descubrieron-una-tumba-en-turquia-que-estaria-vinculada-a-la-familia-del-rey-midas\/#primaryimage"},"thumbnailUrl":"https:\/\/lobosnews.com.ar\/wp-content\/uploads\/2026\/01\/descubrieron-una-tumba-en-turquia-que-estaria-vinculada-a-la-familia-del-rey-midas-6.jpg","datePublished":"2026-01-24T23:26:30+00:00","dateModified":"2026-01-25T05:13:14+00:00","breadcrumb":{"@id":"https:\/\/lobosnews.com.ar\/index.php\/2026\/01\/24\/descubrieron-una-tumba-en-turquia-que-estaria-vinculada-a-la-familia-del-rey-midas\/#breadcrumb"},"inLanguage":"es","potentialAction":[{"@type":"ReadAction","target":["https:\/\/lobosnews.com.ar\/index.php\/2026\/01\/24\/descubrieron-una-tumba-en-turquia-que-estaria-vinculada-a-la-familia-del-rey-midas\/"]}]},{"@type":"ImageObject","inLanguage":"es","@id":"https:\/\/lobosnews.com.ar\/index.php\/2026\/01\/24\/descubrieron-una-tumba-en-turquia-que-estaria-vinculada-a-la-familia-del-rey-midas\/#primaryimage","url":"https:\/\/lobosnews.com.ar\/wp-content\/uploads\/2026\/01\/descubrieron-una-tumba-en-turquia-que-estaria-vinculada-a-la-familia-del-rey-midas-6.jpg","contentUrl":"https:\/\/lobosnews.com.ar\/wp-content\/uploads\/2026\/01\/descubrieron-una-tumba-en-turquia-que-estaria-vinculada-a-la-familia-del-rey-midas-6.jpg","width":1920,"height":1080,"caption":"Descubrieron una tumba en Turqu\u00eda que estar\u00eda vinculada a la familia del rey Midas"},{"@type":"BreadcrumbList","@id":"https:\/\/lobosnews.com.ar\/index.php\/2026\/01\/24\/descubrieron-una-tumba-en-turquia-que-estaria-vinculada-a-la-familia-del-rey-midas\/#breadcrumb","itemListElement":[{"@type":"ListItem","position":1,"name":"Portada","item":"https:\/\/lobosnews.com.ar\/"},{"@type":"ListItem","position":2,"name":"Descubrieron una tumba en Turqu\u00eda que estar\u00eda vinculada a la familia del rey Midas"}]},{"@type":"WebSite","@id":"https:\/\/lobosnews.com.ar\/#website","url":"https:\/\/lobosnews.com.ar\/","name":"Lobos News","description":"Informaci\u00f3n a cada instante","publisher":{"@id":"https:\/\/lobosnews.com.ar\/#organization"},"potentialAction":[{"@type":"SearchAction","target":{"@type":"EntryPoint","urlTemplate":"https:\/\/lobosnews.com.ar\/?s={search_term_string}"},"query-input":{"@type":"PropertyValueSpecification","valueRequired":true,"valueName":"search_term_string"}}],"inLanguage":"es"},{"@type":"Organization","@id":"https:\/\/lobosnews.com.ar\/#organization","name":"Lobos News","url":"https:\/\/lobosnews.com.ar\/","logo":{"@type":"ImageObject","inLanguage":"es","@id":"https:\/\/lobosnews.com.ar\/#\/schema\/logo\/image\/","url":"https:\/\/lobosnews.com.ar\/wp-content\/uploads\/2026\/01\/logo-lobosnews.png","contentUrl":"https:\/\/lobosnews.com.ar\/wp-content\/uploads\/2026\/01\/logo-lobosnews.png","width":500,"height":200,"caption":"Lobos News"},"image":{"@id":"https:\/\/lobosnews.com.ar\/#\/schema\/logo\/image\/"}},{"@type":"Person","@id":"https:\/\/lobosnews.com.ar\/#\/schema\/person\/232422a593d5c541dd9aef6aaed10943","name":"admin","image":{"@type":"ImageObject","inLanguage":"es","@id":"https:\/\/lobosnews.com.ar\/#\/schema\/person\/image\/","url":"https:\/\/secure.gravatar.com\/avatar\/76e419471a2083bc3ceab22a763dbbf9b0c1bd15a6214cf3280e2c2dde4580f9?s=96&d=mm&r=g","contentUrl":"https:\/\/secure.gravatar.com\/avatar\/76e419471a2083bc3ceab22a763dbbf9b0c1bd15a6214cf3280e2c2dde4580f9?s=96&d=mm&r=g","caption":"admin"},"sameAs":["https:\/\/lobosnews.com.ar"],"url":"https:\/\/lobosnews.com.ar\/index.php\/author\/lobos-news\/"}]}},"jetpack_featured_media_url":"https:\/\/lobosnews.com.ar\/wp-content\/uploads\/2026\/01\/descubrieron-una-tumba-en-turquia-que-estaria-vinculada-a-la-familia-del-rey-midas-6.jpg","jetpack_sharing_enabled":true,"_links":{"self":[{"href":"https:\/\/lobosnews.com.ar\/index.php\/wp-json\/wp\/v2\/posts\/11218","targetHints":{"allow":["GET"]}}],"collection":[{"href":"https:\/\/lobosnews.com.ar\/index.php\/wp-json\/wp\/v2\/posts"}],"about":[{"href":"https:\/\/lobosnews.com.ar\/index.php\/wp-json\/wp\/v2\/types\/post"}],"author":[{"embeddable":true,"href":"https:\/\/lobosnews.com.ar\/index.php\/wp-json\/wp\/v2\/users\/1"}],"replies":[{"embeddable":true,"href":"https:\/\/lobosnews.com.ar\/index.php\/wp-json\/wp\/v2\/comments?post=11218"}],"version-history":[{"count":1,"href":"https:\/\/lobosnews.com.ar\/index.php\/wp-json\/wp\/v2\/posts\/11218\/revisions"}],"predecessor-version":[{"id":11223,"href":"https:\/\/lobosnews.com.ar\/index.php\/wp-json\/wp\/v2\/posts\/11218\/revisions\/11223"}],"wp:featuredmedia":[{"embeddable":true,"href":"https:\/\/lobosnews.com.ar\/index.php\/wp-json\/wp\/v2\/media\/11224"}],"wp:attachment":[{"href":"https:\/\/lobosnews.com.ar\/index.php\/wp-json\/wp\/v2\/media?parent=11218"}],"wp:term":[{"taxonomy":"category","embeddable":true,"href":"https:\/\/lobosnews.com.ar\/index.php\/wp-json\/wp\/v2\/categories?post=11218"},{"taxonomy":"post_tag","embeddable":true,"href":"https:\/\/lobosnews.com.ar\/index.php\/wp-json\/wp\/v2\/tags?post=11218"}],"curies":[{"name":"wp","href":"https:\/\/api.w.org\/{rel}","templated":true}]}}