{"id":11196,"date":"2026-01-25T00:59:14","date_gmt":"2026-01-25T00:59:14","guid":{"rendered":"https:\/\/lobosnews.com.ar\/index.php\/2026\/01\/25\/hasta-la-luna-el-divertido-intercambio-entre-colapinto-y-gasly-dentro-de-un-auto-superdeportivo-de-alpine\/"},"modified":"2026-01-25T03:57:17","modified_gmt":"2026-01-25T03:57:17","slug":"hasta-la-luna-el-divertido-intercambio-entre-colapinto-y-gasly-dentro-de-un-auto-superdeportivo-de-alpine","status":"publish","type":"post","link":"https:\/\/lobosnews.com.ar\/index.php\/2026\/01\/25\/hasta-la-luna-el-divertido-intercambio-entre-colapinto-y-gasly-dentro-de-un-auto-superdeportivo-de-alpine\/","title":{"rendered":"\u201cHasta la luna\u201d: el divertido intercambio entre Colapinto y Gasly dentro de un auto superdeportivo de Alpine"},"content":{"rendered":"<p><span class=\"waslinkname\">La presentaci\u00f3n oficial de la <b>decoraci\u00f3n del Alpine A526<\/b><\/span> marc\u00f3 el inicio de una etapa trascendental para <b>Franco Colapinto<\/b>, quien se prepara para disputar por primera vez una temporada completa en la <b>F\u00f3rmula 1<\/b>. En la antesala del <span class=\"waslinkname\">debut de la nueva normativa t\u00e9cnica<\/span> en la <i>M\u00e1xima<\/i>, la escuder\u00eda con sede en Enstone realiz\u00f3 un importante evento a bordo de un crucero en las costas de <b>Barcelona<\/b>, el cual pertenec\u00eda a uno de los patrocinadores del equipo. <\/p>\n<p>La empresa automotriz aprovech\u00f3 la fastuosa gala de <i>team <\/i><b>Alpine <\/b>de la F1 para mostrar <b>diferentes autos superdeportivos en las costas de la ciudad de Espa\u00f1a<\/b>. <b>Colapinto <\/b>y su compa\u00f1ero <b>Pierre Gasly <\/b>se dieron el lujo de subirse a uno de estos y dejaron un divertido intercambio. \u201c<b>Esa cosa te est\u00e1 enviando a la luna<\/b>\u201d, solt\u00f3 el experimentado corredor franc\u00e9s cuando el argentino se sent\u00f3 en uno de los veh\u00edculos. <\/p>\n<p>\u201c<b>Nave espacial<\/b>\u201d, contest\u00f3 el joven de 22 a\u00f1os, quien se mostr\u00f3 considerablemente sorprendido arriba del superdeportivo. \u201c<b>Hasta la luna, Franco Colapinto<\/b>\u201d, coment\u00f3 la cuenta oficial de Alpine en el video que viraliz\u00f3 en sus redes sociales. \u201c<b>La posici\u00f3n es buena<\/b>\u201d, destac\u00f3 el argentino sobre el asiento del coche. <\/p>\n<p><img loading=\"lazy\" decoding=\"async\" src=\"https:\/\/lobosnews.com.ar\/wp-content\/uploads\/2026\/01\/hasta-la-luna-el-divertido-intercambio-entre-colapinto-y-gasly-dentro-de-un-auto-superdeportivo-de-alpine.jpg\" alt=\"El veh\u00edculo al que se subieron Colapinto y Gasly (@AlpineF1Team)\" height=\"1440\" width=\"1080\"\/><\/p>\n<p>Durante el lanzamiento, <span class=\"waslinkname\">Colapinto resalt\u00f3 la dimensi\u00f3n de los cambios<\/span>, haciendo \u00e9nfasis en el intenso proceso de adaptaci\u00f3n que afrontar\u00e1n los pilotos. \u201cEstoy muy emocionado. <b>Por primera vez en mi carrera, he tenido una pretemporada adecuada para prepararme para un a\u00f1o a tiempo completo<\/b>, desde las pruebas hasta la primera carrera. Para m\u00ed, esto es muy importante, ya que <b>me siento parte integrante del proyecto <\/b>y significa que puedo trabajar duro con todos los miembros del equipo desde el principio\u201d, destac\u00f3 el pilarense durante la presentaci\u00f3n.<\/p>\n<p><span class=\"waslinkname\">Esta temporada ser\u00e1 la primera en la que Colapinto competir\u00e1 como titular<\/span> desde el inicio, algo fundamental a la hora de adaptarse a las caracter\u00edsticas del monoplaza. \u201cHemos tenido una buena oportunidad de ver el coche y prepararnos en el simulador.<b> Por supuesto, es muy diferente a todo lo que he experimentado hasta ahora y creo que lo mismo les pasa a la mayor\u00eda de los pilotos de la parrilla<\/b>. Hay nuevos trucos y nuevos retos que aprender para sacar el m\u00e1ximo partido al paquete y lo veo como un reto realmente incre\u00edble\u201d, resalt\u00f3.<\/p>\n<p>Por su parte, en di\u00e1logo con <i>Fox Sports<\/i>, confes\u00f3: \u201c<b>Es un momento muy distinto en mi carrera. Como equipo, ya no hay m\u00e1s excusas. <\/b>Es el momento de ir y conseguir los resultados que el equipo se merece\u201d.<\/p>\n<p><img loading=\"lazy\" decoding=\"async\" src=\"https:\/\/lobosnews.com.ar\/wp-content\/uploads\/2026\/01\/hasta-la-luna-el-divertido-intercambio-entre-colapinto-y-gasly-dentro-de-un-auto-superdeportivo-de-alpine-1.jpg\" alt=\"Colapinto en el auto superdeportivo de Alpine en Barcelona (@AlpineF1Team)\" height=\"1440\" width=\"1080\"\/><\/p>\n<p>En t\u00e9rminos de prestaciones y adaptaci\u00f3n, <b>Colapinto <\/b>se\u00f1al\u00f3 la considerable disminuci\u00f3n de carga aerodin\u00e1mica en los autos de la nueva era. \u201c<b>La verdad es que al final es un motor con mucha potencia. Tenemos mucha menos carga (aerodin\u00e1mica) que el a\u00f1o pasado, much\u00edsima menos carga<\/b>. Son como cien puntos de carga aerodin\u00e1mica que se van a sentir. Va a ser dif\u00edcil de manejar en las curvas. Creo que, al tener el DRS (NdR: sobre la aerodin\u00e1mica activa en los alerones que suplantan al DRS tradicional), va a ayudar en las rectas. Despu\u00e9s tenemos un motor que es mucho m\u00e1s el\u00e9ctrico; <b>de 85-15 pasamos a 50-50, y eso va a haber que acostumbrarse<\/b>\u201d, explic\u00f3 Colapinto al mismo medio.<\/p>\n<p>Cabe resaltar que <span class=\"waslinkname\">Alpine ya realiz\u00f3 el debut en pista del A526 en una sesi\u00f3n privada en <b>Silverstone<\/b><\/span> el 21 de enero de la mano de Pierre Gasly. El joven <i>albiceleste <\/i>conducir\u00e1 por primera vez en pista el nuevo monoplaza en <span class=\"waslinkname\">los test de pretemporada en <b>Barcelona del 26 al 30 de enero<\/b><\/span>. <\/p>\n<p>Adem\u00e1s, la F\u00f3rmula 1 inform\u00f3 que los equipos est\u00e1n habilitados a tener actividad en el asfalto <span class=\"waslinkname\">en tres de los cinco d\u00edas disponibles<\/span>. Una vez concretados los ensayos en el <i>Circuit de Catalunya<\/i>, el <i>Gran Circo<\/i> se mudar\u00e1 a <b>Bahr\u00e9in para realizar otras dos pruebas del 11 al 13 de febrero y del 18 al 20 del mismo mes<\/b>. El estreno oficial de la temporada ser\u00e1 el 8 de marzo en el Gran Premio de Australia.<\/p>\n<p><img loading=\"lazy\" decoding=\"async\" src=\"https:\/\/lobosnews.com.ar\/wp-content\/uploads\/2026\/01\/hasta-la-luna-el-divertido-intercambio-entre-colapinto-y-gasly-dentro-de-un-auto-superdeportivo-de-alpine-2.jpg\" alt=\"Colapinto y Gasly fueron protagonistas en el evento en el que Alpine present\u00f3 la nueva decoraci\u00f3n de su monoplaza (REUTERS\/Albert Gea)\" height=\"3504\" width=\"5302\"\/><\/p>\n","protected":false},"excerpt":{"rendered":"<p>La presentaci\u00f3n oficial de la decoraci\u00f3n del Alpine A526 marc\u00f3 el inicio de una etapa trascendental para Franco Colapinto, quien se prepara para disputar por primera vez una temporada completa en la F\u00f3rmula 1. En la antesala del debut de la nueva normativa t\u00e9cnica en la M\u00e1xima, la escuder\u00eda con sede en Enstone realiz\u00f3 un&#8230;<\/p>\n","protected":false},"author":1,"featured_media":0,"comment_status":"open","ping_status":"closed","sticky":false,"template":"","format":"standard","meta":{"_jetpack_memberships_contains_paid_content":false,"footnotes":""},"categories":[30],"tags":[39],"class_list":["post-11196","post","type-post","status-publish","format-standard","hentry","category-argentina","tag-deportes"],"magazineBlocksPostFeaturedMedia":{"thumbnail":false,"medium":false,"medium_large":false,"large":false,"1536x1536":false,"2048x2048":false,"newsmatic-featured":false,"newsmatic-list":false,"newsmatic-thumb":false,"newsmatic-small":false,"newsmatic-grid":false},"magazineBlocksPostAuthor":{"name":"admin","avatar":"https:\/\/secure.gravatar.com\/avatar\/76e419471a2083bc3ceab22a763dbbf9b0c1bd15a6214cf3280e2c2dde4580f9?s=96&d=mm&r=g"},"magazineBlocksPostCommentsNumber":"0","magazineBlocksPostExcerpt":"La presentaci\u00f3n oficial de la decoraci\u00f3n del Alpine A526 marc\u00f3 el inicio de una etapa trascendental para Franco Colapinto, quien se prepara para disputar por primera vez una temporada completa en la F\u00f3rmula 1. En la antesala del debut de la nueva normativa t\u00e9cnica en la M\u00e1xima, la escuder\u00eda con sede en Enstone realiz\u00f3 un...","magazineBlocksPostCategories":["Argentina"],"magazineBlocksPostViewCount":154,"magazineBlocksPostReadTime":4,"magazine_blocks_featured_image_url":{"full":false,"medium":false,"thumbnail":false},"magazine_blocks_author":{"display_name":"admin","author_link":"https:\/\/lobosnews.com.ar\/index.php\/author\/lobos-news\/"},"magazine_blocks_comment":0,"magazine_blocks_author_image":"https:\/\/secure.gravatar.com\/avatar\/76e419471a2083bc3ceab22a763dbbf9b0c1bd15a6214cf3280e2c2dde4580f9?s=96&d=mm&r=g","magazine_blocks_category":"<a href=\"#\" class=\"category-link category-link-30\">Argentina<\/a>","yoast_head":"<!-- This site is optimized with the Yoast SEO plugin v26.6 - https:\/\/yoast.com\/wordpress\/plugins\/seo\/ -->\n<title>\u201cHasta la luna\u201d: el divertido intercambio entre Colapinto y Gasly dentro de un auto superdeportivo de Alpine - Lobos News<\/title>\n<meta name=\"robots\" content=\"index, follow, max-snippet:-1, max-image-preview:large, max-video-preview:-1\" \/>\n<link rel=\"canonical\" href=\"https:\/\/lobosnews.com.ar\/index.php\/2026\/01\/25\/hasta-la-luna-el-divertido-intercambio-entre-colapinto-y-gasly-dentro-de-un-auto-superdeportivo-de-alpine\/\" \/>\n<meta property=\"og:locale\" content=\"es_ES\" \/>\n<meta property=\"og:type\" content=\"article\" \/>\n<meta property=\"og:title\" content=\"\u201cHasta la luna\u201d: el divertido intercambio entre Colapinto y Gasly dentro de un auto superdeportivo de Alpine - Lobos News\" \/>\n<meta property=\"og:description\" content=\"La presentaci\u00f3n oficial de la decoraci\u00f3n del Alpine A526 marc\u00f3 el inicio de una etapa trascendental para Franco Colapinto, quien se prepara para disputar por primera vez una temporada completa en la F\u00f3rmula 1. En la antesala del debut de la nueva normativa t\u00e9cnica en la M\u00e1xima, la escuder\u00eda con sede en Enstone realiz\u00f3 un...\" \/>\n<meta property=\"og:url\" content=\"https:\/\/lobosnews.com.ar\/index.php\/2026\/01\/25\/hasta-la-luna-el-divertido-intercambio-entre-colapinto-y-gasly-dentro-de-un-auto-superdeportivo-de-alpine\/\" \/>\n<meta property=\"og:site_name\" content=\"Lobos News\" \/>\n<meta property=\"article:published_time\" content=\"2026-01-25T00:59:14+00:00\" \/>\n<meta property=\"article:modified_time\" content=\"2026-01-25T03:57:17+00:00\" \/>\n<meta property=\"og:image\" content=\"https:\/\/lobosnews.com.ar\/wp-content\/uploads\/2026\/01\/hasta-la-luna-el-divertido-intercambio-entre-colapinto-y-gasly-dentro-de-un-auto-superdeportivo-de-alpine.jpg\" \/>\n<meta name=\"author\" content=\"admin\" \/>\n<meta name=\"twitter:card\" content=\"summary_large_image\" \/>\n<meta name=\"twitter:label1\" content=\"Escrito por\" \/>\n\t<meta name=\"twitter:data1\" content=\"admin\" \/>\n\t<meta name=\"twitter:label2\" content=\"Tiempo de lectura\" \/>\n\t<meta name=\"twitter:data2\" content=\"3 minutos\" \/>\n<script type=\"application\/ld+json\" class=\"yoast-schema-graph\">{\"@context\":\"https:\/\/schema.org\",\"@graph\":[{\"@type\":\"Article\",\"@id\":\"https:\/\/lobosnews.com.ar\/index.php\/2026\/01\/25\/hasta-la-luna-el-divertido-intercambio-entre-colapinto-y-gasly-dentro-de-un-auto-superdeportivo-de-alpine\/#article\",\"isPartOf\":{\"@id\":\"https:\/\/lobosnews.com.ar\/index.php\/2026\/01\/25\/hasta-la-luna-el-divertido-intercambio-entre-colapinto-y-gasly-dentro-de-un-auto-superdeportivo-de-alpine\/\"},\"author\":{\"name\":\"admin\",\"@id\":\"https:\/\/lobosnews.com.ar\/#\/schema\/person\/232422a593d5c541dd9aef6aaed10943\"},\"headline\":\"\u201cHasta la luna\u201d: el divertido intercambio entre Colapinto y Gasly dentro de un auto superdeportivo de Alpine\",\"datePublished\":\"2026-01-25T00:59:14+00:00\",\"dateModified\":\"2026-01-25T03:57:17+00:00\",\"mainEntityOfPage\":{\"@id\":\"https:\/\/lobosnews.com.ar\/index.php\/2026\/01\/25\/hasta-la-luna-el-divertido-intercambio-entre-colapinto-y-gasly-dentro-de-un-auto-superdeportivo-de-alpine\/\"},\"wordCount\":709,\"commentCount\":0,\"publisher\":{\"@id\":\"https:\/\/lobosnews.com.ar\/#organization\"},\"image\":{\"@id\":\"https:\/\/lobosnews.com.ar\/index.php\/2026\/01\/25\/hasta-la-luna-el-divertido-intercambio-entre-colapinto-y-gasly-dentro-de-un-auto-superdeportivo-de-alpine\/#primaryimage\"},\"thumbnailUrl\":\"https:\/\/lobosnews.com.ar\/wp-content\/uploads\/2026\/01\/hasta-la-luna-el-divertido-intercambio-entre-colapinto-y-gasly-dentro-de-un-auto-superdeportivo-de-alpine.jpg\",\"keywords\":[\"Deportes\"],\"articleSection\":[\"Argentina\"],\"inLanguage\":\"es\",\"potentialAction\":[{\"@type\":\"CommentAction\",\"name\":\"Comment\",\"target\":[\"https:\/\/lobosnews.com.ar\/index.php\/2026\/01\/25\/hasta-la-luna-el-divertido-intercambio-entre-colapinto-y-gasly-dentro-de-un-auto-superdeportivo-de-alpine\/#respond\"]}]},{\"@type\":\"WebPage\",\"@id\":\"https:\/\/lobosnews.com.ar\/index.php\/2026\/01\/25\/hasta-la-luna-el-divertido-intercambio-entre-colapinto-y-gasly-dentro-de-un-auto-superdeportivo-de-alpine\/\",\"url\":\"https:\/\/lobosnews.com.ar\/index.php\/2026\/01\/25\/hasta-la-luna-el-divertido-intercambio-entre-colapinto-y-gasly-dentro-de-un-auto-superdeportivo-de-alpine\/\",\"name\":\"\u201cHasta la luna\u201d: el divertido intercambio entre Colapinto y Gasly dentro de un auto superdeportivo de Alpine - Lobos News\",\"isPartOf\":{\"@id\":\"https:\/\/lobosnews.com.ar\/#website\"},\"primaryImageOfPage\":{\"@id\":\"https:\/\/lobosnews.com.ar\/index.php\/2026\/01\/25\/hasta-la-luna-el-divertido-intercambio-entre-colapinto-y-gasly-dentro-de-un-auto-superdeportivo-de-alpine\/#primaryimage\"},\"image\":{\"@id\":\"https:\/\/lobosnews.com.ar\/index.php\/2026\/01\/25\/hasta-la-luna-el-divertido-intercambio-entre-colapinto-y-gasly-dentro-de-un-auto-superdeportivo-de-alpine\/#primaryimage\"},\"thumbnailUrl\":\"https:\/\/lobosnews.com.ar\/wp-content\/uploads\/2026\/01\/hasta-la-luna-el-divertido-intercambio-entre-colapinto-y-gasly-dentro-de-un-auto-superdeportivo-de-alpine.jpg\",\"datePublished\":\"2026-01-25T00:59:14+00:00\",\"dateModified\":\"2026-01-25T03:57:17+00:00\",\"breadcrumb\":{\"@id\":\"https:\/\/lobosnews.com.ar\/index.php\/2026\/01\/25\/hasta-la-luna-el-divertido-intercambio-entre-colapinto-y-gasly-dentro-de-un-auto-superdeportivo-de-alpine\/#breadcrumb\"},\"inLanguage\":\"es\",\"potentialAction\":[{\"@type\":\"ReadAction\",\"target\":[\"https:\/\/lobosnews.com.ar\/index.php\/2026\/01\/25\/hasta-la-luna-el-divertido-intercambio-entre-colapinto-y-gasly-dentro-de-un-auto-superdeportivo-de-alpine\/\"]}]},{\"@type\":\"ImageObject\",\"inLanguage\":\"es\",\"@id\":\"https:\/\/lobosnews.com.ar\/index.php\/2026\/01\/25\/hasta-la-luna-el-divertido-intercambio-entre-colapinto-y-gasly-dentro-de-un-auto-superdeportivo-de-alpine\/#primaryimage\",\"url\":\"https:\/\/lobosnews.com.ar\/wp-content\/uploads\/2026\/01\/hasta-la-luna-el-divertido-intercambio-entre-colapinto-y-gasly-dentro-de-un-auto-superdeportivo-de-alpine.jpg\",\"contentUrl\":\"https:\/\/lobosnews.com.ar\/wp-content\/uploads\/2026\/01\/hasta-la-luna-el-divertido-intercambio-entre-colapinto-y-gasly-dentro-de-un-auto-superdeportivo-de-alpine.jpg\"},{\"@type\":\"BreadcrumbList\",\"@id\":\"https:\/\/lobosnews.com.ar\/index.php\/2026\/01\/25\/hasta-la-luna-el-divertido-intercambio-entre-colapinto-y-gasly-dentro-de-un-auto-superdeportivo-de-alpine\/#breadcrumb\",\"itemListElement\":[{\"@type\":\"ListItem\",\"position\":1,\"name\":\"Portada\",\"item\":\"https:\/\/lobosnews.com.ar\/\"},{\"@type\":\"ListItem\",\"position\":2,\"name\":\"\u201cHasta la luna\u201d: el divertido intercambio entre Colapinto y Gasly dentro de un auto superdeportivo de Alpine\"}]},{\"@type\":\"WebSite\",\"@id\":\"https:\/\/lobosnews.com.ar\/#website\",\"url\":\"https:\/\/lobosnews.com.ar\/\",\"name\":\"Lobos News\",\"description\":\"Informaci\u00f3n a cada instante\",\"publisher\":{\"@id\":\"https:\/\/lobosnews.com.ar\/#organization\"},\"potentialAction\":[{\"@type\":\"SearchAction\",\"target\":{\"@type\":\"EntryPoint\",\"urlTemplate\":\"https:\/\/lobosnews.com.ar\/?s={search_term_string}\"},\"query-input\":{\"@type\":\"PropertyValueSpecification\",\"valueRequired\":true,\"valueName\":\"search_term_string\"}}],\"inLanguage\":\"es\"},{\"@type\":\"Organization\",\"@id\":\"https:\/\/lobosnews.com.ar\/#organization\",\"name\":\"Lobos News\",\"url\":\"https:\/\/lobosnews.com.ar\/\",\"logo\":{\"@type\":\"ImageObject\",\"inLanguage\":\"es\",\"@id\":\"https:\/\/lobosnews.com.ar\/#\/schema\/logo\/image\/\",\"url\":\"https:\/\/lobosnews.com.ar\/wp-content\/uploads\/2026\/01\/logo-lobosnews.png\",\"contentUrl\":\"https:\/\/lobosnews.com.ar\/wp-content\/uploads\/2026\/01\/logo-lobosnews.png\",\"width\":500,\"height\":200,\"caption\":\"Lobos News\"},\"image\":{\"@id\":\"https:\/\/lobosnews.com.ar\/#\/schema\/logo\/image\/\"}},{\"@type\":\"Person\",\"@id\":\"https:\/\/lobosnews.com.ar\/#\/schema\/person\/232422a593d5c541dd9aef6aaed10943\",\"name\":\"admin\",\"image\":{\"@type\":\"ImageObject\",\"inLanguage\":\"es\",\"@id\":\"https:\/\/lobosnews.com.ar\/#\/schema\/person\/image\/\",\"url\":\"https:\/\/secure.gravatar.com\/avatar\/76e419471a2083bc3ceab22a763dbbf9b0c1bd15a6214cf3280e2c2dde4580f9?s=96&d=mm&r=g\",\"contentUrl\":\"https:\/\/secure.gravatar.com\/avatar\/76e419471a2083bc3ceab22a763dbbf9b0c1bd15a6214cf3280e2c2dde4580f9?s=96&d=mm&r=g\",\"caption\":\"admin\"},\"sameAs\":[\"https:\/\/lobosnews.com.ar\"],\"url\":\"https:\/\/lobosnews.com.ar\/index.php\/author\/lobos-news\/\"}]}<\/script>\n<!-- \/ Yoast SEO plugin. -->","yoast_head_json":{"title":"\u201cHasta la luna\u201d: el divertido intercambio entre Colapinto y Gasly dentro de un auto superdeportivo de Alpine - Lobos News","robots":{"index":"index","follow":"follow","max-snippet":"max-snippet:-1","max-image-preview":"max-image-preview:large","max-video-preview":"max-video-preview:-1"},"canonical":"https:\/\/lobosnews.com.ar\/index.php\/2026\/01\/25\/hasta-la-luna-el-divertido-intercambio-entre-colapinto-y-gasly-dentro-de-un-auto-superdeportivo-de-alpine\/","og_locale":"es_ES","og_type":"article","og_title":"\u201cHasta la luna\u201d: el divertido intercambio entre Colapinto y Gasly dentro de un auto superdeportivo de Alpine - Lobos News","og_description":"La presentaci\u00f3n oficial de la decoraci\u00f3n del Alpine A526 marc\u00f3 el inicio de una etapa trascendental para Franco Colapinto, quien se prepara para disputar por primera vez una temporada completa en la F\u00f3rmula 1. En la antesala del debut de la nueva normativa t\u00e9cnica en la M\u00e1xima, la escuder\u00eda con sede en Enstone realiz\u00f3 un...","og_url":"https:\/\/lobosnews.com.ar\/index.php\/2026\/01\/25\/hasta-la-luna-el-divertido-intercambio-entre-colapinto-y-gasly-dentro-de-un-auto-superdeportivo-de-alpine\/","og_site_name":"Lobos News","article_published_time":"2026-01-25T00:59:14+00:00","article_modified_time":"2026-01-25T03:57:17+00:00","og_image":[{"url":"https:\/\/lobosnews.com.ar\/wp-content\/uploads\/2026\/01\/hasta-la-luna-el-divertido-intercambio-entre-colapinto-y-gasly-dentro-de-un-auto-superdeportivo-de-alpine.jpg","type":"","width":"","height":""}],"author":"admin","twitter_card":"summary_large_image","twitter_misc":{"Escrito por":"admin","Tiempo de lectura":"3 minutos"},"schema":{"@context":"https:\/\/schema.org","@graph":[{"@type":"Article","@id":"https:\/\/lobosnews.com.ar\/index.php\/2026\/01\/25\/hasta-la-luna-el-divertido-intercambio-entre-colapinto-y-gasly-dentro-de-un-auto-superdeportivo-de-alpine\/#article","isPartOf":{"@id":"https:\/\/lobosnews.com.ar\/index.php\/2026\/01\/25\/hasta-la-luna-el-divertido-intercambio-entre-colapinto-y-gasly-dentro-de-un-auto-superdeportivo-de-alpine\/"},"author":{"name":"admin","@id":"https:\/\/lobosnews.com.ar\/#\/schema\/person\/232422a593d5c541dd9aef6aaed10943"},"headline":"\u201cHasta la luna\u201d: el divertido intercambio entre Colapinto y Gasly dentro de un auto superdeportivo de Alpine","datePublished":"2026-01-25T00:59:14+00:00","dateModified":"2026-01-25T03:57:17+00:00","mainEntityOfPage":{"@id":"https:\/\/lobosnews.com.ar\/index.php\/2026\/01\/25\/hasta-la-luna-el-divertido-intercambio-entre-colapinto-y-gasly-dentro-de-un-auto-superdeportivo-de-alpine\/"},"wordCount":709,"commentCount":0,"publisher":{"@id":"https:\/\/lobosnews.com.ar\/#organization"},"image":{"@id":"https:\/\/lobosnews.com.ar\/index.php\/2026\/01\/25\/hasta-la-luna-el-divertido-intercambio-entre-colapinto-y-gasly-dentro-de-un-auto-superdeportivo-de-alpine\/#primaryimage"},"thumbnailUrl":"https:\/\/lobosnews.com.ar\/wp-content\/uploads\/2026\/01\/hasta-la-luna-el-divertido-intercambio-entre-colapinto-y-gasly-dentro-de-un-auto-superdeportivo-de-alpine.jpg","keywords":["Deportes"],"articleSection":["Argentina"],"inLanguage":"es","potentialAction":[{"@type":"CommentAction","name":"Comment","target":["https:\/\/lobosnews.com.ar\/index.php\/2026\/01\/25\/hasta-la-luna-el-divertido-intercambio-entre-colapinto-y-gasly-dentro-de-un-auto-superdeportivo-de-alpine\/#respond"]}]},{"@type":"WebPage","@id":"https:\/\/lobosnews.com.ar\/index.php\/2026\/01\/25\/hasta-la-luna-el-divertido-intercambio-entre-colapinto-y-gasly-dentro-de-un-auto-superdeportivo-de-alpine\/","url":"https:\/\/lobosnews.com.ar\/index.php\/2026\/01\/25\/hasta-la-luna-el-divertido-intercambio-entre-colapinto-y-gasly-dentro-de-un-auto-superdeportivo-de-alpine\/","name":"\u201cHasta la luna\u201d: el divertido intercambio entre Colapinto y Gasly dentro de un auto superdeportivo de Alpine - Lobos News","isPartOf":{"@id":"https:\/\/lobosnews.com.ar\/#website"},"primaryImageOfPage":{"@id":"https:\/\/lobosnews.com.ar\/index.php\/2026\/01\/25\/hasta-la-luna-el-divertido-intercambio-entre-colapinto-y-gasly-dentro-de-un-auto-superdeportivo-de-alpine\/#primaryimage"},"image":{"@id":"https:\/\/lobosnews.com.ar\/index.php\/2026\/01\/25\/hasta-la-luna-el-divertido-intercambio-entre-colapinto-y-gasly-dentro-de-un-auto-superdeportivo-de-alpine\/#primaryimage"},"thumbnailUrl":"https:\/\/lobosnews.com.ar\/wp-content\/uploads\/2026\/01\/hasta-la-luna-el-divertido-intercambio-entre-colapinto-y-gasly-dentro-de-un-auto-superdeportivo-de-alpine.jpg","datePublished":"2026-01-25T00:59:14+00:00","dateModified":"2026-01-25T03:57:17+00:00","breadcrumb":{"@id":"https:\/\/lobosnews.com.ar\/index.php\/2026\/01\/25\/hasta-la-luna-el-divertido-intercambio-entre-colapinto-y-gasly-dentro-de-un-auto-superdeportivo-de-alpine\/#breadcrumb"},"inLanguage":"es","potentialAction":[{"@type":"ReadAction","target":["https:\/\/lobosnews.com.ar\/index.php\/2026\/01\/25\/hasta-la-luna-el-divertido-intercambio-entre-colapinto-y-gasly-dentro-de-un-auto-superdeportivo-de-alpine\/"]}]},{"@type":"ImageObject","inLanguage":"es","@id":"https:\/\/lobosnews.com.ar\/index.php\/2026\/01\/25\/hasta-la-luna-el-divertido-intercambio-entre-colapinto-y-gasly-dentro-de-un-auto-superdeportivo-de-alpine\/#primaryimage","url":"https:\/\/lobosnews.com.ar\/wp-content\/uploads\/2026\/01\/hasta-la-luna-el-divertido-intercambio-entre-colapinto-y-gasly-dentro-de-un-auto-superdeportivo-de-alpine.jpg","contentUrl":"https:\/\/lobosnews.com.ar\/wp-content\/uploads\/2026\/01\/hasta-la-luna-el-divertido-intercambio-entre-colapinto-y-gasly-dentro-de-un-auto-superdeportivo-de-alpine.jpg"},{"@type":"BreadcrumbList","@id":"https:\/\/lobosnews.com.ar\/index.php\/2026\/01\/25\/hasta-la-luna-el-divertido-intercambio-entre-colapinto-y-gasly-dentro-de-un-auto-superdeportivo-de-alpine\/#breadcrumb","itemListElement":[{"@type":"ListItem","position":1,"name":"Portada","item":"https:\/\/lobosnews.com.ar\/"},{"@type":"ListItem","position":2,"name":"\u201cHasta la luna\u201d: el divertido intercambio entre Colapinto y Gasly dentro de un auto superdeportivo de Alpine"}]},{"@type":"WebSite","@id":"https:\/\/lobosnews.com.ar\/#website","url":"https:\/\/lobosnews.com.ar\/","name":"Lobos News","description":"Informaci\u00f3n a cada instante","publisher":{"@id":"https:\/\/lobosnews.com.ar\/#organization"},"potentialAction":[{"@type":"SearchAction","target":{"@type":"EntryPoint","urlTemplate":"https:\/\/lobosnews.com.ar\/?s={search_term_string}"},"query-input":{"@type":"PropertyValueSpecification","valueRequired":true,"valueName":"search_term_string"}}],"inLanguage":"es"},{"@type":"Organization","@id":"https:\/\/lobosnews.com.ar\/#organization","name":"Lobos News","url":"https:\/\/lobosnews.com.ar\/","logo":{"@type":"ImageObject","inLanguage":"es","@id":"https:\/\/lobosnews.com.ar\/#\/schema\/logo\/image\/","url":"https:\/\/lobosnews.com.ar\/wp-content\/uploads\/2026\/01\/logo-lobosnews.png","contentUrl":"https:\/\/lobosnews.com.ar\/wp-content\/uploads\/2026\/01\/logo-lobosnews.png","width":500,"height":200,"caption":"Lobos News"},"image":{"@id":"https:\/\/lobosnews.com.ar\/#\/schema\/logo\/image\/"}},{"@type":"Person","@id":"https:\/\/lobosnews.com.ar\/#\/schema\/person\/232422a593d5c541dd9aef6aaed10943","name":"admin","image":{"@type":"ImageObject","inLanguage":"es","@id":"https:\/\/lobosnews.com.ar\/#\/schema\/person\/image\/","url":"https:\/\/secure.gravatar.com\/avatar\/76e419471a2083bc3ceab22a763dbbf9b0c1bd15a6214cf3280e2c2dde4580f9?s=96&d=mm&r=g","contentUrl":"https:\/\/secure.gravatar.com\/avatar\/76e419471a2083bc3ceab22a763dbbf9b0c1bd15a6214cf3280e2c2dde4580f9?s=96&d=mm&r=g","caption":"admin"},"sameAs":["https:\/\/lobosnews.com.ar"],"url":"https:\/\/lobosnews.com.ar\/index.php\/author\/lobos-news\/"}]}},"jetpack_featured_media_url":"","jetpack_sharing_enabled":true,"_links":{"self":[{"href":"https:\/\/lobosnews.com.ar\/index.php\/wp-json\/wp\/v2\/posts\/11196","targetHints":{"allow":["GET"]}}],"collection":[{"href":"https:\/\/lobosnews.com.ar\/index.php\/wp-json\/wp\/v2\/posts"}],"about":[{"href":"https:\/\/lobosnews.com.ar\/index.php\/wp-json\/wp\/v2\/types\/post"}],"author":[{"embeddable":true,"href":"https:\/\/lobosnews.com.ar\/index.php\/wp-json\/wp\/v2\/users\/1"}],"replies":[{"embeddable":true,"href":"https:\/\/lobosnews.com.ar\/index.php\/wp-json\/wp\/v2\/comments?post=11196"}],"version-history":[{"count":1,"href":"https:\/\/lobosnews.com.ar\/index.php\/wp-json\/wp\/v2\/posts\/11196\/revisions"}],"predecessor-version":[{"id":11200,"href":"https:\/\/lobosnews.com.ar\/index.php\/wp-json\/wp\/v2\/posts\/11196\/revisions\/11200"}],"wp:attachment":[{"href":"https:\/\/lobosnews.com.ar\/index.php\/wp-json\/wp\/v2\/media?parent=11196"}],"wp:term":[{"taxonomy":"category","embeddable":true,"href":"https:\/\/lobosnews.com.ar\/index.php\/wp-json\/wp\/v2\/categories?post=11196"},{"taxonomy":"post_tag","embeddable":true,"href":"https:\/\/lobosnews.com.ar\/index.php\/wp-json\/wp\/v2\/tags?post=11196"}],"curies":[{"name":"wp","href":"https:\/\/api.w.org\/{rel}","templated":true}]}}