{"id":11185,"date":"2026-01-25T02:11:08","date_gmt":"2026-01-25T02:11:08","guid":{"rendered":"https:\/\/lobosnews.com.ar\/index.php\/2026\/01\/25\/la-emocion-del-jugador-argentino-de-alianza-lima-que-se-llevo-la-camiseta-de-lionel-messi-el-gesto-que-lo-conmovio\/"},"modified":"2026-01-25T03:56:51","modified_gmt":"2026-01-25T03:56:51","slug":"la-emocion-del-jugador-argentino-de-alianza-lima-que-se-llevo-la-camiseta-de-lionel-messi-el-gesto-que-lo-conmovio","status":"publish","type":"post","link":"https:\/\/lobosnews.com.ar\/index.php\/2026\/01\/25\/la-emocion-del-jugador-argentino-de-alianza-lima-que-se-llevo-la-camiseta-de-lionel-messi-el-gesto-que-lo-conmovio\/","title":{"rendered":"La emoci\u00f3n del jugador argentino de Alianza Lima que se llev\u00f3 la camiseta de Lionel Messi: el gesto que lo conmovi\u00f3"},"content":{"rendered":"<p>El <span class=\"waslinkname\">amistoso entre <b>Alianza Lima<\/b> e <b>Inter Miami<\/b><\/span> en <b>Per\u00fa <\/b>entreg\u00f3 una de las historias del d\u00eda, que dej\u00f3 en un segundo plano la victoria de los <i>Aliancistas <\/i>por<b> 3-0<\/b> en el <i>Estadio Alejandro Villanueva<\/i>, recinto ubicado en la capital peruana de Lima. Todo sucedi\u00f3 tras el pitazo final, cuando las c\u00e1maras se dirigieron hacia <b>Lionel Messi<\/b> y captaron el momento en el que intercambi\u00f3 camisetas con <b>Alan Cantero<\/b>, atacante local con pasado en el f\u00fatbol argentino.<\/p>\n<p>El extremo izquierdo de 27 a\u00f1os dialog\u00f3 con <i>L1 Max<\/i> en un relato a flor de piel despu\u00e9s de estrecharse en un abrazo con el mejor jugador del mundo: \u201c<b>Es mi \u00eddolo<\/b>, fue mi inspiraci\u00f3n desde chico para llegar a lo que llegue. Estoy muy emocionado, la verdad. <b>Es una locura lo que genera, estoy cumpliendo un sue\u00f1o. Estoy muy emocionado<\/b>\u201d.<\/p>\n<p>A continuaci\u00f3n, explic\u00f3 su pedido espont\u00e1neo al <i>10<\/i> para quedarse con su casaca: <b>\u201cNo, no se la ped\u00ed antes. Cuando termin\u00f3 el partido, lo salud\u00e9, era algo que anhelaba tanto. Tengo una felicidad inmensa, es un orgullo haber compartido la misma cancha.<\/b> Estoy cumpliendo un sue\u00f1o. Es un fen\u00f3meno, el \u00eddolo de todos\u201d. <\/p>\n<p><img loading=\"lazy\" decoding=\"async\" src=\"https:\/\/lobosnews.com.ar\/wp-content\/uploads\/2026\/01\/la-emocion-del-jugador-argentino-de-alianza-lima-que-se-llevo-la-camiseta-de-lionel-messi-el-gesto-que-lo-conmovio.jpg\" alt=\"Lionel Messi jug\u00f3 62 minutos en el amistoso ante Alianza Lima (Cr\u00e9dito: Reuters\/Paloma Del Solar)\" height=\"4958\" width=\"7532\"\/><\/p>\n<p><b>\u201cEsta camiseta la voy ya tener guardada para siempre. Va a quedar as\u00ed, vamos a hacer un cuadro. No lo puedo creer, no caigo\u201d<\/b>, manifest\u00f3 Cantero, quien jug\u00f3 en <b>Estudiantes de Buenos Aires<\/b> y <b>Barracas Central<\/b>. Arrib\u00f3 a <b>Alianza Lima<\/b> a principios de 2025 en calidad de pr\u00e9stamo desde <b>Godoy Cruz<\/b> y la entidad peruana concret\u00f3 su continuidad en el plantel comandado por <b>Pablo Guede<\/b>.<\/p>\n<p>M\u00e1s adelante, se refiri\u00f3 a la actitud de Messi que lo conmovi\u00f3: \u201c<b>Siempre tuve la fe de poder darle un abrazo, me llevo ese gesto de \u00e9l, no tiene precio.<\/b> Si hubiera pensado tener este momento antes, no se me pasaba por la cabeza\u201d. Adem\u00e1s, aclar\u00f3 que sab\u00eda la posibilidad de que <b>Paolo Guerrero<\/b> le pida el enroque de camisetas a <i>Leo<\/i>, pero eso no lo detuvo para buscar su cometido: \u201c<b>No lo puedo creer. Estoy viviendo un sue\u00f1o, ojal\u00e1 que dure toda la vida<\/b>\u201d. \u201cSiempre de chico cuando jugaba con mis amigos dec\u00eda que era Messi, es la inspiraci\u00f3n de todos. Darle un abrazo&#8230; No tengo palabras para expresar este momento. Le quiero dar gracias a Alianza, que gracias a ellos pude cumplir uno de mis sue\u00f1os\u201d, concluy\u00f3.<\/p>\n<p>En la previa al partido, <b>Alan Cantero<\/b> fue el gran protagonista porque durante el precalentamiento dej\u00f3 ver el tatuaje dedicado al ocho veces ganador del Bal\u00f3n de Oro. El jugador posee el dise\u00f1o sobre su pierna derecha y <b>muestra la ic\u00f3nica imagen de Lionel Messi d\u00e1ndole un beso a la Copa del Mundo<\/b> ganada en Qatar.<\/p>\n<p><img loading=\"lazy\" decoding=\"async\" src=\"https:\/\/lobosnews.com.ar\/wp-content\/uploads\/2026\/01\/la-emocion-del-jugador-argentino-de-alianza-lima-que-se-llevo-la-camiseta-de-lionel-messi-el-gesto-que-lo-conmovio-1.jpg\" alt=\"El tatuaje de Alan Cantero dedicado a Messi (Captura de Instagram)\" height=\"1080\" width=\"1920\"\/><\/p>\n<p>El bicampe\u00f3n de Am\u00e9rica con la <b>selecci\u00f3n argentina<\/b> sali\u00f3 reemplazado a los 62 minutos del amistoso contra <b>Alianza Lima<\/b> en una oleada de modificaciones que tambi\u00e9n incluy\u00f3 a <b>Luis Su\u00e1rez<\/b> y <b>Rodrigo De Paul<\/b>. Por otro lado, <b>Cantero <\/b>fue suplente e ingres\u00f3 en el entretiempo en uno de los cinco cambios introducidos por <b>Guede <\/b>para la segunda parte. De hecho, contribuy\u00f3 en el 3-0 con un env\u00edo largo a la corrida de <b>Federico Girotti<\/b>, quien le cedi\u00f3 el bal\u00f3n a <b>Luis Ramos<\/b> para la anotaci\u00f3n del \u00faltimo gol. Los dos primeros fueron convertidos por <b>Paolo Guerrero<\/b> en la etapa inicial.<\/p>\n<p><b>Inter Miami<\/b> volver\u00e1 a jugar el s\u00e1bado 31 de enero (22:00 de Argentina) ante <b>Atl\u00e9tico Nacional <\/b>en el <i>Estadio Atanasio Girardot <\/i>de Medell\u00edn, Colombia. Su pretemporada seguir\u00e1 con el cruce contra <b>Barcelona SC<\/b> en el <i>Estadio Monumental de Guayaquil<\/i> el s\u00e1bado 7 de febrero de 2026 (21h de Argentina). Adem\u00e1s, las<i> Garzas <\/i>anunciaron un partido de preparaci\u00f3n adicional como parte del Tour de Campeones 2026: jugar\u00e1n contra <b>Independiente del Valle<\/b>, en el estadio <i>Juan Ram\u00f3n Loubriel <\/i>ubicado en Bayam\u00f3n, Puerto Rico, el 13 de febrero (22:00 de Argentina).<\/p>\n","protected":false},"excerpt":{"rendered":"<p>El amistoso entre Alianza Lima e Inter Miami en Per\u00fa entreg\u00f3 una de las historias del d\u00eda, que dej\u00f3 en un segundo plano la victoria de los Aliancistas por 3-0 en el Estadio Alejandro Villanueva, recinto ubicado en la capital peruana de Lima. Todo sucedi\u00f3 tras el pitazo final, cuando las c\u00e1maras se dirigieron hacia&#8230;<\/p>\n","protected":false},"author":1,"featured_media":0,"comment_status":"open","ping_status":"closed","sticky":false,"template":"","format":"standard","meta":{"_jetpack_memberships_contains_paid_content":false,"footnotes":""},"categories":[30],"tags":[39],"class_list":["post-11185","post","type-post","status-publish","format-standard","hentry","category-argentina","tag-deportes"],"magazineBlocksPostFeaturedMedia":{"thumbnail":false,"medium":false,"medium_large":false,"large":false,"1536x1536":false,"2048x2048":false,"newsmatic-featured":false,"newsmatic-list":false,"newsmatic-thumb":false,"newsmatic-small":false,"newsmatic-grid":false},"magazineBlocksPostAuthor":{"name":"admin","avatar":"https:\/\/secure.gravatar.com\/avatar\/76e419471a2083bc3ceab22a763dbbf9b0c1bd15a6214cf3280e2c2dde4580f9?s=96&d=mm&r=g"},"magazineBlocksPostCommentsNumber":"0","magazineBlocksPostExcerpt":"El amistoso entre Alianza Lima e Inter Miami en Per\u00fa entreg\u00f3 una de las historias del d\u00eda, que dej\u00f3 en un segundo plano la victoria de los Aliancistas por 3-0 en el Estadio Alejandro Villanueva, recinto ubicado en la capital peruana de Lima. Todo sucedi\u00f3 tras el pitazo final, cuando las c\u00e1maras se dirigieron hacia...","magazineBlocksPostCategories":["Argentina"],"magazineBlocksPostViewCount":205,"magazineBlocksPostReadTime":4,"magazine_blocks_featured_image_url":{"full":false,"medium":false,"thumbnail":false},"magazine_blocks_author":{"display_name":"admin","author_link":"https:\/\/lobosnews.com.ar\/index.php\/author\/lobos-news\/"},"magazine_blocks_comment":0,"magazine_blocks_author_image":"https:\/\/secure.gravatar.com\/avatar\/76e419471a2083bc3ceab22a763dbbf9b0c1bd15a6214cf3280e2c2dde4580f9?s=96&d=mm&r=g","magazine_blocks_category":"<a href=\"#\" class=\"category-link category-link-30\">Argentina<\/a>","yoast_head":"<!-- This site is optimized with the Yoast SEO plugin v26.6 - https:\/\/yoast.com\/wordpress\/plugins\/seo\/ -->\n<title>La emoci\u00f3n del jugador argentino de Alianza Lima que se llev\u00f3 la camiseta de Lionel Messi: el gesto que lo conmovi\u00f3 - Lobos News<\/title>\n<meta name=\"robots\" content=\"index, follow, max-snippet:-1, max-image-preview:large, max-video-preview:-1\" \/>\n<link rel=\"canonical\" href=\"https:\/\/lobosnews.com.ar\/index.php\/2026\/01\/25\/la-emocion-del-jugador-argentino-de-alianza-lima-que-se-llevo-la-camiseta-de-lionel-messi-el-gesto-que-lo-conmovio\/\" \/>\n<meta property=\"og:locale\" content=\"es_ES\" \/>\n<meta property=\"og:type\" content=\"article\" \/>\n<meta property=\"og:title\" content=\"La emoci\u00f3n del jugador argentino de Alianza Lima que se llev\u00f3 la camiseta de Lionel Messi: el gesto que lo conmovi\u00f3 - Lobos News\" \/>\n<meta property=\"og:description\" content=\"El amistoso entre Alianza Lima e Inter Miami en Per\u00fa entreg\u00f3 una de las historias del d\u00eda, que dej\u00f3 en un segundo plano la victoria de los Aliancistas por 3-0 en el Estadio Alejandro Villanueva, recinto ubicado en la capital peruana de Lima. Todo sucedi\u00f3 tras el pitazo final, cuando las c\u00e1maras se dirigieron hacia...\" \/>\n<meta property=\"og:url\" content=\"https:\/\/lobosnews.com.ar\/index.php\/2026\/01\/25\/la-emocion-del-jugador-argentino-de-alianza-lima-que-se-llevo-la-camiseta-de-lionel-messi-el-gesto-que-lo-conmovio\/\" \/>\n<meta property=\"og:site_name\" content=\"Lobos News\" \/>\n<meta property=\"article:published_time\" content=\"2026-01-25T02:11:08+00:00\" \/>\n<meta property=\"article:modified_time\" content=\"2026-01-25T03:56:51+00:00\" \/>\n<meta property=\"og:image\" content=\"https:\/\/lobosnews.com.ar\/wp-content\/uploads\/2026\/01\/la-emocion-del-jugador-argentino-de-alianza-lima-que-se-llevo-la-camiseta-de-lionel-messi-el-gesto-que-lo-conmovio.jpg\" \/>\n<meta name=\"author\" content=\"admin\" \/>\n<meta name=\"twitter:card\" content=\"summary_large_image\" \/>\n<meta name=\"twitter:label1\" content=\"Escrito por\" \/>\n\t<meta name=\"twitter:data1\" content=\"admin\" \/>\n\t<meta name=\"twitter:label2\" content=\"Tiempo de lectura\" \/>\n\t<meta name=\"twitter:data2\" content=\"3 minutos\" \/>\n<script type=\"application\/ld+json\" class=\"yoast-schema-graph\">{\"@context\":\"https:\/\/schema.org\",\"@graph\":[{\"@type\":\"Article\",\"@id\":\"https:\/\/lobosnews.com.ar\/index.php\/2026\/01\/25\/la-emocion-del-jugador-argentino-de-alianza-lima-que-se-llevo-la-camiseta-de-lionel-messi-el-gesto-que-lo-conmovio\/#article\",\"isPartOf\":{\"@id\":\"https:\/\/lobosnews.com.ar\/index.php\/2026\/01\/25\/la-emocion-del-jugador-argentino-de-alianza-lima-que-se-llevo-la-camiseta-de-lionel-messi-el-gesto-que-lo-conmovio\/\"},\"author\":{\"name\":\"admin\",\"@id\":\"https:\/\/lobosnews.com.ar\/#\/schema\/person\/232422a593d5c541dd9aef6aaed10943\"},\"headline\":\"La emoci\u00f3n del jugador argentino de Alianza Lima que se llev\u00f3 la camiseta de Lionel Messi: el gesto que lo conmovi\u00f3\",\"datePublished\":\"2026-01-25T02:11:08+00:00\",\"dateModified\":\"2026-01-25T03:56:51+00:00\",\"mainEntityOfPage\":{\"@id\":\"https:\/\/lobosnews.com.ar\/index.php\/2026\/01\/25\/la-emocion-del-jugador-argentino-de-alianza-lima-que-se-llevo-la-camiseta-de-lionel-messi-el-gesto-que-lo-conmovio\/\"},\"wordCount\":680,\"commentCount\":0,\"publisher\":{\"@id\":\"https:\/\/lobosnews.com.ar\/#organization\"},\"image\":{\"@id\":\"https:\/\/lobosnews.com.ar\/index.php\/2026\/01\/25\/la-emocion-del-jugador-argentino-de-alianza-lima-que-se-llevo-la-camiseta-de-lionel-messi-el-gesto-que-lo-conmovio\/#primaryimage\"},\"thumbnailUrl\":\"https:\/\/lobosnews.com.ar\/wp-content\/uploads\/2026\/01\/la-emocion-del-jugador-argentino-de-alianza-lima-que-se-llevo-la-camiseta-de-lionel-messi-el-gesto-que-lo-conmovio.jpg\",\"keywords\":[\"Deportes\"],\"articleSection\":[\"Argentina\"],\"inLanguage\":\"es\",\"potentialAction\":[{\"@type\":\"CommentAction\",\"name\":\"Comment\",\"target\":[\"https:\/\/lobosnews.com.ar\/index.php\/2026\/01\/25\/la-emocion-del-jugador-argentino-de-alianza-lima-que-se-llevo-la-camiseta-de-lionel-messi-el-gesto-que-lo-conmovio\/#respond\"]}]},{\"@type\":\"WebPage\",\"@id\":\"https:\/\/lobosnews.com.ar\/index.php\/2026\/01\/25\/la-emocion-del-jugador-argentino-de-alianza-lima-que-se-llevo-la-camiseta-de-lionel-messi-el-gesto-que-lo-conmovio\/\",\"url\":\"https:\/\/lobosnews.com.ar\/index.php\/2026\/01\/25\/la-emocion-del-jugador-argentino-de-alianza-lima-que-se-llevo-la-camiseta-de-lionel-messi-el-gesto-que-lo-conmovio\/\",\"name\":\"La emoci\u00f3n del jugador argentino de Alianza Lima que se llev\u00f3 la camiseta de Lionel Messi: el gesto que lo conmovi\u00f3 - Lobos News\",\"isPartOf\":{\"@id\":\"https:\/\/lobosnews.com.ar\/#website\"},\"primaryImageOfPage\":{\"@id\":\"https:\/\/lobosnews.com.ar\/index.php\/2026\/01\/25\/la-emocion-del-jugador-argentino-de-alianza-lima-que-se-llevo-la-camiseta-de-lionel-messi-el-gesto-que-lo-conmovio\/#primaryimage\"},\"image\":{\"@id\":\"https:\/\/lobosnews.com.ar\/index.php\/2026\/01\/25\/la-emocion-del-jugador-argentino-de-alianza-lima-que-se-llevo-la-camiseta-de-lionel-messi-el-gesto-que-lo-conmovio\/#primaryimage\"},\"thumbnailUrl\":\"https:\/\/lobosnews.com.ar\/wp-content\/uploads\/2026\/01\/la-emocion-del-jugador-argentino-de-alianza-lima-que-se-llevo-la-camiseta-de-lionel-messi-el-gesto-que-lo-conmovio.jpg\",\"datePublished\":\"2026-01-25T02:11:08+00:00\",\"dateModified\":\"2026-01-25T03:56:51+00:00\",\"breadcrumb\":{\"@id\":\"https:\/\/lobosnews.com.ar\/index.php\/2026\/01\/25\/la-emocion-del-jugador-argentino-de-alianza-lima-que-se-llevo-la-camiseta-de-lionel-messi-el-gesto-que-lo-conmovio\/#breadcrumb\"},\"inLanguage\":\"es\",\"potentialAction\":[{\"@type\":\"ReadAction\",\"target\":[\"https:\/\/lobosnews.com.ar\/index.php\/2026\/01\/25\/la-emocion-del-jugador-argentino-de-alianza-lima-que-se-llevo-la-camiseta-de-lionel-messi-el-gesto-que-lo-conmovio\/\"]}]},{\"@type\":\"ImageObject\",\"inLanguage\":\"es\",\"@id\":\"https:\/\/lobosnews.com.ar\/index.php\/2026\/01\/25\/la-emocion-del-jugador-argentino-de-alianza-lima-que-se-llevo-la-camiseta-de-lionel-messi-el-gesto-que-lo-conmovio\/#primaryimage\",\"url\":\"https:\/\/lobosnews.com.ar\/wp-content\/uploads\/2026\/01\/la-emocion-del-jugador-argentino-de-alianza-lima-que-se-llevo-la-camiseta-de-lionel-messi-el-gesto-que-lo-conmovio.jpg\",\"contentUrl\":\"https:\/\/lobosnews.com.ar\/wp-content\/uploads\/2026\/01\/la-emocion-del-jugador-argentino-de-alianza-lima-que-se-llevo-la-camiseta-de-lionel-messi-el-gesto-que-lo-conmovio.jpg\"},{\"@type\":\"BreadcrumbList\",\"@id\":\"https:\/\/lobosnews.com.ar\/index.php\/2026\/01\/25\/la-emocion-del-jugador-argentino-de-alianza-lima-que-se-llevo-la-camiseta-de-lionel-messi-el-gesto-que-lo-conmovio\/#breadcrumb\",\"itemListElement\":[{\"@type\":\"ListItem\",\"position\":1,\"name\":\"Portada\",\"item\":\"https:\/\/lobosnews.com.ar\/\"},{\"@type\":\"ListItem\",\"position\":2,\"name\":\"La emoci\u00f3n del jugador argentino de Alianza Lima que se llev\u00f3 la camiseta de Lionel Messi: el gesto que lo conmovi\u00f3\"}]},{\"@type\":\"WebSite\",\"@id\":\"https:\/\/lobosnews.com.ar\/#website\",\"url\":\"https:\/\/lobosnews.com.ar\/\",\"name\":\"Lobos News\",\"description\":\"Informaci\u00f3n a cada instante\",\"publisher\":{\"@id\":\"https:\/\/lobosnews.com.ar\/#organization\"},\"potentialAction\":[{\"@type\":\"SearchAction\",\"target\":{\"@type\":\"EntryPoint\",\"urlTemplate\":\"https:\/\/lobosnews.com.ar\/?s={search_term_string}\"},\"query-input\":{\"@type\":\"PropertyValueSpecification\",\"valueRequired\":true,\"valueName\":\"search_term_string\"}}],\"inLanguage\":\"es\"},{\"@type\":\"Organization\",\"@id\":\"https:\/\/lobosnews.com.ar\/#organization\",\"name\":\"Lobos News\",\"url\":\"https:\/\/lobosnews.com.ar\/\",\"logo\":{\"@type\":\"ImageObject\",\"inLanguage\":\"es\",\"@id\":\"https:\/\/lobosnews.com.ar\/#\/schema\/logo\/image\/\",\"url\":\"https:\/\/lobosnews.com.ar\/wp-content\/uploads\/2026\/01\/logo-lobosnews.png\",\"contentUrl\":\"https:\/\/lobosnews.com.ar\/wp-content\/uploads\/2026\/01\/logo-lobosnews.png\",\"width\":500,\"height\":200,\"caption\":\"Lobos News\"},\"image\":{\"@id\":\"https:\/\/lobosnews.com.ar\/#\/schema\/logo\/image\/\"}},{\"@type\":\"Person\",\"@id\":\"https:\/\/lobosnews.com.ar\/#\/schema\/person\/232422a593d5c541dd9aef6aaed10943\",\"name\":\"admin\",\"image\":{\"@type\":\"ImageObject\",\"inLanguage\":\"es\",\"@id\":\"https:\/\/lobosnews.com.ar\/#\/schema\/person\/image\/\",\"url\":\"https:\/\/secure.gravatar.com\/avatar\/76e419471a2083bc3ceab22a763dbbf9b0c1bd15a6214cf3280e2c2dde4580f9?s=96&d=mm&r=g\",\"contentUrl\":\"https:\/\/secure.gravatar.com\/avatar\/76e419471a2083bc3ceab22a763dbbf9b0c1bd15a6214cf3280e2c2dde4580f9?s=96&d=mm&r=g\",\"caption\":\"admin\"},\"sameAs\":[\"https:\/\/lobosnews.com.ar\"],\"url\":\"https:\/\/lobosnews.com.ar\/index.php\/author\/lobos-news\/\"}]}<\/script>\n<!-- \/ Yoast SEO plugin. -->","yoast_head_json":{"title":"La emoci\u00f3n del jugador argentino de Alianza Lima que se llev\u00f3 la camiseta de Lionel Messi: el gesto que lo conmovi\u00f3 - Lobos News","robots":{"index":"index","follow":"follow","max-snippet":"max-snippet:-1","max-image-preview":"max-image-preview:large","max-video-preview":"max-video-preview:-1"},"canonical":"https:\/\/lobosnews.com.ar\/index.php\/2026\/01\/25\/la-emocion-del-jugador-argentino-de-alianza-lima-que-se-llevo-la-camiseta-de-lionel-messi-el-gesto-que-lo-conmovio\/","og_locale":"es_ES","og_type":"article","og_title":"La emoci\u00f3n del jugador argentino de Alianza Lima que se llev\u00f3 la camiseta de Lionel Messi: el gesto que lo conmovi\u00f3 - Lobos News","og_description":"El amistoso entre Alianza Lima e Inter Miami en Per\u00fa entreg\u00f3 una de las historias del d\u00eda, que dej\u00f3 en un segundo plano la victoria de los Aliancistas por 3-0 en el Estadio Alejandro Villanueva, recinto ubicado en la capital peruana de Lima. Todo sucedi\u00f3 tras el pitazo final, cuando las c\u00e1maras se dirigieron hacia...","og_url":"https:\/\/lobosnews.com.ar\/index.php\/2026\/01\/25\/la-emocion-del-jugador-argentino-de-alianza-lima-que-se-llevo-la-camiseta-de-lionel-messi-el-gesto-que-lo-conmovio\/","og_site_name":"Lobos News","article_published_time":"2026-01-25T02:11:08+00:00","article_modified_time":"2026-01-25T03:56:51+00:00","og_image":[{"url":"https:\/\/lobosnews.com.ar\/wp-content\/uploads\/2026\/01\/la-emocion-del-jugador-argentino-de-alianza-lima-que-se-llevo-la-camiseta-de-lionel-messi-el-gesto-que-lo-conmovio.jpg","type":"","width":"","height":""}],"author":"admin","twitter_card":"summary_large_image","twitter_misc":{"Escrito por":"admin","Tiempo de lectura":"3 minutos"},"schema":{"@context":"https:\/\/schema.org","@graph":[{"@type":"Article","@id":"https:\/\/lobosnews.com.ar\/index.php\/2026\/01\/25\/la-emocion-del-jugador-argentino-de-alianza-lima-que-se-llevo-la-camiseta-de-lionel-messi-el-gesto-que-lo-conmovio\/#article","isPartOf":{"@id":"https:\/\/lobosnews.com.ar\/index.php\/2026\/01\/25\/la-emocion-del-jugador-argentino-de-alianza-lima-que-se-llevo-la-camiseta-de-lionel-messi-el-gesto-que-lo-conmovio\/"},"author":{"name":"admin","@id":"https:\/\/lobosnews.com.ar\/#\/schema\/person\/232422a593d5c541dd9aef6aaed10943"},"headline":"La emoci\u00f3n del jugador argentino de Alianza Lima que se llev\u00f3 la camiseta de Lionel Messi: el gesto que lo conmovi\u00f3","datePublished":"2026-01-25T02:11:08+00:00","dateModified":"2026-01-25T03:56:51+00:00","mainEntityOfPage":{"@id":"https:\/\/lobosnews.com.ar\/index.php\/2026\/01\/25\/la-emocion-del-jugador-argentino-de-alianza-lima-que-se-llevo-la-camiseta-de-lionel-messi-el-gesto-que-lo-conmovio\/"},"wordCount":680,"commentCount":0,"publisher":{"@id":"https:\/\/lobosnews.com.ar\/#organization"},"image":{"@id":"https:\/\/lobosnews.com.ar\/index.php\/2026\/01\/25\/la-emocion-del-jugador-argentino-de-alianza-lima-que-se-llevo-la-camiseta-de-lionel-messi-el-gesto-que-lo-conmovio\/#primaryimage"},"thumbnailUrl":"https:\/\/lobosnews.com.ar\/wp-content\/uploads\/2026\/01\/la-emocion-del-jugador-argentino-de-alianza-lima-que-se-llevo-la-camiseta-de-lionel-messi-el-gesto-que-lo-conmovio.jpg","keywords":["Deportes"],"articleSection":["Argentina"],"inLanguage":"es","potentialAction":[{"@type":"CommentAction","name":"Comment","target":["https:\/\/lobosnews.com.ar\/index.php\/2026\/01\/25\/la-emocion-del-jugador-argentino-de-alianza-lima-que-se-llevo-la-camiseta-de-lionel-messi-el-gesto-que-lo-conmovio\/#respond"]}]},{"@type":"WebPage","@id":"https:\/\/lobosnews.com.ar\/index.php\/2026\/01\/25\/la-emocion-del-jugador-argentino-de-alianza-lima-que-se-llevo-la-camiseta-de-lionel-messi-el-gesto-que-lo-conmovio\/","url":"https:\/\/lobosnews.com.ar\/index.php\/2026\/01\/25\/la-emocion-del-jugador-argentino-de-alianza-lima-que-se-llevo-la-camiseta-de-lionel-messi-el-gesto-que-lo-conmovio\/","name":"La emoci\u00f3n del jugador argentino de Alianza Lima que se llev\u00f3 la camiseta de Lionel Messi: el gesto que lo conmovi\u00f3 - Lobos News","isPartOf":{"@id":"https:\/\/lobosnews.com.ar\/#website"},"primaryImageOfPage":{"@id":"https:\/\/lobosnews.com.ar\/index.php\/2026\/01\/25\/la-emocion-del-jugador-argentino-de-alianza-lima-que-se-llevo-la-camiseta-de-lionel-messi-el-gesto-que-lo-conmovio\/#primaryimage"},"image":{"@id":"https:\/\/lobosnews.com.ar\/index.php\/2026\/01\/25\/la-emocion-del-jugador-argentino-de-alianza-lima-que-se-llevo-la-camiseta-de-lionel-messi-el-gesto-que-lo-conmovio\/#primaryimage"},"thumbnailUrl":"https:\/\/lobosnews.com.ar\/wp-content\/uploads\/2026\/01\/la-emocion-del-jugador-argentino-de-alianza-lima-que-se-llevo-la-camiseta-de-lionel-messi-el-gesto-que-lo-conmovio.jpg","datePublished":"2026-01-25T02:11:08+00:00","dateModified":"2026-01-25T03:56:51+00:00","breadcrumb":{"@id":"https:\/\/lobosnews.com.ar\/index.php\/2026\/01\/25\/la-emocion-del-jugador-argentino-de-alianza-lima-que-se-llevo-la-camiseta-de-lionel-messi-el-gesto-que-lo-conmovio\/#breadcrumb"},"inLanguage":"es","potentialAction":[{"@type":"ReadAction","target":["https:\/\/lobosnews.com.ar\/index.php\/2026\/01\/25\/la-emocion-del-jugador-argentino-de-alianza-lima-que-se-llevo-la-camiseta-de-lionel-messi-el-gesto-que-lo-conmovio\/"]}]},{"@type":"ImageObject","inLanguage":"es","@id":"https:\/\/lobosnews.com.ar\/index.php\/2026\/01\/25\/la-emocion-del-jugador-argentino-de-alianza-lima-que-se-llevo-la-camiseta-de-lionel-messi-el-gesto-que-lo-conmovio\/#primaryimage","url":"https:\/\/lobosnews.com.ar\/wp-content\/uploads\/2026\/01\/la-emocion-del-jugador-argentino-de-alianza-lima-que-se-llevo-la-camiseta-de-lionel-messi-el-gesto-que-lo-conmovio.jpg","contentUrl":"https:\/\/lobosnews.com.ar\/wp-content\/uploads\/2026\/01\/la-emocion-del-jugador-argentino-de-alianza-lima-que-se-llevo-la-camiseta-de-lionel-messi-el-gesto-que-lo-conmovio.jpg"},{"@type":"BreadcrumbList","@id":"https:\/\/lobosnews.com.ar\/index.php\/2026\/01\/25\/la-emocion-del-jugador-argentino-de-alianza-lima-que-se-llevo-la-camiseta-de-lionel-messi-el-gesto-que-lo-conmovio\/#breadcrumb","itemListElement":[{"@type":"ListItem","position":1,"name":"Portada","item":"https:\/\/lobosnews.com.ar\/"},{"@type":"ListItem","position":2,"name":"La emoci\u00f3n del jugador argentino de Alianza Lima que se llev\u00f3 la camiseta de Lionel Messi: el gesto que lo conmovi\u00f3"}]},{"@type":"WebSite","@id":"https:\/\/lobosnews.com.ar\/#website","url":"https:\/\/lobosnews.com.ar\/","name":"Lobos News","description":"Informaci\u00f3n a cada instante","publisher":{"@id":"https:\/\/lobosnews.com.ar\/#organization"},"potentialAction":[{"@type":"SearchAction","target":{"@type":"EntryPoint","urlTemplate":"https:\/\/lobosnews.com.ar\/?s={search_term_string}"},"query-input":{"@type":"PropertyValueSpecification","valueRequired":true,"valueName":"search_term_string"}}],"inLanguage":"es"},{"@type":"Organization","@id":"https:\/\/lobosnews.com.ar\/#organization","name":"Lobos News","url":"https:\/\/lobosnews.com.ar\/","logo":{"@type":"ImageObject","inLanguage":"es","@id":"https:\/\/lobosnews.com.ar\/#\/schema\/logo\/image\/","url":"https:\/\/lobosnews.com.ar\/wp-content\/uploads\/2026\/01\/logo-lobosnews.png","contentUrl":"https:\/\/lobosnews.com.ar\/wp-content\/uploads\/2026\/01\/logo-lobosnews.png","width":500,"height":200,"caption":"Lobos News"},"image":{"@id":"https:\/\/lobosnews.com.ar\/#\/schema\/logo\/image\/"}},{"@type":"Person","@id":"https:\/\/lobosnews.com.ar\/#\/schema\/person\/232422a593d5c541dd9aef6aaed10943","name":"admin","image":{"@type":"ImageObject","inLanguage":"es","@id":"https:\/\/lobosnews.com.ar\/#\/schema\/person\/image\/","url":"https:\/\/secure.gravatar.com\/avatar\/76e419471a2083bc3ceab22a763dbbf9b0c1bd15a6214cf3280e2c2dde4580f9?s=96&d=mm&r=g","contentUrl":"https:\/\/secure.gravatar.com\/avatar\/76e419471a2083bc3ceab22a763dbbf9b0c1bd15a6214cf3280e2c2dde4580f9?s=96&d=mm&r=g","caption":"admin"},"sameAs":["https:\/\/lobosnews.com.ar"],"url":"https:\/\/lobosnews.com.ar\/index.php\/author\/lobos-news\/"}]}},"jetpack_featured_media_url":"","jetpack_sharing_enabled":true,"_links":{"self":[{"href":"https:\/\/lobosnews.com.ar\/index.php\/wp-json\/wp\/v2\/posts\/11185","targetHints":{"allow":["GET"]}}],"collection":[{"href":"https:\/\/lobosnews.com.ar\/index.php\/wp-json\/wp\/v2\/posts"}],"about":[{"href":"https:\/\/lobosnews.com.ar\/index.php\/wp-json\/wp\/v2\/types\/post"}],"author":[{"embeddable":true,"href":"https:\/\/lobosnews.com.ar\/index.php\/wp-json\/wp\/v2\/users\/1"}],"replies":[{"embeddable":true,"href":"https:\/\/lobosnews.com.ar\/index.php\/wp-json\/wp\/v2\/comments?post=11185"}],"version-history":[{"count":1,"href":"https:\/\/lobosnews.com.ar\/index.php\/wp-json\/wp\/v2\/posts\/11185\/revisions"}],"predecessor-version":[{"id":11188,"href":"https:\/\/lobosnews.com.ar\/index.php\/wp-json\/wp\/v2\/posts\/11185\/revisions\/11188"}],"wp:attachment":[{"href":"https:\/\/lobosnews.com.ar\/index.php\/wp-json\/wp\/v2\/media?parent=11185"}],"wp:term":[{"taxonomy":"category","embeddable":true,"href":"https:\/\/lobosnews.com.ar\/index.php\/wp-json\/wp\/v2\/categories?post=11185"},{"taxonomy":"post_tag","embeddable":true,"href":"https:\/\/lobosnews.com.ar\/index.php\/wp-json\/wp\/v2\/tags?post=11185"}],"curies":[{"name":"wp","href":"https:\/\/api.w.org\/{rel}","templated":true}]}}