{"id":11176,"date":"2026-01-24T22:13:56","date_gmt":"2026-01-24T22:13:56","guid":{"rendered":"https:\/\/lobosnews.com.ar\/index.php\/2026\/01\/24\/festejaban-un-cumpleanos-en-mendoza-y-un-vecino-disparo-les-disparo-porque-le-molestaba-la-musica-mato-a-un-hombre\/"},"modified":"2026-01-25T02:48:59","modified_gmt":"2026-01-25T02:48:59","slug":"festejaban-un-cumpleanos-en-mendoza-y-un-vecino-disparo-les-disparo-porque-le-molestaba-la-musica-mato-a-un-hombre","status":"publish","type":"post","link":"https:\/\/lobosnews.com.ar\/index.php\/2026\/01\/24\/festejaban-un-cumpleanos-en-mendoza-y-un-vecino-disparo-les-disparo-porque-le-molestaba-la-musica-mato-a-un-hombre\/","title":{"rendered":"Festejaban un cumplea\u00f1os en Mendoza y un vecino dispar\u00f3 les dispar\u00f3 porque le molestaba la m\u00fasica: mat\u00f3 a un hombre"},"content":{"rendered":"<p><img loading=\"lazy\" decoding=\"async\" src=\"https:\/\/lobosnews.com.ar\/wp-content\/uploads\/2026\/01\/festejaban-un-cumpleanos-en-mendoza-y-un-vecino-disparo-les-disparo-porque-le-molestaba-la-musica-mato-a-un-hombre.jpg\" alt=\"Las familias involucradas en el tiroteo en Perdriel ya ten\u00edan antecedentes de conflictos y enfrentamientos previos en el barrio Costa Flores\" height=\"797\" width=\"1416\"\/><\/p>\n<p>Un aparente conflicto de larga data entre familias en <b>Luj\u00e1n de Cuyo<\/b>, en la provincia de <span class=\"waslinkname\"><b>Mendoza<\/b><\/span>, termin\u00f3 con <b>un hombre muerto tras un tiroteo en la v\u00eda p\u00fablica<\/b>. La v\u00edctima, identificada como <b>Gerardo Mauricio Gim\u00e9nez<\/b>, de 40 a\u00f1os, fue alcanzada por un disparo durante la ma\u00f1ana de este s\u00e1bado.<\/p>\n<p>El hecho ocurri\u00f3 cerca de las 9:30 en la intersecci\u00f3n de <b>Costa Flores y Thames<\/b>, en el <b>barrio Costa Flores<\/b> de la localidad <b>Perdriel<\/b>, donde m\u00faltiples llamados al 911 alertaron sobre detonaciones y la presencia de un hombre herido en la vereda. Al llegar, personal policial constat\u00f3 que hab\u00eda cartuchos de escopeta en la zona y que los vecinos se\u00f1alaban a un hombre como presunto autor del ataque.<\/p>\n<p>La v\u00edctima, que resid\u00eda en la calle Cobos, fue encontrada gravemente herida y trasladada de urgencia al <b>Hospital Central<\/b>.<\/p>\n<p><img loading=\"lazy\" decoding=\"async\" src=\"https:\/\/lobosnews.com.ar\/wp-content\/uploads\/2026\/01\/festejaban-un-cumpleanos-en-mendoza-y-un-vecino-disparo-les-disparo-porque-le-molestaba-la-musica-mato-a-un-hombre-1.jpg\" alt=\"El ataque se produjo despu\u00e9s de una discusi\u00f3n por ruidos molestos durante una fiesta infantil, seg\u00fan el testimonio de la propietaria de la vivienda (Gobierno de Mendoza)\" height=\"1080\" width=\"1980\"\/><\/p>\n<p>De acuerdo con informaci\u00f3n oficial, en el domicilio donde se produjo el tiroteo se celebraba el cumplea\u00f1os de uno de los hijos de la propietaria, de 32 a\u00f1os.<\/p>\n<p>Testigos indicaron que durante la celebraci\u00f3n comenzaron las discusiones, presuntamente motivadas por ruidos molestos y gritos. Tal como relat\u00f3 la due\u00f1a de la vivienda a los agentes policiales, en ese contexto, los agresores comenzaron a disparar contra la casa, y uno de los proyectiles impact\u00f3 en la v\u00edctima.<\/p>\n<p>El <b>Servicio de Emergencias Coordinado<\/b> asisti\u00f3 a la v\u00edctima, quien presentaba una herida de arma de fuego en el lateral derecho de la caja tor\u00e1cica, con orificio de ingreso y sin salida. Los m\u00e9dicos intentaron estabilizarlo antes de trasladarlo al hospital, donde los m\u00e9dicos certificaron el fallecimiento de Gerardo Mauricio Gim\u00e9nez.<\/p>\n<p>Durante el operativo, los agentes entrevistaron a la <b>pareja de la v\u00edctima<\/b>, de 35 a\u00f1os, quien declar\u00f3 que Gim\u00e9nez hab\u00eda salido la noche anterior sin avisar y que desconoc\u00eda su paradero hasta el momento del ataque. La propietaria de la casa tambi\u00e9n fue interrogada como testigo directa del incidente.<\/p>\n<p>En la escena del crimen se recolectaron <b>dos vainas servidas de 9 mil\u00edmetros<\/b> y una vaina de <b>escopeta calibre 12.70<\/b>. Adem\u00e1s, vecinos informaron a los uniformados que los presuntos agresores se movilizaban en un veh\u00edculo blanco, lo que permiti\u00f3 organizar un r\u00e1pido despliegue para localizarlos.<\/p>\n<p>En el procedimiento de b\u00fasqueda, personal policial logr\u00f3 interceptar en la v\u00eda p\u00fablica del callej\u00f3n Villanueva, a la altura de Vi\u00f1edos el Mirlo, al sospechoso que caminaba junto a un menor de edad y una mujer. El hombre, de 26 a\u00f1os y domiciliado en Perdriel, <b>presentaba una herida visible en el rostro<\/b>. Tras una requisa, los efectivos le incautaron un cuchillo de cocina tipo Tramontina con filo de sierra. El rastrillaje en la zona no permiti\u00f3 hallar m\u00e1s elementos vinculados al ataque.<\/p>\n<p><img loading=\"lazy\" decoding=\"async\" src=\"https:\/\/lobosnews.com.ar\/wp-content\/uploads\/2026\/01\/festejaban-un-cumpleanos-en-mendoza-y-un-vecino-disparo-les-disparo-porque-le-molestaba-la-musica-mato-a-un-hombre-2.jpg\" alt=\"El presunto autor del homicidio, identificado como B.N.G.B., fue detenido mientras caminaba acompa\u00f1ado de una mujer y un menor de edad tras un operativo policial (T\u00e9lam)\" height=\"1080\" width=\"1980\"\/><\/p>\n<p>Fuentes de la investigaci\u00f3n se\u00f1alaron a <b>Infobae<\/b> que el episodio se inscribe en <b>una disputa previa entre las familias del barrio<\/b>, con antecedentes de problemas y enfrentamientos. Tras el hecho, los allanamientos continuaban, mientras el presunto responsable ya hab\u00eda sido detenido.<\/p>\n<p>La <b>fiscal de Luj\u00e1n <\/b>intervino en la causa y dispuso la inmediata actuaci\u00f3n del personal de cient\u00edfica en la escena, el traslado del presunto autor a la comisar\u00eda 11\u00b0, con preservaci\u00f3n de sus manos para peritaje de barrido, y la remisi\u00f3n de la mujer y el menor a la comisar\u00eda 48\u00b0, poni\u00e9ndose en conocimiento al <b>Equipo T\u00e9cnico Interdisciplinario (ETI) <\/b>por la situaci\u00f3n del menor involucrado. Tambi\u00e9n se orden\u00f3 el traslado de los testigos para las declaraciones formales.<\/p>\n<p>Adem\u00e1s, tanto la v\u00edctima como el presunto agresor contaban con antecedentes penales. Gim\u00e9nez registraba <b>causas por resistencia a la autoridad en diciembre de 2021 y por uso de documento falso en abril de 2020<\/b>. Por su parte, el atacante hab\u00eda sido <b>acusado de amenazas agravadas por uso de arma<\/b> en marzo de 2020, <b>robo agravado por participaci\u00f3n de menores<\/b> en agosto de 2018 y <b>robo calificado en poblado y en banda<\/b> en junio de 2018.<\/p>\n<p>Las autoridades mantienen activo el operativo para recolectar evidencia y esclarecer la mec\u00e1nica exacta de los disparos, en el marco de la investigaci\u00f3n por <b>homicidio agravado<\/b>.<\/p>\n","protected":false},"excerpt":{"rendered":"<p>Un aparente conflicto de larga data entre familias en Luj\u00e1n de Cuyo, en la provincia de Mendoza, termin\u00f3 con un hombre muerto tras un tiroteo en la v\u00eda p\u00fablica. La v\u00edctima, identificada como Gerardo Mauricio Gim\u00e9nez, de 40 a\u00f1os, fue alcanzada por un disparo durante la ma\u00f1ana de este s\u00e1bado. El hecho ocurri\u00f3 cerca de&#8230;<\/p>\n","protected":false},"author":1,"featured_media":11181,"comment_status":"open","ping_status":"closed","sticky":false,"template":"","format":"standard","meta":{"_jetpack_memberships_contains_paid_content":false,"footnotes":""},"categories":[31,30,32,77,84,35,36,37],"tags":[],"class_list":["post-11176","post","type-post","status-publish","format-standard","has-post-thumbnail","hentry","category-actualidad","category-argentina","category-economia","category-inseguridad","category-masradios-com","category-nacionales","category-seguridad","category-sociedad"],"magazineBlocksPostFeaturedMedia":{"thumbnail":"https:\/\/lobosnews.com.ar\/wp-content\/uploads\/2026\/01\/festejaban-un-cumpleanos-en-mendoza-y-un-vecino-disparo-les-disparo-porque-le-molestaba-la-musica-mato-a-un-hombre-4-150x150.jpg","medium":"https:\/\/lobosnews.com.ar\/wp-content\/uploads\/2026\/01\/festejaban-un-cumpleanos-en-mendoza-y-un-vecino-disparo-les-disparo-porque-le-molestaba-la-musica-mato-a-un-hombre-4-300x164.jpg","medium_large":"https:\/\/lobosnews.com.ar\/wp-content\/uploads\/2026\/01\/festejaban-un-cumpleanos-en-mendoza-y-un-vecino-disparo-les-disparo-porque-le-molestaba-la-musica-mato-a-un-hombre-4-768x419.jpg","large":"https:\/\/lobosnews.com.ar\/wp-content\/uploads\/2026\/01\/festejaban-un-cumpleanos-en-mendoza-y-un-vecino-disparo-les-disparo-porque-le-molestaba-la-musica-mato-a-un-hombre-4-1024x559.jpg","1536x1536":"https:\/\/lobosnews.com.ar\/wp-content\/uploads\/2026\/01\/festejaban-un-cumpleanos-en-mendoza-y-un-vecino-disparo-les-disparo-porque-le-molestaba-la-musica-mato-a-un-hombre-4-1536x838.jpg","2048x2048":"https:\/\/lobosnews.com.ar\/wp-content\/uploads\/2026\/01\/festejaban-un-cumpleanos-en-mendoza-y-un-vecino-disparo-les-disparo-porque-le-molestaba-la-musica-mato-a-un-hombre-4.jpg","newsmatic-featured":"https:\/\/lobosnews.com.ar\/wp-content\/uploads\/2026\/01\/festejaban-un-cumpleanos-en-mendoza-y-un-vecino-disparo-les-disparo-porque-le-molestaba-la-musica-mato-a-un-hombre-4-820x545.jpg","newsmatic-list":"https:\/\/lobosnews.com.ar\/wp-content\/uploads\/2026\/01\/festejaban-un-cumpleanos-en-mendoza-y-un-vecino-disparo-les-disparo-porque-le-molestaba-la-musica-mato-a-un-hombre-4-600x400.jpg","newsmatic-thumb":"https:\/\/lobosnews.com.ar\/wp-content\/uploads\/2026\/01\/festejaban-un-cumpleanos-en-mendoza-y-un-vecino-disparo-les-disparo-porque-le-molestaba-la-musica-mato-a-un-hombre-4-300x200.jpg","newsmatic-small":"https:\/\/lobosnews.com.ar\/wp-content\/uploads\/2026\/01\/festejaban-un-cumpleanos-en-mendoza-y-un-vecino-disparo-les-disparo-porque-le-molestaba-la-musica-mato-a-un-hombre-4-150x95.jpg","newsmatic-grid":"https:\/\/lobosnews.com.ar\/wp-content\/uploads\/2026\/01\/festejaban-un-cumpleanos-en-mendoza-y-un-vecino-disparo-les-disparo-porque-le-molestaba-la-musica-mato-a-un-hombre-4-400x250.jpg"},"magazineBlocksPostAuthor":{"name":"admin","avatar":"https:\/\/secure.gravatar.com\/avatar\/76e419471a2083bc3ceab22a763dbbf9b0c1bd15a6214cf3280e2c2dde4580f9?s=96&d=mm&r=g"},"magazineBlocksPostCommentsNumber":"0","magazineBlocksPostExcerpt":"Un aparente conflicto de larga data entre familias en Luj\u00e1n de Cuyo, en la provincia de Mendoza, termin\u00f3 con un hombre muerto tras un tiroteo en la v\u00eda p\u00fablica. La v\u00edctima, identificada como Gerardo Mauricio Gim\u00e9nez, de 40 a\u00f1os, fue alcanzada por un disparo durante la ma\u00f1ana de este s\u00e1bado. El hecho ocurri\u00f3 cerca de...","magazineBlocksPostCategories":["Actualidad","Argentina","econom\u00eda","inseguridad","masradios.com","nacionales","seguridad","sociedad"],"magazineBlocksPostViewCount":107,"magazineBlocksPostReadTime":4,"magazine_blocks_featured_image_url":{"full":["https:\/\/lobosnews.com.ar\/wp-content\/uploads\/2026\/01\/festejaban-un-cumpleanos-en-mendoza-y-un-vecino-disparo-les-disparo-porque-le-molestaba-la-musica-mato-a-un-hombre-4.jpg",1980,1080,false],"medium":["https:\/\/lobosnews.com.ar\/wp-content\/uploads\/2026\/01\/festejaban-un-cumpleanos-en-mendoza-y-un-vecino-disparo-les-disparo-porque-le-molestaba-la-musica-mato-a-un-hombre-4-300x164.jpg",300,164,true],"thumbnail":["https:\/\/lobosnews.com.ar\/wp-content\/uploads\/2026\/01\/festejaban-un-cumpleanos-en-mendoza-y-un-vecino-disparo-les-disparo-porque-le-molestaba-la-musica-mato-a-un-hombre-4-150x150.jpg",150,150,true]},"magazine_blocks_author":{"display_name":"admin","author_link":"https:\/\/lobosnews.com.ar\/index.php\/author\/lobos-news\/"},"magazine_blocks_comment":0,"magazine_blocks_author_image":"https:\/\/secure.gravatar.com\/avatar\/76e419471a2083bc3ceab22a763dbbf9b0c1bd15a6214cf3280e2c2dde4580f9?s=96&d=mm&r=g","magazine_blocks_category":"<a href=\"#\" class=\"category-link category-link-31\">Actualidad<\/a> <a href=\"#\" class=\"category-link category-link-30\">Argentina<\/a> <a href=\"#\" class=\"category-link category-link-32\">econom\u00eda<\/a> <a href=\"#\" class=\"category-link category-link-77\">inseguridad<\/a> <a href=\"#\" class=\"category-link category-link-84\">masradios.com<\/a> <a href=\"#\" class=\"category-link category-link-35\">nacionales<\/a> <a href=\"#\" class=\"category-link category-link-36\">seguridad<\/a> <a href=\"#\" class=\"category-link category-link-37\">sociedad<\/a>","yoast_head":"<!-- This site is optimized with the Yoast SEO plugin v26.6 - https:\/\/yoast.com\/wordpress\/plugins\/seo\/ -->\n<title>Festejaban un cumplea\u00f1os en Mendoza y un vecino dispar\u00f3 les dispar\u00f3 porque le molestaba la m\u00fasica: mat\u00f3 a un hombre - Lobos News<\/title>\n<meta name=\"robots\" content=\"index, follow, max-snippet:-1, max-image-preview:large, max-video-preview:-1\" \/>\n<link rel=\"canonical\" href=\"https:\/\/lobosnews.com.ar\/index.php\/2026\/01\/24\/festejaban-un-cumpleanos-en-mendoza-y-un-vecino-disparo-les-disparo-porque-le-molestaba-la-musica-mato-a-un-hombre\/\" \/>\n<meta property=\"og:locale\" content=\"es_ES\" \/>\n<meta property=\"og:type\" content=\"article\" \/>\n<meta property=\"og:title\" content=\"Festejaban un cumplea\u00f1os en Mendoza y un vecino dispar\u00f3 les dispar\u00f3 porque le molestaba la m\u00fasica: mat\u00f3 a un hombre - Lobos News\" \/>\n<meta property=\"og:description\" content=\"Un aparente conflicto de larga data entre familias en Luj\u00e1n de Cuyo, en la provincia de Mendoza, termin\u00f3 con un hombre muerto tras un tiroteo en la v\u00eda p\u00fablica. La v\u00edctima, identificada como Gerardo Mauricio Gim\u00e9nez, de 40 a\u00f1os, fue alcanzada por un disparo durante la ma\u00f1ana de este s\u00e1bado. El hecho ocurri\u00f3 cerca de...\" \/>\n<meta property=\"og:url\" content=\"https:\/\/lobosnews.com.ar\/index.php\/2026\/01\/24\/festejaban-un-cumpleanos-en-mendoza-y-un-vecino-disparo-les-disparo-porque-le-molestaba-la-musica-mato-a-un-hombre\/\" \/>\n<meta property=\"og:site_name\" content=\"Lobos News\" \/>\n<meta property=\"article:published_time\" content=\"2026-01-24T22:13:56+00:00\" \/>\n<meta property=\"article:modified_time\" content=\"2026-01-25T02:48:59+00:00\" \/>\n<meta property=\"og:image\" content=\"https:\/\/lobosnews.com.ar\/wp-content\/uploads\/2026\/01\/festejaban-un-cumpleanos-en-mendoza-y-un-vecino-disparo-les-disparo-porque-le-molestaba-la-musica-mato-a-un-hombre.jpg\" \/>\n<meta name=\"author\" content=\"admin\" \/>\n<meta name=\"twitter:card\" content=\"summary_large_image\" \/>\n<meta name=\"twitter:label1\" content=\"Escrito por\" \/>\n\t<meta name=\"twitter:data1\" content=\"admin\" \/>\n\t<meta name=\"twitter:label2\" content=\"Tiempo de lectura\" \/>\n\t<meta name=\"twitter:data2\" content=\"4 minutos\" \/>\n<script type=\"application\/ld+json\" class=\"yoast-schema-graph\">{\"@context\":\"https:\/\/schema.org\",\"@graph\":[{\"@type\":\"Article\",\"@id\":\"https:\/\/lobosnews.com.ar\/index.php\/2026\/01\/24\/festejaban-un-cumpleanos-en-mendoza-y-un-vecino-disparo-les-disparo-porque-le-molestaba-la-musica-mato-a-un-hombre\/#article\",\"isPartOf\":{\"@id\":\"https:\/\/lobosnews.com.ar\/index.php\/2026\/01\/24\/festejaban-un-cumpleanos-en-mendoza-y-un-vecino-disparo-les-disparo-porque-le-molestaba-la-musica-mato-a-un-hombre\/\"},\"author\":{\"name\":\"admin\",\"@id\":\"https:\/\/lobosnews.com.ar\/#\/schema\/person\/232422a593d5c541dd9aef6aaed10943\"},\"headline\":\"Festejaban un cumplea\u00f1os en Mendoza y un vecino dispar\u00f3 les dispar\u00f3 porque le molestaba la m\u00fasica: mat\u00f3 a un hombre\",\"datePublished\":\"2026-01-24T22:13:56+00:00\",\"dateModified\":\"2026-01-25T02:48:59+00:00\",\"mainEntityOfPage\":{\"@id\":\"https:\/\/lobosnews.com.ar\/index.php\/2026\/01\/24\/festejaban-un-cumpleanos-en-mendoza-y-un-vecino-disparo-les-disparo-porque-le-molestaba-la-musica-mato-a-un-hombre\/\"},\"wordCount\":729,\"commentCount\":0,\"publisher\":{\"@id\":\"https:\/\/lobosnews.com.ar\/#organization\"},\"image\":{\"@id\":\"https:\/\/lobosnews.com.ar\/index.php\/2026\/01\/24\/festejaban-un-cumpleanos-en-mendoza-y-un-vecino-disparo-les-disparo-porque-le-molestaba-la-musica-mato-a-un-hombre\/#primaryimage\"},\"thumbnailUrl\":\"https:\/\/lobosnews.com.ar\/wp-content\/uploads\/2026\/01\/festejaban-un-cumpleanos-en-mendoza-y-un-vecino-disparo-les-disparo-porque-le-molestaba-la-musica-mato-a-un-hombre-4.jpg\",\"articleSection\":[\"Actualidad\",\"Argentina\",\"econom\u00eda\",\"inseguridad\",\"masradios.com\",\"nacionales\",\"seguridad\",\"sociedad\"],\"inLanguage\":\"es\",\"potentialAction\":[{\"@type\":\"CommentAction\",\"name\":\"Comment\",\"target\":[\"https:\/\/lobosnews.com.ar\/index.php\/2026\/01\/24\/festejaban-un-cumpleanos-en-mendoza-y-un-vecino-disparo-les-disparo-porque-le-molestaba-la-musica-mato-a-un-hombre\/#respond\"]}]},{\"@type\":\"WebPage\",\"@id\":\"https:\/\/lobosnews.com.ar\/index.php\/2026\/01\/24\/festejaban-un-cumpleanos-en-mendoza-y-un-vecino-disparo-les-disparo-porque-le-molestaba-la-musica-mato-a-un-hombre\/\",\"url\":\"https:\/\/lobosnews.com.ar\/index.php\/2026\/01\/24\/festejaban-un-cumpleanos-en-mendoza-y-un-vecino-disparo-les-disparo-porque-le-molestaba-la-musica-mato-a-un-hombre\/\",\"name\":\"Festejaban un cumplea\u00f1os en Mendoza y un vecino dispar\u00f3 les dispar\u00f3 porque le molestaba la m\u00fasica: mat\u00f3 a un hombre - Lobos News\",\"isPartOf\":{\"@id\":\"https:\/\/lobosnews.com.ar\/#website\"},\"primaryImageOfPage\":{\"@id\":\"https:\/\/lobosnews.com.ar\/index.php\/2026\/01\/24\/festejaban-un-cumpleanos-en-mendoza-y-un-vecino-disparo-les-disparo-porque-le-molestaba-la-musica-mato-a-un-hombre\/#primaryimage\"},\"image\":{\"@id\":\"https:\/\/lobosnews.com.ar\/index.php\/2026\/01\/24\/festejaban-un-cumpleanos-en-mendoza-y-un-vecino-disparo-les-disparo-porque-le-molestaba-la-musica-mato-a-un-hombre\/#primaryimage\"},\"thumbnailUrl\":\"https:\/\/lobosnews.com.ar\/wp-content\/uploads\/2026\/01\/festejaban-un-cumpleanos-en-mendoza-y-un-vecino-disparo-les-disparo-porque-le-molestaba-la-musica-mato-a-un-hombre-4.jpg\",\"datePublished\":\"2026-01-24T22:13:56+00:00\",\"dateModified\":\"2026-01-25T02:48:59+00:00\",\"breadcrumb\":{\"@id\":\"https:\/\/lobosnews.com.ar\/index.php\/2026\/01\/24\/festejaban-un-cumpleanos-en-mendoza-y-un-vecino-disparo-les-disparo-porque-le-molestaba-la-musica-mato-a-un-hombre\/#breadcrumb\"},\"inLanguage\":\"es\",\"potentialAction\":[{\"@type\":\"ReadAction\",\"target\":[\"https:\/\/lobosnews.com.ar\/index.php\/2026\/01\/24\/festejaban-un-cumpleanos-en-mendoza-y-un-vecino-disparo-les-disparo-porque-le-molestaba-la-musica-mato-a-un-hombre\/\"]}]},{\"@type\":\"ImageObject\",\"inLanguage\":\"es\",\"@id\":\"https:\/\/lobosnews.com.ar\/index.php\/2026\/01\/24\/festejaban-un-cumpleanos-en-mendoza-y-un-vecino-disparo-les-disparo-porque-le-molestaba-la-musica-mato-a-un-hombre\/#primaryimage\",\"url\":\"https:\/\/lobosnews.com.ar\/wp-content\/uploads\/2026\/01\/festejaban-un-cumpleanos-en-mendoza-y-un-vecino-disparo-les-disparo-porque-le-molestaba-la-musica-mato-a-un-hombre-4.jpg\",\"contentUrl\":\"https:\/\/lobosnews.com.ar\/wp-content\/uploads\/2026\/01\/festejaban-un-cumpleanos-en-mendoza-y-un-vecino-disparo-les-disparo-porque-le-molestaba-la-musica-mato-a-un-hombre-4.jpg\",\"width\":1980,\"height\":1080,\"caption\":\"Festejaban un cumplea\u00f1os en Mendoza y un vecino dispar\u00f3 les dispar\u00f3 porque le molestaba la m\u00fasica: mat\u00f3 a un hombre\"},{\"@type\":\"BreadcrumbList\",\"@id\":\"https:\/\/lobosnews.com.ar\/index.php\/2026\/01\/24\/festejaban-un-cumpleanos-en-mendoza-y-un-vecino-disparo-les-disparo-porque-le-molestaba-la-musica-mato-a-un-hombre\/#breadcrumb\",\"itemListElement\":[{\"@type\":\"ListItem\",\"position\":1,\"name\":\"Portada\",\"item\":\"https:\/\/lobosnews.com.ar\/\"},{\"@type\":\"ListItem\",\"position\":2,\"name\":\"Festejaban un cumplea\u00f1os en Mendoza y un vecino dispar\u00f3 les dispar\u00f3 porque le molestaba la m\u00fasica: mat\u00f3 a un hombre\"}]},{\"@type\":\"WebSite\",\"@id\":\"https:\/\/lobosnews.com.ar\/#website\",\"url\":\"https:\/\/lobosnews.com.ar\/\",\"name\":\"Lobos News\",\"description\":\"Informaci\u00f3n a cada instante\",\"publisher\":{\"@id\":\"https:\/\/lobosnews.com.ar\/#organization\"},\"potentialAction\":[{\"@type\":\"SearchAction\",\"target\":{\"@type\":\"EntryPoint\",\"urlTemplate\":\"https:\/\/lobosnews.com.ar\/?s={search_term_string}\"},\"query-input\":{\"@type\":\"PropertyValueSpecification\",\"valueRequired\":true,\"valueName\":\"search_term_string\"}}],\"inLanguage\":\"es\"},{\"@type\":\"Organization\",\"@id\":\"https:\/\/lobosnews.com.ar\/#organization\",\"name\":\"Lobos News\",\"url\":\"https:\/\/lobosnews.com.ar\/\",\"logo\":{\"@type\":\"ImageObject\",\"inLanguage\":\"es\",\"@id\":\"https:\/\/lobosnews.com.ar\/#\/schema\/logo\/image\/\",\"url\":\"https:\/\/lobosnews.com.ar\/wp-content\/uploads\/2026\/01\/logo-lobosnews.png\",\"contentUrl\":\"https:\/\/lobosnews.com.ar\/wp-content\/uploads\/2026\/01\/logo-lobosnews.png\",\"width\":500,\"height\":200,\"caption\":\"Lobos News\"},\"image\":{\"@id\":\"https:\/\/lobosnews.com.ar\/#\/schema\/logo\/image\/\"}},{\"@type\":\"Person\",\"@id\":\"https:\/\/lobosnews.com.ar\/#\/schema\/person\/232422a593d5c541dd9aef6aaed10943\",\"name\":\"admin\",\"image\":{\"@type\":\"ImageObject\",\"inLanguage\":\"es\",\"@id\":\"https:\/\/lobosnews.com.ar\/#\/schema\/person\/image\/\",\"url\":\"https:\/\/secure.gravatar.com\/avatar\/76e419471a2083bc3ceab22a763dbbf9b0c1bd15a6214cf3280e2c2dde4580f9?s=96&d=mm&r=g\",\"contentUrl\":\"https:\/\/secure.gravatar.com\/avatar\/76e419471a2083bc3ceab22a763dbbf9b0c1bd15a6214cf3280e2c2dde4580f9?s=96&d=mm&r=g\",\"caption\":\"admin\"},\"sameAs\":[\"https:\/\/lobosnews.com.ar\"],\"url\":\"https:\/\/lobosnews.com.ar\/index.php\/author\/lobos-news\/\"}]}<\/script>\n<!-- \/ Yoast SEO plugin. -->","yoast_head_json":{"title":"Festejaban un cumplea\u00f1os en Mendoza y un vecino dispar\u00f3 les dispar\u00f3 porque le molestaba la m\u00fasica: mat\u00f3 a un hombre - Lobos News","robots":{"index":"index","follow":"follow","max-snippet":"max-snippet:-1","max-image-preview":"max-image-preview:large","max-video-preview":"max-video-preview:-1"},"canonical":"https:\/\/lobosnews.com.ar\/index.php\/2026\/01\/24\/festejaban-un-cumpleanos-en-mendoza-y-un-vecino-disparo-les-disparo-porque-le-molestaba-la-musica-mato-a-un-hombre\/","og_locale":"es_ES","og_type":"article","og_title":"Festejaban un cumplea\u00f1os en Mendoza y un vecino dispar\u00f3 les dispar\u00f3 porque le molestaba la m\u00fasica: mat\u00f3 a un hombre - Lobos News","og_description":"Un aparente conflicto de larga data entre familias en Luj\u00e1n de Cuyo, en la provincia de Mendoza, termin\u00f3 con un hombre muerto tras un tiroteo en la v\u00eda p\u00fablica. La v\u00edctima, identificada como Gerardo Mauricio Gim\u00e9nez, de 40 a\u00f1os, fue alcanzada por un disparo durante la ma\u00f1ana de este s\u00e1bado. El hecho ocurri\u00f3 cerca de...","og_url":"https:\/\/lobosnews.com.ar\/index.php\/2026\/01\/24\/festejaban-un-cumpleanos-en-mendoza-y-un-vecino-disparo-les-disparo-porque-le-molestaba-la-musica-mato-a-un-hombre\/","og_site_name":"Lobos News","article_published_time":"2026-01-24T22:13:56+00:00","article_modified_time":"2026-01-25T02:48:59+00:00","og_image":[{"url":"https:\/\/lobosnews.com.ar\/wp-content\/uploads\/2026\/01\/festejaban-un-cumpleanos-en-mendoza-y-un-vecino-disparo-les-disparo-porque-le-molestaba-la-musica-mato-a-un-hombre.jpg","type":"","width":"","height":""}],"author":"admin","twitter_card":"summary_large_image","twitter_misc":{"Escrito por":"admin","Tiempo de lectura":"4 minutos"},"schema":{"@context":"https:\/\/schema.org","@graph":[{"@type":"Article","@id":"https:\/\/lobosnews.com.ar\/index.php\/2026\/01\/24\/festejaban-un-cumpleanos-en-mendoza-y-un-vecino-disparo-les-disparo-porque-le-molestaba-la-musica-mato-a-un-hombre\/#article","isPartOf":{"@id":"https:\/\/lobosnews.com.ar\/index.php\/2026\/01\/24\/festejaban-un-cumpleanos-en-mendoza-y-un-vecino-disparo-les-disparo-porque-le-molestaba-la-musica-mato-a-un-hombre\/"},"author":{"name":"admin","@id":"https:\/\/lobosnews.com.ar\/#\/schema\/person\/232422a593d5c541dd9aef6aaed10943"},"headline":"Festejaban un cumplea\u00f1os en Mendoza y un vecino dispar\u00f3 les dispar\u00f3 porque le molestaba la m\u00fasica: mat\u00f3 a un hombre","datePublished":"2026-01-24T22:13:56+00:00","dateModified":"2026-01-25T02:48:59+00:00","mainEntityOfPage":{"@id":"https:\/\/lobosnews.com.ar\/index.php\/2026\/01\/24\/festejaban-un-cumpleanos-en-mendoza-y-un-vecino-disparo-les-disparo-porque-le-molestaba-la-musica-mato-a-un-hombre\/"},"wordCount":729,"commentCount":0,"publisher":{"@id":"https:\/\/lobosnews.com.ar\/#organization"},"image":{"@id":"https:\/\/lobosnews.com.ar\/index.php\/2026\/01\/24\/festejaban-un-cumpleanos-en-mendoza-y-un-vecino-disparo-les-disparo-porque-le-molestaba-la-musica-mato-a-un-hombre\/#primaryimage"},"thumbnailUrl":"https:\/\/lobosnews.com.ar\/wp-content\/uploads\/2026\/01\/festejaban-un-cumpleanos-en-mendoza-y-un-vecino-disparo-les-disparo-porque-le-molestaba-la-musica-mato-a-un-hombre-4.jpg","articleSection":["Actualidad","Argentina","econom\u00eda","inseguridad","masradios.com","nacionales","seguridad","sociedad"],"inLanguage":"es","potentialAction":[{"@type":"CommentAction","name":"Comment","target":["https:\/\/lobosnews.com.ar\/index.php\/2026\/01\/24\/festejaban-un-cumpleanos-en-mendoza-y-un-vecino-disparo-les-disparo-porque-le-molestaba-la-musica-mato-a-un-hombre\/#respond"]}]},{"@type":"WebPage","@id":"https:\/\/lobosnews.com.ar\/index.php\/2026\/01\/24\/festejaban-un-cumpleanos-en-mendoza-y-un-vecino-disparo-les-disparo-porque-le-molestaba-la-musica-mato-a-un-hombre\/","url":"https:\/\/lobosnews.com.ar\/index.php\/2026\/01\/24\/festejaban-un-cumpleanos-en-mendoza-y-un-vecino-disparo-les-disparo-porque-le-molestaba-la-musica-mato-a-un-hombre\/","name":"Festejaban un cumplea\u00f1os en Mendoza y un vecino dispar\u00f3 les dispar\u00f3 porque le molestaba la m\u00fasica: mat\u00f3 a un hombre - Lobos News","isPartOf":{"@id":"https:\/\/lobosnews.com.ar\/#website"},"primaryImageOfPage":{"@id":"https:\/\/lobosnews.com.ar\/index.php\/2026\/01\/24\/festejaban-un-cumpleanos-en-mendoza-y-un-vecino-disparo-les-disparo-porque-le-molestaba-la-musica-mato-a-un-hombre\/#primaryimage"},"image":{"@id":"https:\/\/lobosnews.com.ar\/index.php\/2026\/01\/24\/festejaban-un-cumpleanos-en-mendoza-y-un-vecino-disparo-les-disparo-porque-le-molestaba-la-musica-mato-a-un-hombre\/#primaryimage"},"thumbnailUrl":"https:\/\/lobosnews.com.ar\/wp-content\/uploads\/2026\/01\/festejaban-un-cumpleanos-en-mendoza-y-un-vecino-disparo-les-disparo-porque-le-molestaba-la-musica-mato-a-un-hombre-4.jpg","datePublished":"2026-01-24T22:13:56+00:00","dateModified":"2026-01-25T02:48:59+00:00","breadcrumb":{"@id":"https:\/\/lobosnews.com.ar\/index.php\/2026\/01\/24\/festejaban-un-cumpleanos-en-mendoza-y-un-vecino-disparo-les-disparo-porque-le-molestaba-la-musica-mato-a-un-hombre\/#breadcrumb"},"inLanguage":"es","potentialAction":[{"@type":"ReadAction","target":["https:\/\/lobosnews.com.ar\/index.php\/2026\/01\/24\/festejaban-un-cumpleanos-en-mendoza-y-un-vecino-disparo-les-disparo-porque-le-molestaba-la-musica-mato-a-un-hombre\/"]}]},{"@type":"ImageObject","inLanguage":"es","@id":"https:\/\/lobosnews.com.ar\/index.php\/2026\/01\/24\/festejaban-un-cumpleanos-en-mendoza-y-un-vecino-disparo-les-disparo-porque-le-molestaba-la-musica-mato-a-un-hombre\/#primaryimage","url":"https:\/\/lobosnews.com.ar\/wp-content\/uploads\/2026\/01\/festejaban-un-cumpleanos-en-mendoza-y-un-vecino-disparo-les-disparo-porque-le-molestaba-la-musica-mato-a-un-hombre-4.jpg","contentUrl":"https:\/\/lobosnews.com.ar\/wp-content\/uploads\/2026\/01\/festejaban-un-cumpleanos-en-mendoza-y-un-vecino-disparo-les-disparo-porque-le-molestaba-la-musica-mato-a-un-hombre-4.jpg","width":1980,"height":1080,"caption":"Festejaban un cumplea\u00f1os en Mendoza y un vecino dispar\u00f3 les dispar\u00f3 porque le molestaba la m\u00fasica: mat\u00f3 a un hombre"},{"@type":"BreadcrumbList","@id":"https:\/\/lobosnews.com.ar\/index.php\/2026\/01\/24\/festejaban-un-cumpleanos-en-mendoza-y-un-vecino-disparo-les-disparo-porque-le-molestaba-la-musica-mato-a-un-hombre\/#breadcrumb","itemListElement":[{"@type":"ListItem","position":1,"name":"Portada","item":"https:\/\/lobosnews.com.ar\/"},{"@type":"ListItem","position":2,"name":"Festejaban un cumplea\u00f1os en Mendoza y un vecino dispar\u00f3 les dispar\u00f3 porque le molestaba la m\u00fasica: mat\u00f3 a un hombre"}]},{"@type":"WebSite","@id":"https:\/\/lobosnews.com.ar\/#website","url":"https:\/\/lobosnews.com.ar\/","name":"Lobos News","description":"Informaci\u00f3n a cada instante","publisher":{"@id":"https:\/\/lobosnews.com.ar\/#organization"},"potentialAction":[{"@type":"SearchAction","target":{"@type":"EntryPoint","urlTemplate":"https:\/\/lobosnews.com.ar\/?s={search_term_string}"},"query-input":{"@type":"PropertyValueSpecification","valueRequired":true,"valueName":"search_term_string"}}],"inLanguage":"es"},{"@type":"Organization","@id":"https:\/\/lobosnews.com.ar\/#organization","name":"Lobos News","url":"https:\/\/lobosnews.com.ar\/","logo":{"@type":"ImageObject","inLanguage":"es","@id":"https:\/\/lobosnews.com.ar\/#\/schema\/logo\/image\/","url":"https:\/\/lobosnews.com.ar\/wp-content\/uploads\/2026\/01\/logo-lobosnews.png","contentUrl":"https:\/\/lobosnews.com.ar\/wp-content\/uploads\/2026\/01\/logo-lobosnews.png","width":500,"height":200,"caption":"Lobos News"},"image":{"@id":"https:\/\/lobosnews.com.ar\/#\/schema\/logo\/image\/"}},{"@type":"Person","@id":"https:\/\/lobosnews.com.ar\/#\/schema\/person\/232422a593d5c541dd9aef6aaed10943","name":"admin","image":{"@type":"ImageObject","inLanguage":"es","@id":"https:\/\/lobosnews.com.ar\/#\/schema\/person\/image\/","url":"https:\/\/secure.gravatar.com\/avatar\/76e419471a2083bc3ceab22a763dbbf9b0c1bd15a6214cf3280e2c2dde4580f9?s=96&d=mm&r=g","contentUrl":"https:\/\/secure.gravatar.com\/avatar\/76e419471a2083bc3ceab22a763dbbf9b0c1bd15a6214cf3280e2c2dde4580f9?s=96&d=mm&r=g","caption":"admin"},"sameAs":["https:\/\/lobosnews.com.ar"],"url":"https:\/\/lobosnews.com.ar\/index.php\/author\/lobos-news\/"}]}},"jetpack_featured_media_url":"https:\/\/lobosnews.com.ar\/wp-content\/uploads\/2026\/01\/festejaban-un-cumpleanos-en-mendoza-y-un-vecino-disparo-les-disparo-porque-le-molestaba-la-musica-mato-a-un-hombre-4.jpg","jetpack_sharing_enabled":true,"_links":{"self":[{"href":"https:\/\/lobosnews.com.ar\/index.php\/wp-json\/wp\/v2\/posts\/11176","targetHints":{"allow":["GET"]}}],"collection":[{"href":"https:\/\/lobosnews.com.ar\/index.php\/wp-json\/wp\/v2\/posts"}],"about":[{"href":"https:\/\/lobosnews.com.ar\/index.php\/wp-json\/wp\/v2\/types\/post"}],"author":[{"embeddable":true,"href":"https:\/\/lobosnews.com.ar\/index.php\/wp-json\/wp\/v2\/users\/1"}],"replies":[{"embeddable":true,"href":"https:\/\/lobosnews.com.ar\/index.php\/wp-json\/wp\/v2\/comments?post=11176"}],"version-history":[{"count":1,"href":"https:\/\/lobosnews.com.ar\/index.php\/wp-json\/wp\/v2\/posts\/11176\/revisions"}],"predecessor-version":[{"id":11180,"href":"https:\/\/lobosnews.com.ar\/index.php\/wp-json\/wp\/v2\/posts\/11176\/revisions\/11180"}],"wp:featuredmedia":[{"embeddable":true,"href":"https:\/\/lobosnews.com.ar\/index.php\/wp-json\/wp\/v2\/media\/11181"}],"wp:attachment":[{"href":"https:\/\/lobosnews.com.ar\/index.php\/wp-json\/wp\/v2\/media?parent=11176"}],"wp:term":[{"taxonomy":"category","embeddable":true,"href":"https:\/\/lobosnews.com.ar\/index.php\/wp-json\/wp\/v2\/categories?post=11176"},{"taxonomy":"post_tag","embeddable":true,"href":"https:\/\/lobosnews.com.ar\/index.php\/wp-json\/wp\/v2\/tags?post=11176"}],"curies":[{"name":"wp","href":"https:\/\/api.w.org\/{rel}","templated":true}]}}