{"id":11168,"date":"2026-01-24T22:52:57","date_gmt":"2026-01-24T22:52:57","guid":{"rendered":"https:\/\/lobosnews.com.ar\/index.php\/2026\/01\/24\/sigue-el-alerta-por-calor-extremo-en-el-amba-y-en-8-provincias-cuando-llegara-el-alivio\/"},"modified":"2026-01-25T02:48:55","modified_gmt":"2026-01-25T02:48:55","slug":"sigue-el-alerta-por-calor-extremo-en-el-amba-y-en-8-provincias-cuando-llegara-el-alivio","status":"publish","type":"post","link":"https:\/\/lobosnews.com.ar\/index.php\/2026\/01\/24\/sigue-el-alerta-por-calor-extremo-en-el-amba-y-en-8-provincias-cuando-llegara-el-alivio\/","title":{"rendered":"Sigue el alerta por calor extremo en el AMBA y en 8 provincias: cu\u00e1ndo llegar\u00e1 el alivio"},"content":{"rendered":"<p><img loading=\"lazy\" decoding=\"async\" src=\"https:\/\/lobosnews.com.ar\/wp-content\/uploads\/2026\/01\/sigue-el-alerta-por-calor-extremo-en-el-amba-y-en-8-provincias-cuando-llegara-el-alivio.jpg\" alt=\"El lunes se prev\u00e9 el pico de la ola de calor en el AMBA, con temperaturas m\u00e1ximas que alcanzan los 36 grados y noches calurosas (Imagen Ilustrativa Infobae)\" height=\"816\" width=\"1456\"\/><\/p>\n<p>El <b>Servicio Meteorol\u00f3gico Nacional (SMN)<\/b> emiti\u00f3 una advertencia por temperaturas extremas para lo que resta de este s\u00e1bado y para el domingo, que afecta tanto a la Ciudad de Buenos Aires como a la provincia de Buenos Aires. Tras la confirmaci\u00f3n del retorno de la <b>ola de calor<\/b>, el organismo difundi\u00f3 una serie de recomendaciones para prevenir el <b>golpe de calor<\/b>. Adem\u00e1s, anticip\u00f3 que un peque\u00f1o alivio podr\u00eda presentarse en los pr\u00f3ximos d\u00edas.<\/p>\n<p>De acuerdo con el sistema de alertas tempranas del SMN, un total de nueve provincias se encuentran bajo alerta por las altas temperaturas que har\u00e1. Adem\u00e1s del AMBA y toda la provincia bonaerense, menos la Costa Atl\u00e1ntica, rige advertencia de color amarillo en <b>C\u00f3rdoba, Santa Fe, Santiago del Estero, Entre R\u00edos, Corrientes, Misiones y Chaco<\/b>. Una parte de <b>San Luis<\/b>, la advertencia asciende a naranja.<\/p>\n<p>De acuerdo con el pron\u00f3stico del ente nacional, la noche del s\u00e1bado cerrar\u00e1 con 29 grados. Luego, el <b>domingo<\/b>, si bien la m\u00ednima ser\u00e1 de 25 \u00b0C por la madrugada, tendr\u00e1 una m\u00e1xima de <b>34 grados<\/b>. Por la noche habr\u00e1 viento: <b>las r\u00e1fagas oscilar\u00e1n entre los 42 y 50 kil\u00f3metros por hora<\/b>.<\/p>\n<p><img loading=\"lazy\" decoding=\"async\" src=\"https:\/\/lobosnews.com.ar\/wp-content\/uploads\/2026\/01\/sigue-el-alerta-por-calor-extremo-en-el-amba-y-en-8-provincias-cuando-llegara-el-alivio.png\" alt=\"El SMN mantiene la alerta por calor extremo en el AMBA durante el resto del fin de semana, con m\u00e1ximas que superan los 34 grados\" height=\"800\" width=\"356\"\/><\/p>\n<p>Luego, el comienzo de la semana ser\u00e1 el momento m\u00e1s agobiante de esta ola de calor. Se espera que el <b>lunes <\/b>el term\u00f3metro llegue a marcar unos <b>36 grados de m\u00e1xima <\/b>y 26 grados de m\u00ednima. El <b>martes<\/b>, si bien bajar\u00e1 la temperatura, la m\u00e1xima se mantendr\u00e1 alta: <b>34 grados <\/b>. La m\u00ednima descender\u00e1 hasta los 24 grados.<\/p>\n<p>A partir del mi\u00e9rcoles, si bien las temperaturas seguir\u00e1n por encima de los 30 grados, se espera que los d\u00edas sean m\u00e1s frescos en el AMBA. <b>Las m\u00ednimas rondar\u00e1n los 21 y 24 grados y las m\u00e1ximas estar\u00e1n entre los 31 y 33 grados<\/b>.<\/p>\n<p>El organismo meteorol\u00f3gico alert\u00f3 que las condiciones del tiempo <b>\u201cpueden ser peligrosas\u201d<\/b>. A pesar de ello, solicitaron prestar especial atenci\u00f3n a los cuidados de <b>ni\u00f1os<\/b>, <b>adultos mayores de 65 a\u00f1os<\/b> y personas con enfermedades cr\u00f3nicas.<\/p>\n<p><img loading=\"lazy\" decoding=\"async\" src=\"https:\/\/lobosnews.com.ar\/wp-content\/uploads\/2026\/01\/sigue-el-alerta-por-calor-extremo-en-el-amba-y-en-8-provincias-cuando-llegara-el-alivio-1.jpg\" alt=\"Las recomendaciones del SMN para evitar golpes de calor incluyen beber l\u00edquidos frecuentemente, usar prendas claras y evitar la exposici\u00f3n al sol en las horas centrales\" height=\"269\" width=\"1031\"\/><\/p>\n<p><b>Para evitar golpes de calor o s\u00edntomas de agotamiento<\/b>, el SMN sugiri\u00f3 incrementar las <b>medidas preventivas<\/b>. Entre las recomendaciones, resaltaron la necesidad de beber l\u00edquidos de forma regular sin esperar a tener sed, <b>evitar la exposici\u00f3n directa al sol entre las 10:00 y las 16:00<\/b>, optar por prendas claras y livianas, y protegerse con sombrero y anteojos oscuros.<\/p>\n<p>Tambi\u00e9n aconsejaron permanecer en <b>lugares ventilados o con refrigeraci\u00f3n<\/b>, reducir la actividad f\u00edsica durante las horas de mayor temperatura y preferir alimentos frescos, frutas y verduras para mantenerse hidratado. Asimismo, recomendaron no consumir bebidas con cafe\u00edna, alcohol ni alto contenido de az\u00facar, y elegir comidas ligeras y de f\u00e1cil digesti\u00f3n para disminuir la probabilidad de deshidrataci\u00f3n.<\/p>\n<h2>C\u00f3mo estar\u00e1 el tiempo en el resto del pa\u00eds<\/h2>\n<p><img loading=\"lazy\" decoding=\"async\" src=\"https:\/\/lobosnews.com.ar\/wp-content\/uploads\/2026\/01\/sigue-el-alerta-por-calor-extremo-en-el-amba-y-en-8-provincias-cuando-llegara-el-alivio-2.jpg\" alt=\"Adem\u00e1s del calor, varias provincias como La Pampa y Mendoza est\u00e1n bajo alerta por tormentas fuertes, con riesgo de lluvias intensas y vientos de hasta 90 km\/h\" height=\"800\" width=\"356\"\/><\/p>\n<p>Mientras que una parte del pa\u00eds se encontrar\u00e1 bajo temperaturas extremas por el calor, otras zonas se encuentran bajo alerta amarilla y naranja por tormentas fuertes.<\/p>\n<p>Durante lo que resta del s\u00e1bado, la provincia de <b>La Pampa<\/b> es la m\u00e1s afectada: alerta amarilla en gran parte de su territorio, pero con naranja sobre el oeste.<\/p>\n<p>En cambio, en el oeste de la provincia de <b>Buenos Aires<\/b>, norte de <b>R\u00edo Negro<\/b>, este de <b>Neuqu\u00e9n<\/b>, <b>Mendoza<\/b>, <b>San Luis<\/b>, sur de <b>C\u00f3rdoba<\/b>, <b>La Rioja<\/b>, <b>Catamarca<\/b>, <b>San Juan<\/b>, <b>Tucum\u00e1n<\/b>, <b>Salta <\/b>y <b>Jujuy<\/b>,<b> <\/b>la advertencia se mantiene en amarillo.<\/p>\n<p><img loading=\"lazy\" decoding=\"async\" src=\"https:\/\/lobosnews.com.ar\/wp-content\/uploads\/2026\/01\/sigue-el-alerta-por-calor-extremo-en-el-amba-y-en-8-provincias-cuando-llegara-el-alivio-3.jpg\" alt=\"El SMN anticipa lluvias acumuladas de hasta 70 mm y r\u00e1fagas superiores a los 80 km\/h en zonas con alerta naranja por tormentas este fin de semana\" height=\"800\" width=\"356\"\/><\/p>\n<p>Luego se espera que el cierre del fin de semana sea con tormentas m\u00e1s fuertes, por lo que la mayor\u00eda de las <b>alertas son de color naranja <\/b>durante el <b>domingo<\/b>. Seg\u00fan el SMN, afecta a: <b>suroeste bonaerense, Santa Rosa, Mendoza y este de San Juan<\/b>. El este de <b>R\u00edo Negro<\/b>, <b>San Luis<\/b>, <b>sur de C\u00f3rdoba <\/b>y <b>oeste de San Juan<\/b> se mantienen con <b>advertencia amarilla<\/b>.<\/p>\n<p>Seg\u00fan indic\u00f3 el Sistema Meteorol\u00f3gico, <b>durante las alertas amarillas se espera que la lluvia acumule entre 20 y 50 mil\u00edmetros<\/b>, con r\u00e1fagas que ser\u00e1n cercanas a los 80 km\/h. En cambio, <b>donde la advertencia es naranja, las precipitaciones estar\u00e1n entre los 40 y 70 mm<\/b>, con r\u00e1fagas m\u00ednimas de 90 km\/h.<\/p>\n","protected":false},"excerpt":{"rendered":"<p>El Servicio Meteorol\u00f3gico Nacional (SMN) emiti\u00f3 una advertencia por temperaturas extremas para lo que resta de este s\u00e1bado y para el domingo, que afecta tanto a la Ciudad de Buenos Aires como a la provincia de Buenos Aires. Tras la confirmaci\u00f3n del retorno de la ola de calor, el organismo difundi\u00f3 una serie de recomendaciones&#8230;<\/p>\n","protected":false},"author":1,"featured_media":11175,"comment_status":"open","ping_status":"closed","sticky":false,"template":"","format":"standard","meta":{"_jetpack_memberships_contains_paid_content":false,"footnotes":""},"categories":[31,30,32,77,84,35,36,37],"tags":[],"class_list":["post-11168","post","type-post","status-publish","format-standard","has-post-thumbnail","hentry","category-actualidad","category-argentina","category-economia","category-inseguridad","category-masradios-com","category-nacionales","category-seguridad","category-sociedad"],"magazineBlocksPostFeaturedMedia":{"thumbnail":"https:\/\/lobosnews.com.ar\/wp-content\/uploads\/2026\/01\/sigue-el-alerta-por-calor-extremo-en-el-amba-y-en-8-provincias-cuando-llegara-el-alivio-6-150x150.jpg","medium":"https:\/\/lobosnews.com.ar\/wp-content\/uploads\/2026\/01\/sigue-el-alerta-por-calor-extremo-en-el-amba-y-en-8-provincias-cuando-llegara-el-alivio-6-134x300.jpg","medium_large":"https:\/\/lobosnews.com.ar\/wp-content\/uploads\/2026\/01\/sigue-el-alerta-por-calor-extremo-en-el-amba-y-en-8-provincias-cuando-llegara-el-alivio-6.jpg","large":"https:\/\/lobosnews.com.ar\/wp-content\/uploads\/2026\/01\/sigue-el-alerta-por-calor-extremo-en-el-amba-y-en-8-provincias-cuando-llegara-el-alivio-6.jpg","1536x1536":"https:\/\/lobosnews.com.ar\/wp-content\/uploads\/2026\/01\/sigue-el-alerta-por-calor-extremo-en-el-amba-y-en-8-provincias-cuando-llegara-el-alivio-6.jpg","2048x2048":"https:\/\/lobosnews.com.ar\/wp-content\/uploads\/2026\/01\/sigue-el-alerta-por-calor-extremo-en-el-amba-y-en-8-provincias-cuando-llegara-el-alivio-6.jpg","newsmatic-featured":"https:\/\/lobosnews.com.ar\/wp-content\/uploads\/2026\/01\/sigue-el-alerta-por-calor-extremo-en-el-amba-y-en-8-provincias-cuando-llegara-el-alivio-6-356x545.jpg","newsmatic-list":"https:\/\/lobosnews.com.ar\/wp-content\/uploads\/2026\/01\/sigue-el-alerta-por-calor-extremo-en-el-amba-y-en-8-provincias-cuando-llegara-el-alivio-6-356x400.jpg","newsmatic-thumb":"https:\/\/lobosnews.com.ar\/wp-content\/uploads\/2026\/01\/sigue-el-alerta-por-calor-extremo-en-el-amba-y-en-8-provincias-cuando-llegara-el-alivio-6-300x200.jpg","newsmatic-small":"https:\/\/lobosnews.com.ar\/wp-content\/uploads\/2026\/01\/sigue-el-alerta-por-calor-extremo-en-el-amba-y-en-8-provincias-cuando-llegara-el-alivio-6-150x95.jpg","newsmatic-grid":"https:\/\/lobosnews.com.ar\/wp-content\/uploads\/2026\/01\/sigue-el-alerta-por-calor-extremo-en-el-amba-y-en-8-provincias-cuando-llegara-el-alivio-6-356x250.jpg"},"magazineBlocksPostAuthor":{"name":"admin","avatar":"https:\/\/secure.gravatar.com\/avatar\/76e419471a2083bc3ceab22a763dbbf9b0c1bd15a6214cf3280e2c2dde4580f9?s=96&d=mm&r=g"},"magazineBlocksPostCommentsNumber":"0","magazineBlocksPostExcerpt":"El Servicio Meteorol\u00f3gico Nacional (SMN) emiti\u00f3 una advertencia por temperaturas extremas para lo que resta de este s\u00e1bado y para el domingo, que afecta tanto a la Ciudad de Buenos Aires como a la provincia de Buenos Aires. Tras la confirmaci\u00f3n del retorno de la ola de calor, el organismo difundi\u00f3 una serie de recomendaciones...","magazineBlocksPostCategories":["Actualidad","Argentina","econom\u00eda","inseguridad","masradios.com","nacionales","seguridad","sociedad"],"magazineBlocksPostViewCount":108,"magazineBlocksPostReadTime":4,"magazine_blocks_featured_image_url":{"full":["https:\/\/lobosnews.com.ar\/wp-content\/uploads\/2026\/01\/sigue-el-alerta-por-calor-extremo-en-el-amba-y-en-8-provincias-cuando-llegara-el-alivio-6.jpg",356,800,false],"medium":["https:\/\/lobosnews.com.ar\/wp-content\/uploads\/2026\/01\/sigue-el-alerta-por-calor-extremo-en-el-amba-y-en-8-provincias-cuando-llegara-el-alivio-6-134x300.jpg",134,300,true],"thumbnail":["https:\/\/lobosnews.com.ar\/wp-content\/uploads\/2026\/01\/sigue-el-alerta-por-calor-extremo-en-el-amba-y-en-8-provincias-cuando-llegara-el-alivio-6-150x150.jpg",150,150,true]},"magazine_blocks_author":{"display_name":"admin","author_link":"https:\/\/lobosnews.com.ar\/index.php\/author\/lobos-news\/"},"magazine_blocks_comment":0,"magazine_blocks_author_image":"https:\/\/secure.gravatar.com\/avatar\/76e419471a2083bc3ceab22a763dbbf9b0c1bd15a6214cf3280e2c2dde4580f9?s=96&d=mm&r=g","magazine_blocks_category":"<a href=\"#\" class=\"category-link category-link-31\">Actualidad<\/a> <a href=\"#\" class=\"category-link category-link-30\">Argentina<\/a> <a href=\"#\" class=\"category-link category-link-32\">econom\u00eda<\/a> <a href=\"#\" class=\"category-link category-link-77\">inseguridad<\/a> <a href=\"#\" class=\"category-link category-link-84\">masradios.com<\/a> <a href=\"#\" class=\"category-link category-link-35\">nacionales<\/a> <a href=\"#\" class=\"category-link category-link-36\">seguridad<\/a> <a href=\"#\" class=\"category-link category-link-37\">sociedad<\/a>","yoast_head":"<!-- This site is optimized with the Yoast SEO plugin v26.6 - https:\/\/yoast.com\/wordpress\/plugins\/seo\/ -->\n<title>Sigue el alerta por calor extremo en el AMBA y en 8 provincias: cu\u00e1ndo llegar\u00e1 el alivio - Lobos News<\/title>\n<meta name=\"robots\" content=\"index, follow, max-snippet:-1, max-image-preview:large, max-video-preview:-1\" \/>\n<link rel=\"canonical\" href=\"https:\/\/lobosnews.com.ar\/index.php\/2026\/01\/24\/sigue-el-alerta-por-calor-extremo-en-el-amba-y-en-8-provincias-cuando-llegara-el-alivio\/\" \/>\n<meta property=\"og:locale\" content=\"es_ES\" \/>\n<meta property=\"og:type\" content=\"article\" \/>\n<meta property=\"og:title\" content=\"Sigue el alerta por calor extremo en el AMBA y en 8 provincias: cu\u00e1ndo llegar\u00e1 el alivio - Lobos News\" \/>\n<meta property=\"og:description\" content=\"El Servicio Meteorol\u00f3gico Nacional (SMN) emiti\u00f3 una advertencia por temperaturas extremas para lo que resta de este s\u00e1bado y para el domingo, que afecta tanto a la Ciudad de Buenos Aires como a la provincia de Buenos Aires. Tras la confirmaci\u00f3n del retorno de la ola de calor, el organismo difundi\u00f3 una serie de recomendaciones...\" \/>\n<meta property=\"og:url\" content=\"https:\/\/lobosnews.com.ar\/index.php\/2026\/01\/24\/sigue-el-alerta-por-calor-extremo-en-el-amba-y-en-8-provincias-cuando-llegara-el-alivio\/\" \/>\n<meta property=\"og:site_name\" content=\"Lobos News\" \/>\n<meta property=\"article:published_time\" content=\"2026-01-24T22:52:57+00:00\" \/>\n<meta property=\"article:modified_time\" content=\"2026-01-25T02:48:55+00:00\" \/>\n<meta property=\"og:image\" content=\"https:\/\/lobosnews.com.ar\/wp-content\/uploads\/2026\/01\/sigue-el-alerta-por-calor-extremo-en-el-amba-y-en-8-provincias-cuando-llegara-el-alivio.jpg\" \/>\n<meta name=\"author\" content=\"admin\" \/>\n<meta name=\"twitter:card\" content=\"summary_large_image\" \/>\n<meta name=\"twitter:label1\" content=\"Escrito por\" \/>\n\t<meta name=\"twitter:data1\" content=\"admin\" \/>\n\t<meta name=\"twitter:label2\" content=\"Tiempo de lectura\" \/>\n\t<meta name=\"twitter:data2\" content=\"4 minutos\" \/>\n<script type=\"application\/ld+json\" class=\"yoast-schema-graph\">{\"@context\":\"https:\/\/schema.org\",\"@graph\":[{\"@type\":\"Article\",\"@id\":\"https:\/\/lobosnews.com.ar\/index.php\/2026\/01\/24\/sigue-el-alerta-por-calor-extremo-en-el-amba-y-en-8-provincias-cuando-llegara-el-alivio\/#article\",\"isPartOf\":{\"@id\":\"https:\/\/lobosnews.com.ar\/index.php\/2026\/01\/24\/sigue-el-alerta-por-calor-extremo-en-el-amba-y-en-8-provincias-cuando-llegara-el-alivio\/\"},\"author\":{\"name\":\"admin\",\"@id\":\"https:\/\/lobosnews.com.ar\/#\/schema\/person\/232422a593d5c541dd9aef6aaed10943\"},\"headline\":\"Sigue el alerta por calor extremo en el AMBA y en 8 provincias: cu\u00e1ndo llegar\u00e1 el alivio\",\"datePublished\":\"2026-01-24T22:52:57+00:00\",\"dateModified\":\"2026-01-25T02:48:55+00:00\",\"mainEntityOfPage\":{\"@id\":\"https:\/\/lobosnews.com.ar\/index.php\/2026\/01\/24\/sigue-el-alerta-por-calor-extremo-en-el-amba-y-en-8-provincias-cuando-llegara-el-alivio\/\"},\"wordCount\":726,\"commentCount\":0,\"publisher\":{\"@id\":\"https:\/\/lobosnews.com.ar\/#organization\"},\"image\":{\"@id\":\"https:\/\/lobosnews.com.ar\/index.php\/2026\/01\/24\/sigue-el-alerta-por-calor-extremo-en-el-amba-y-en-8-provincias-cuando-llegara-el-alivio\/#primaryimage\"},\"thumbnailUrl\":\"https:\/\/lobosnews.com.ar\/wp-content\/uploads\/2026\/01\/sigue-el-alerta-por-calor-extremo-en-el-amba-y-en-8-provincias-cuando-llegara-el-alivio-6.jpg\",\"articleSection\":[\"Actualidad\",\"Argentina\",\"econom\u00eda\",\"inseguridad\",\"masradios.com\",\"nacionales\",\"seguridad\",\"sociedad\"],\"inLanguage\":\"es\",\"potentialAction\":[{\"@type\":\"CommentAction\",\"name\":\"Comment\",\"target\":[\"https:\/\/lobosnews.com.ar\/index.php\/2026\/01\/24\/sigue-el-alerta-por-calor-extremo-en-el-amba-y-en-8-provincias-cuando-llegara-el-alivio\/#respond\"]}]},{\"@type\":\"WebPage\",\"@id\":\"https:\/\/lobosnews.com.ar\/index.php\/2026\/01\/24\/sigue-el-alerta-por-calor-extremo-en-el-amba-y-en-8-provincias-cuando-llegara-el-alivio\/\",\"url\":\"https:\/\/lobosnews.com.ar\/index.php\/2026\/01\/24\/sigue-el-alerta-por-calor-extremo-en-el-amba-y-en-8-provincias-cuando-llegara-el-alivio\/\",\"name\":\"Sigue el alerta por calor extremo en el AMBA y en 8 provincias: cu\u00e1ndo llegar\u00e1 el alivio - Lobos News\",\"isPartOf\":{\"@id\":\"https:\/\/lobosnews.com.ar\/#website\"},\"primaryImageOfPage\":{\"@id\":\"https:\/\/lobosnews.com.ar\/index.php\/2026\/01\/24\/sigue-el-alerta-por-calor-extremo-en-el-amba-y-en-8-provincias-cuando-llegara-el-alivio\/#primaryimage\"},\"image\":{\"@id\":\"https:\/\/lobosnews.com.ar\/index.php\/2026\/01\/24\/sigue-el-alerta-por-calor-extremo-en-el-amba-y-en-8-provincias-cuando-llegara-el-alivio\/#primaryimage\"},\"thumbnailUrl\":\"https:\/\/lobosnews.com.ar\/wp-content\/uploads\/2026\/01\/sigue-el-alerta-por-calor-extremo-en-el-amba-y-en-8-provincias-cuando-llegara-el-alivio-6.jpg\",\"datePublished\":\"2026-01-24T22:52:57+00:00\",\"dateModified\":\"2026-01-25T02:48:55+00:00\",\"breadcrumb\":{\"@id\":\"https:\/\/lobosnews.com.ar\/index.php\/2026\/01\/24\/sigue-el-alerta-por-calor-extremo-en-el-amba-y-en-8-provincias-cuando-llegara-el-alivio\/#breadcrumb\"},\"inLanguage\":\"es\",\"potentialAction\":[{\"@type\":\"ReadAction\",\"target\":[\"https:\/\/lobosnews.com.ar\/index.php\/2026\/01\/24\/sigue-el-alerta-por-calor-extremo-en-el-amba-y-en-8-provincias-cuando-llegara-el-alivio\/\"]}]},{\"@type\":\"ImageObject\",\"inLanguage\":\"es\",\"@id\":\"https:\/\/lobosnews.com.ar\/index.php\/2026\/01\/24\/sigue-el-alerta-por-calor-extremo-en-el-amba-y-en-8-provincias-cuando-llegara-el-alivio\/#primaryimage\",\"url\":\"https:\/\/lobosnews.com.ar\/wp-content\/uploads\/2026\/01\/sigue-el-alerta-por-calor-extremo-en-el-amba-y-en-8-provincias-cuando-llegara-el-alivio-6.jpg\",\"contentUrl\":\"https:\/\/lobosnews.com.ar\/wp-content\/uploads\/2026\/01\/sigue-el-alerta-por-calor-extremo-en-el-amba-y-en-8-provincias-cuando-llegara-el-alivio-6.jpg\",\"width\":356,\"height\":800,\"caption\":\"Sigue el alerta por calor extremo en el AMBA y en 8 provincias: cu\u00e1ndo llegar\u00e1 el alivio\"},{\"@type\":\"BreadcrumbList\",\"@id\":\"https:\/\/lobosnews.com.ar\/index.php\/2026\/01\/24\/sigue-el-alerta-por-calor-extremo-en-el-amba-y-en-8-provincias-cuando-llegara-el-alivio\/#breadcrumb\",\"itemListElement\":[{\"@type\":\"ListItem\",\"position\":1,\"name\":\"Portada\",\"item\":\"https:\/\/lobosnews.com.ar\/\"},{\"@type\":\"ListItem\",\"position\":2,\"name\":\"Sigue el alerta por calor extremo en el AMBA y en 8 provincias: cu\u00e1ndo llegar\u00e1 el alivio\"}]},{\"@type\":\"WebSite\",\"@id\":\"https:\/\/lobosnews.com.ar\/#website\",\"url\":\"https:\/\/lobosnews.com.ar\/\",\"name\":\"Lobos News\",\"description\":\"Informaci\u00f3n a cada instante\",\"publisher\":{\"@id\":\"https:\/\/lobosnews.com.ar\/#organization\"},\"potentialAction\":[{\"@type\":\"SearchAction\",\"target\":{\"@type\":\"EntryPoint\",\"urlTemplate\":\"https:\/\/lobosnews.com.ar\/?s={search_term_string}\"},\"query-input\":{\"@type\":\"PropertyValueSpecification\",\"valueRequired\":true,\"valueName\":\"search_term_string\"}}],\"inLanguage\":\"es\"},{\"@type\":\"Organization\",\"@id\":\"https:\/\/lobosnews.com.ar\/#organization\",\"name\":\"Lobos News\",\"url\":\"https:\/\/lobosnews.com.ar\/\",\"logo\":{\"@type\":\"ImageObject\",\"inLanguage\":\"es\",\"@id\":\"https:\/\/lobosnews.com.ar\/#\/schema\/logo\/image\/\",\"url\":\"https:\/\/lobosnews.com.ar\/wp-content\/uploads\/2026\/01\/logo-lobosnews.png\",\"contentUrl\":\"https:\/\/lobosnews.com.ar\/wp-content\/uploads\/2026\/01\/logo-lobosnews.png\",\"width\":500,\"height\":200,\"caption\":\"Lobos News\"},\"image\":{\"@id\":\"https:\/\/lobosnews.com.ar\/#\/schema\/logo\/image\/\"}},{\"@type\":\"Person\",\"@id\":\"https:\/\/lobosnews.com.ar\/#\/schema\/person\/232422a593d5c541dd9aef6aaed10943\",\"name\":\"admin\",\"image\":{\"@type\":\"ImageObject\",\"inLanguage\":\"es\",\"@id\":\"https:\/\/lobosnews.com.ar\/#\/schema\/person\/image\/\",\"url\":\"https:\/\/secure.gravatar.com\/avatar\/76e419471a2083bc3ceab22a763dbbf9b0c1bd15a6214cf3280e2c2dde4580f9?s=96&d=mm&r=g\",\"contentUrl\":\"https:\/\/secure.gravatar.com\/avatar\/76e419471a2083bc3ceab22a763dbbf9b0c1bd15a6214cf3280e2c2dde4580f9?s=96&d=mm&r=g\",\"caption\":\"admin\"},\"sameAs\":[\"https:\/\/lobosnews.com.ar\"],\"url\":\"https:\/\/lobosnews.com.ar\/index.php\/author\/lobos-news\/\"}]}<\/script>\n<!-- \/ Yoast SEO plugin. -->","yoast_head_json":{"title":"Sigue el alerta por calor extremo en el AMBA y en 8 provincias: cu\u00e1ndo llegar\u00e1 el alivio - Lobos News","robots":{"index":"index","follow":"follow","max-snippet":"max-snippet:-1","max-image-preview":"max-image-preview:large","max-video-preview":"max-video-preview:-1"},"canonical":"https:\/\/lobosnews.com.ar\/index.php\/2026\/01\/24\/sigue-el-alerta-por-calor-extremo-en-el-amba-y-en-8-provincias-cuando-llegara-el-alivio\/","og_locale":"es_ES","og_type":"article","og_title":"Sigue el alerta por calor extremo en el AMBA y en 8 provincias: cu\u00e1ndo llegar\u00e1 el alivio - Lobos News","og_description":"El Servicio Meteorol\u00f3gico Nacional (SMN) emiti\u00f3 una advertencia por temperaturas extremas para lo que resta de este s\u00e1bado y para el domingo, que afecta tanto a la Ciudad de Buenos Aires como a la provincia de Buenos Aires. Tras la confirmaci\u00f3n del retorno de la ola de calor, el organismo difundi\u00f3 una serie de recomendaciones...","og_url":"https:\/\/lobosnews.com.ar\/index.php\/2026\/01\/24\/sigue-el-alerta-por-calor-extremo-en-el-amba-y-en-8-provincias-cuando-llegara-el-alivio\/","og_site_name":"Lobos News","article_published_time":"2026-01-24T22:52:57+00:00","article_modified_time":"2026-01-25T02:48:55+00:00","og_image":[{"url":"https:\/\/lobosnews.com.ar\/wp-content\/uploads\/2026\/01\/sigue-el-alerta-por-calor-extremo-en-el-amba-y-en-8-provincias-cuando-llegara-el-alivio.jpg","type":"","width":"","height":""}],"author":"admin","twitter_card":"summary_large_image","twitter_misc":{"Escrito por":"admin","Tiempo de lectura":"4 minutos"},"schema":{"@context":"https:\/\/schema.org","@graph":[{"@type":"Article","@id":"https:\/\/lobosnews.com.ar\/index.php\/2026\/01\/24\/sigue-el-alerta-por-calor-extremo-en-el-amba-y-en-8-provincias-cuando-llegara-el-alivio\/#article","isPartOf":{"@id":"https:\/\/lobosnews.com.ar\/index.php\/2026\/01\/24\/sigue-el-alerta-por-calor-extremo-en-el-amba-y-en-8-provincias-cuando-llegara-el-alivio\/"},"author":{"name":"admin","@id":"https:\/\/lobosnews.com.ar\/#\/schema\/person\/232422a593d5c541dd9aef6aaed10943"},"headline":"Sigue el alerta por calor extremo en el AMBA y en 8 provincias: cu\u00e1ndo llegar\u00e1 el alivio","datePublished":"2026-01-24T22:52:57+00:00","dateModified":"2026-01-25T02:48:55+00:00","mainEntityOfPage":{"@id":"https:\/\/lobosnews.com.ar\/index.php\/2026\/01\/24\/sigue-el-alerta-por-calor-extremo-en-el-amba-y-en-8-provincias-cuando-llegara-el-alivio\/"},"wordCount":726,"commentCount":0,"publisher":{"@id":"https:\/\/lobosnews.com.ar\/#organization"},"image":{"@id":"https:\/\/lobosnews.com.ar\/index.php\/2026\/01\/24\/sigue-el-alerta-por-calor-extremo-en-el-amba-y-en-8-provincias-cuando-llegara-el-alivio\/#primaryimage"},"thumbnailUrl":"https:\/\/lobosnews.com.ar\/wp-content\/uploads\/2026\/01\/sigue-el-alerta-por-calor-extremo-en-el-amba-y-en-8-provincias-cuando-llegara-el-alivio-6.jpg","articleSection":["Actualidad","Argentina","econom\u00eda","inseguridad","masradios.com","nacionales","seguridad","sociedad"],"inLanguage":"es","potentialAction":[{"@type":"CommentAction","name":"Comment","target":["https:\/\/lobosnews.com.ar\/index.php\/2026\/01\/24\/sigue-el-alerta-por-calor-extremo-en-el-amba-y-en-8-provincias-cuando-llegara-el-alivio\/#respond"]}]},{"@type":"WebPage","@id":"https:\/\/lobosnews.com.ar\/index.php\/2026\/01\/24\/sigue-el-alerta-por-calor-extremo-en-el-amba-y-en-8-provincias-cuando-llegara-el-alivio\/","url":"https:\/\/lobosnews.com.ar\/index.php\/2026\/01\/24\/sigue-el-alerta-por-calor-extremo-en-el-amba-y-en-8-provincias-cuando-llegara-el-alivio\/","name":"Sigue el alerta por calor extremo en el AMBA y en 8 provincias: cu\u00e1ndo llegar\u00e1 el alivio - Lobos News","isPartOf":{"@id":"https:\/\/lobosnews.com.ar\/#website"},"primaryImageOfPage":{"@id":"https:\/\/lobosnews.com.ar\/index.php\/2026\/01\/24\/sigue-el-alerta-por-calor-extremo-en-el-amba-y-en-8-provincias-cuando-llegara-el-alivio\/#primaryimage"},"image":{"@id":"https:\/\/lobosnews.com.ar\/index.php\/2026\/01\/24\/sigue-el-alerta-por-calor-extremo-en-el-amba-y-en-8-provincias-cuando-llegara-el-alivio\/#primaryimage"},"thumbnailUrl":"https:\/\/lobosnews.com.ar\/wp-content\/uploads\/2026\/01\/sigue-el-alerta-por-calor-extremo-en-el-amba-y-en-8-provincias-cuando-llegara-el-alivio-6.jpg","datePublished":"2026-01-24T22:52:57+00:00","dateModified":"2026-01-25T02:48:55+00:00","breadcrumb":{"@id":"https:\/\/lobosnews.com.ar\/index.php\/2026\/01\/24\/sigue-el-alerta-por-calor-extremo-en-el-amba-y-en-8-provincias-cuando-llegara-el-alivio\/#breadcrumb"},"inLanguage":"es","potentialAction":[{"@type":"ReadAction","target":["https:\/\/lobosnews.com.ar\/index.php\/2026\/01\/24\/sigue-el-alerta-por-calor-extremo-en-el-amba-y-en-8-provincias-cuando-llegara-el-alivio\/"]}]},{"@type":"ImageObject","inLanguage":"es","@id":"https:\/\/lobosnews.com.ar\/index.php\/2026\/01\/24\/sigue-el-alerta-por-calor-extremo-en-el-amba-y-en-8-provincias-cuando-llegara-el-alivio\/#primaryimage","url":"https:\/\/lobosnews.com.ar\/wp-content\/uploads\/2026\/01\/sigue-el-alerta-por-calor-extremo-en-el-amba-y-en-8-provincias-cuando-llegara-el-alivio-6.jpg","contentUrl":"https:\/\/lobosnews.com.ar\/wp-content\/uploads\/2026\/01\/sigue-el-alerta-por-calor-extremo-en-el-amba-y-en-8-provincias-cuando-llegara-el-alivio-6.jpg","width":356,"height":800,"caption":"Sigue el alerta por calor extremo en el AMBA y en 8 provincias: cu\u00e1ndo llegar\u00e1 el alivio"},{"@type":"BreadcrumbList","@id":"https:\/\/lobosnews.com.ar\/index.php\/2026\/01\/24\/sigue-el-alerta-por-calor-extremo-en-el-amba-y-en-8-provincias-cuando-llegara-el-alivio\/#breadcrumb","itemListElement":[{"@type":"ListItem","position":1,"name":"Portada","item":"https:\/\/lobosnews.com.ar\/"},{"@type":"ListItem","position":2,"name":"Sigue el alerta por calor extremo en el AMBA y en 8 provincias: cu\u00e1ndo llegar\u00e1 el alivio"}]},{"@type":"WebSite","@id":"https:\/\/lobosnews.com.ar\/#website","url":"https:\/\/lobosnews.com.ar\/","name":"Lobos News","description":"Informaci\u00f3n a cada instante","publisher":{"@id":"https:\/\/lobosnews.com.ar\/#organization"},"potentialAction":[{"@type":"SearchAction","target":{"@type":"EntryPoint","urlTemplate":"https:\/\/lobosnews.com.ar\/?s={search_term_string}"},"query-input":{"@type":"PropertyValueSpecification","valueRequired":true,"valueName":"search_term_string"}}],"inLanguage":"es"},{"@type":"Organization","@id":"https:\/\/lobosnews.com.ar\/#organization","name":"Lobos News","url":"https:\/\/lobosnews.com.ar\/","logo":{"@type":"ImageObject","inLanguage":"es","@id":"https:\/\/lobosnews.com.ar\/#\/schema\/logo\/image\/","url":"https:\/\/lobosnews.com.ar\/wp-content\/uploads\/2026\/01\/logo-lobosnews.png","contentUrl":"https:\/\/lobosnews.com.ar\/wp-content\/uploads\/2026\/01\/logo-lobosnews.png","width":500,"height":200,"caption":"Lobos News"},"image":{"@id":"https:\/\/lobosnews.com.ar\/#\/schema\/logo\/image\/"}},{"@type":"Person","@id":"https:\/\/lobosnews.com.ar\/#\/schema\/person\/232422a593d5c541dd9aef6aaed10943","name":"admin","image":{"@type":"ImageObject","inLanguage":"es","@id":"https:\/\/lobosnews.com.ar\/#\/schema\/person\/image\/","url":"https:\/\/secure.gravatar.com\/avatar\/76e419471a2083bc3ceab22a763dbbf9b0c1bd15a6214cf3280e2c2dde4580f9?s=96&d=mm&r=g","contentUrl":"https:\/\/secure.gravatar.com\/avatar\/76e419471a2083bc3ceab22a763dbbf9b0c1bd15a6214cf3280e2c2dde4580f9?s=96&d=mm&r=g","caption":"admin"},"sameAs":["https:\/\/lobosnews.com.ar"],"url":"https:\/\/lobosnews.com.ar\/index.php\/author\/lobos-news\/"}]}},"jetpack_featured_media_url":"https:\/\/lobosnews.com.ar\/wp-content\/uploads\/2026\/01\/sigue-el-alerta-por-calor-extremo-en-el-amba-y-en-8-provincias-cuando-llegara-el-alivio-6.jpg","jetpack_sharing_enabled":true,"_links":{"self":[{"href":"https:\/\/lobosnews.com.ar\/index.php\/wp-json\/wp\/v2\/posts\/11168","targetHints":{"allow":["GET"]}}],"collection":[{"href":"https:\/\/lobosnews.com.ar\/index.php\/wp-json\/wp\/v2\/posts"}],"about":[{"href":"https:\/\/lobosnews.com.ar\/index.php\/wp-json\/wp\/v2\/types\/post"}],"author":[{"embeddable":true,"href":"https:\/\/lobosnews.com.ar\/index.php\/wp-json\/wp\/v2\/users\/1"}],"replies":[{"embeddable":true,"href":"https:\/\/lobosnews.com.ar\/index.php\/wp-json\/wp\/v2\/comments?post=11168"}],"version-history":[{"count":1,"href":"https:\/\/lobosnews.com.ar\/index.php\/wp-json\/wp\/v2\/posts\/11168\/revisions"}],"predecessor-version":[{"id":11174,"href":"https:\/\/lobosnews.com.ar\/index.php\/wp-json\/wp\/v2\/posts\/11168\/revisions\/11174"}],"wp:featuredmedia":[{"embeddable":true,"href":"https:\/\/lobosnews.com.ar\/index.php\/wp-json\/wp\/v2\/media\/11175"}],"wp:attachment":[{"href":"https:\/\/lobosnews.com.ar\/index.php\/wp-json\/wp\/v2\/media?parent=11168"}],"wp:term":[{"taxonomy":"category","embeddable":true,"href":"https:\/\/lobosnews.com.ar\/index.php\/wp-json\/wp\/v2\/categories?post=11168"},{"taxonomy":"post_tag","embeddable":true,"href":"https:\/\/lobosnews.com.ar\/index.php\/wp-json\/wp\/v2\/tags?post=11168"}],"curies":[{"name":"wp","href":"https:\/\/api.w.org\/{rel}","templated":true}]}}