{"id":11160,"date":"2026-01-24T23:49:35","date_gmt":"2026-01-24T23:49:35","guid":{"rendered":"https:\/\/lobosnews.com.ar\/index.php\/2026\/01\/24\/jorge-corcho-rodriguez-expuso-por-primera-vez-sus-cuadros-y-los-subasto-para-ayudar-a-un-centro-cultural-de-montevideo\/"},"modified":"2026-01-25T02:48:48","modified_gmt":"2026-01-25T02:48:48","slug":"jorge-corcho-rodriguez-expuso-por-primera-vez-sus-cuadros-y-los-subasto-para-ayudar-a-un-centro-cultural-de-montevideo","status":"publish","type":"post","link":"https:\/\/lobosnews.com.ar\/index.php\/2026\/01\/24\/jorge-corcho-rodriguez-expuso-por-primera-vez-sus-cuadros-y-los-subasto-para-ayudar-a-un-centro-cultural-de-montevideo\/","title":{"rendered":"Jorge \u201cCorcho\u201d Rodr\u00edguez expuso por primera vez sus cuadros y los subast\u00f3 para ayudar a un centro cultural de Montevideo"},"content":{"rendered":"<p><img fetchpriority=\"high\" decoding=\"async\" src=\"https:\/\/lobosnews.com.ar\/wp-content\/uploads\/2026\/01\/jorge-corcho-rodriguez-expuso-por-primera-vez-sus-cuadros-y-los-subasto-para-ayudar-a-un-centro-cultural-de-montevideo.jpg\" alt=\"Jorge Rodr\u00edguez junto a Jorge Brito en la muestra \"On the Road\", donde el empresario present\u00f3 por primera vez su producci\u00f3n art\u00edstica\" height=\"912\" width=\"1368\"\/><\/p>\n<p>Conocido su gusto por el rock,<b> Jorge \u201cCorcho\u201d Rodr\u00edguez<\/b> tiene tambi\u00e9n un v\u00ednculo con las artes pl\u00e1sticas y lo exhibi\u00f3 por primera vez para una acci\u00f3n ben\u00e9fica. El empresario present\u00f3 la muestra <b>\u201cOn the Road\u201d <\/b>en Uruguay, arm\u00f3 una subasta y con lo recaudado ayud\u00f3 al centro cultural <b>El Power<\/b>, de Montevideo.<\/p>\n<p>La serie exhibida por Rodr\u00edguez est\u00e1 inspirada en el <b>candombe<\/b>, mucho m\u00e1s que un g\u00e9nero musical, <b>una pieza de la identidad afro del Uruguay<\/b>, especialmente de la capital del pa\u00eds. <\/p>\n<p><img loading=\"lazy\" decoding=\"async\" src=\"https:\/\/lobosnews.com.ar\/wp-content\/uploads\/2026\/01\/jorge-corcho-rodriguez-expuso-por-primera-vez-sus-cuadros-y-los-subasto-para-ayudar-a-un-centro-cultural-de-montevideo-1.jpg\" alt=\"Rub\u00e9n Rada y Jorge Rodr\u00edguez\" height=\"1600\" width=\"1067\"\/><\/p>\n<p>Lo recaudado por la venta de los lienzos -coloridos, r\u00edtmicos y bellos- fue donado al centro cultural que mont\u00f3 una leyenda del candombe montevideano, <b>Fernando \u201cLobo\u201d N\u00fa\u00f1ez<\/b>, quien fund\u00f3 \u201cEl Power\u201d en 1984 como taller de tambores y espacio de contenci\u00f3n para los ni\u00f1os pobres especialmente de su barrio, el m\u00edtico <b>Barrio Sur<\/b>, coraz\u00f3n del ritmo de la ciudad.<\/p>\n<p>N\u00fa\u00f1ez, que toc\u00f3 en <b>Opa<\/b> y con los hermanos <b>Fattorusso<\/b>, y quien en 2016 recibi\u00f3 en su casa, durante su cumplea\u00f1os, la visita del rolling stone <b>Mick Jagger<\/b>, colabora tambi\u00e9n con personas privadas de su libertad, a quienes les ense\u00f1a el oficio de fabricar tambores que luego dona para escuelas rurales de Uruguay. <\/p>\n<p><img loading=\"lazy\" decoding=\"async\" src=\"https:\/\/lobosnews.com.ar\/wp-content\/uploads\/2026\/01\/jorge-corcho-rodriguez-expuso-por-primera-vez-sus-cuadros-y-los-subasto-para-ayudar-a-un-centro-cultural-de-montevideo-2.jpg\" alt=\"Rodr\u00edguez junto a \"Lobo\" N\u00fa\u00f1ez, leyenda del candombe y del Barrio Sur de Montevideo\" height=\"912\" width=\"1368\"\/><\/p>\n<p>El evento se dio el \u00faltimo jueves en su estancia Yellow Rose de La Barra de Maldonado en Punta del Este. Rodr\u00edguez organiz\u00f3 una velada con el propio \u201cLobo\u201d N\u00fa\u00f1ez y con otro m\u00fasico legendario de la Rep\u00fablica Oriental, <b>Rub\u00e9n Rada<\/b>, quienes brindaron un concierto de candombe. En ese contexto, se subastaron las obras pict\u00f3ricas. <\/p>\n<p>\u201cDecid\u00ed pintar una serie de cuadros inspirados en el candombe, habl\u00e9 con Rub\u00e9n Rada, quien con generosidad me ayud\u00f3 a profundizar en el tema. Cuando le dije que quer\u00eda vender mis cuadros y todo lo producido por la venta d\u00e1rselo al Centro Cultural de Barrio Sur de Montevideo, Rub\u00e9n me dijo: \u00a1habl\u00e1 con el Lobo! El Lobo es Fernando N\u00fa\u00f1ez, m\u00e1ximo exponente del candombe uruguayo, tremendo m\u00fasico, reconocido mundialmente, fabricante de tambores y maestro de muchos\u201d, explic\u00f3 Rodr\u00edguez. <\/p>\n<p><img loading=\"lazy\" decoding=\"async\" src=\"https:\/\/lobosnews.com.ar\/wp-content\/uploads\/2026\/01\/jorge-corcho-rodriguez-expuso-por-primera-vez-sus-cuadros-y-los-subasto-para-ayudar-a-un-centro-cultural-de-montevideo-3.jpg\" alt=\"Una de las obras de \"Corcho\" Rodr\u00edguez\" height=\"741\" width=\"877\"\/><\/p>\n<p>El v\u00ednculo de \u201cCorcho\u201d con el candombe uruguayo<b> comenz\u00f3 a sus diez a\u00f1os cuando fue a jugar baby futbol con el club \u201cLuz y Fuerza\u201d a Montevideo<\/b>. En esa oportunidad, se hosped\u00f3 en una casa de un ni\u00f1o del club \u201cEstrella del Norte\u201d, en el barrio Sagayo. <\/p>\n<p>\u201cNos llevaron a ver las llamadas, el candombe en el Barrio Sur,<b> fuimos todos con disfraces, en grupos, tuvimos que hacer canciones y presentarlas al ritmo del tambor<\/b>. Hoy, cincuenta a\u00f1os despu\u00e9s, sigo manteniendo v\u00ednculos con Sagayo. Montevideo y Uruguay son mi otro hogar\u201d, cont\u00f3 Rodr\u00edguez, quien visit\u00f3 recientemente a \u201cLobo\u201d N\u00fa\u00f1ez en Montevideo y conoci\u00f3 en primera persona el trabajo social que realiza el m\u00fasico en los barrios m\u00e1s humildes. <\/p>\n<p><img loading=\"lazy\" decoding=\"async\" src=\"https:\/\/lobosnews.com.ar\/wp-content\/uploads\/2026\/01\/jorge-corcho-rodriguez-expuso-por-primera-vez-sus-cuadros-y-los-subasto-para-ayudar-a-un-centro-cultural-de-montevideo-4.jpg\" alt=\"Rodr\u00edguez investig\u00f3 sobre la cultura del candombe para pintar sus lienzos\" height=\"1280\" width=\"960\"\/><\/p>\n<p>Se reunieron en el centro cultural afro uruguayo \u201cEl Power\u201d, que est\u00e1 en el Barrio Sur. \u201cMe dio m\u00e1s informaci\u00f3n, historia, colores, comparsas, llamadas y mucho m\u00e1s para enriquecer mis pinturas.<b> Pero lo m\u00e1s importante es que me mostr\u00f3 lo que hace desde su lugar<\/b>. Los chicos de la calle van a ver al Lobo, los hace tocar y jugar, les habla. All\u00ed mismo fabrica tambores que dona a las escuelas rurales de Uruguay, adem\u00e1s de hacer<b> un trabajo muy fuerte en las c\u00e1rceles<\/b> ense\u00f1ando a quienes est\u00e1n privados de libertad a fabricar esos tambores que luego ir\u00e1n a las escuelas, <b>ense\u00f1\u00e1ndoles un oficio<\/b>\u201d, cont\u00f3 el empresario y artista. <\/p>\n<p>Para ayudar al centro cultural \u201cEl Power\u201d, Rodr\u00edguez subast\u00f3 once obras pict\u00f3ricas, cuyos nombres son: Candombe, Cuareim 1080, Blanquita, El Calenda, Candombe King, Cinco Reinas, El 10, Orientales, Patria Candombe, Barrio sur y Lobo \u2018ta.<\/p>\n","protected":false},"excerpt":{"rendered":"<p>Conocido su gusto por el rock, Jorge \u201cCorcho\u201d Rodr\u00edguez tiene tambi\u00e9n un v\u00ednculo con las artes pl\u00e1sticas y lo exhibi\u00f3 por primera vez para una acci\u00f3n ben\u00e9fica. El empresario present\u00f3 la muestra \u201cOn the Road\u201d en Uruguay, arm\u00f3 una subasta y con lo recaudado ayud\u00f3 al centro cultural El Power, de Montevideo. La serie exhibida&#8230;<\/p>\n","protected":false},"author":1,"featured_media":11167,"comment_status":"open","ping_status":"closed","sticky":false,"template":"","format":"standard","meta":{"_jetpack_memberships_contains_paid_content":false,"footnotes":""},"categories":[31,30,32,77,84,35,36,37],"tags":[],"class_list":["post-11160","post","type-post","status-publish","format-standard","has-post-thumbnail","hentry","category-actualidad","category-argentina","category-economia","category-inseguridad","category-masradios-com","category-nacionales","category-seguridad","category-sociedad"],"magazineBlocksPostFeaturedMedia":{"thumbnail":"https:\/\/lobosnews.com.ar\/wp-content\/uploads\/2026\/01\/jorge-corcho-rodriguez-expuso-por-primera-vez-sus-cuadros-y-los-subasto-para-ayudar-a-un-centro-cultural-de-montevideo-8-150x150.jpg","medium":"https:\/\/lobosnews.com.ar\/wp-content\/uploads\/2026\/01\/jorge-corcho-rodriguez-expuso-por-primera-vez-sus-cuadros-y-los-subasto-para-ayudar-a-un-centro-cultural-de-montevideo-8-225x300.jpg","medium_large":"https:\/\/lobosnews.com.ar\/wp-content\/uploads\/2026\/01\/jorge-corcho-rodriguez-expuso-por-primera-vez-sus-cuadros-y-los-subasto-para-ayudar-a-un-centro-cultural-de-montevideo-8-768x1024.jpg","large":"https:\/\/lobosnews.com.ar\/wp-content\/uploads\/2026\/01\/jorge-corcho-rodriguez-expuso-por-primera-vez-sus-cuadros-y-los-subasto-para-ayudar-a-un-centro-cultural-de-montevideo-8-768x1024.jpg","1536x1536":"https:\/\/lobosnews.com.ar\/wp-content\/uploads\/2026\/01\/jorge-corcho-rodriguez-expuso-por-primera-vez-sus-cuadros-y-los-subasto-para-ayudar-a-un-centro-cultural-de-montevideo-8.jpg","2048x2048":"https:\/\/lobosnews.com.ar\/wp-content\/uploads\/2026\/01\/jorge-corcho-rodriguez-expuso-por-primera-vez-sus-cuadros-y-los-subasto-para-ayudar-a-un-centro-cultural-de-montevideo-8.jpg","newsmatic-featured":"https:\/\/lobosnews.com.ar\/wp-content\/uploads\/2026\/01\/jorge-corcho-rodriguez-expuso-por-primera-vez-sus-cuadros-y-los-subasto-para-ayudar-a-un-centro-cultural-de-montevideo-8-820x545.jpg","newsmatic-list":"https:\/\/lobosnews.com.ar\/wp-content\/uploads\/2026\/01\/jorge-corcho-rodriguez-expuso-por-primera-vez-sus-cuadros-y-los-subasto-para-ayudar-a-un-centro-cultural-de-montevideo-8-600x400.jpg","newsmatic-thumb":"https:\/\/lobosnews.com.ar\/wp-content\/uploads\/2026\/01\/jorge-corcho-rodriguez-expuso-por-primera-vez-sus-cuadros-y-los-subasto-para-ayudar-a-un-centro-cultural-de-montevideo-8-300x200.jpg","newsmatic-small":"https:\/\/lobosnews.com.ar\/wp-content\/uploads\/2026\/01\/jorge-corcho-rodriguez-expuso-por-primera-vez-sus-cuadros-y-los-subasto-para-ayudar-a-un-centro-cultural-de-montevideo-8-150x95.jpg","newsmatic-grid":"https:\/\/lobosnews.com.ar\/wp-content\/uploads\/2026\/01\/jorge-corcho-rodriguez-expuso-por-primera-vez-sus-cuadros-y-los-subasto-para-ayudar-a-un-centro-cultural-de-montevideo-8-400x250.jpg"},"magazineBlocksPostAuthor":{"name":"admin","avatar":"https:\/\/secure.gravatar.com\/avatar\/76e419471a2083bc3ceab22a763dbbf9b0c1bd15a6214cf3280e2c2dde4580f9?s=96&d=mm&r=g"},"magazineBlocksPostCommentsNumber":"0","magazineBlocksPostExcerpt":"Conocido su gusto por el rock, Jorge \u201cCorcho\u201d Rodr\u00edguez tiene tambi\u00e9n un v\u00ednculo con las artes pl\u00e1sticas y lo exhibi\u00f3 por primera vez para una acci\u00f3n ben\u00e9fica. El empresario present\u00f3 la muestra \u201cOn the Road\u201d en Uruguay, arm\u00f3 una subasta y con lo recaudado ayud\u00f3 al centro cultural El Power, de Montevideo. La serie exhibida...","magazineBlocksPostCategories":["Actualidad","Argentina","econom\u00eda","inseguridad","masradios.com","nacionales","seguridad","sociedad"],"magazineBlocksPostViewCount":191,"magazineBlocksPostReadTime":4,"magazine_blocks_featured_image_url":{"full":["https:\/\/lobosnews.com.ar\/wp-content\/uploads\/2026\/01\/jorge-corcho-rodriguez-expuso-por-primera-vez-sus-cuadros-y-los-subasto-para-ayudar-a-un-centro-cultural-de-montevideo-8.jpg",960,1280,false],"medium":["https:\/\/lobosnews.com.ar\/wp-content\/uploads\/2026\/01\/jorge-corcho-rodriguez-expuso-por-primera-vez-sus-cuadros-y-los-subasto-para-ayudar-a-un-centro-cultural-de-montevideo-8-225x300.jpg",225,300,true],"thumbnail":["https:\/\/lobosnews.com.ar\/wp-content\/uploads\/2026\/01\/jorge-corcho-rodriguez-expuso-por-primera-vez-sus-cuadros-y-los-subasto-para-ayudar-a-un-centro-cultural-de-montevideo-8-150x150.jpg",150,150,true]},"magazine_blocks_author":{"display_name":"admin","author_link":"https:\/\/lobosnews.com.ar\/index.php\/author\/lobos-news\/"},"magazine_blocks_comment":1,"magazine_blocks_author_image":"https:\/\/secure.gravatar.com\/avatar\/76e419471a2083bc3ceab22a763dbbf9b0c1bd15a6214cf3280e2c2dde4580f9?s=96&d=mm&r=g","magazine_blocks_category":"<a href=\"#\" class=\"category-link category-link-31\">Actualidad<\/a> <a href=\"#\" class=\"category-link category-link-30\">Argentina<\/a> <a href=\"#\" class=\"category-link category-link-32\">econom\u00eda<\/a> <a href=\"#\" class=\"category-link category-link-77\">inseguridad<\/a> <a href=\"#\" class=\"category-link category-link-84\">masradios.com<\/a> <a href=\"#\" class=\"category-link category-link-35\">nacionales<\/a> <a href=\"#\" class=\"category-link category-link-36\">seguridad<\/a> <a href=\"#\" class=\"category-link category-link-37\">sociedad<\/a>","yoast_head":"<!-- This site is optimized with the Yoast SEO plugin v26.6 - https:\/\/yoast.com\/wordpress\/plugins\/seo\/ -->\n<title>Jorge \u201cCorcho\u201d Rodr\u00edguez expuso por primera vez sus cuadros y los subast\u00f3 para ayudar a un centro cultural de Montevideo - Lobos News<\/title>\n<meta name=\"robots\" content=\"index, follow, max-snippet:-1, max-image-preview:large, max-video-preview:-1\" \/>\n<link rel=\"canonical\" href=\"https:\/\/lobosnews.com.ar\/index.php\/2026\/01\/24\/jorge-corcho-rodriguez-expuso-por-primera-vez-sus-cuadros-y-los-subasto-para-ayudar-a-un-centro-cultural-de-montevideo\/\" \/>\n<meta property=\"og:locale\" content=\"es_ES\" \/>\n<meta property=\"og:type\" content=\"article\" \/>\n<meta property=\"og:title\" content=\"Jorge \u201cCorcho\u201d Rodr\u00edguez expuso por primera vez sus cuadros y los subast\u00f3 para ayudar a un centro cultural de Montevideo - Lobos News\" \/>\n<meta property=\"og:description\" content=\"Conocido su gusto por el rock, Jorge \u201cCorcho\u201d Rodr\u00edguez tiene tambi\u00e9n un v\u00ednculo con las artes pl\u00e1sticas y lo exhibi\u00f3 por primera vez para una acci\u00f3n ben\u00e9fica. El empresario present\u00f3 la muestra \u201cOn the Road\u201d en Uruguay, arm\u00f3 una subasta y con lo recaudado ayud\u00f3 al centro cultural El Power, de Montevideo. La serie exhibida...\" \/>\n<meta property=\"og:url\" content=\"https:\/\/lobosnews.com.ar\/index.php\/2026\/01\/24\/jorge-corcho-rodriguez-expuso-por-primera-vez-sus-cuadros-y-los-subasto-para-ayudar-a-un-centro-cultural-de-montevideo\/\" \/>\n<meta property=\"og:site_name\" content=\"Lobos News\" \/>\n<meta property=\"article:published_time\" content=\"2026-01-24T23:49:35+00:00\" \/>\n<meta property=\"article:modified_time\" content=\"2026-01-25T02:48:48+00:00\" \/>\n<meta property=\"og:image\" content=\"https:\/\/lobosnews.com.ar\/wp-content\/uploads\/2026\/01\/jorge-corcho-rodriguez-expuso-por-primera-vez-sus-cuadros-y-los-subasto-para-ayudar-a-un-centro-cultural-de-montevideo.jpg\" \/>\n<meta name=\"author\" content=\"admin\" \/>\n<meta name=\"twitter:card\" content=\"summary_large_image\" \/>\n<meta name=\"twitter:label1\" content=\"Escrito por\" \/>\n\t<meta name=\"twitter:data1\" content=\"admin\" \/>\n\t<meta name=\"twitter:label2\" content=\"Tiempo de lectura\" \/>\n\t<meta name=\"twitter:data2\" content=\"3 minutos\" \/>\n<script type=\"application\/ld+json\" class=\"yoast-schema-graph\">{\"@context\":\"https:\/\/schema.org\",\"@graph\":[{\"@type\":\"Article\",\"@id\":\"https:\/\/lobosnews.com.ar\/index.php\/2026\/01\/24\/jorge-corcho-rodriguez-expuso-por-primera-vez-sus-cuadros-y-los-subasto-para-ayudar-a-un-centro-cultural-de-montevideo\/#article\",\"isPartOf\":{\"@id\":\"https:\/\/lobosnews.com.ar\/index.php\/2026\/01\/24\/jorge-corcho-rodriguez-expuso-por-primera-vez-sus-cuadros-y-los-subasto-para-ayudar-a-un-centro-cultural-de-montevideo\/\"},\"author\":{\"name\":\"admin\",\"@id\":\"https:\/\/lobosnews.com.ar\/#\/schema\/person\/232422a593d5c541dd9aef6aaed10943\"},\"headline\":\"Jorge \u201cCorcho\u201d Rodr\u00edguez expuso por primera vez sus cuadros y los subast\u00f3 para ayudar a un centro cultural de Montevideo\",\"datePublished\":\"2026-01-24T23:49:35+00:00\",\"dateModified\":\"2026-01-25T02:48:48+00:00\",\"mainEntityOfPage\":{\"@id\":\"https:\/\/lobosnews.com.ar\/index.php\/2026\/01\/24\/jorge-corcho-rodriguez-expuso-por-primera-vez-sus-cuadros-y-los-subasto-para-ayudar-a-un-centro-cultural-de-montevideo\/\"},\"wordCount\":662,\"commentCount\":0,\"publisher\":{\"@id\":\"https:\/\/lobosnews.com.ar\/#organization\"},\"image\":{\"@id\":\"https:\/\/lobosnews.com.ar\/index.php\/2026\/01\/24\/jorge-corcho-rodriguez-expuso-por-primera-vez-sus-cuadros-y-los-subasto-para-ayudar-a-un-centro-cultural-de-montevideo\/#primaryimage\"},\"thumbnailUrl\":\"https:\/\/lobosnews.com.ar\/wp-content\/uploads\/2026\/01\/jorge-corcho-rodriguez-expuso-por-primera-vez-sus-cuadros-y-los-subasto-para-ayudar-a-un-centro-cultural-de-montevideo-8.jpg\",\"articleSection\":[\"Actualidad\",\"Argentina\",\"econom\u00eda\",\"inseguridad\",\"masradios.com\",\"nacionales\",\"seguridad\",\"sociedad\"],\"inLanguage\":\"es\",\"potentialAction\":[{\"@type\":\"CommentAction\",\"name\":\"Comment\",\"target\":[\"https:\/\/lobosnews.com.ar\/index.php\/2026\/01\/24\/jorge-corcho-rodriguez-expuso-por-primera-vez-sus-cuadros-y-los-subasto-para-ayudar-a-un-centro-cultural-de-montevideo\/#respond\"]}]},{\"@type\":\"WebPage\",\"@id\":\"https:\/\/lobosnews.com.ar\/index.php\/2026\/01\/24\/jorge-corcho-rodriguez-expuso-por-primera-vez-sus-cuadros-y-los-subasto-para-ayudar-a-un-centro-cultural-de-montevideo\/\",\"url\":\"https:\/\/lobosnews.com.ar\/index.php\/2026\/01\/24\/jorge-corcho-rodriguez-expuso-por-primera-vez-sus-cuadros-y-los-subasto-para-ayudar-a-un-centro-cultural-de-montevideo\/\",\"name\":\"Jorge \u201cCorcho\u201d Rodr\u00edguez expuso por primera vez sus cuadros y los subast\u00f3 para ayudar a un centro cultural de Montevideo - Lobos News\",\"isPartOf\":{\"@id\":\"https:\/\/lobosnews.com.ar\/#website\"},\"primaryImageOfPage\":{\"@id\":\"https:\/\/lobosnews.com.ar\/index.php\/2026\/01\/24\/jorge-corcho-rodriguez-expuso-por-primera-vez-sus-cuadros-y-los-subasto-para-ayudar-a-un-centro-cultural-de-montevideo\/#primaryimage\"},\"image\":{\"@id\":\"https:\/\/lobosnews.com.ar\/index.php\/2026\/01\/24\/jorge-corcho-rodriguez-expuso-por-primera-vez-sus-cuadros-y-los-subasto-para-ayudar-a-un-centro-cultural-de-montevideo\/#primaryimage\"},\"thumbnailUrl\":\"https:\/\/lobosnews.com.ar\/wp-content\/uploads\/2026\/01\/jorge-corcho-rodriguez-expuso-por-primera-vez-sus-cuadros-y-los-subasto-para-ayudar-a-un-centro-cultural-de-montevideo-8.jpg\",\"datePublished\":\"2026-01-24T23:49:35+00:00\",\"dateModified\":\"2026-01-25T02:48:48+00:00\",\"breadcrumb\":{\"@id\":\"https:\/\/lobosnews.com.ar\/index.php\/2026\/01\/24\/jorge-corcho-rodriguez-expuso-por-primera-vez-sus-cuadros-y-los-subasto-para-ayudar-a-un-centro-cultural-de-montevideo\/#breadcrumb\"},\"inLanguage\":\"es\",\"potentialAction\":[{\"@type\":\"ReadAction\",\"target\":[\"https:\/\/lobosnews.com.ar\/index.php\/2026\/01\/24\/jorge-corcho-rodriguez-expuso-por-primera-vez-sus-cuadros-y-los-subasto-para-ayudar-a-un-centro-cultural-de-montevideo\/\"]}]},{\"@type\":\"ImageObject\",\"inLanguage\":\"es\",\"@id\":\"https:\/\/lobosnews.com.ar\/index.php\/2026\/01\/24\/jorge-corcho-rodriguez-expuso-por-primera-vez-sus-cuadros-y-los-subasto-para-ayudar-a-un-centro-cultural-de-montevideo\/#primaryimage\",\"url\":\"https:\/\/lobosnews.com.ar\/wp-content\/uploads\/2026\/01\/jorge-corcho-rodriguez-expuso-por-primera-vez-sus-cuadros-y-los-subasto-para-ayudar-a-un-centro-cultural-de-montevideo-8.jpg\",\"contentUrl\":\"https:\/\/lobosnews.com.ar\/wp-content\/uploads\/2026\/01\/jorge-corcho-rodriguez-expuso-por-primera-vez-sus-cuadros-y-los-subasto-para-ayudar-a-un-centro-cultural-de-montevideo-8.jpg\",\"width\":960,\"height\":1280,\"caption\":\"Jorge \u201cCorcho\u201d Rodr\u00edguez expuso por primera vez sus cuadros y los subast\u00f3 para ayudar a un centro cultural de Montevideo\"},{\"@type\":\"BreadcrumbList\",\"@id\":\"https:\/\/lobosnews.com.ar\/index.php\/2026\/01\/24\/jorge-corcho-rodriguez-expuso-por-primera-vez-sus-cuadros-y-los-subasto-para-ayudar-a-un-centro-cultural-de-montevideo\/#breadcrumb\",\"itemListElement\":[{\"@type\":\"ListItem\",\"position\":1,\"name\":\"Portada\",\"item\":\"https:\/\/lobosnews.com.ar\/\"},{\"@type\":\"ListItem\",\"position\":2,\"name\":\"Jorge \u201cCorcho\u201d Rodr\u00edguez expuso por primera vez sus cuadros y los subast\u00f3 para ayudar a un centro cultural de Montevideo\"}]},{\"@type\":\"WebSite\",\"@id\":\"https:\/\/lobosnews.com.ar\/#website\",\"url\":\"https:\/\/lobosnews.com.ar\/\",\"name\":\"Lobos News\",\"description\":\"Informaci\u00f3n a cada instante\",\"publisher\":{\"@id\":\"https:\/\/lobosnews.com.ar\/#organization\"},\"potentialAction\":[{\"@type\":\"SearchAction\",\"target\":{\"@type\":\"EntryPoint\",\"urlTemplate\":\"https:\/\/lobosnews.com.ar\/?s={search_term_string}\"},\"query-input\":{\"@type\":\"PropertyValueSpecification\",\"valueRequired\":true,\"valueName\":\"search_term_string\"}}],\"inLanguage\":\"es\"},{\"@type\":\"Organization\",\"@id\":\"https:\/\/lobosnews.com.ar\/#organization\",\"name\":\"Lobos News\",\"url\":\"https:\/\/lobosnews.com.ar\/\",\"logo\":{\"@type\":\"ImageObject\",\"inLanguage\":\"es\",\"@id\":\"https:\/\/lobosnews.com.ar\/#\/schema\/logo\/image\/\",\"url\":\"https:\/\/lobosnews.com.ar\/wp-content\/uploads\/2026\/01\/logo-lobosnews.png\",\"contentUrl\":\"https:\/\/lobosnews.com.ar\/wp-content\/uploads\/2026\/01\/logo-lobosnews.png\",\"width\":500,\"height\":200,\"caption\":\"Lobos News\"},\"image\":{\"@id\":\"https:\/\/lobosnews.com.ar\/#\/schema\/logo\/image\/\"}},{\"@type\":\"Person\",\"@id\":\"https:\/\/lobosnews.com.ar\/#\/schema\/person\/232422a593d5c541dd9aef6aaed10943\",\"name\":\"admin\",\"image\":{\"@type\":\"ImageObject\",\"inLanguage\":\"es\",\"@id\":\"https:\/\/lobosnews.com.ar\/#\/schema\/person\/image\/\",\"url\":\"https:\/\/secure.gravatar.com\/avatar\/76e419471a2083bc3ceab22a763dbbf9b0c1bd15a6214cf3280e2c2dde4580f9?s=96&d=mm&r=g\",\"contentUrl\":\"https:\/\/secure.gravatar.com\/avatar\/76e419471a2083bc3ceab22a763dbbf9b0c1bd15a6214cf3280e2c2dde4580f9?s=96&d=mm&r=g\",\"caption\":\"admin\"},\"sameAs\":[\"https:\/\/lobosnews.com.ar\"],\"url\":\"https:\/\/lobosnews.com.ar\/index.php\/author\/lobos-news\/\"}]}<\/script>\n<!-- \/ Yoast SEO plugin. -->","yoast_head_json":{"title":"Jorge \u201cCorcho\u201d Rodr\u00edguez expuso por primera vez sus cuadros y los subast\u00f3 para ayudar a un centro cultural de Montevideo - Lobos News","robots":{"index":"index","follow":"follow","max-snippet":"max-snippet:-1","max-image-preview":"max-image-preview:large","max-video-preview":"max-video-preview:-1"},"canonical":"https:\/\/lobosnews.com.ar\/index.php\/2026\/01\/24\/jorge-corcho-rodriguez-expuso-por-primera-vez-sus-cuadros-y-los-subasto-para-ayudar-a-un-centro-cultural-de-montevideo\/","og_locale":"es_ES","og_type":"article","og_title":"Jorge \u201cCorcho\u201d Rodr\u00edguez expuso por primera vez sus cuadros y los subast\u00f3 para ayudar a un centro cultural de Montevideo - Lobos News","og_description":"Conocido su gusto por el rock, Jorge \u201cCorcho\u201d Rodr\u00edguez tiene tambi\u00e9n un v\u00ednculo con las artes pl\u00e1sticas y lo exhibi\u00f3 por primera vez para una acci\u00f3n ben\u00e9fica. El empresario present\u00f3 la muestra \u201cOn the Road\u201d en Uruguay, arm\u00f3 una subasta y con lo recaudado ayud\u00f3 al centro cultural El Power, de Montevideo. La serie exhibida...","og_url":"https:\/\/lobosnews.com.ar\/index.php\/2026\/01\/24\/jorge-corcho-rodriguez-expuso-por-primera-vez-sus-cuadros-y-los-subasto-para-ayudar-a-un-centro-cultural-de-montevideo\/","og_site_name":"Lobos News","article_published_time":"2026-01-24T23:49:35+00:00","article_modified_time":"2026-01-25T02:48:48+00:00","og_image":[{"url":"https:\/\/lobosnews.com.ar\/wp-content\/uploads\/2026\/01\/jorge-corcho-rodriguez-expuso-por-primera-vez-sus-cuadros-y-los-subasto-para-ayudar-a-un-centro-cultural-de-montevideo.jpg","type":"","width":"","height":""}],"author":"admin","twitter_card":"summary_large_image","twitter_misc":{"Escrito por":"admin","Tiempo de lectura":"3 minutos"},"schema":{"@context":"https:\/\/schema.org","@graph":[{"@type":"Article","@id":"https:\/\/lobosnews.com.ar\/index.php\/2026\/01\/24\/jorge-corcho-rodriguez-expuso-por-primera-vez-sus-cuadros-y-los-subasto-para-ayudar-a-un-centro-cultural-de-montevideo\/#article","isPartOf":{"@id":"https:\/\/lobosnews.com.ar\/index.php\/2026\/01\/24\/jorge-corcho-rodriguez-expuso-por-primera-vez-sus-cuadros-y-los-subasto-para-ayudar-a-un-centro-cultural-de-montevideo\/"},"author":{"name":"admin","@id":"https:\/\/lobosnews.com.ar\/#\/schema\/person\/232422a593d5c541dd9aef6aaed10943"},"headline":"Jorge \u201cCorcho\u201d Rodr\u00edguez expuso por primera vez sus cuadros y los subast\u00f3 para ayudar a un centro cultural de Montevideo","datePublished":"2026-01-24T23:49:35+00:00","dateModified":"2026-01-25T02:48:48+00:00","mainEntityOfPage":{"@id":"https:\/\/lobosnews.com.ar\/index.php\/2026\/01\/24\/jorge-corcho-rodriguez-expuso-por-primera-vez-sus-cuadros-y-los-subasto-para-ayudar-a-un-centro-cultural-de-montevideo\/"},"wordCount":662,"commentCount":0,"publisher":{"@id":"https:\/\/lobosnews.com.ar\/#organization"},"image":{"@id":"https:\/\/lobosnews.com.ar\/index.php\/2026\/01\/24\/jorge-corcho-rodriguez-expuso-por-primera-vez-sus-cuadros-y-los-subasto-para-ayudar-a-un-centro-cultural-de-montevideo\/#primaryimage"},"thumbnailUrl":"https:\/\/lobosnews.com.ar\/wp-content\/uploads\/2026\/01\/jorge-corcho-rodriguez-expuso-por-primera-vez-sus-cuadros-y-los-subasto-para-ayudar-a-un-centro-cultural-de-montevideo-8.jpg","articleSection":["Actualidad","Argentina","econom\u00eda","inseguridad","masradios.com","nacionales","seguridad","sociedad"],"inLanguage":"es","potentialAction":[{"@type":"CommentAction","name":"Comment","target":["https:\/\/lobosnews.com.ar\/index.php\/2026\/01\/24\/jorge-corcho-rodriguez-expuso-por-primera-vez-sus-cuadros-y-los-subasto-para-ayudar-a-un-centro-cultural-de-montevideo\/#respond"]}]},{"@type":"WebPage","@id":"https:\/\/lobosnews.com.ar\/index.php\/2026\/01\/24\/jorge-corcho-rodriguez-expuso-por-primera-vez-sus-cuadros-y-los-subasto-para-ayudar-a-un-centro-cultural-de-montevideo\/","url":"https:\/\/lobosnews.com.ar\/index.php\/2026\/01\/24\/jorge-corcho-rodriguez-expuso-por-primera-vez-sus-cuadros-y-los-subasto-para-ayudar-a-un-centro-cultural-de-montevideo\/","name":"Jorge \u201cCorcho\u201d Rodr\u00edguez expuso por primera vez sus cuadros y los subast\u00f3 para ayudar a un centro cultural de Montevideo - Lobos News","isPartOf":{"@id":"https:\/\/lobosnews.com.ar\/#website"},"primaryImageOfPage":{"@id":"https:\/\/lobosnews.com.ar\/index.php\/2026\/01\/24\/jorge-corcho-rodriguez-expuso-por-primera-vez-sus-cuadros-y-los-subasto-para-ayudar-a-un-centro-cultural-de-montevideo\/#primaryimage"},"image":{"@id":"https:\/\/lobosnews.com.ar\/index.php\/2026\/01\/24\/jorge-corcho-rodriguez-expuso-por-primera-vez-sus-cuadros-y-los-subasto-para-ayudar-a-un-centro-cultural-de-montevideo\/#primaryimage"},"thumbnailUrl":"https:\/\/lobosnews.com.ar\/wp-content\/uploads\/2026\/01\/jorge-corcho-rodriguez-expuso-por-primera-vez-sus-cuadros-y-los-subasto-para-ayudar-a-un-centro-cultural-de-montevideo-8.jpg","datePublished":"2026-01-24T23:49:35+00:00","dateModified":"2026-01-25T02:48:48+00:00","breadcrumb":{"@id":"https:\/\/lobosnews.com.ar\/index.php\/2026\/01\/24\/jorge-corcho-rodriguez-expuso-por-primera-vez-sus-cuadros-y-los-subasto-para-ayudar-a-un-centro-cultural-de-montevideo\/#breadcrumb"},"inLanguage":"es","potentialAction":[{"@type":"ReadAction","target":["https:\/\/lobosnews.com.ar\/index.php\/2026\/01\/24\/jorge-corcho-rodriguez-expuso-por-primera-vez-sus-cuadros-y-los-subasto-para-ayudar-a-un-centro-cultural-de-montevideo\/"]}]},{"@type":"ImageObject","inLanguage":"es","@id":"https:\/\/lobosnews.com.ar\/index.php\/2026\/01\/24\/jorge-corcho-rodriguez-expuso-por-primera-vez-sus-cuadros-y-los-subasto-para-ayudar-a-un-centro-cultural-de-montevideo\/#primaryimage","url":"https:\/\/lobosnews.com.ar\/wp-content\/uploads\/2026\/01\/jorge-corcho-rodriguez-expuso-por-primera-vez-sus-cuadros-y-los-subasto-para-ayudar-a-un-centro-cultural-de-montevideo-8.jpg","contentUrl":"https:\/\/lobosnews.com.ar\/wp-content\/uploads\/2026\/01\/jorge-corcho-rodriguez-expuso-por-primera-vez-sus-cuadros-y-los-subasto-para-ayudar-a-un-centro-cultural-de-montevideo-8.jpg","width":960,"height":1280,"caption":"Jorge \u201cCorcho\u201d Rodr\u00edguez expuso por primera vez sus cuadros y los subast\u00f3 para ayudar a un centro cultural de Montevideo"},{"@type":"BreadcrumbList","@id":"https:\/\/lobosnews.com.ar\/index.php\/2026\/01\/24\/jorge-corcho-rodriguez-expuso-por-primera-vez-sus-cuadros-y-los-subasto-para-ayudar-a-un-centro-cultural-de-montevideo\/#breadcrumb","itemListElement":[{"@type":"ListItem","position":1,"name":"Portada","item":"https:\/\/lobosnews.com.ar\/"},{"@type":"ListItem","position":2,"name":"Jorge \u201cCorcho\u201d Rodr\u00edguez expuso por primera vez sus cuadros y los subast\u00f3 para ayudar a un centro cultural de Montevideo"}]},{"@type":"WebSite","@id":"https:\/\/lobosnews.com.ar\/#website","url":"https:\/\/lobosnews.com.ar\/","name":"Lobos News","description":"Informaci\u00f3n a cada instante","publisher":{"@id":"https:\/\/lobosnews.com.ar\/#organization"},"potentialAction":[{"@type":"SearchAction","target":{"@type":"EntryPoint","urlTemplate":"https:\/\/lobosnews.com.ar\/?s={search_term_string}"},"query-input":{"@type":"PropertyValueSpecification","valueRequired":true,"valueName":"search_term_string"}}],"inLanguage":"es"},{"@type":"Organization","@id":"https:\/\/lobosnews.com.ar\/#organization","name":"Lobos News","url":"https:\/\/lobosnews.com.ar\/","logo":{"@type":"ImageObject","inLanguage":"es","@id":"https:\/\/lobosnews.com.ar\/#\/schema\/logo\/image\/","url":"https:\/\/lobosnews.com.ar\/wp-content\/uploads\/2026\/01\/logo-lobosnews.png","contentUrl":"https:\/\/lobosnews.com.ar\/wp-content\/uploads\/2026\/01\/logo-lobosnews.png","width":500,"height":200,"caption":"Lobos News"},"image":{"@id":"https:\/\/lobosnews.com.ar\/#\/schema\/logo\/image\/"}},{"@type":"Person","@id":"https:\/\/lobosnews.com.ar\/#\/schema\/person\/232422a593d5c541dd9aef6aaed10943","name":"admin","image":{"@type":"ImageObject","inLanguage":"es","@id":"https:\/\/lobosnews.com.ar\/#\/schema\/person\/image\/","url":"https:\/\/secure.gravatar.com\/avatar\/76e419471a2083bc3ceab22a763dbbf9b0c1bd15a6214cf3280e2c2dde4580f9?s=96&d=mm&r=g","contentUrl":"https:\/\/secure.gravatar.com\/avatar\/76e419471a2083bc3ceab22a763dbbf9b0c1bd15a6214cf3280e2c2dde4580f9?s=96&d=mm&r=g","caption":"admin"},"sameAs":["https:\/\/lobosnews.com.ar"],"url":"https:\/\/lobosnews.com.ar\/index.php\/author\/lobos-news\/"}]}},"jetpack_featured_media_url":"https:\/\/lobosnews.com.ar\/wp-content\/uploads\/2026\/01\/jorge-corcho-rodriguez-expuso-por-primera-vez-sus-cuadros-y-los-subasto-para-ayudar-a-un-centro-cultural-de-montevideo-8.jpg","jetpack_sharing_enabled":true,"_links":{"self":[{"href":"https:\/\/lobosnews.com.ar\/index.php\/wp-json\/wp\/v2\/posts\/11160","targetHints":{"allow":["GET"]}}],"collection":[{"href":"https:\/\/lobosnews.com.ar\/index.php\/wp-json\/wp\/v2\/posts"}],"about":[{"href":"https:\/\/lobosnews.com.ar\/index.php\/wp-json\/wp\/v2\/types\/post"}],"author":[{"embeddable":true,"href":"https:\/\/lobosnews.com.ar\/index.php\/wp-json\/wp\/v2\/users\/1"}],"replies":[{"embeddable":true,"href":"https:\/\/lobosnews.com.ar\/index.php\/wp-json\/wp\/v2\/comments?post=11160"}],"version-history":[{"count":1,"href":"https:\/\/lobosnews.com.ar\/index.php\/wp-json\/wp\/v2\/posts\/11160\/revisions"}],"predecessor-version":[{"id":11166,"href":"https:\/\/lobosnews.com.ar\/index.php\/wp-json\/wp\/v2\/posts\/11160\/revisions\/11166"}],"wp:featuredmedia":[{"embeddable":true,"href":"https:\/\/lobosnews.com.ar\/index.php\/wp-json\/wp\/v2\/media\/11167"}],"wp:attachment":[{"href":"https:\/\/lobosnews.com.ar\/index.php\/wp-json\/wp\/v2\/media?parent=11160"}],"wp:term":[{"taxonomy":"category","embeddable":true,"href":"https:\/\/lobosnews.com.ar\/index.php\/wp-json\/wp\/v2\/categories?post=11160"},{"taxonomy":"post_tag","embeddable":true,"href":"https:\/\/lobosnews.com.ar\/index.php\/wp-json\/wp\/v2\/tags?post=11160"}],"curies":[{"name":"wp","href":"https:\/\/api.w.org\/{rel}","templated":true}]}}