{"id":10497,"date":"2026-01-23T05:00:00","date_gmt":"2026-01-23T05:00:00","guid":{"rendered":"https:\/\/lobosnews.com.ar\/index.php\/2026\/01\/23\/maxi-lopez-en-mar-del-plata-habla-de-la-llegada-de-daniela-christiansson-al-pais-le-gusta-la-cumbia\/"},"modified":"2026-01-23T11:11:16","modified_gmt":"2026-01-23T11:11:16","slug":"maxi-lopez-en-mar-del-plata-habla-de-la-llegada-de-daniela-christiansson-al-pais-le-gusta-la-cumbia","status":"publish","type":"post","link":"https:\/\/lobosnews.com.ar\/index.php\/2026\/01\/23\/maxi-lopez-en-mar-del-plata-habla-de-la-llegada-de-daniela-christiansson-al-pais-le-gusta-la-cumbia\/","title":{"rendered":"Maxi L\u00f3pez, en Mar del Plata, habla de la llegada de Daniela Christiansson al pa\u00eds: \u201cLe gusta la cumbia\u201d"},"content":{"rendered":"<p><img loading=\"lazy\" decoding=\"async\" src=\"https:\/\/lobosnews.com.ar\/wp-content\/uploads\/2026\/01\/maxi-lopez-en-mar-del-plata-habla-de-la-llegada-de-daniela-christiansson-al-pais-le-gusta-la-cumbia.jpg\" alt=\"Maxi L\u00f3pez alterna su rutina entre grabaciones de MasterChef y trabajos en streaming, viajando cada pocos d\u00edas entre Mar del Plata y Buenos Aires (Cr\u00e9dito: Jos\u00e9 Tetty)\" height=\"2784\" width=\"4176\"\/><\/p>\n<p>De <span class=\"waslinkname\"><b>Mar del Plata<\/b><\/span><b> <\/b>a Capital y viceversa, durante el mes de enero, <span class=\"waslinkname\"><b>Maxi L\u00f3pez <\/b><\/span>divide su vida entre dos ciudades a m\u00e1s de 400 km de distancia. Es que para cumplir con las grabaciones de <b>MasterChef <\/b>(Telefe) y su trabajo en streaming, el exfutbolista viaja constantemente de un lugar a otro cada dos d\u00edas. Como si fuera poco, ahora se suma la organizaci\u00f3n del cumplea\u00f1os de su hijo, Valentino, y hasta la mudanza de su familia desde Suiza a Argentina.<\/p>\n<p>En el medio, no solo habla con su pareja, <b>Daniela Christiansson<\/b>, para saber c\u00f3mo se encuentra su beb\u00e9, sino que tambi\u00e9n se re\u00fane con sus peque\u00f1os, <b>Valentino, Constantino <\/b>y <b>Benedicto <\/b>en Buenos Aires, frutos de su relaci\u00f3n con <b>Wanda Nara<\/b>. Justamente, este jueves, durante el programa, el participante del ciclo culinario record\u00f3 su casamiento con la medi\u00e1tica y cont\u00f3 qu\u00e9 cosas no repetir\u00eda de esa experiencia.<\/p>\n<p><b>\u201cDorm\u00ed solo tres horas. Estoy viajando mucho, me gusta esto de ir de Mar del Plata a Buenos Aires y al rev\u00e9s, me tiene atrapado\u201d<\/b>, comenta L\u00f3pez antes de charlar con<b> Teleshow <\/b>a la salida de<i> Ser\u00eda Incre\u00edble<\/i>, el programa del cual forma parte en Olga y se transmite desde Mar del Plata. Luce una remera negra, pantalones verdes y zapatillas negras. Se lo nota cansado al cabo de una larga jornada de trabajo. Si bien el programa inicia a las 7, L\u00f3pez inicia su d\u00eda cerca de las 5. A\u00fan as\u00ed, su cara dibuja una sonrisa, saluda a los fans que lo esperan en la calle y promete sacarse fotos con todos. <\/p>\n<p><b>&#8211; \u00bfC\u00f3mo viviste el reencuentro con tus hijos?<\/b><\/p>\n<p>&#8211; Ay, hermoso. Hermoso. Tenemos algunos planes juntos que ya vamos a organizar. Y el fin de semana festejo el cumple de Valentino, que cumple diecisiete a\u00f1os. As\u00ed que la verdad, hay sorpresa.<\/p>\n<p><b>&#8211; \u00bfQu\u00e9 planes tienen?<\/b><\/p>\n<p>&#8211; Yo soy un gran organizador, ya lo conozco. Le dije: \u201cVamos a hacer esto y esto\u201d. \u201cS\u00ed, pap\u00e1, vamos ah\u00ed\u201c, dijo. As\u00ed que hay evento muy bueno. \u00c9l tiene un buen paladar como el padre. Entonces, vamos a ir a un lugar que no lo conoce, pero quer\u00eda probar.<\/p>\n<p><b>&#8211; \u00bfY lo van a hacer junto a Wanda o cada uno despu\u00e9s hace su festejo?<\/b><\/p>\n<p>&#8211; No, no, est\u00e1 abierto todo. Wanda, familia, pareja. Yo no tengo problema. Vamos con todos.<\/p>\n<p><b>&#8211; \u00bfC\u00f3mo van a hacer para venir a la Argentina con Daniela<\/b><\/p>\n<p>&#8211; Tengo una casa ya media vista, me tengo que sentar a hablar. Ya estamos organizando todo, as\u00ed que la verdad, superfeliz.<\/p>\n<p><img loading=\"lazy\" decoding=\"async\" src=\"https:\/\/lobosnews.com.ar\/wp-content\/uploads\/2026\/01\/maxi-lopez-en-mar-del-plata-habla-de-la-llegada-de-daniela-christiansson-al-pais-le-gusta-la-cumbia-1.jpg\" alt=\"El exjugador se mostr\u00f3 entusiasta por recibir a los suegros de Suiza, quienes visitar\u00e1n Argentina para conocer el pa\u00eds y compartir con la familia (Cr\u00e9dito: Jos\u00e9 Tetty)\" height=\"2784\" width=\"4176\"\/><\/p>\n<p><b>&#8211; \u00bfTus suegros tambi\u00e9n van a venir de visita<\/b><\/p>\n<p>&#8211; S\u00ed, siempre, olvidate. Tenemos, una excelente relaci\u00f3n. Vamos a una casa bien grande, as\u00ed pueden estar todos.<\/p>\n<p><b>&#8211; \u00bfEn un futuro podr\u00edan instalarse todos ac\u00e1?<\/b><\/p>\n<p>&#8211; No, no. Mi suegro trabaja en Suiza, tendr\u00eda que ir y venir. Aparte tiene mucho deseo de conocer a Argentina, \u00e9l no la conoce, as\u00ed que van a venir a conocer.<\/p>\n<p><b>&#8211; \u00bfY Daniela cu\u00e1ntas veces ha venido?<\/b><\/p>\n<p>&#8211; Tres o cuatro veces. Dani ya conoce. Le gusta, sabe, sabe lo que brinda Argentina, as\u00ed que est\u00e1 muy contenta.<\/p>\n<p><b>&#8211; \u00bfQu\u00e9 parte de Argentina le gusta<\/b><\/p>\n<p>&#8211; Le gust\u00f3 mucho la Patagonia. Estuvimos en la Patagonia y Buenos Aires le parece fant\u00e1stica.<\/p>\n<p><img loading=\"lazy\" decoding=\"async\" src=\"https:\/\/lobosnews.com.ar\/wp-content\/uploads\/2026\/01\/maxi-lopez-en-mar-del-plata-habla-de-la-llegada-de-daniela-christiansson-al-pais-le-gusta-la-cumbia-2.jpg\" alt=\"El exfutbolista coordina la mudanza de su familia desde Suiza a Argentina y prepara la celebraci\u00f3n de cumplea\u00f1os de su hijo Valentino (Instagram)\" height=\"1080\" width=\"1920\"\/><\/p>\n<p><b>&#8211; <\/b><span class=\"waslinkname\"><b>En tu vuelta a MasterChef, Wanda dec\u00eda que le gustar\u00eda tener un hijo&#8230;<\/b><\/span><\/p>\n<p>&#8211; S\u00ed, le gustar\u00eda. Bueno, yo la acompa\u00f1o en todas las decisiones que quiera emprender, si quiere que las emprenda. Nosotros ya tenemos tres, as\u00ed que ya est\u00e1 bien.<\/p>\n<p><b>&#8211; \u00bfC\u00f3mo ves el v\u00ednculo con Mart\u00edn Migueles?<\/b><\/p>\n<p>&#8211; Yo apoyo siempre. Que Wandita est\u00e9 bien, que est\u00e9 contenta, as\u00ed los nenes est\u00e1n contentos y todos estamos felices.<\/p>\n<p><b>&#8211; \u00bfC\u00f3mo lo ves a Migueles como padre y a Wanda nuevamente en ese rol?<\/b><\/p>\n<p>&#8211; Ese es un desaf\u00edo que tienen que pasar ellos. Creo que los hijos son lo m\u00e1s lindo que hay. No hay felicidad m\u00e1s grande que un hijo. Yo lo puedo decir, tengo cinco, y la verdad que es un paso importante.<\/p>\n<p><b>&#8211; Hoy recordabas tu casamiento con Wanda en el programa&#8230;<\/b><\/p>\n<p>&#8211; Salieron temas. Est\u00e1bamos con un tema musical y salieron los temas de la boda. Y s\u00ed, s\u00ed, hab\u00eda uno que yo eleg\u00ed que me encantaba y me hizo volver.<\/p>\n<p><b>&#8211; \u00bfQu\u00e9 es lo que m\u00e1s record\u00e1s de ese casamiento? \u00bfQu\u00e9 cosas no repetir\u00edas?<\/b><\/p>\n<p>&#8211; Gast\u00e9 mucha plata. Hoy es otro presupuesto. Ya me olvid\u00e9 cu\u00e1nta plata fue, pero bueno, fue lindo, hubo mucha gente, estuvo divertido, y la verdad que la pasamos bien.<\/p>\n<p><b>&#8211; Hablando de canciones, \u00bfqu\u00e9 tema le dedicar\u00edas a Daniela<\/b><\/p>\n<p>&#8211; Le gusta la cumbia, le hice conocer la cumbia a la sueca. O si no, alg\u00fan tema que me cae muy bien de Luck Ra, que est\u00e1 bueno y es divertido.<\/p>\n<p><b>&#8211; \u00bfAlg\u00fan objetivo que tengas este a\u00f1o?<\/b><\/p>\n<p>&#8211; Quiero empezar a ir a ver teatro. Quiero ir a ver a Nico V\u00e1zquez en Rocky, que me dijeron que es infernal. Lo voy a ir a ver.<\/p>\n","protected":false},"excerpt":{"rendered":"<p>De Mar del Plata a Capital y viceversa, durante el mes de enero, Maxi L\u00f3pez divide su vida entre dos ciudades a m\u00e1s de 400 km de distancia. Es que para cumplir con las grabaciones de MasterChef (Telefe) y su trabajo en streaming, el exfutbolista viaja constantemente de un lugar a otro cada dos d\u00edas&#8230;.<\/p>\n","protected":false},"author":1,"featured_media":10502,"comment_status":"open","ping_status":"closed","sticky":false,"template":"","format":"standard","meta":{"_jetpack_memberships_contains_paid_content":false,"footnotes":""},"categories":[79],"tags":[],"class_list":["post-10497","post","type-post","status-publish","format-standard","has-post-thumbnail","hentry","category-cine-y-series"],"magazineBlocksPostFeaturedMedia":{"thumbnail":"https:\/\/lobosnews.com.ar\/wp-content\/uploads\/2026\/01\/maxi-lopez-en-mar-del-plata-habla-de-la-llegada-de-daniela-christiansson-al-pais-le-gusta-la-cumbia-4-150x150.jpg","medium":"https:\/\/lobosnews.com.ar\/wp-content\/uploads\/2026\/01\/maxi-lopez-en-mar-del-plata-habla-de-la-llegada-de-daniela-christiansson-al-pais-le-gusta-la-cumbia-4-300x169.jpg","medium_large":"https:\/\/lobosnews.com.ar\/wp-content\/uploads\/2026\/01\/maxi-lopez-en-mar-del-plata-habla-de-la-llegada-de-daniela-christiansson-al-pais-le-gusta-la-cumbia-4-768x432.jpg","large":"https:\/\/lobosnews.com.ar\/wp-content\/uploads\/2026\/01\/maxi-lopez-en-mar-del-plata-habla-de-la-llegada-de-daniela-christiansson-al-pais-le-gusta-la-cumbia-4-1024x576.jpg","1536x1536":"https:\/\/lobosnews.com.ar\/wp-content\/uploads\/2026\/01\/maxi-lopez-en-mar-del-plata-habla-de-la-llegada-de-daniela-christiansson-al-pais-le-gusta-la-cumbia-4-1536x864.jpg","2048x2048":"https:\/\/lobosnews.com.ar\/wp-content\/uploads\/2026\/01\/maxi-lopez-en-mar-del-plata-habla-de-la-llegada-de-daniela-christiansson-al-pais-le-gusta-la-cumbia-4.jpg","newsmatic-featured":"https:\/\/lobosnews.com.ar\/wp-content\/uploads\/2026\/01\/maxi-lopez-en-mar-del-plata-habla-de-la-llegada-de-daniela-christiansson-al-pais-le-gusta-la-cumbia-4-820x545.jpg","newsmatic-list":"https:\/\/lobosnews.com.ar\/wp-content\/uploads\/2026\/01\/maxi-lopez-en-mar-del-plata-habla-de-la-llegada-de-daniela-christiansson-al-pais-le-gusta-la-cumbia-4-600x400.jpg","newsmatic-thumb":"https:\/\/lobosnews.com.ar\/wp-content\/uploads\/2026\/01\/maxi-lopez-en-mar-del-plata-habla-de-la-llegada-de-daniela-christiansson-al-pais-le-gusta-la-cumbia-4-300x200.jpg","newsmatic-small":"https:\/\/lobosnews.com.ar\/wp-content\/uploads\/2026\/01\/maxi-lopez-en-mar-del-plata-habla-de-la-llegada-de-daniela-christiansson-al-pais-le-gusta-la-cumbia-4-150x95.jpg","newsmatic-grid":"https:\/\/lobosnews.com.ar\/wp-content\/uploads\/2026\/01\/maxi-lopez-en-mar-del-plata-habla-de-la-llegada-de-daniela-christiansson-al-pais-le-gusta-la-cumbia-4-400x250.jpg"},"magazineBlocksPostAuthor":{"name":"admin","avatar":"https:\/\/secure.gravatar.com\/avatar\/76e419471a2083bc3ceab22a763dbbf9b0c1bd15a6214cf3280e2c2dde4580f9?s=96&d=mm&r=g"},"magazineBlocksPostCommentsNumber":"0","magazineBlocksPostExcerpt":"De Mar del Plata a Capital y viceversa, durante el mes de enero, Maxi L\u00f3pez divide su vida entre dos ciudades a m\u00e1s de 400 km de distancia. Es que para cumplir con las grabaciones de MasterChef (Telefe) y su trabajo en streaming, el exfutbolista viaja constantemente de un lugar a otro cada dos d\u00edas....","magazineBlocksPostCategories":["Cine y Series"],"magazineBlocksPostViewCount":177,"magazineBlocksPostReadTime":5,"magazine_blocks_featured_image_url":{"full":["https:\/\/lobosnews.com.ar\/wp-content\/uploads\/2026\/01\/maxi-lopez-en-mar-del-plata-habla-de-la-llegada-de-daniela-christiansson-al-pais-le-gusta-la-cumbia-4.jpg",1920,1080,false],"medium":["https:\/\/lobosnews.com.ar\/wp-content\/uploads\/2026\/01\/maxi-lopez-en-mar-del-plata-habla-de-la-llegada-de-daniela-christiansson-al-pais-le-gusta-la-cumbia-4-300x169.jpg",300,169,true],"thumbnail":["https:\/\/lobosnews.com.ar\/wp-content\/uploads\/2026\/01\/maxi-lopez-en-mar-del-plata-habla-de-la-llegada-de-daniela-christiansson-al-pais-le-gusta-la-cumbia-4-150x150.jpg",150,150,true]},"magazine_blocks_author":{"display_name":"admin","author_link":"https:\/\/lobosnews.com.ar\/index.php\/author\/lobos-news\/"},"magazine_blocks_comment":0,"magazine_blocks_author_image":"https:\/\/secure.gravatar.com\/avatar\/76e419471a2083bc3ceab22a763dbbf9b0c1bd15a6214cf3280e2c2dde4580f9?s=96&d=mm&r=g","magazine_blocks_category":"<a href=\"#\" class=\"category-link category-link-79\">Cine y Series<\/a>","yoast_head":"<!-- This site is optimized with the Yoast SEO plugin v26.6 - https:\/\/yoast.com\/wordpress\/plugins\/seo\/ -->\n<title>Maxi L\u00f3pez, en Mar del Plata, habla de la llegada de Daniela Christiansson al pa\u00eds: \u201cLe gusta la cumbia\u201d - Lobos News<\/title>\n<meta name=\"robots\" content=\"index, follow, max-snippet:-1, max-image-preview:large, max-video-preview:-1\" \/>\n<link rel=\"canonical\" href=\"https:\/\/lobosnews.com.ar\/index.php\/2026\/01\/23\/maxi-lopez-en-mar-del-plata-habla-de-la-llegada-de-daniela-christiansson-al-pais-le-gusta-la-cumbia\/\" \/>\n<meta property=\"og:locale\" content=\"es_ES\" \/>\n<meta property=\"og:type\" content=\"article\" \/>\n<meta property=\"og:title\" content=\"Maxi L\u00f3pez, en Mar del Plata, habla de la llegada de Daniela Christiansson al pa\u00eds: \u201cLe gusta la cumbia\u201d - Lobos News\" \/>\n<meta property=\"og:description\" content=\"De Mar del Plata a Capital y viceversa, durante el mes de enero, Maxi L\u00f3pez divide su vida entre dos ciudades a m\u00e1s de 400 km de distancia. Es que para cumplir con las grabaciones de MasterChef (Telefe) y su trabajo en streaming, el exfutbolista viaja constantemente de un lugar a otro cada dos d\u00edas....\" \/>\n<meta property=\"og:url\" content=\"https:\/\/lobosnews.com.ar\/index.php\/2026\/01\/23\/maxi-lopez-en-mar-del-plata-habla-de-la-llegada-de-daniela-christiansson-al-pais-le-gusta-la-cumbia\/\" \/>\n<meta property=\"og:site_name\" content=\"Lobos News\" \/>\n<meta property=\"article:published_time\" content=\"2026-01-23T05:00:00+00:00\" \/>\n<meta property=\"article:modified_time\" content=\"2026-01-23T11:11:16+00:00\" \/>\n<meta property=\"og:image\" content=\"https:\/\/lobosnews.com.ar\/wp-content\/uploads\/2026\/01\/maxi-lopez-en-mar-del-plata-habla-de-la-llegada-de-daniela-christiansson-al-pais-le-gusta-la-cumbia.jpg\" \/>\n<meta name=\"author\" content=\"admin\" \/>\n<meta name=\"twitter:card\" content=\"summary_large_image\" \/>\n<meta name=\"twitter:label1\" content=\"Escrito por\" \/>\n\t<meta name=\"twitter:data1\" content=\"admin\" \/>\n\t<meta name=\"twitter:label2\" content=\"Tiempo de lectura\" \/>\n\t<meta name=\"twitter:data2\" content=\"4 minutos\" \/>\n<script type=\"application\/ld+json\" class=\"yoast-schema-graph\">{\"@context\":\"https:\/\/schema.org\",\"@graph\":[{\"@type\":\"Article\",\"@id\":\"https:\/\/lobosnews.com.ar\/index.php\/2026\/01\/23\/maxi-lopez-en-mar-del-plata-habla-de-la-llegada-de-daniela-christiansson-al-pais-le-gusta-la-cumbia\/#article\",\"isPartOf\":{\"@id\":\"https:\/\/lobosnews.com.ar\/index.php\/2026\/01\/23\/maxi-lopez-en-mar-del-plata-habla-de-la-llegada-de-daniela-christiansson-al-pais-le-gusta-la-cumbia\/\"},\"author\":{\"name\":\"admin\",\"@id\":\"https:\/\/lobosnews.com.ar\/#\/schema\/person\/232422a593d5c541dd9aef6aaed10943\"},\"headline\":\"Maxi L\u00f3pez, en Mar del Plata, habla de la llegada de Daniela Christiansson al pa\u00eds: \u201cLe gusta la cumbia\u201d\",\"datePublished\":\"2026-01-23T05:00:00+00:00\",\"dateModified\":\"2026-01-23T11:11:16+00:00\",\"mainEntityOfPage\":{\"@id\":\"https:\/\/lobosnews.com.ar\/index.php\/2026\/01\/23\/maxi-lopez-en-mar-del-plata-habla-de-la-llegada-de-daniela-christiansson-al-pais-le-gusta-la-cumbia\/\"},\"wordCount\":870,\"commentCount\":0,\"publisher\":{\"@id\":\"https:\/\/lobosnews.com.ar\/#organization\"},\"image\":{\"@id\":\"https:\/\/lobosnews.com.ar\/index.php\/2026\/01\/23\/maxi-lopez-en-mar-del-plata-habla-de-la-llegada-de-daniela-christiansson-al-pais-le-gusta-la-cumbia\/#primaryimage\"},\"thumbnailUrl\":\"https:\/\/lobosnews.com.ar\/wp-content\/uploads\/2026\/01\/maxi-lopez-en-mar-del-plata-habla-de-la-llegada-de-daniela-christiansson-al-pais-le-gusta-la-cumbia-4.jpg\",\"articleSection\":[\"Cine y Series\"],\"inLanguage\":\"es\",\"potentialAction\":[{\"@type\":\"CommentAction\",\"name\":\"Comment\",\"target\":[\"https:\/\/lobosnews.com.ar\/index.php\/2026\/01\/23\/maxi-lopez-en-mar-del-plata-habla-de-la-llegada-de-daniela-christiansson-al-pais-le-gusta-la-cumbia\/#respond\"]}]},{\"@type\":\"WebPage\",\"@id\":\"https:\/\/lobosnews.com.ar\/index.php\/2026\/01\/23\/maxi-lopez-en-mar-del-plata-habla-de-la-llegada-de-daniela-christiansson-al-pais-le-gusta-la-cumbia\/\",\"url\":\"https:\/\/lobosnews.com.ar\/index.php\/2026\/01\/23\/maxi-lopez-en-mar-del-plata-habla-de-la-llegada-de-daniela-christiansson-al-pais-le-gusta-la-cumbia\/\",\"name\":\"Maxi L\u00f3pez, en Mar del Plata, habla de la llegada de Daniela Christiansson al pa\u00eds: \u201cLe gusta la cumbia\u201d - Lobos News\",\"isPartOf\":{\"@id\":\"https:\/\/lobosnews.com.ar\/#website\"},\"primaryImageOfPage\":{\"@id\":\"https:\/\/lobosnews.com.ar\/index.php\/2026\/01\/23\/maxi-lopez-en-mar-del-plata-habla-de-la-llegada-de-daniela-christiansson-al-pais-le-gusta-la-cumbia\/#primaryimage\"},\"image\":{\"@id\":\"https:\/\/lobosnews.com.ar\/index.php\/2026\/01\/23\/maxi-lopez-en-mar-del-plata-habla-de-la-llegada-de-daniela-christiansson-al-pais-le-gusta-la-cumbia\/#primaryimage\"},\"thumbnailUrl\":\"https:\/\/lobosnews.com.ar\/wp-content\/uploads\/2026\/01\/maxi-lopez-en-mar-del-plata-habla-de-la-llegada-de-daniela-christiansson-al-pais-le-gusta-la-cumbia-4.jpg\",\"datePublished\":\"2026-01-23T05:00:00+00:00\",\"dateModified\":\"2026-01-23T11:11:16+00:00\",\"breadcrumb\":{\"@id\":\"https:\/\/lobosnews.com.ar\/index.php\/2026\/01\/23\/maxi-lopez-en-mar-del-plata-habla-de-la-llegada-de-daniela-christiansson-al-pais-le-gusta-la-cumbia\/#breadcrumb\"},\"inLanguage\":\"es\",\"potentialAction\":[{\"@type\":\"ReadAction\",\"target\":[\"https:\/\/lobosnews.com.ar\/index.php\/2026\/01\/23\/maxi-lopez-en-mar-del-plata-habla-de-la-llegada-de-daniela-christiansson-al-pais-le-gusta-la-cumbia\/\"]}]},{\"@type\":\"ImageObject\",\"inLanguage\":\"es\",\"@id\":\"https:\/\/lobosnews.com.ar\/index.php\/2026\/01\/23\/maxi-lopez-en-mar-del-plata-habla-de-la-llegada-de-daniela-christiansson-al-pais-le-gusta-la-cumbia\/#primaryimage\",\"url\":\"https:\/\/lobosnews.com.ar\/wp-content\/uploads\/2026\/01\/maxi-lopez-en-mar-del-plata-habla-de-la-llegada-de-daniela-christiansson-al-pais-le-gusta-la-cumbia-4.jpg\",\"contentUrl\":\"https:\/\/lobosnews.com.ar\/wp-content\/uploads\/2026\/01\/maxi-lopez-en-mar-del-plata-habla-de-la-llegada-de-daniela-christiansson-al-pais-le-gusta-la-cumbia-4.jpg\",\"width\":1920,\"height\":1080,\"caption\":\"Maxi L\u00f3pez, en Mar del Plata, habla de la llegada de Daniela Christiansson al pa\u00eds: \u201cLe gusta la cumbia\u201d\"},{\"@type\":\"BreadcrumbList\",\"@id\":\"https:\/\/lobosnews.com.ar\/index.php\/2026\/01\/23\/maxi-lopez-en-mar-del-plata-habla-de-la-llegada-de-daniela-christiansson-al-pais-le-gusta-la-cumbia\/#breadcrumb\",\"itemListElement\":[{\"@type\":\"ListItem\",\"position\":1,\"name\":\"Portada\",\"item\":\"https:\/\/lobosnews.com.ar\/\"},{\"@type\":\"ListItem\",\"position\":2,\"name\":\"Maxi L\u00f3pez, en Mar del Plata, habla de la llegada de Daniela Christiansson al pa\u00eds: \u201cLe gusta la cumbia\u201d\"}]},{\"@type\":\"WebSite\",\"@id\":\"https:\/\/lobosnews.com.ar\/#website\",\"url\":\"https:\/\/lobosnews.com.ar\/\",\"name\":\"Lobos News\",\"description\":\"Informaci\u00f3n a cada instante\",\"publisher\":{\"@id\":\"https:\/\/lobosnews.com.ar\/#organization\"},\"potentialAction\":[{\"@type\":\"SearchAction\",\"target\":{\"@type\":\"EntryPoint\",\"urlTemplate\":\"https:\/\/lobosnews.com.ar\/?s={search_term_string}\"},\"query-input\":{\"@type\":\"PropertyValueSpecification\",\"valueRequired\":true,\"valueName\":\"search_term_string\"}}],\"inLanguage\":\"es\"},{\"@type\":\"Organization\",\"@id\":\"https:\/\/lobosnews.com.ar\/#organization\",\"name\":\"Lobos News\",\"url\":\"https:\/\/lobosnews.com.ar\/\",\"logo\":{\"@type\":\"ImageObject\",\"inLanguage\":\"es\",\"@id\":\"https:\/\/lobosnews.com.ar\/#\/schema\/logo\/image\/\",\"url\":\"https:\/\/lobosnews.com.ar\/wp-content\/uploads\/2026\/01\/logo-lobosnews.png\",\"contentUrl\":\"https:\/\/lobosnews.com.ar\/wp-content\/uploads\/2026\/01\/logo-lobosnews.png\",\"width\":500,\"height\":200,\"caption\":\"Lobos News\"},\"image\":{\"@id\":\"https:\/\/lobosnews.com.ar\/#\/schema\/logo\/image\/\"}},{\"@type\":\"Person\",\"@id\":\"https:\/\/lobosnews.com.ar\/#\/schema\/person\/232422a593d5c541dd9aef6aaed10943\",\"name\":\"admin\",\"image\":{\"@type\":\"ImageObject\",\"inLanguage\":\"es\",\"@id\":\"https:\/\/lobosnews.com.ar\/#\/schema\/person\/image\/\",\"url\":\"https:\/\/secure.gravatar.com\/avatar\/76e419471a2083bc3ceab22a763dbbf9b0c1bd15a6214cf3280e2c2dde4580f9?s=96&d=mm&r=g\",\"contentUrl\":\"https:\/\/secure.gravatar.com\/avatar\/76e419471a2083bc3ceab22a763dbbf9b0c1bd15a6214cf3280e2c2dde4580f9?s=96&d=mm&r=g\",\"caption\":\"admin\"},\"sameAs\":[\"https:\/\/lobosnews.com.ar\"],\"url\":\"https:\/\/lobosnews.com.ar\/index.php\/author\/lobos-news\/\"}]}<\/script>\n<!-- \/ Yoast SEO plugin. -->","yoast_head_json":{"title":"Maxi L\u00f3pez, en Mar del Plata, habla de la llegada de Daniela Christiansson al pa\u00eds: \u201cLe gusta la cumbia\u201d - Lobos News","robots":{"index":"index","follow":"follow","max-snippet":"max-snippet:-1","max-image-preview":"max-image-preview:large","max-video-preview":"max-video-preview:-1"},"canonical":"https:\/\/lobosnews.com.ar\/index.php\/2026\/01\/23\/maxi-lopez-en-mar-del-plata-habla-de-la-llegada-de-daniela-christiansson-al-pais-le-gusta-la-cumbia\/","og_locale":"es_ES","og_type":"article","og_title":"Maxi L\u00f3pez, en Mar del Plata, habla de la llegada de Daniela Christiansson al pa\u00eds: \u201cLe gusta la cumbia\u201d - Lobos News","og_description":"De Mar del Plata a Capital y viceversa, durante el mes de enero, Maxi L\u00f3pez divide su vida entre dos ciudades a m\u00e1s de 400 km de distancia. Es que para cumplir con las grabaciones de MasterChef (Telefe) y su trabajo en streaming, el exfutbolista viaja constantemente de un lugar a otro cada dos d\u00edas....","og_url":"https:\/\/lobosnews.com.ar\/index.php\/2026\/01\/23\/maxi-lopez-en-mar-del-plata-habla-de-la-llegada-de-daniela-christiansson-al-pais-le-gusta-la-cumbia\/","og_site_name":"Lobos News","article_published_time":"2026-01-23T05:00:00+00:00","article_modified_time":"2026-01-23T11:11:16+00:00","og_image":[{"url":"https:\/\/lobosnews.com.ar\/wp-content\/uploads\/2026\/01\/maxi-lopez-en-mar-del-plata-habla-de-la-llegada-de-daniela-christiansson-al-pais-le-gusta-la-cumbia.jpg","type":"","width":"","height":""}],"author":"admin","twitter_card":"summary_large_image","twitter_misc":{"Escrito por":"admin","Tiempo de lectura":"4 minutos"},"schema":{"@context":"https:\/\/schema.org","@graph":[{"@type":"Article","@id":"https:\/\/lobosnews.com.ar\/index.php\/2026\/01\/23\/maxi-lopez-en-mar-del-plata-habla-de-la-llegada-de-daniela-christiansson-al-pais-le-gusta-la-cumbia\/#article","isPartOf":{"@id":"https:\/\/lobosnews.com.ar\/index.php\/2026\/01\/23\/maxi-lopez-en-mar-del-plata-habla-de-la-llegada-de-daniela-christiansson-al-pais-le-gusta-la-cumbia\/"},"author":{"name":"admin","@id":"https:\/\/lobosnews.com.ar\/#\/schema\/person\/232422a593d5c541dd9aef6aaed10943"},"headline":"Maxi L\u00f3pez, en Mar del Plata, habla de la llegada de Daniela Christiansson al pa\u00eds: \u201cLe gusta la cumbia\u201d","datePublished":"2026-01-23T05:00:00+00:00","dateModified":"2026-01-23T11:11:16+00:00","mainEntityOfPage":{"@id":"https:\/\/lobosnews.com.ar\/index.php\/2026\/01\/23\/maxi-lopez-en-mar-del-plata-habla-de-la-llegada-de-daniela-christiansson-al-pais-le-gusta-la-cumbia\/"},"wordCount":870,"commentCount":0,"publisher":{"@id":"https:\/\/lobosnews.com.ar\/#organization"},"image":{"@id":"https:\/\/lobosnews.com.ar\/index.php\/2026\/01\/23\/maxi-lopez-en-mar-del-plata-habla-de-la-llegada-de-daniela-christiansson-al-pais-le-gusta-la-cumbia\/#primaryimage"},"thumbnailUrl":"https:\/\/lobosnews.com.ar\/wp-content\/uploads\/2026\/01\/maxi-lopez-en-mar-del-plata-habla-de-la-llegada-de-daniela-christiansson-al-pais-le-gusta-la-cumbia-4.jpg","articleSection":["Cine y Series"],"inLanguage":"es","potentialAction":[{"@type":"CommentAction","name":"Comment","target":["https:\/\/lobosnews.com.ar\/index.php\/2026\/01\/23\/maxi-lopez-en-mar-del-plata-habla-de-la-llegada-de-daniela-christiansson-al-pais-le-gusta-la-cumbia\/#respond"]}]},{"@type":"WebPage","@id":"https:\/\/lobosnews.com.ar\/index.php\/2026\/01\/23\/maxi-lopez-en-mar-del-plata-habla-de-la-llegada-de-daniela-christiansson-al-pais-le-gusta-la-cumbia\/","url":"https:\/\/lobosnews.com.ar\/index.php\/2026\/01\/23\/maxi-lopez-en-mar-del-plata-habla-de-la-llegada-de-daniela-christiansson-al-pais-le-gusta-la-cumbia\/","name":"Maxi L\u00f3pez, en Mar del Plata, habla de la llegada de Daniela Christiansson al pa\u00eds: \u201cLe gusta la cumbia\u201d - Lobos News","isPartOf":{"@id":"https:\/\/lobosnews.com.ar\/#website"},"primaryImageOfPage":{"@id":"https:\/\/lobosnews.com.ar\/index.php\/2026\/01\/23\/maxi-lopez-en-mar-del-plata-habla-de-la-llegada-de-daniela-christiansson-al-pais-le-gusta-la-cumbia\/#primaryimage"},"image":{"@id":"https:\/\/lobosnews.com.ar\/index.php\/2026\/01\/23\/maxi-lopez-en-mar-del-plata-habla-de-la-llegada-de-daniela-christiansson-al-pais-le-gusta-la-cumbia\/#primaryimage"},"thumbnailUrl":"https:\/\/lobosnews.com.ar\/wp-content\/uploads\/2026\/01\/maxi-lopez-en-mar-del-plata-habla-de-la-llegada-de-daniela-christiansson-al-pais-le-gusta-la-cumbia-4.jpg","datePublished":"2026-01-23T05:00:00+00:00","dateModified":"2026-01-23T11:11:16+00:00","breadcrumb":{"@id":"https:\/\/lobosnews.com.ar\/index.php\/2026\/01\/23\/maxi-lopez-en-mar-del-plata-habla-de-la-llegada-de-daniela-christiansson-al-pais-le-gusta-la-cumbia\/#breadcrumb"},"inLanguage":"es","potentialAction":[{"@type":"ReadAction","target":["https:\/\/lobosnews.com.ar\/index.php\/2026\/01\/23\/maxi-lopez-en-mar-del-plata-habla-de-la-llegada-de-daniela-christiansson-al-pais-le-gusta-la-cumbia\/"]}]},{"@type":"ImageObject","inLanguage":"es","@id":"https:\/\/lobosnews.com.ar\/index.php\/2026\/01\/23\/maxi-lopez-en-mar-del-plata-habla-de-la-llegada-de-daniela-christiansson-al-pais-le-gusta-la-cumbia\/#primaryimage","url":"https:\/\/lobosnews.com.ar\/wp-content\/uploads\/2026\/01\/maxi-lopez-en-mar-del-plata-habla-de-la-llegada-de-daniela-christiansson-al-pais-le-gusta-la-cumbia-4.jpg","contentUrl":"https:\/\/lobosnews.com.ar\/wp-content\/uploads\/2026\/01\/maxi-lopez-en-mar-del-plata-habla-de-la-llegada-de-daniela-christiansson-al-pais-le-gusta-la-cumbia-4.jpg","width":1920,"height":1080,"caption":"Maxi L\u00f3pez, en Mar del Plata, habla de la llegada de Daniela Christiansson al pa\u00eds: \u201cLe gusta la cumbia\u201d"},{"@type":"BreadcrumbList","@id":"https:\/\/lobosnews.com.ar\/index.php\/2026\/01\/23\/maxi-lopez-en-mar-del-plata-habla-de-la-llegada-de-daniela-christiansson-al-pais-le-gusta-la-cumbia\/#breadcrumb","itemListElement":[{"@type":"ListItem","position":1,"name":"Portada","item":"https:\/\/lobosnews.com.ar\/"},{"@type":"ListItem","position":2,"name":"Maxi L\u00f3pez, en Mar del Plata, habla de la llegada de Daniela Christiansson al pa\u00eds: \u201cLe gusta la cumbia\u201d"}]},{"@type":"WebSite","@id":"https:\/\/lobosnews.com.ar\/#website","url":"https:\/\/lobosnews.com.ar\/","name":"Lobos News","description":"Informaci\u00f3n a cada instante","publisher":{"@id":"https:\/\/lobosnews.com.ar\/#organization"},"potentialAction":[{"@type":"SearchAction","target":{"@type":"EntryPoint","urlTemplate":"https:\/\/lobosnews.com.ar\/?s={search_term_string}"},"query-input":{"@type":"PropertyValueSpecification","valueRequired":true,"valueName":"search_term_string"}}],"inLanguage":"es"},{"@type":"Organization","@id":"https:\/\/lobosnews.com.ar\/#organization","name":"Lobos News","url":"https:\/\/lobosnews.com.ar\/","logo":{"@type":"ImageObject","inLanguage":"es","@id":"https:\/\/lobosnews.com.ar\/#\/schema\/logo\/image\/","url":"https:\/\/lobosnews.com.ar\/wp-content\/uploads\/2026\/01\/logo-lobosnews.png","contentUrl":"https:\/\/lobosnews.com.ar\/wp-content\/uploads\/2026\/01\/logo-lobosnews.png","width":500,"height":200,"caption":"Lobos News"},"image":{"@id":"https:\/\/lobosnews.com.ar\/#\/schema\/logo\/image\/"}},{"@type":"Person","@id":"https:\/\/lobosnews.com.ar\/#\/schema\/person\/232422a593d5c541dd9aef6aaed10943","name":"admin","image":{"@type":"ImageObject","inLanguage":"es","@id":"https:\/\/lobosnews.com.ar\/#\/schema\/person\/image\/","url":"https:\/\/secure.gravatar.com\/avatar\/76e419471a2083bc3ceab22a763dbbf9b0c1bd15a6214cf3280e2c2dde4580f9?s=96&d=mm&r=g","contentUrl":"https:\/\/secure.gravatar.com\/avatar\/76e419471a2083bc3ceab22a763dbbf9b0c1bd15a6214cf3280e2c2dde4580f9?s=96&d=mm&r=g","caption":"admin"},"sameAs":["https:\/\/lobosnews.com.ar"],"url":"https:\/\/lobosnews.com.ar\/index.php\/author\/lobos-news\/"}]}},"jetpack_featured_media_url":"https:\/\/lobosnews.com.ar\/wp-content\/uploads\/2026\/01\/maxi-lopez-en-mar-del-plata-habla-de-la-llegada-de-daniela-christiansson-al-pais-le-gusta-la-cumbia-4.jpg","jetpack_sharing_enabled":true,"_links":{"self":[{"href":"https:\/\/lobosnews.com.ar\/index.php\/wp-json\/wp\/v2\/posts\/10497","targetHints":{"allow":["GET"]}}],"collection":[{"href":"https:\/\/lobosnews.com.ar\/index.php\/wp-json\/wp\/v2\/posts"}],"about":[{"href":"https:\/\/lobosnews.com.ar\/index.php\/wp-json\/wp\/v2\/types\/post"}],"author":[{"embeddable":true,"href":"https:\/\/lobosnews.com.ar\/index.php\/wp-json\/wp\/v2\/users\/1"}],"replies":[{"embeddable":true,"href":"https:\/\/lobosnews.com.ar\/index.php\/wp-json\/wp\/v2\/comments?post=10497"}],"version-history":[{"count":1,"href":"https:\/\/lobosnews.com.ar\/index.php\/wp-json\/wp\/v2\/posts\/10497\/revisions"}],"predecessor-version":[{"id":10501,"href":"https:\/\/lobosnews.com.ar\/index.php\/wp-json\/wp\/v2\/posts\/10497\/revisions\/10501"}],"wp:featuredmedia":[{"embeddable":true,"href":"https:\/\/lobosnews.com.ar\/index.php\/wp-json\/wp\/v2\/media\/10502"}],"wp:attachment":[{"href":"https:\/\/lobosnews.com.ar\/index.php\/wp-json\/wp\/v2\/media?parent=10497"}],"wp:term":[{"taxonomy":"category","embeddable":true,"href":"https:\/\/lobosnews.com.ar\/index.php\/wp-json\/wp\/v2\/categories?post=10497"},{"taxonomy":"post_tag","embeddable":true,"href":"https:\/\/lobosnews.com.ar\/index.php\/wp-json\/wp\/v2\/tags?post=10497"}],"curies":[{"name":"wp","href":"https:\/\/api.w.org\/{rel}","templated":true}]}}