{"id":10486,"date":"2026-01-23T05:00:00","date_gmt":"2026-01-23T05:00:00","guid":{"rendered":"https:\/\/lobosnews.com.ar\/index.php\/2026\/01\/23\/valeria-mazza-en-punta-del-este-tarde-de-playa-en-familia-y-mateadas-con-amigos\/"},"modified":"2026-01-23T11:10:57","modified_gmt":"2026-01-23T11:10:57","slug":"valeria-mazza-en-punta-del-este-tarde-de-playa-en-familia-y-mateadas-con-amigos","status":"publish","type":"post","link":"https:\/\/lobosnews.com.ar\/index.php\/2026\/01\/23\/valeria-mazza-en-punta-del-este-tarde-de-playa-en-familia-y-mateadas-con-amigos\/","title":{"rendered":"Valeria Mazza en Punta del Este: tarde de playa en familia y mateadas con amigos"},"content":{"rendered":"<p><img fetchpriority=\"high\" decoding=\"async\" src=\"https:\/\/lobosnews.com.ar\/wp-content\/uploads\/2026\/01\/valeria-mazza-en-punta-del-este-tarde-de-playa-en-familia-y-mateadas-con-amigos.jpg\" alt=\"Tres momentos de Valeria en una tarde playera en compa\u00f1\u00eda de amigos\" height=\"1080\" width=\"1920\"\/><\/p>\n<p><span class=\"waslinkname\"><b>Valeria Mazza y Alejandro Gravier<\/b><\/span> volvieron a ser protagonistas del verano este\u00f1o al ser captados por las c\u00e1maras de <i>Teleshow <\/i>durante una jornada en el parador Vik, en la Mansa de Jos\u00e9 Ignacio. Mientras la modelo opt\u00f3 por disfrutar la tarde con amigos, tomando mate protegidos por sombrillas, su esposo opt\u00f3 por una larga caminata al borde del mar. <\/p>\n<p>As\u00ed fueron pasando la tarde hasta la llegada de ese sunset so\u00f1ado que ofrece el este, ideal para disfrutar desde el parador, antes de culminar un d\u00eda m\u00e1s de playa.<\/p>\n<p>D\u00edas atr\u00e1s, entrevistada para el ciclo espa\u00f1ol <i>Modo Brutal<\/i>, Valeria reflexionaba sobre su oficio y las diferencias entre el ayer y el hoy. Es que muchas tapas de revistas y desfiles han pasado desde los \u201890. Eran los d\u00edas en los que una expresi\u00f3n &#8211;<b>top model<\/b>&#8211; pas\u00f3 a ser corriente. D\u00edas en los que nombres como los de <b>Claudia Shiffer o Naomi Campbell<\/b> -por citar s\u00f3lo a dos entre tantas- comenzaron a competir en celebridad con las figuras de Hollywood: <b>\u201cEste es un trabajo donde empez\u00e1s muy joven, entonces sos muy vulnerable, y ah\u00ed es cuando aparecen todos los preligros, por eso es muy importante tu entorno, la gente que te quiere, los amigos. Sobre todo si ten\u00e9s \u00e9xito muy r\u00e1pido; antes, en mi \u00e9poca, era m\u00e1s escal\u00f3n por escal\u00f3n. Pero hoy que todo es m\u00e1s veloz, hay que estar atentos, saber qu\u00e9 quer\u00e9s hacer y qu\u00e9 no\u201d.<\/b><\/p>\n<p><img loading=\"lazy\" decoding=\"async\" src=\"https:\/\/lobosnews.com.ar\/wp-content\/uploads\/2026\/01\/valeria-mazza-en-punta-del-este-tarde-de-playa-en-familia-y-mateadas-con-amigos-1.jpg\" alt=\"Valeria y Alejandro Gravier disfrutaron con un grupo de amigos en el parador Vik (RS Fotos)\" height=\"1280\" width=\"1920\"\/><img loading=\"lazy\" decoding=\"async\" src=\"https:\/\/lobosnews.com.ar\/wp-content\/uploads\/2026\/01\/valeria-mazza-en-punta-del-este-tarde-de-playa-en-familia-y-mateadas-con-amigos-2.jpg\" alt=\"Infaltable, el rito del mate playero en la cercan\u00eda del mar (RS Fotos)\" height=\"1280\" width=\"1920\"\/><\/p>\n<p>Tambi\u00e9n habl\u00f3 sobre las sobre exigencias respecto el culto al cuerpo y las rutinas en el gimnasio: <b>\u201cEl d\u00eda que tengo que trabajar muy temprano, y no me puedo quedar aunque sea meadia hora para tomar mate en la cama&#8230; <\/b><i><b>mmmmmmm<\/b><\/i><b>, ya empiezo mal. Yo, si me tengo que levantar a las seis de la ma\u00f1ana para ir al gimnasio, me pongo a llorar. Eso es lo bueno, que cada una se haga cargo de lo que quiere, de lo que necesita y la hace feliz, bueno, que lo haga sin molestar al resto. Me molestan esas personas que descubren algo que les hace bien y lo quieren vender a todo el mundo.Y te insisten, y te insisten. \u00a1Hacelo vos y s\u00e9 feliz! \u00a1No me digas a m\u00ed lo que tengo que hacer!\u201d. <\/b><\/p>\n<p>Durante la jornada, la familia Mazza-Gravier altern\u00f3 momentos de relax bajo las sombrillas del parador con paseos por la orilla y charlas bajo el sol. Se los vio compartiendo tiempo juntos, atentos a los detalles y manteniendo el perfil bajo que los caracteriza cuando est\u00e1n lejos de los focos medi\u00e1ticos. La elecci\u00f3n de Vik no es casual: el parador es un cl\u00e1sico de la costa uruguaya, famoso por su ambiente relajado pero exclusivo, su propuesta gastron\u00f3mica y su ubicaci\u00f3n privilegiada frente al mar, lo que lo convierte en el lugar favorito de numerosas celebridades cada temporada.<\/p>\n<p><img loading=\"lazy\" decoding=\"async\" src=\"https:\/\/lobosnews.com.ar\/wp-content\/uploads\/2026\/01\/valeria-mazza-en-punta-del-este-tarde-de-playa-en-familia-y-mateadas-con-amigos-3.jpg\" alt=\"El grupo se qued\u00f3 en la playa para disfrutar la puesta del sol (RS Fotos)\" height=\"1280\" width=\"1920\"\/><img loading=\"lazy\" decoding=\"async\" src=\"https:\/\/lobosnews.com.ar\/wp-content\/uploads\/2026\/01\/valeria-mazza-en-punta-del-este-tarde-de-playa-en-familia-y-mateadas-con-amigos-4.jpg\" alt=\"Una de las rutinas preferidas de Alejandro Gravier: largas caminatas al borde del mar (RS Fotos)\" height=\"1280\" width=\"1920\"\/><img loading=\"lazy\" decoding=\"async\" src=\"https:\/\/lobosnews.com.ar\/wp-content\/uploads\/2026\/01\/valeria-mazza-en-punta-del-este-tarde-de-playa-en-familia-y-mateadas-con-amigos-5.jpg\" alt=\"Hora de ir a tomar algo en el parador... (RS Fotos)\" height=\"1280\" width=\"1920\"\/><img loading=\"lazy\" decoding=\"async\" src=\"https:\/\/lobosnews.com.ar\/wp-content\/uploads\/2026\/01\/valeria-mazza-en-punta-del-este-tarde-de-playa-en-familia-y-mateadas-con-amigos-6.jpg\" alt=\"A cualquier hora y en cualquier lugar, Valeria marca su estilo fashion (RS Fotos)\" height=\"1280\" width=\"1920\"\/><img loading=\"lazy\" decoding=\"async\" src=\"https:\/\/lobosnews.com.ar\/wp-content\/uploads\/2026\/01\/valeria-mazza-en-punta-del-este-tarde-de-playa-en-familia-y-mateadas-con-amigos-7.jpg\" alt=\"Charla con amigas, mucho relax y complicidad a metros del mar (RS Fotos)\" height=\"1280\" width=\"1920\"\/><\/p>\n<p>La presencia de Valeria Mazza y Alejandro Gravier reafirma su preferencia por Punta del Este y por los entornos donde la naturaleza y la sofisticaci\u00f3n se combinan en equilibrio. Aqu\u00ed, la modelo puede disfrutar de los peque\u00f1os grandes placeres del verano: el sonido del mar, los encuentros con amigos, el tiempo en familia y la posibilidad de desconectar de la rutina y recargar energ\u00edas para el a\u00f1o que comienza.<\/p>\n<p>M\u00e1s all\u00e1 de la moda y el glamour, las fotos capturadas por Teleshow transmiten una imagen de armon\u00eda y cercan\u00eda familiar, donde el verdadero lujo reside en la posibilidad de compartir tiempo juntos, lejos de la agenda laboral y del ruido de la ciudad. Valeria y Alejandro eligen cada verano regresar a este rinc\u00f3n de la costa uruguaya, reafirmando una tradici\u00f3n que ya es propia y que les permite construir recuerdos felices junto al mar.<\/p>\n<\/p>\n<p><b>Cr\u00e9dito: RSFotos<\/b><\/p>\n","protected":false},"excerpt":{"rendered":"<p>Valeria Mazza y Alejandro Gravier volvieron a ser protagonistas del verano este\u00f1o al ser captados por las c\u00e1maras de Teleshow durante una jornada en el parador Vik, en la Mansa de Jos\u00e9 Ignacio. Mientras la modelo opt\u00f3 por disfrutar la tarde con amigos, tomando mate protegidos por sombrillas, su esposo opt\u00f3 por una larga caminata&#8230;<\/p>\n","protected":false},"author":1,"featured_media":10496,"comment_status":"open","ping_status":"closed","sticky":false,"template":"","format":"standard","meta":{"_jetpack_memberships_contains_paid_content":false,"footnotes":""},"categories":[79],"tags":[],"class_list":["post-10486","post","type-post","status-publish","format-standard","has-post-thumbnail","hentry","category-cine-y-series"],"magazineBlocksPostFeaturedMedia":{"thumbnail":"https:\/\/lobosnews.com.ar\/wp-content\/uploads\/2026\/01\/valeria-mazza-en-punta-del-este-tarde-de-playa-en-familia-y-mateadas-con-amigos-14-150x150.jpg","medium":"https:\/\/lobosnews.com.ar\/wp-content\/uploads\/2026\/01\/valeria-mazza-en-punta-del-este-tarde-de-playa-en-familia-y-mateadas-con-amigos-14-300x200.jpg","medium_large":"https:\/\/lobosnews.com.ar\/wp-content\/uploads\/2026\/01\/valeria-mazza-en-punta-del-este-tarde-de-playa-en-familia-y-mateadas-con-amigos-14-768x512.jpg","large":"https:\/\/lobosnews.com.ar\/wp-content\/uploads\/2026\/01\/valeria-mazza-en-punta-del-este-tarde-de-playa-en-familia-y-mateadas-con-amigos-14-1024x683.jpg","1536x1536":"https:\/\/lobosnews.com.ar\/wp-content\/uploads\/2026\/01\/valeria-mazza-en-punta-del-este-tarde-de-playa-en-familia-y-mateadas-con-amigos-14-1536x1024.jpg","2048x2048":"https:\/\/lobosnews.com.ar\/wp-content\/uploads\/2026\/01\/valeria-mazza-en-punta-del-este-tarde-de-playa-en-familia-y-mateadas-con-amigos-14.jpg","newsmatic-featured":"https:\/\/lobosnews.com.ar\/wp-content\/uploads\/2026\/01\/valeria-mazza-en-punta-del-este-tarde-de-playa-en-familia-y-mateadas-con-amigos-14-820x545.jpg","newsmatic-list":"https:\/\/lobosnews.com.ar\/wp-content\/uploads\/2026\/01\/valeria-mazza-en-punta-del-este-tarde-de-playa-en-familia-y-mateadas-con-amigos-14-600x400.jpg","newsmatic-thumb":"https:\/\/lobosnews.com.ar\/wp-content\/uploads\/2026\/01\/valeria-mazza-en-punta-del-este-tarde-de-playa-en-familia-y-mateadas-con-amigos-14-300x200.jpg","newsmatic-small":"https:\/\/lobosnews.com.ar\/wp-content\/uploads\/2026\/01\/valeria-mazza-en-punta-del-este-tarde-de-playa-en-familia-y-mateadas-con-amigos-14-150x95.jpg","newsmatic-grid":"https:\/\/lobosnews.com.ar\/wp-content\/uploads\/2026\/01\/valeria-mazza-en-punta-del-este-tarde-de-playa-en-familia-y-mateadas-con-amigos-14-400x250.jpg"},"magazineBlocksPostAuthor":{"name":"admin","avatar":"https:\/\/secure.gravatar.com\/avatar\/76e419471a2083bc3ceab22a763dbbf9b0c1bd15a6214cf3280e2c2dde4580f9?s=96&d=mm&r=g"},"magazineBlocksPostCommentsNumber":"0","magazineBlocksPostExcerpt":"Valeria Mazza y Alejandro Gravier volvieron a ser protagonistas del verano este\u00f1o al ser captados por las c\u00e1maras de Teleshow durante una jornada en el parador Vik, en la Mansa de Jos\u00e9 Ignacio. Mientras la modelo opt\u00f3 por disfrutar la tarde con amigos, tomando mate protegidos por sombrillas, su esposo opt\u00f3 por una larga caminata...","magazineBlocksPostCategories":["Cine y Series"],"magazineBlocksPostViewCount":118,"magazineBlocksPostReadTime":4,"magazine_blocks_featured_image_url":{"full":["https:\/\/lobosnews.com.ar\/wp-content\/uploads\/2026\/01\/valeria-mazza-en-punta-del-este-tarde-de-playa-en-familia-y-mateadas-con-amigos-14.jpg",1920,1280,false],"medium":["https:\/\/lobosnews.com.ar\/wp-content\/uploads\/2026\/01\/valeria-mazza-en-punta-del-este-tarde-de-playa-en-familia-y-mateadas-con-amigos-14-300x200.jpg",300,200,true],"thumbnail":["https:\/\/lobosnews.com.ar\/wp-content\/uploads\/2026\/01\/valeria-mazza-en-punta-del-este-tarde-de-playa-en-familia-y-mateadas-con-amigos-14-150x150.jpg",150,150,true]},"magazine_blocks_author":{"display_name":"admin","author_link":"https:\/\/lobosnews.com.ar\/index.php\/author\/lobos-news\/"},"magazine_blocks_comment":0,"magazine_blocks_author_image":"https:\/\/secure.gravatar.com\/avatar\/76e419471a2083bc3ceab22a763dbbf9b0c1bd15a6214cf3280e2c2dde4580f9?s=96&d=mm&r=g","magazine_blocks_category":"<a href=\"#\" class=\"category-link category-link-79\">Cine y Series<\/a>","yoast_head":"<!-- This site is optimized with the Yoast SEO plugin v26.6 - https:\/\/yoast.com\/wordpress\/plugins\/seo\/ -->\n<title>Valeria Mazza en Punta del Este: tarde de playa en familia y mateadas con amigos - Lobos News<\/title>\n<meta name=\"robots\" content=\"index, follow, max-snippet:-1, max-image-preview:large, max-video-preview:-1\" \/>\n<link rel=\"canonical\" href=\"https:\/\/lobosnews.com.ar\/index.php\/2026\/01\/23\/valeria-mazza-en-punta-del-este-tarde-de-playa-en-familia-y-mateadas-con-amigos\/\" \/>\n<meta property=\"og:locale\" content=\"es_ES\" \/>\n<meta property=\"og:type\" content=\"article\" \/>\n<meta property=\"og:title\" content=\"Valeria Mazza en Punta del Este: tarde de playa en familia y mateadas con amigos - Lobos News\" \/>\n<meta property=\"og:description\" content=\"Valeria Mazza y Alejandro Gravier volvieron a ser protagonistas del verano este\u00f1o al ser captados por las c\u00e1maras de Teleshow durante una jornada en el parador Vik, en la Mansa de Jos\u00e9 Ignacio. Mientras la modelo opt\u00f3 por disfrutar la tarde con amigos, tomando mate protegidos por sombrillas, su esposo opt\u00f3 por una larga caminata...\" \/>\n<meta property=\"og:url\" content=\"https:\/\/lobosnews.com.ar\/index.php\/2026\/01\/23\/valeria-mazza-en-punta-del-este-tarde-de-playa-en-familia-y-mateadas-con-amigos\/\" \/>\n<meta property=\"og:site_name\" content=\"Lobos News\" \/>\n<meta property=\"article:published_time\" content=\"2026-01-23T05:00:00+00:00\" \/>\n<meta property=\"article:modified_time\" content=\"2026-01-23T11:10:57+00:00\" \/>\n<meta property=\"og:image\" content=\"https:\/\/lobosnews.com.ar\/wp-content\/uploads\/2026\/01\/valeria-mazza-en-punta-del-este-tarde-de-playa-en-familia-y-mateadas-con-amigos.jpg\" \/>\n<meta name=\"author\" content=\"admin\" \/>\n<meta name=\"twitter:card\" content=\"summary_large_image\" \/>\n<meta name=\"twitter:label1\" content=\"Escrito por\" \/>\n\t<meta name=\"twitter:data1\" content=\"admin\" \/>\n\t<meta name=\"twitter:label2\" content=\"Tiempo de lectura\" \/>\n\t<meta name=\"twitter:data2\" content=\"3 minutos\" \/>\n<script type=\"application\/ld+json\" class=\"yoast-schema-graph\">{\"@context\":\"https:\/\/schema.org\",\"@graph\":[{\"@type\":\"Article\",\"@id\":\"https:\/\/lobosnews.com.ar\/index.php\/2026\/01\/23\/valeria-mazza-en-punta-del-este-tarde-de-playa-en-familia-y-mateadas-con-amigos\/#article\",\"isPartOf\":{\"@id\":\"https:\/\/lobosnews.com.ar\/index.php\/2026\/01\/23\/valeria-mazza-en-punta-del-este-tarde-de-playa-en-familia-y-mateadas-con-amigos\/\"},\"author\":{\"name\":\"admin\",\"@id\":\"https:\/\/lobosnews.com.ar\/#\/schema\/person\/232422a593d5c541dd9aef6aaed10943\"},\"headline\":\"Valeria Mazza en Punta del Este: tarde de playa en familia y mateadas con amigos\",\"datePublished\":\"2026-01-23T05:00:00+00:00\",\"dateModified\":\"2026-01-23T11:10:57+00:00\",\"mainEntityOfPage\":{\"@id\":\"https:\/\/lobosnews.com.ar\/index.php\/2026\/01\/23\/valeria-mazza-en-punta-del-este-tarde-de-playa-en-familia-y-mateadas-con-amigos\/\"},\"wordCount\":666,\"commentCount\":0,\"publisher\":{\"@id\":\"https:\/\/lobosnews.com.ar\/#organization\"},\"image\":{\"@id\":\"https:\/\/lobosnews.com.ar\/index.php\/2026\/01\/23\/valeria-mazza-en-punta-del-este-tarde-de-playa-en-familia-y-mateadas-con-amigos\/#primaryimage\"},\"thumbnailUrl\":\"https:\/\/lobosnews.com.ar\/wp-content\/uploads\/2026\/01\/valeria-mazza-en-punta-del-este-tarde-de-playa-en-familia-y-mateadas-con-amigos-14.jpg\",\"articleSection\":[\"Cine y Series\"],\"inLanguage\":\"es\",\"potentialAction\":[{\"@type\":\"CommentAction\",\"name\":\"Comment\",\"target\":[\"https:\/\/lobosnews.com.ar\/index.php\/2026\/01\/23\/valeria-mazza-en-punta-del-este-tarde-de-playa-en-familia-y-mateadas-con-amigos\/#respond\"]}]},{\"@type\":\"WebPage\",\"@id\":\"https:\/\/lobosnews.com.ar\/index.php\/2026\/01\/23\/valeria-mazza-en-punta-del-este-tarde-de-playa-en-familia-y-mateadas-con-amigos\/\",\"url\":\"https:\/\/lobosnews.com.ar\/index.php\/2026\/01\/23\/valeria-mazza-en-punta-del-este-tarde-de-playa-en-familia-y-mateadas-con-amigos\/\",\"name\":\"Valeria Mazza en Punta del Este: tarde de playa en familia y mateadas con amigos - Lobos News\",\"isPartOf\":{\"@id\":\"https:\/\/lobosnews.com.ar\/#website\"},\"primaryImageOfPage\":{\"@id\":\"https:\/\/lobosnews.com.ar\/index.php\/2026\/01\/23\/valeria-mazza-en-punta-del-este-tarde-de-playa-en-familia-y-mateadas-con-amigos\/#primaryimage\"},\"image\":{\"@id\":\"https:\/\/lobosnews.com.ar\/index.php\/2026\/01\/23\/valeria-mazza-en-punta-del-este-tarde-de-playa-en-familia-y-mateadas-con-amigos\/#primaryimage\"},\"thumbnailUrl\":\"https:\/\/lobosnews.com.ar\/wp-content\/uploads\/2026\/01\/valeria-mazza-en-punta-del-este-tarde-de-playa-en-familia-y-mateadas-con-amigos-14.jpg\",\"datePublished\":\"2026-01-23T05:00:00+00:00\",\"dateModified\":\"2026-01-23T11:10:57+00:00\",\"breadcrumb\":{\"@id\":\"https:\/\/lobosnews.com.ar\/index.php\/2026\/01\/23\/valeria-mazza-en-punta-del-este-tarde-de-playa-en-familia-y-mateadas-con-amigos\/#breadcrumb\"},\"inLanguage\":\"es\",\"potentialAction\":[{\"@type\":\"ReadAction\",\"target\":[\"https:\/\/lobosnews.com.ar\/index.php\/2026\/01\/23\/valeria-mazza-en-punta-del-este-tarde-de-playa-en-familia-y-mateadas-con-amigos\/\"]}]},{\"@type\":\"ImageObject\",\"inLanguage\":\"es\",\"@id\":\"https:\/\/lobosnews.com.ar\/index.php\/2026\/01\/23\/valeria-mazza-en-punta-del-este-tarde-de-playa-en-familia-y-mateadas-con-amigos\/#primaryimage\",\"url\":\"https:\/\/lobosnews.com.ar\/wp-content\/uploads\/2026\/01\/valeria-mazza-en-punta-del-este-tarde-de-playa-en-familia-y-mateadas-con-amigos-14.jpg\",\"contentUrl\":\"https:\/\/lobosnews.com.ar\/wp-content\/uploads\/2026\/01\/valeria-mazza-en-punta-del-este-tarde-de-playa-en-familia-y-mateadas-con-amigos-14.jpg\",\"width\":1920,\"height\":1280,\"caption\":\"Valeria Mazza en Punta del Este: tarde de playa en familia y mateadas con amigos\"},{\"@type\":\"BreadcrumbList\",\"@id\":\"https:\/\/lobosnews.com.ar\/index.php\/2026\/01\/23\/valeria-mazza-en-punta-del-este-tarde-de-playa-en-familia-y-mateadas-con-amigos\/#breadcrumb\",\"itemListElement\":[{\"@type\":\"ListItem\",\"position\":1,\"name\":\"Portada\",\"item\":\"https:\/\/lobosnews.com.ar\/\"},{\"@type\":\"ListItem\",\"position\":2,\"name\":\"Valeria Mazza en Punta del Este: tarde de playa en familia y mateadas con amigos\"}]},{\"@type\":\"WebSite\",\"@id\":\"https:\/\/lobosnews.com.ar\/#website\",\"url\":\"https:\/\/lobosnews.com.ar\/\",\"name\":\"Lobos News\",\"description\":\"Informaci\u00f3n a cada instante\",\"publisher\":{\"@id\":\"https:\/\/lobosnews.com.ar\/#organization\"},\"potentialAction\":[{\"@type\":\"SearchAction\",\"target\":{\"@type\":\"EntryPoint\",\"urlTemplate\":\"https:\/\/lobosnews.com.ar\/?s={search_term_string}\"},\"query-input\":{\"@type\":\"PropertyValueSpecification\",\"valueRequired\":true,\"valueName\":\"search_term_string\"}}],\"inLanguage\":\"es\"},{\"@type\":\"Organization\",\"@id\":\"https:\/\/lobosnews.com.ar\/#organization\",\"name\":\"Lobos News\",\"url\":\"https:\/\/lobosnews.com.ar\/\",\"logo\":{\"@type\":\"ImageObject\",\"inLanguage\":\"es\",\"@id\":\"https:\/\/lobosnews.com.ar\/#\/schema\/logo\/image\/\",\"url\":\"https:\/\/lobosnews.com.ar\/wp-content\/uploads\/2026\/01\/logo-lobosnews.png\",\"contentUrl\":\"https:\/\/lobosnews.com.ar\/wp-content\/uploads\/2026\/01\/logo-lobosnews.png\",\"width\":500,\"height\":200,\"caption\":\"Lobos News\"},\"image\":{\"@id\":\"https:\/\/lobosnews.com.ar\/#\/schema\/logo\/image\/\"}},{\"@type\":\"Person\",\"@id\":\"https:\/\/lobosnews.com.ar\/#\/schema\/person\/232422a593d5c541dd9aef6aaed10943\",\"name\":\"admin\",\"image\":{\"@type\":\"ImageObject\",\"inLanguage\":\"es\",\"@id\":\"https:\/\/lobosnews.com.ar\/#\/schema\/person\/image\/\",\"url\":\"https:\/\/secure.gravatar.com\/avatar\/76e419471a2083bc3ceab22a763dbbf9b0c1bd15a6214cf3280e2c2dde4580f9?s=96&d=mm&r=g\",\"contentUrl\":\"https:\/\/secure.gravatar.com\/avatar\/76e419471a2083bc3ceab22a763dbbf9b0c1bd15a6214cf3280e2c2dde4580f9?s=96&d=mm&r=g\",\"caption\":\"admin\"},\"sameAs\":[\"https:\/\/lobosnews.com.ar\"],\"url\":\"https:\/\/lobosnews.com.ar\/index.php\/author\/lobos-news\/\"}]}<\/script>\n<!-- \/ Yoast SEO plugin. -->","yoast_head_json":{"title":"Valeria Mazza en Punta del Este: tarde de playa en familia y mateadas con amigos - Lobos News","robots":{"index":"index","follow":"follow","max-snippet":"max-snippet:-1","max-image-preview":"max-image-preview:large","max-video-preview":"max-video-preview:-1"},"canonical":"https:\/\/lobosnews.com.ar\/index.php\/2026\/01\/23\/valeria-mazza-en-punta-del-este-tarde-de-playa-en-familia-y-mateadas-con-amigos\/","og_locale":"es_ES","og_type":"article","og_title":"Valeria Mazza en Punta del Este: tarde de playa en familia y mateadas con amigos - Lobos News","og_description":"Valeria Mazza y Alejandro Gravier volvieron a ser protagonistas del verano este\u00f1o al ser captados por las c\u00e1maras de Teleshow durante una jornada en el parador Vik, en la Mansa de Jos\u00e9 Ignacio. Mientras la modelo opt\u00f3 por disfrutar la tarde con amigos, tomando mate protegidos por sombrillas, su esposo opt\u00f3 por una larga caminata...","og_url":"https:\/\/lobosnews.com.ar\/index.php\/2026\/01\/23\/valeria-mazza-en-punta-del-este-tarde-de-playa-en-familia-y-mateadas-con-amigos\/","og_site_name":"Lobos News","article_published_time":"2026-01-23T05:00:00+00:00","article_modified_time":"2026-01-23T11:10:57+00:00","og_image":[{"url":"https:\/\/lobosnews.com.ar\/wp-content\/uploads\/2026\/01\/valeria-mazza-en-punta-del-este-tarde-de-playa-en-familia-y-mateadas-con-amigos.jpg","type":"","width":"","height":""}],"author":"admin","twitter_card":"summary_large_image","twitter_misc":{"Escrito por":"admin","Tiempo de lectura":"3 minutos"},"schema":{"@context":"https:\/\/schema.org","@graph":[{"@type":"Article","@id":"https:\/\/lobosnews.com.ar\/index.php\/2026\/01\/23\/valeria-mazza-en-punta-del-este-tarde-de-playa-en-familia-y-mateadas-con-amigos\/#article","isPartOf":{"@id":"https:\/\/lobosnews.com.ar\/index.php\/2026\/01\/23\/valeria-mazza-en-punta-del-este-tarde-de-playa-en-familia-y-mateadas-con-amigos\/"},"author":{"name":"admin","@id":"https:\/\/lobosnews.com.ar\/#\/schema\/person\/232422a593d5c541dd9aef6aaed10943"},"headline":"Valeria Mazza en Punta del Este: tarde de playa en familia y mateadas con amigos","datePublished":"2026-01-23T05:00:00+00:00","dateModified":"2026-01-23T11:10:57+00:00","mainEntityOfPage":{"@id":"https:\/\/lobosnews.com.ar\/index.php\/2026\/01\/23\/valeria-mazza-en-punta-del-este-tarde-de-playa-en-familia-y-mateadas-con-amigos\/"},"wordCount":666,"commentCount":0,"publisher":{"@id":"https:\/\/lobosnews.com.ar\/#organization"},"image":{"@id":"https:\/\/lobosnews.com.ar\/index.php\/2026\/01\/23\/valeria-mazza-en-punta-del-este-tarde-de-playa-en-familia-y-mateadas-con-amigos\/#primaryimage"},"thumbnailUrl":"https:\/\/lobosnews.com.ar\/wp-content\/uploads\/2026\/01\/valeria-mazza-en-punta-del-este-tarde-de-playa-en-familia-y-mateadas-con-amigos-14.jpg","articleSection":["Cine y Series"],"inLanguage":"es","potentialAction":[{"@type":"CommentAction","name":"Comment","target":["https:\/\/lobosnews.com.ar\/index.php\/2026\/01\/23\/valeria-mazza-en-punta-del-este-tarde-de-playa-en-familia-y-mateadas-con-amigos\/#respond"]}]},{"@type":"WebPage","@id":"https:\/\/lobosnews.com.ar\/index.php\/2026\/01\/23\/valeria-mazza-en-punta-del-este-tarde-de-playa-en-familia-y-mateadas-con-amigos\/","url":"https:\/\/lobosnews.com.ar\/index.php\/2026\/01\/23\/valeria-mazza-en-punta-del-este-tarde-de-playa-en-familia-y-mateadas-con-amigos\/","name":"Valeria Mazza en Punta del Este: tarde de playa en familia y mateadas con amigos - Lobos News","isPartOf":{"@id":"https:\/\/lobosnews.com.ar\/#website"},"primaryImageOfPage":{"@id":"https:\/\/lobosnews.com.ar\/index.php\/2026\/01\/23\/valeria-mazza-en-punta-del-este-tarde-de-playa-en-familia-y-mateadas-con-amigos\/#primaryimage"},"image":{"@id":"https:\/\/lobosnews.com.ar\/index.php\/2026\/01\/23\/valeria-mazza-en-punta-del-este-tarde-de-playa-en-familia-y-mateadas-con-amigos\/#primaryimage"},"thumbnailUrl":"https:\/\/lobosnews.com.ar\/wp-content\/uploads\/2026\/01\/valeria-mazza-en-punta-del-este-tarde-de-playa-en-familia-y-mateadas-con-amigos-14.jpg","datePublished":"2026-01-23T05:00:00+00:00","dateModified":"2026-01-23T11:10:57+00:00","breadcrumb":{"@id":"https:\/\/lobosnews.com.ar\/index.php\/2026\/01\/23\/valeria-mazza-en-punta-del-este-tarde-de-playa-en-familia-y-mateadas-con-amigos\/#breadcrumb"},"inLanguage":"es","potentialAction":[{"@type":"ReadAction","target":["https:\/\/lobosnews.com.ar\/index.php\/2026\/01\/23\/valeria-mazza-en-punta-del-este-tarde-de-playa-en-familia-y-mateadas-con-amigos\/"]}]},{"@type":"ImageObject","inLanguage":"es","@id":"https:\/\/lobosnews.com.ar\/index.php\/2026\/01\/23\/valeria-mazza-en-punta-del-este-tarde-de-playa-en-familia-y-mateadas-con-amigos\/#primaryimage","url":"https:\/\/lobosnews.com.ar\/wp-content\/uploads\/2026\/01\/valeria-mazza-en-punta-del-este-tarde-de-playa-en-familia-y-mateadas-con-amigos-14.jpg","contentUrl":"https:\/\/lobosnews.com.ar\/wp-content\/uploads\/2026\/01\/valeria-mazza-en-punta-del-este-tarde-de-playa-en-familia-y-mateadas-con-amigos-14.jpg","width":1920,"height":1280,"caption":"Valeria Mazza en Punta del Este: tarde de playa en familia y mateadas con amigos"},{"@type":"BreadcrumbList","@id":"https:\/\/lobosnews.com.ar\/index.php\/2026\/01\/23\/valeria-mazza-en-punta-del-este-tarde-de-playa-en-familia-y-mateadas-con-amigos\/#breadcrumb","itemListElement":[{"@type":"ListItem","position":1,"name":"Portada","item":"https:\/\/lobosnews.com.ar\/"},{"@type":"ListItem","position":2,"name":"Valeria Mazza en Punta del Este: tarde de playa en familia y mateadas con amigos"}]},{"@type":"WebSite","@id":"https:\/\/lobosnews.com.ar\/#website","url":"https:\/\/lobosnews.com.ar\/","name":"Lobos News","description":"Informaci\u00f3n a cada instante","publisher":{"@id":"https:\/\/lobosnews.com.ar\/#organization"},"potentialAction":[{"@type":"SearchAction","target":{"@type":"EntryPoint","urlTemplate":"https:\/\/lobosnews.com.ar\/?s={search_term_string}"},"query-input":{"@type":"PropertyValueSpecification","valueRequired":true,"valueName":"search_term_string"}}],"inLanguage":"es"},{"@type":"Organization","@id":"https:\/\/lobosnews.com.ar\/#organization","name":"Lobos News","url":"https:\/\/lobosnews.com.ar\/","logo":{"@type":"ImageObject","inLanguage":"es","@id":"https:\/\/lobosnews.com.ar\/#\/schema\/logo\/image\/","url":"https:\/\/lobosnews.com.ar\/wp-content\/uploads\/2026\/01\/logo-lobosnews.png","contentUrl":"https:\/\/lobosnews.com.ar\/wp-content\/uploads\/2026\/01\/logo-lobosnews.png","width":500,"height":200,"caption":"Lobos News"},"image":{"@id":"https:\/\/lobosnews.com.ar\/#\/schema\/logo\/image\/"}},{"@type":"Person","@id":"https:\/\/lobosnews.com.ar\/#\/schema\/person\/232422a593d5c541dd9aef6aaed10943","name":"admin","image":{"@type":"ImageObject","inLanguage":"es","@id":"https:\/\/lobosnews.com.ar\/#\/schema\/person\/image\/","url":"https:\/\/secure.gravatar.com\/avatar\/76e419471a2083bc3ceab22a763dbbf9b0c1bd15a6214cf3280e2c2dde4580f9?s=96&d=mm&r=g","contentUrl":"https:\/\/secure.gravatar.com\/avatar\/76e419471a2083bc3ceab22a763dbbf9b0c1bd15a6214cf3280e2c2dde4580f9?s=96&d=mm&r=g","caption":"admin"},"sameAs":["https:\/\/lobosnews.com.ar"],"url":"https:\/\/lobosnews.com.ar\/index.php\/author\/lobos-news\/"}]}},"jetpack_featured_media_url":"https:\/\/lobosnews.com.ar\/wp-content\/uploads\/2026\/01\/valeria-mazza-en-punta-del-este-tarde-de-playa-en-familia-y-mateadas-con-amigos-14.jpg","jetpack_sharing_enabled":true,"_links":{"self":[{"href":"https:\/\/lobosnews.com.ar\/index.php\/wp-json\/wp\/v2\/posts\/10486","targetHints":{"allow":["GET"]}}],"collection":[{"href":"https:\/\/lobosnews.com.ar\/index.php\/wp-json\/wp\/v2\/posts"}],"about":[{"href":"https:\/\/lobosnews.com.ar\/index.php\/wp-json\/wp\/v2\/types\/post"}],"author":[{"embeddable":true,"href":"https:\/\/lobosnews.com.ar\/index.php\/wp-json\/wp\/v2\/users\/1"}],"replies":[{"embeddable":true,"href":"https:\/\/lobosnews.com.ar\/index.php\/wp-json\/wp\/v2\/comments?post=10486"}],"version-history":[{"count":1,"href":"https:\/\/lobosnews.com.ar\/index.php\/wp-json\/wp\/v2\/posts\/10486\/revisions"}],"predecessor-version":[{"id":10495,"href":"https:\/\/lobosnews.com.ar\/index.php\/wp-json\/wp\/v2\/posts\/10486\/revisions\/10495"}],"wp:featuredmedia":[{"embeddable":true,"href":"https:\/\/lobosnews.com.ar\/index.php\/wp-json\/wp\/v2\/media\/10496"}],"wp:attachment":[{"href":"https:\/\/lobosnews.com.ar\/index.php\/wp-json\/wp\/v2\/media?parent=10486"}],"wp:term":[{"taxonomy":"category","embeddable":true,"href":"https:\/\/lobosnews.com.ar\/index.php\/wp-json\/wp\/v2\/categories?post=10486"},{"taxonomy":"post_tag","embeddable":true,"href":"https:\/\/lobosnews.com.ar\/index.php\/wp-json\/wp\/v2\/tags?post=10486"}],"curies":[{"name":"wp","href":"https:\/\/api.w.org\/{rel}","templated":true}]}}