{"id":10479,"date":"2026-01-23T07:05:36","date_gmt":"2026-01-23T07:05:36","guid":{"rendered":"https:\/\/lobosnews.com.ar\/index.php\/2026\/01\/23\/edmand-lara-vicepresidente-boliviano-pierde-protagonismo-y-apoyo-social-frente-a-la-gestion-de-rodrigo-paz\/"},"modified":"2026-01-23T11:03:41","modified_gmt":"2026-01-23T11:03:41","slug":"edmand-lara-vicepresidente-boliviano-pierde-protagonismo-y-apoyo-social-frente-a-la-gestion-de-rodrigo-paz","status":"publish","type":"post","link":"https:\/\/lobosnews.com.ar\/index.php\/2026\/01\/23\/edmand-lara-vicepresidente-boliviano-pierde-protagonismo-y-apoyo-social-frente-a-la-gestion-de-rodrigo-paz\/","title":{"rendered":"Edmand Lara, vicepresidente boliviano, pierde protagonismo y apoyo social frente a la gesti\u00f3n de Rodrigo Paz"},"content":{"rendered":"<p><img loading=\"lazy\" decoding=\"async\" src=\"https:\/\/lobosnews.com.ar\/wp-content\/uploads\/2026\/01\/edmand-lara-vicepresidente-boliviano-pierde-protagonismo-y-apoyo-social-frente-a-la-gestion-de-rodrigo-paz.jpg\" alt=\"El presidente Rodrigo Paz, a la derecha, y el vicepresidente Edman Lara se toman de las manos despu\u00e9s de la ceremonia de juramentaci\u00f3n en La Paz, el s\u00e1bado 8 de noviembre de 2025 (Luis Gandarillas\/Associated Press)\" height=\"3648\" width=\"5472\"\/><\/p>\n<p>El vicepresidente de <b>Bolivia<\/b>, <b>Edmand Lara<\/b>, perdi\u00f3 protagonismo y se encuentra actualmente aislado del presidente <b>Rodrigo Paz<\/b> en medio de disputas de poder que surgieron apenas diez semanas despu\u00e9s de la asunci\u00f3n del nuevo gobierno.<\/p>\n<p>Lara no consigui\u00f3 reunir una convocatoria significativa el jueves para conmemorar los 17 a\u00f1os del Estado Plurinacional de Bolivia, fecha instaurada durante el mandato de <b>Evo Morales (2006-2019)<\/b> y tradicionalmente celebrada con actos masivos.<\/p>\n<p>Los analistas interpretaron la iniciativa como un intento de mostrar fortaleza pol\u00edtica. En contraste, Paz minimiz\u00f3 la efem\u00e9ride y traslad\u00f3 el feriado al viernes para fomentar el turismo.<\/p>\n<p>De perfil popular en redes sociales por su lucha contra la corrupci\u00f3n y con pasado como capit\u00e1n de polic\u00eda, <b>Lara se distanci\u00f3 p\u00fablicamente de Paz y se declar\u00f3 opositor \u201cconstructivo\u201d<\/b>, asegurando que no forma parte del Gobierno.<\/p>\n<p>El quiebre m\u00e1s notorio ocurri\u00f3 el pasado fin de semana, cuando <b>Paz<\/b> viaj\u00f3 de forma sorpresiva a <b>Paraguay<\/b> sin delegar sus funciones a Lara, pese a lo dispuesto por la Constituci\u00f3n.<\/p>\n<p><img loading=\"lazy\" decoding=\"async\" src=\"https:\/\/lobosnews.com.ar\/wp-content\/uploads\/2026\/01\/edmand-lara-vicepresidente-boliviano-pierde-protagonismo-y-apoyo-social-frente-a-la-gestion-de-rodrigo-paz-1.jpg\" alt=\"Rodrigo Paz se distanci\u00f3 de Edmand Lara, luego de que el vicepresidente boliviano se considerara parte de la oposici\u00f3n al Gobierno\" height=\"1080\" width=\"1920\"\/><\/p>\n<p>En su lugar, el mandatario emiti\u00f3 un decreto para gobernar a distancia utilizando medios digitales, decisi\u00f3n que fue cuestionada por diversos sectores y est\u00e1 bajo revisi\u00f3n de la Corte Constitucional.<\/p>\n<p>Lara, quien tambi\u00e9n preside la <b>Asamblea Legislativa<\/b>, rechaz\u00f3 la medida y la calific\u00f3 de \u201cinconstitucional\u201d. Durante su discurso del jueves, cuestion\u00f3 al titular del Ejecutivo y las decisiones de su administraci\u00f3n.<\/p>\n<p>\u201cEl poder no es eterno. Rodrigo Paz, el poder no es para siempre. <b>As\u00ed como el pueblo te subi\u00f3 el pueblo tambi\u00e9n te puede bajar<\/b>\u201d, expres\u00f3 en referencia a la jornada que recuerda la inclusi\u00f3n de las 36 naciones ind\u00edgenas en la Carta Magna.<\/p>\n<p>En contraposici\u00f3n y de regreso en Bolivia, Paz defendi\u00f3 su labor como presidente en el exterior: \u201c<b>No estamos generando ning\u00fan proceso ilegal<\/b>. A m\u00ed lo que me corresponde es representar al pa\u00eds y las nuevas tecnolog\u00edas permiten esa representaci\u00f3n\u201d.<\/p>\n<p>La falta de coordinaci\u00f3n entre ambos mandatarios genera preocupaci\u00f3n sobre la gobernabilidad. El ex presidente y l\u00edder de la fuerza Libre, <b>Jorge \u201cTuto\u201d Quiroga<\/b>, expres\u00f3 su parecer sobre la puja entre Paz y Lara: <b>\u201cSi te casaste con el diablo, administra el infierno y enti\u00e9ndanse\u201d<\/b>.<\/p>\n<p><img loading=\"lazy\" decoding=\"async\" src=\"https:\/\/lobosnews.com.ar\/wp-content\/uploads\/2026\/01\/edmand-lara-vicepresidente-boliviano-pierde-protagonismo-y-apoyo-social-frente-a-la-gestion-de-rodrigo-paz-2.jpg\" alt=\"Lara preside la Asamblea Legislativa (REUTERS\/Claudia Morales)\" height=\"2214\" width=\"3326\"\/><\/p>\n<p>El analista pol\u00edtico <b>Gustavo Pedrazas<\/b> advirti\u00f3 que estas disputas impactan en el funcionamiento del Legislativo, ya que Lara no est\u00e1 dedicando tiempo a sus funciones como presidente de la Asamblea. Pedrazas afirm\u00f3 que el vicepresidente qued\u00f3 con una posici\u00f3n pol\u00edtica \u201cdisminuida\u201d.<\/p>\n<p>\u201c<b>Si nos quedamos los cinco a\u00f1os, los cinco a\u00f1os va a tener que soportarme Rodrigo Paz, pues hecho de corrupci\u00f3n que detecte ser\u00e1 denunciado,<\/b> no voy a callar\u201d, sostuvo Lara dando por oficializada su decisi\u00f3n de fiscalizar la gesti\u00f3n del presidente a lo largo de todo su mandato en <b>Bolivia<\/b>.<\/p>\n<p>En ese sentido, Lara formaliz\u00f3 su postura el 24 de diciembre, autodefini\u00e9ndose como \u201c<b>oposici\u00f3n, pero oposici\u00f3n constructiva<\/b>\u201d. Anteriormente, el vicepresidente acus\u00f3 a Paz de \u201c<b>gobernar para los ricos<\/b>\u201d y de \u201c<b>juntarse con corruptos<\/b>\u201d.<\/p>\n<p><i>(Con informaci\u00f3n de Associated Press)<\/i><\/p>\n","protected":false},"excerpt":{"rendered":"<p>El vicepresidente de Bolivia, Edmand Lara, perdi\u00f3 protagonismo y se encuentra actualmente aislado del presidente Rodrigo Paz en medio de disputas de poder que surgieron apenas diez semanas despu\u00e9s de la asunci\u00f3n del nuevo gobierno. Lara no consigui\u00f3 reunir una convocatoria significativa el jueves para conmemorar los 17 a\u00f1os del Estado Plurinacional de Bolivia, fecha&#8230;<\/p>\n","protected":false},"author":1,"featured_media":10484,"comment_status":"open","ping_status":"closed","sticky":false,"template":"","format":"standard","meta":{"_jetpack_memberships_contains_paid_content":false,"footnotes":""},"categories":[31],"tags":[],"class_list":["post-10479","post","type-post","status-publish","format-standard","has-post-thumbnail","hentry","category-actualidad"],"magazineBlocksPostFeaturedMedia":{"thumbnail":"https:\/\/lobosnews.com.ar\/wp-content\/uploads\/2026\/01\/edmand-lara-vicepresidente-boliviano-pierde-protagonismo-y-apoyo-social-frente-a-la-gestion-de-rodrigo-paz-4-150x150.jpg","medium":"https:\/\/lobosnews.com.ar\/wp-content\/uploads\/2026\/01\/edmand-lara-vicepresidente-boliviano-pierde-protagonismo-y-apoyo-social-frente-a-la-gestion-de-rodrigo-paz-4-300x200.jpg","medium_large":"https:\/\/lobosnews.com.ar\/wp-content\/uploads\/2026\/01\/edmand-lara-vicepresidente-boliviano-pierde-protagonismo-y-apoyo-social-frente-a-la-gestion-de-rodrigo-paz-4-768x511.jpg","large":"https:\/\/lobosnews.com.ar\/wp-content\/uploads\/2026\/01\/edmand-lara-vicepresidente-boliviano-pierde-protagonismo-y-apoyo-social-frente-a-la-gestion-de-rodrigo-paz-4-1024x682.jpg","1536x1536":"https:\/\/lobosnews.com.ar\/wp-content\/uploads\/2026\/01\/edmand-lara-vicepresidente-boliviano-pierde-protagonismo-y-apoyo-social-frente-a-la-gestion-de-rodrigo-paz-4-1536x1022.jpg","2048x2048":"https:\/\/lobosnews.com.ar\/wp-content\/uploads\/2026\/01\/edmand-lara-vicepresidente-boliviano-pierde-protagonismo-y-apoyo-social-frente-a-la-gestion-de-rodrigo-paz-4-2048x1363.jpg","newsmatic-featured":"https:\/\/lobosnews.com.ar\/wp-content\/uploads\/2026\/01\/edmand-lara-vicepresidente-boliviano-pierde-protagonismo-y-apoyo-social-frente-a-la-gestion-de-rodrigo-paz-4-820x545.jpg","newsmatic-list":"https:\/\/lobosnews.com.ar\/wp-content\/uploads\/2026\/01\/edmand-lara-vicepresidente-boliviano-pierde-protagonismo-y-apoyo-social-frente-a-la-gestion-de-rodrigo-paz-4-600x400.jpg","newsmatic-thumb":"https:\/\/lobosnews.com.ar\/wp-content\/uploads\/2026\/01\/edmand-lara-vicepresidente-boliviano-pierde-protagonismo-y-apoyo-social-frente-a-la-gestion-de-rodrigo-paz-4-300x200.jpg","newsmatic-small":"https:\/\/lobosnews.com.ar\/wp-content\/uploads\/2026\/01\/edmand-lara-vicepresidente-boliviano-pierde-protagonismo-y-apoyo-social-frente-a-la-gestion-de-rodrigo-paz-4-150x95.jpg","newsmatic-grid":"https:\/\/lobosnews.com.ar\/wp-content\/uploads\/2026\/01\/edmand-lara-vicepresidente-boliviano-pierde-protagonismo-y-apoyo-social-frente-a-la-gestion-de-rodrigo-paz-4-400x250.jpg"},"magazineBlocksPostAuthor":{"name":"admin","avatar":"https:\/\/secure.gravatar.com\/avatar\/76e419471a2083bc3ceab22a763dbbf9b0c1bd15a6214cf3280e2c2dde4580f9?s=96&d=mm&r=g"},"magazineBlocksPostCommentsNumber":"0","magazineBlocksPostExcerpt":"El vicepresidente de Bolivia, Edmand Lara, perdi\u00f3 protagonismo y se encuentra actualmente aislado del presidente Rodrigo Paz en medio de disputas de poder que surgieron apenas diez semanas despu\u00e9s de la asunci\u00f3n del nuevo gobierno. Lara no consigui\u00f3 reunir una convocatoria significativa el jueves para conmemorar los 17 a\u00f1os del Estado Plurinacional de Bolivia, fecha...","magazineBlocksPostCategories":["Actualidad"],"magazineBlocksPostViewCount":105,"magazineBlocksPostReadTime":3,"magazine_blocks_featured_image_url":{"full":["https:\/\/lobosnews.com.ar\/wp-content\/uploads\/2026\/01\/edmand-lara-vicepresidente-boliviano-pierde-protagonismo-y-apoyo-social-frente-a-la-gestion-de-rodrigo-paz-4-scaled.jpg",2560,1704,false],"medium":["https:\/\/lobosnews.com.ar\/wp-content\/uploads\/2026\/01\/edmand-lara-vicepresidente-boliviano-pierde-protagonismo-y-apoyo-social-frente-a-la-gestion-de-rodrigo-paz-4-300x200.jpg",300,200,true],"thumbnail":["https:\/\/lobosnews.com.ar\/wp-content\/uploads\/2026\/01\/edmand-lara-vicepresidente-boliviano-pierde-protagonismo-y-apoyo-social-frente-a-la-gestion-de-rodrigo-paz-4-150x150.jpg",150,150,true]},"magazine_blocks_author":{"display_name":"admin","author_link":"https:\/\/lobosnews.com.ar\/index.php\/author\/lobos-news\/"},"magazine_blocks_comment":0,"magazine_blocks_author_image":"https:\/\/secure.gravatar.com\/avatar\/76e419471a2083bc3ceab22a763dbbf9b0c1bd15a6214cf3280e2c2dde4580f9?s=96&d=mm&r=g","magazine_blocks_category":"<a href=\"#\" class=\"category-link category-link-31\">Actualidad<\/a>","yoast_head":"<!-- This site is optimized with the Yoast SEO plugin v26.6 - https:\/\/yoast.com\/wordpress\/plugins\/seo\/ -->\n<title>Edmand Lara, vicepresidente boliviano, pierde protagonismo y apoyo social frente a la gesti\u00f3n de Rodrigo Paz - Lobos News<\/title>\n<meta name=\"robots\" content=\"index, follow, max-snippet:-1, max-image-preview:large, max-video-preview:-1\" \/>\n<link rel=\"canonical\" href=\"https:\/\/lobosnews.com.ar\/index.php\/2026\/01\/23\/edmand-lara-vicepresidente-boliviano-pierde-protagonismo-y-apoyo-social-frente-a-la-gestion-de-rodrigo-paz\/\" \/>\n<meta property=\"og:locale\" content=\"es_ES\" \/>\n<meta property=\"og:type\" content=\"article\" \/>\n<meta property=\"og:title\" content=\"Edmand Lara, vicepresidente boliviano, pierde protagonismo y apoyo social frente a la gesti\u00f3n de Rodrigo Paz - Lobos News\" \/>\n<meta property=\"og:description\" content=\"El vicepresidente de Bolivia, Edmand Lara, perdi\u00f3 protagonismo y se encuentra actualmente aislado del presidente Rodrigo Paz en medio de disputas de poder que surgieron apenas diez semanas despu\u00e9s de la asunci\u00f3n del nuevo gobierno. Lara no consigui\u00f3 reunir una convocatoria significativa el jueves para conmemorar los 17 a\u00f1os del Estado Plurinacional de Bolivia, fecha...\" \/>\n<meta property=\"og:url\" content=\"https:\/\/lobosnews.com.ar\/index.php\/2026\/01\/23\/edmand-lara-vicepresidente-boliviano-pierde-protagonismo-y-apoyo-social-frente-a-la-gestion-de-rodrigo-paz\/\" \/>\n<meta property=\"og:site_name\" content=\"Lobos News\" \/>\n<meta property=\"article:published_time\" content=\"2026-01-23T07:05:36+00:00\" \/>\n<meta property=\"article:modified_time\" content=\"2026-01-23T11:03:41+00:00\" \/>\n<meta property=\"og:image\" content=\"https:\/\/lobosnews.com.ar\/wp-content\/uploads\/2026\/01\/edmand-lara-vicepresidente-boliviano-pierde-protagonismo-y-apoyo-social-frente-a-la-gestion-de-rodrigo-paz.jpg\" \/>\n<meta name=\"author\" content=\"admin\" \/>\n<meta name=\"twitter:card\" content=\"summary_large_image\" \/>\n<meta name=\"twitter:label1\" content=\"Escrito por\" \/>\n\t<meta name=\"twitter:data1\" content=\"admin\" \/>\n\t<meta name=\"twitter:label2\" content=\"Tiempo de lectura\" \/>\n\t<meta name=\"twitter:data2\" content=\"3 minutos\" \/>\n<script type=\"application\/ld+json\" class=\"yoast-schema-graph\">{\"@context\":\"https:\/\/schema.org\",\"@graph\":[{\"@type\":\"Article\",\"@id\":\"https:\/\/lobosnews.com.ar\/index.php\/2026\/01\/23\/edmand-lara-vicepresidente-boliviano-pierde-protagonismo-y-apoyo-social-frente-a-la-gestion-de-rodrigo-paz\/#article\",\"isPartOf\":{\"@id\":\"https:\/\/lobosnews.com.ar\/index.php\/2026\/01\/23\/edmand-lara-vicepresidente-boliviano-pierde-protagonismo-y-apoyo-social-frente-a-la-gestion-de-rodrigo-paz\/\"},\"author\":{\"name\":\"admin\",\"@id\":\"https:\/\/lobosnews.com.ar\/#\/schema\/person\/232422a593d5c541dd9aef6aaed10943\"},\"headline\":\"Edmand Lara, vicepresidente boliviano, pierde protagonismo y apoyo social frente a la gesti\u00f3n de Rodrigo Paz\",\"datePublished\":\"2026-01-23T07:05:36+00:00\",\"dateModified\":\"2026-01-23T11:03:41+00:00\",\"mainEntityOfPage\":{\"@id\":\"https:\/\/lobosnews.com.ar\/index.php\/2026\/01\/23\/edmand-lara-vicepresidente-boliviano-pierde-protagonismo-y-apoyo-social-frente-a-la-gestion-de-rodrigo-paz\/\"},\"wordCount\":536,\"commentCount\":0,\"publisher\":{\"@id\":\"https:\/\/lobosnews.com.ar\/#organization\"},\"image\":{\"@id\":\"https:\/\/lobosnews.com.ar\/index.php\/2026\/01\/23\/edmand-lara-vicepresidente-boliviano-pierde-protagonismo-y-apoyo-social-frente-a-la-gestion-de-rodrigo-paz\/#primaryimage\"},\"thumbnailUrl\":\"https:\/\/lobosnews.com.ar\/wp-content\/uploads\/2026\/01\/edmand-lara-vicepresidente-boliviano-pierde-protagonismo-y-apoyo-social-frente-a-la-gestion-de-rodrigo-paz-4-scaled.jpg\",\"articleSection\":[\"Actualidad\"],\"inLanguage\":\"es\",\"potentialAction\":[{\"@type\":\"CommentAction\",\"name\":\"Comment\",\"target\":[\"https:\/\/lobosnews.com.ar\/index.php\/2026\/01\/23\/edmand-lara-vicepresidente-boliviano-pierde-protagonismo-y-apoyo-social-frente-a-la-gestion-de-rodrigo-paz\/#respond\"]}]},{\"@type\":\"WebPage\",\"@id\":\"https:\/\/lobosnews.com.ar\/index.php\/2026\/01\/23\/edmand-lara-vicepresidente-boliviano-pierde-protagonismo-y-apoyo-social-frente-a-la-gestion-de-rodrigo-paz\/\",\"url\":\"https:\/\/lobosnews.com.ar\/index.php\/2026\/01\/23\/edmand-lara-vicepresidente-boliviano-pierde-protagonismo-y-apoyo-social-frente-a-la-gestion-de-rodrigo-paz\/\",\"name\":\"Edmand Lara, vicepresidente boliviano, pierde protagonismo y apoyo social frente a la gesti\u00f3n de Rodrigo Paz - Lobos News\",\"isPartOf\":{\"@id\":\"https:\/\/lobosnews.com.ar\/#website\"},\"primaryImageOfPage\":{\"@id\":\"https:\/\/lobosnews.com.ar\/index.php\/2026\/01\/23\/edmand-lara-vicepresidente-boliviano-pierde-protagonismo-y-apoyo-social-frente-a-la-gestion-de-rodrigo-paz\/#primaryimage\"},\"image\":{\"@id\":\"https:\/\/lobosnews.com.ar\/index.php\/2026\/01\/23\/edmand-lara-vicepresidente-boliviano-pierde-protagonismo-y-apoyo-social-frente-a-la-gestion-de-rodrigo-paz\/#primaryimage\"},\"thumbnailUrl\":\"https:\/\/lobosnews.com.ar\/wp-content\/uploads\/2026\/01\/edmand-lara-vicepresidente-boliviano-pierde-protagonismo-y-apoyo-social-frente-a-la-gestion-de-rodrigo-paz-4-scaled.jpg\",\"datePublished\":\"2026-01-23T07:05:36+00:00\",\"dateModified\":\"2026-01-23T11:03:41+00:00\",\"breadcrumb\":{\"@id\":\"https:\/\/lobosnews.com.ar\/index.php\/2026\/01\/23\/edmand-lara-vicepresidente-boliviano-pierde-protagonismo-y-apoyo-social-frente-a-la-gestion-de-rodrigo-paz\/#breadcrumb\"},\"inLanguage\":\"es\",\"potentialAction\":[{\"@type\":\"ReadAction\",\"target\":[\"https:\/\/lobosnews.com.ar\/index.php\/2026\/01\/23\/edmand-lara-vicepresidente-boliviano-pierde-protagonismo-y-apoyo-social-frente-a-la-gestion-de-rodrigo-paz\/\"]}]},{\"@type\":\"ImageObject\",\"inLanguage\":\"es\",\"@id\":\"https:\/\/lobosnews.com.ar\/index.php\/2026\/01\/23\/edmand-lara-vicepresidente-boliviano-pierde-protagonismo-y-apoyo-social-frente-a-la-gestion-de-rodrigo-paz\/#primaryimage\",\"url\":\"https:\/\/lobosnews.com.ar\/wp-content\/uploads\/2026\/01\/edmand-lara-vicepresidente-boliviano-pierde-protagonismo-y-apoyo-social-frente-a-la-gestion-de-rodrigo-paz-4-scaled.jpg\",\"contentUrl\":\"https:\/\/lobosnews.com.ar\/wp-content\/uploads\/2026\/01\/edmand-lara-vicepresidente-boliviano-pierde-protagonismo-y-apoyo-social-frente-a-la-gestion-de-rodrigo-paz-4-scaled.jpg\",\"width\":2560,\"height\":1704,\"caption\":\"Edmand Lara, vicepresidente boliviano, pierde protagonismo y apoyo social frente a la gesti\u00f3n de Rodrigo Paz\"},{\"@type\":\"BreadcrumbList\",\"@id\":\"https:\/\/lobosnews.com.ar\/index.php\/2026\/01\/23\/edmand-lara-vicepresidente-boliviano-pierde-protagonismo-y-apoyo-social-frente-a-la-gestion-de-rodrigo-paz\/#breadcrumb\",\"itemListElement\":[{\"@type\":\"ListItem\",\"position\":1,\"name\":\"Portada\",\"item\":\"https:\/\/lobosnews.com.ar\/\"},{\"@type\":\"ListItem\",\"position\":2,\"name\":\"Edmand Lara, vicepresidente boliviano, pierde protagonismo y apoyo social frente a la gesti\u00f3n de Rodrigo Paz\"}]},{\"@type\":\"WebSite\",\"@id\":\"https:\/\/lobosnews.com.ar\/#website\",\"url\":\"https:\/\/lobosnews.com.ar\/\",\"name\":\"Lobos News\",\"description\":\"Informaci\u00f3n a cada instante\",\"publisher\":{\"@id\":\"https:\/\/lobosnews.com.ar\/#organization\"},\"potentialAction\":[{\"@type\":\"SearchAction\",\"target\":{\"@type\":\"EntryPoint\",\"urlTemplate\":\"https:\/\/lobosnews.com.ar\/?s={search_term_string}\"},\"query-input\":{\"@type\":\"PropertyValueSpecification\",\"valueRequired\":true,\"valueName\":\"search_term_string\"}}],\"inLanguage\":\"es\"},{\"@type\":\"Organization\",\"@id\":\"https:\/\/lobosnews.com.ar\/#organization\",\"name\":\"Lobos News\",\"url\":\"https:\/\/lobosnews.com.ar\/\",\"logo\":{\"@type\":\"ImageObject\",\"inLanguage\":\"es\",\"@id\":\"https:\/\/lobosnews.com.ar\/#\/schema\/logo\/image\/\",\"url\":\"https:\/\/lobosnews.com.ar\/wp-content\/uploads\/2026\/01\/logo-lobosnews.png\",\"contentUrl\":\"https:\/\/lobosnews.com.ar\/wp-content\/uploads\/2026\/01\/logo-lobosnews.png\",\"width\":500,\"height\":200,\"caption\":\"Lobos News\"},\"image\":{\"@id\":\"https:\/\/lobosnews.com.ar\/#\/schema\/logo\/image\/\"}},{\"@type\":\"Person\",\"@id\":\"https:\/\/lobosnews.com.ar\/#\/schema\/person\/232422a593d5c541dd9aef6aaed10943\",\"name\":\"admin\",\"image\":{\"@type\":\"ImageObject\",\"inLanguage\":\"es\",\"@id\":\"https:\/\/lobosnews.com.ar\/#\/schema\/person\/image\/\",\"url\":\"https:\/\/secure.gravatar.com\/avatar\/76e419471a2083bc3ceab22a763dbbf9b0c1bd15a6214cf3280e2c2dde4580f9?s=96&d=mm&r=g\",\"contentUrl\":\"https:\/\/secure.gravatar.com\/avatar\/76e419471a2083bc3ceab22a763dbbf9b0c1bd15a6214cf3280e2c2dde4580f9?s=96&d=mm&r=g\",\"caption\":\"admin\"},\"sameAs\":[\"https:\/\/lobosnews.com.ar\"],\"url\":\"https:\/\/lobosnews.com.ar\/index.php\/author\/lobos-news\/\"}]}<\/script>\n<!-- \/ Yoast SEO plugin. -->","yoast_head_json":{"title":"Edmand Lara, vicepresidente boliviano, pierde protagonismo y apoyo social frente a la gesti\u00f3n de Rodrigo Paz - Lobos News","robots":{"index":"index","follow":"follow","max-snippet":"max-snippet:-1","max-image-preview":"max-image-preview:large","max-video-preview":"max-video-preview:-1"},"canonical":"https:\/\/lobosnews.com.ar\/index.php\/2026\/01\/23\/edmand-lara-vicepresidente-boliviano-pierde-protagonismo-y-apoyo-social-frente-a-la-gestion-de-rodrigo-paz\/","og_locale":"es_ES","og_type":"article","og_title":"Edmand Lara, vicepresidente boliviano, pierde protagonismo y apoyo social frente a la gesti\u00f3n de Rodrigo Paz - Lobos News","og_description":"El vicepresidente de Bolivia, Edmand Lara, perdi\u00f3 protagonismo y se encuentra actualmente aislado del presidente Rodrigo Paz en medio de disputas de poder que surgieron apenas diez semanas despu\u00e9s de la asunci\u00f3n del nuevo gobierno. Lara no consigui\u00f3 reunir una convocatoria significativa el jueves para conmemorar los 17 a\u00f1os del Estado Plurinacional de Bolivia, fecha...","og_url":"https:\/\/lobosnews.com.ar\/index.php\/2026\/01\/23\/edmand-lara-vicepresidente-boliviano-pierde-protagonismo-y-apoyo-social-frente-a-la-gestion-de-rodrigo-paz\/","og_site_name":"Lobos News","article_published_time":"2026-01-23T07:05:36+00:00","article_modified_time":"2026-01-23T11:03:41+00:00","og_image":[{"url":"https:\/\/lobosnews.com.ar\/wp-content\/uploads\/2026\/01\/edmand-lara-vicepresidente-boliviano-pierde-protagonismo-y-apoyo-social-frente-a-la-gestion-de-rodrigo-paz.jpg","type":"","width":"","height":""}],"author":"admin","twitter_card":"summary_large_image","twitter_misc":{"Escrito por":"admin","Tiempo de lectura":"3 minutos"},"schema":{"@context":"https:\/\/schema.org","@graph":[{"@type":"Article","@id":"https:\/\/lobosnews.com.ar\/index.php\/2026\/01\/23\/edmand-lara-vicepresidente-boliviano-pierde-protagonismo-y-apoyo-social-frente-a-la-gestion-de-rodrigo-paz\/#article","isPartOf":{"@id":"https:\/\/lobosnews.com.ar\/index.php\/2026\/01\/23\/edmand-lara-vicepresidente-boliviano-pierde-protagonismo-y-apoyo-social-frente-a-la-gestion-de-rodrigo-paz\/"},"author":{"name":"admin","@id":"https:\/\/lobosnews.com.ar\/#\/schema\/person\/232422a593d5c541dd9aef6aaed10943"},"headline":"Edmand Lara, vicepresidente boliviano, pierde protagonismo y apoyo social frente a la gesti\u00f3n de Rodrigo Paz","datePublished":"2026-01-23T07:05:36+00:00","dateModified":"2026-01-23T11:03:41+00:00","mainEntityOfPage":{"@id":"https:\/\/lobosnews.com.ar\/index.php\/2026\/01\/23\/edmand-lara-vicepresidente-boliviano-pierde-protagonismo-y-apoyo-social-frente-a-la-gestion-de-rodrigo-paz\/"},"wordCount":536,"commentCount":0,"publisher":{"@id":"https:\/\/lobosnews.com.ar\/#organization"},"image":{"@id":"https:\/\/lobosnews.com.ar\/index.php\/2026\/01\/23\/edmand-lara-vicepresidente-boliviano-pierde-protagonismo-y-apoyo-social-frente-a-la-gestion-de-rodrigo-paz\/#primaryimage"},"thumbnailUrl":"https:\/\/lobosnews.com.ar\/wp-content\/uploads\/2026\/01\/edmand-lara-vicepresidente-boliviano-pierde-protagonismo-y-apoyo-social-frente-a-la-gestion-de-rodrigo-paz-4-scaled.jpg","articleSection":["Actualidad"],"inLanguage":"es","potentialAction":[{"@type":"CommentAction","name":"Comment","target":["https:\/\/lobosnews.com.ar\/index.php\/2026\/01\/23\/edmand-lara-vicepresidente-boliviano-pierde-protagonismo-y-apoyo-social-frente-a-la-gestion-de-rodrigo-paz\/#respond"]}]},{"@type":"WebPage","@id":"https:\/\/lobosnews.com.ar\/index.php\/2026\/01\/23\/edmand-lara-vicepresidente-boliviano-pierde-protagonismo-y-apoyo-social-frente-a-la-gestion-de-rodrigo-paz\/","url":"https:\/\/lobosnews.com.ar\/index.php\/2026\/01\/23\/edmand-lara-vicepresidente-boliviano-pierde-protagonismo-y-apoyo-social-frente-a-la-gestion-de-rodrigo-paz\/","name":"Edmand Lara, vicepresidente boliviano, pierde protagonismo y apoyo social frente a la gesti\u00f3n de Rodrigo Paz - Lobos News","isPartOf":{"@id":"https:\/\/lobosnews.com.ar\/#website"},"primaryImageOfPage":{"@id":"https:\/\/lobosnews.com.ar\/index.php\/2026\/01\/23\/edmand-lara-vicepresidente-boliviano-pierde-protagonismo-y-apoyo-social-frente-a-la-gestion-de-rodrigo-paz\/#primaryimage"},"image":{"@id":"https:\/\/lobosnews.com.ar\/index.php\/2026\/01\/23\/edmand-lara-vicepresidente-boliviano-pierde-protagonismo-y-apoyo-social-frente-a-la-gestion-de-rodrigo-paz\/#primaryimage"},"thumbnailUrl":"https:\/\/lobosnews.com.ar\/wp-content\/uploads\/2026\/01\/edmand-lara-vicepresidente-boliviano-pierde-protagonismo-y-apoyo-social-frente-a-la-gestion-de-rodrigo-paz-4-scaled.jpg","datePublished":"2026-01-23T07:05:36+00:00","dateModified":"2026-01-23T11:03:41+00:00","breadcrumb":{"@id":"https:\/\/lobosnews.com.ar\/index.php\/2026\/01\/23\/edmand-lara-vicepresidente-boliviano-pierde-protagonismo-y-apoyo-social-frente-a-la-gestion-de-rodrigo-paz\/#breadcrumb"},"inLanguage":"es","potentialAction":[{"@type":"ReadAction","target":["https:\/\/lobosnews.com.ar\/index.php\/2026\/01\/23\/edmand-lara-vicepresidente-boliviano-pierde-protagonismo-y-apoyo-social-frente-a-la-gestion-de-rodrigo-paz\/"]}]},{"@type":"ImageObject","inLanguage":"es","@id":"https:\/\/lobosnews.com.ar\/index.php\/2026\/01\/23\/edmand-lara-vicepresidente-boliviano-pierde-protagonismo-y-apoyo-social-frente-a-la-gestion-de-rodrigo-paz\/#primaryimage","url":"https:\/\/lobosnews.com.ar\/wp-content\/uploads\/2026\/01\/edmand-lara-vicepresidente-boliviano-pierde-protagonismo-y-apoyo-social-frente-a-la-gestion-de-rodrigo-paz-4-scaled.jpg","contentUrl":"https:\/\/lobosnews.com.ar\/wp-content\/uploads\/2026\/01\/edmand-lara-vicepresidente-boliviano-pierde-protagonismo-y-apoyo-social-frente-a-la-gestion-de-rodrigo-paz-4-scaled.jpg","width":2560,"height":1704,"caption":"Edmand Lara, vicepresidente boliviano, pierde protagonismo y apoyo social frente a la gesti\u00f3n de Rodrigo Paz"},{"@type":"BreadcrumbList","@id":"https:\/\/lobosnews.com.ar\/index.php\/2026\/01\/23\/edmand-lara-vicepresidente-boliviano-pierde-protagonismo-y-apoyo-social-frente-a-la-gestion-de-rodrigo-paz\/#breadcrumb","itemListElement":[{"@type":"ListItem","position":1,"name":"Portada","item":"https:\/\/lobosnews.com.ar\/"},{"@type":"ListItem","position":2,"name":"Edmand Lara, vicepresidente boliviano, pierde protagonismo y apoyo social frente a la gesti\u00f3n de Rodrigo Paz"}]},{"@type":"WebSite","@id":"https:\/\/lobosnews.com.ar\/#website","url":"https:\/\/lobosnews.com.ar\/","name":"Lobos News","description":"Informaci\u00f3n a cada instante","publisher":{"@id":"https:\/\/lobosnews.com.ar\/#organization"},"potentialAction":[{"@type":"SearchAction","target":{"@type":"EntryPoint","urlTemplate":"https:\/\/lobosnews.com.ar\/?s={search_term_string}"},"query-input":{"@type":"PropertyValueSpecification","valueRequired":true,"valueName":"search_term_string"}}],"inLanguage":"es"},{"@type":"Organization","@id":"https:\/\/lobosnews.com.ar\/#organization","name":"Lobos News","url":"https:\/\/lobosnews.com.ar\/","logo":{"@type":"ImageObject","inLanguage":"es","@id":"https:\/\/lobosnews.com.ar\/#\/schema\/logo\/image\/","url":"https:\/\/lobosnews.com.ar\/wp-content\/uploads\/2026\/01\/logo-lobosnews.png","contentUrl":"https:\/\/lobosnews.com.ar\/wp-content\/uploads\/2026\/01\/logo-lobosnews.png","width":500,"height":200,"caption":"Lobos News"},"image":{"@id":"https:\/\/lobosnews.com.ar\/#\/schema\/logo\/image\/"}},{"@type":"Person","@id":"https:\/\/lobosnews.com.ar\/#\/schema\/person\/232422a593d5c541dd9aef6aaed10943","name":"admin","image":{"@type":"ImageObject","inLanguage":"es","@id":"https:\/\/lobosnews.com.ar\/#\/schema\/person\/image\/","url":"https:\/\/secure.gravatar.com\/avatar\/76e419471a2083bc3ceab22a763dbbf9b0c1bd15a6214cf3280e2c2dde4580f9?s=96&d=mm&r=g","contentUrl":"https:\/\/secure.gravatar.com\/avatar\/76e419471a2083bc3ceab22a763dbbf9b0c1bd15a6214cf3280e2c2dde4580f9?s=96&d=mm&r=g","caption":"admin"},"sameAs":["https:\/\/lobosnews.com.ar"],"url":"https:\/\/lobosnews.com.ar\/index.php\/author\/lobos-news\/"}]}},"jetpack_featured_media_url":"https:\/\/lobosnews.com.ar\/wp-content\/uploads\/2026\/01\/edmand-lara-vicepresidente-boliviano-pierde-protagonismo-y-apoyo-social-frente-a-la-gestion-de-rodrigo-paz-4-scaled.jpg","jetpack_sharing_enabled":true,"_links":{"self":[{"href":"https:\/\/lobosnews.com.ar\/index.php\/wp-json\/wp\/v2\/posts\/10479","targetHints":{"allow":["GET"]}}],"collection":[{"href":"https:\/\/lobosnews.com.ar\/index.php\/wp-json\/wp\/v2\/posts"}],"about":[{"href":"https:\/\/lobosnews.com.ar\/index.php\/wp-json\/wp\/v2\/types\/post"}],"author":[{"embeddable":true,"href":"https:\/\/lobosnews.com.ar\/index.php\/wp-json\/wp\/v2\/users\/1"}],"replies":[{"embeddable":true,"href":"https:\/\/lobosnews.com.ar\/index.php\/wp-json\/wp\/v2\/comments?post=10479"}],"version-history":[{"count":1,"href":"https:\/\/lobosnews.com.ar\/index.php\/wp-json\/wp\/v2\/posts\/10479\/revisions"}],"predecessor-version":[{"id":10483,"href":"https:\/\/lobosnews.com.ar\/index.php\/wp-json\/wp\/v2\/posts\/10479\/revisions\/10483"}],"wp:featuredmedia":[{"embeddable":true,"href":"https:\/\/lobosnews.com.ar\/index.php\/wp-json\/wp\/v2\/media\/10484"}],"wp:attachment":[{"href":"https:\/\/lobosnews.com.ar\/index.php\/wp-json\/wp\/v2\/media?parent=10479"}],"wp:term":[{"taxonomy":"category","embeddable":true,"href":"https:\/\/lobosnews.com.ar\/index.php\/wp-json\/wp\/v2\/categories?post=10479"},{"taxonomy":"post_tag","embeddable":true,"href":"https:\/\/lobosnews.com.ar\/index.php\/wp-json\/wp\/v2\/tags?post=10479"}],"curies":[{"name":"wp","href":"https:\/\/api.w.org\/{rel}","templated":true}]}}