{"id":10443,"date":"2026-01-23T05:08:33","date_gmt":"2026-01-23T05:08:33","guid":{"rendered":"https:\/\/lobosnews.com.ar\/index.php\/2026\/01\/23\/panorama-de-san-lorenzo-cuatro-refuerzos-una-posible-venta-y-las-negociaciones-con-boca-por-alexis-cuello\/"},"modified":"2026-01-23T09:52:58","modified_gmt":"2026-01-23T09:52:58","slug":"panorama-de-san-lorenzo-cuatro-refuerzos-una-posible-venta-y-las-negociaciones-con-boca-por-alexis-cuello","status":"publish","type":"post","link":"https:\/\/lobosnews.com.ar\/index.php\/2026\/01\/23\/panorama-de-san-lorenzo-cuatro-refuerzos-una-posible-venta-y-las-negociaciones-con-boca-por-alexis-cuello\/","title":{"rendered":"Panorama de San Lorenzo: cuatro refuerzos, una posible venta y las negociaciones con Boca por Alexis Cuello"},"content":{"rendered":"<p><img loading=\"lazy\" decoding=\"async\" src=\"https:\/\/lobosnews.com.ar\/wp-content\/uploads\/2026\/01\/panorama-de-san-lorenzo-cuatro-refuerzos-una-posible-venta-y-las-negociaciones-con-boca-por-alexis-cuello.jpg\" alt=\"Dami\u00e1n Ayude espera por la habilitaci\u00f3n de los refuerzos\" height=\"822\" width=\"1462\"\/><\/p>\n<p>En medio de una situaci\u00f3n compleja, <b>San Lorenzo<\/b> se movi\u00f3 en este mercado de pases. En los \u00faltimos d\u00edas, la dirigencia transitoria, encabezada por <b>Sergio Costantino<\/b>, gir\u00f3 la plata para levantar las <b>14 inhibiciones <\/b>que pesaban sobre el club, pero a\u00fan necesita la aprobaci\u00f3n de la FIFA para poder as\u00ed oficializar los cuatro refuerzos que llegaron para sumarse al plantel.<\/p>\n<p>\u201cSan Lorenzo ya efectu\u00f3 los pagos correspondientes. Pero bueno, no es que vos pag\u00e1s y apret\u00e1s un bot\u00f3n y ya est\u00e1. Tenes que hacer el tr\u00e1mite en FIFA y eso demora unos d\u00edas. Formalmente no est\u00e1n todas levantadas, pero se est\u00e1n tramitando para levantarlas, porque son detalles administrativos. La plata ya se mand\u00f3\u201d, asegura el dirigente <b>Ulises Morales<\/b>, en di\u00e1logo con <b>Infobae<\/b>.<\/p>\n<p>Cuando el inicio de 2026 asomaba dif\u00edcil, el gobierno interino se movi\u00f3 r\u00e1pido y gir\u00f3 <b>m\u00e1s de 3,5 millones de d\u00f3lares <\/b>para levantar las 14 inhibiciones que ten\u00eda por diferentes deudas, seg\u00fan manifest\u00f3 Costantino en la \u00faltima conferencia de prensa. <\/p>\n<p>La mayor parte de la deuda econ\u00f3mica era con diversos clubes, por derechos de formaci\u00f3n. Adem\u00e1s, exist\u00edan deudas importantes con Monterrey (M\u00e9xico) por <b>Adam Bareiro<\/b>, con <b>Diego <\/b><i><b>Torito<\/b><\/i><b> Rodr\u00edguez<\/b> de su paso por el club (se acord\u00f3 abonar el 50 por ciento de 800 mil d\u00f3lares ahora y el resto en varias cuotas) y con el Austin FC (Estados Unidos) por una cuota impaga del pase de <b>Jhohan Roma\u00f1a<\/b>. <\/p>\n<p><img loading=\"lazy\" decoding=\"async\" src=\"https:\/\/lobosnews.com.ar\/wp-content\/uploads\/2026\/01\/panorama-de-san-lorenzo-cuatro-refuerzos-una-posible-venta-y-las-negociaciones-con-boca-por-alexis-cuello-1.jpg\" alt=\"Jhohan Roma\u00f1a por ahora seguir\u00e1 en San Lorenzo. Lo pretend\u00eda River Plate\" height=\"2048\" width=\"1536\"\/><\/p>\n<p>De esta manera, la instituci\u00f3n azulgrana logr\u00f3 cumplir con el requisito m\u00ednimo que requiere el ente m\u00e1ximo del f\u00fatbol mundial para incorporar jugadores. Pero falta un paso m\u00e1s: la FIFA deber\u00e1 cargar el total de las bajas de inhibiciones en el sistema, en donde gradualmente se observa la informaci\u00f3n actualizada. Hasta ahora, <b>queda pendiente una prohibici\u00f3n de fichajes<\/b> que, por detalles administrativos, se ir\u00e1 en las pr\u00f3ximas horas. Una vez que eso suceda, saldr\u00e1 un comunicado oficial del club para explicar la situaci\u00f3n y posteriormente se har\u00e1 la presentaci\u00f3n de los refuerzos.<\/p>\n<p>Por otra parte, el gobierno transitorio no inform\u00f3 aun oficialmente el detalle, ni tampoco se sabe de d\u00f3nde sali\u00f3 el dinero, teniendo en cuenta que hasta el momento no hubo ingreso de d\u00f3lares por ventas de jugadores. <b>En Boedo se espera que durante este viernes no haya m\u00e1s sanciones por levantar. <\/b><\/p>\n<p>\u201cSe est\u00e1 poniendo al club en orden, porque la funci\u00f3n de la Comisi\u00f3n Transitoria es medianamente ordenar la situaci\u00f3n para que el 30 de mayo haya elecciones. Las nuevas autoridades electas por los socios podr\u00e1n continuar mejorando a San Lorenzo por un a\u00f1o y medio m\u00e1s\u201d, sostuvo el presidente de la Asamblea de Representantes, que confirm\u00f3 que los sufragios a presidente ser\u00e1n a fines de mayo. <\/p>\n<p>Por los tiempos que maneja la FIFA, el entrenador <b>Dami\u00e1n Ayude<\/b> no podr\u00e1 contar con los refuerzos que llegaron hasta ahora para el debut de San Lorenzo contra Lan\u00fas, esta tarde-noche, a las 19, en el Nuevo Gas\u00f3metro, por la primera fecha del Torneo Apertura. <\/p>\n<p>La primera cara nueva es <b>Mauricio Cardillo<\/b>, volante que lleg\u00f3 de Independiente Rivadavia en condici\u00f3n de libre. Nacido en Olavarr\u00eda hace 22 a\u00f1os, hizo todas las divisiones inferiores en el <i>Granate<\/i>, el club al que arrib\u00f3 cuando ten\u00eda 12 a\u00f1os. Sin embargo, nunca pudo debutar en la Primera de Lan\u00fas y en enero de 2023 pas\u00f3 a pr\u00e9stamo a Nueva Chicago. En Mataderos, solo disput\u00f3 nueve partidos y regres\u00f3 al final de la temporada.<\/p>\n<p><img loading=\"lazy\" decoding=\"async\" src=\"https:\/\/lobosnews.com.ar\/wp-content\/uploads\/2026\/01\/panorama-de-san-lorenzo-cuatro-refuerzos-una-posible-venta-y-las-negociaciones-con-boca-por-alexis-cuello-2.jpg\" alt=\"La puesta a punto de San Lorenzo para el debut en el Apertura\" height=\"2048\" width=\"1536\"\/><\/p>\n<p>En agosto de 2024, Cardillo fue fichado de manera definitiva por la <i>Lepra <\/i>mendocina, donde disput\u00f3 42 encuentros y se gan\u00f3 un lugar como pieza importante para el entrenador Alfredo Berti, ya sea c\u00f3mo titular o ingresando desde el banco, marcando as\u00ed tres tantos en un a\u00f1o y medio. <\/p>\n<p>El segundo refuerzo es <b>Gregorio Rodr\u00edguez<\/b>, quien lleg\u00f3 a pr\u00e9stamo desde Melgar de Per\u00fa. El oriundo de C\u00f3rdoba capital es extremo derecho, tiene 27 a\u00f1os y debut\u00f3 en Instituto, club que lo form\u00f3 y en el que estuvo cuatro temporadas. Luego, pas\u00f3 a El Domin\u00f3 en 2025, donde se destac\u00f3 en 37 participaciones con cuatro goles y dos asistencias, adem\u00e1s de haber clasificado a Melgar a la Copa Sudamericana 2025. <\/p>\n<p>La tercera cara nueva es <b>Math\u00edas De Ritis<\/b>, lateral izquierdo que finaliz\u00f3 su contrato con Pe\u00f1arol de Uruguay y lleg\u00f3 en condici\u00f3n de libre. El montevideano, de 22 a\u00f1os, firm\u00f3 un v\u00ednculo por un a\u00f1o, con opci\u00f3n de renovaci\u00f3n por dos temporadas m\u00e1s. El defensor <i>charr\u00faa <\/i>contaba con otras ofertas del f\u00fatbol argentino y tambi\u00e9n sondeos desde Brasil, pero se inclin\u00f3 por el <i>Cicl\u00f3n<\/i>. El uruguayo disput\u00f3 y gan\u00f3 el Mundial Sub-20 realizado en la Argentina con su Selecci\u00f3n en el 2023.<\/p>\n<p>La cuarta incorporaci\u00f3n es <b>Gonzalo Abrego<\/b>. El mediocampista ofensivo llega procedente de Godoy Cruz, equipo que descendi\u00f3 a la segunda categor\u00eda del f\u00fatbol argentino. Firmar\u00e1 un contrato por un a\u00f1o y con opci\u00f3n de compra. La cifra rondar\u00eda los <b>200 mil d\u00f3lares<\/b>. Desde el 2020 que lleg\u00f3 al <i>Tomba<\/i>, el volante acumul\u00f3 163 partidos oficiales, anot\u00f3 nueve goles y dio once asistencias. <\/p>\n<p>Mientras el mercado de pases este abierto, San Lorenzo no se bajar\u00e1 e ir\u00e1 en busca de m\u00e1s refuerzos. En la carpeta del entrenador Ayude, figura el nombre de <b>Jonathan Torres, delantero de Cerro Porte\u00f1o<\/b>, aunque no hay negociaciones abiertas. El santafecino, de 29 a\u00f1os, tiene un paso extenso por el f\u00fatbol argentino. Jug\u00f3 en Quilmes, Almagro, Sarmiento de Jun\u00edn y Lan\u00fas, como tambi\u00e9n en el Quer\u00e9taro de M\u00e9xico. Adem\u00e1s, interesa <b>Luciano Vietto<\/b>, que qued\u00f3 libre de Racing Club, pero deber\u00e1 bajarse considerablemente su valor de contrato. Hay optimismo por la llegada del mediocampista ofensivo de 32 a\u00f1os, aunque define el cuerpo t\u00e9cnico azulgrana. <b>Y hoy no ser\u00eda prioridad.<\/b> <\/p>\n<p><img loading=\"lazy\" decoding=\"async\" src=\"https:\/\/lobosnews.com.ar\/wp-content\/uploads\/2026\/01\/panorama-de-san-lorenzo-cuatro-refuerzos-una-posible-venta-y-las-negociaciones-con-boca-por-alexis-cuello-3.jpg\" alt=\"\u00bfLuciano Vietto puede llegar a San Lorenzo?\n(Foto REUTERS\/Cristina Sille)\" height=\"592\" width=\"800\"\/><\/p>\n<p>No obstante, tambi\u00e9n surgi\u00f3 el rumor de <b>Emiliano Vecchio<\/b>, pero la dirigencia descart\u00f3 su llegada. \u201cCon alguno m\u00e1s se est\u00e1 trabajando. Pero no es conveniente decir nada porque te lo roban otros equipos. El ambiente del f\u00fatbol es as\u00ed. Lo que vos quer\u00e9s, lo quieren otros, y lo usan para posicionarse y te suben el precio. Hay que hacerlo de callado. No hay negociaciones abiertas por otro jugador, ya que San Lorenzo no ha vendido a nadie, por ahora. Al menos que aparezca una oferta interesante, no va a vender\u201d, revela Morales. <\/p>\n<p>Por otra parte, el <i>Cicl\u00f3n <\/i>negocia por la llegada de un defensor colombiano <b>Cristian Tavor<\/b>, quien milita en Am\u00e9rica de Cali y ya existen charlas para que rescinda su contrato y se sume a Boedo en condici\u00f3n de libre. El marcador central, de 27 a\u00f1os, arrib\u00f3 al conjunto colombiano en enero de 2025 y disput\u00f3 33 partidos, con un gol convertido. Tovar se form\u00f3 en Deportes Tolima y all\u00ed debut\u00f3 en Primera, aunque solo disput\u00f3 ocho cotejos. <\/p>\n<p>Sin embargo, fue en Deportivo Pasto donde se afianz\u00f3 y acumul\u00f3 120 presentaciones, con tres tantos. Su buen andar hizo que emigre a Europa para vestir las camisetas de FC Sheriff de Rumania, y m\u00e1s tarde sali\u00f3 a pr\u00e9stamo a FC Ordabasy Shymkent de Kazajist\u00e1n, pero jug\u00f3 poco: apenas 9 partidos, pero particip\u00f3 de la Europa League y de la Champions League. <\/p>\n<p><img loading=\"lazy\" decoding=\"async\" src=\"https:\/\/lobosnews.com.ar\/wp-content\/uploads\/2026\/01\/panorama-de-san-lorenzo-cuatro-refuerzos-una-posible-venta-y-las-negociaciones-con-boca-por-alexis-cuello-4.jpg\" alt=\"El\u00edas B\u00e1ez est\u00e1 a un paso de ser vendido\" height=\"2400\" width=\"1920\"\/><\/p>\n<p>Por otra parte, San Lorenzo lleg\u00f3 a un acuerdo de palabra con el Atlanta United de la MLS por la salida de <b>El\u00edas B\u00e1ez<\/b>. El Cicl\u00f3n cerr\u00f3 la venta en <b>m\u00e1s de 2 millones de d\u00f3lares por el 100 por ciento de la ficha.<\/b> El futbolista firmar\u00e1 un v\u00ednculo por tres a\u00f1os, con opci\u00f3n a extenderlo por dos temporadas m\u00e1s. En los pr\u00f3ximos d\u00edas, viajar\u00e1 hacia los Estados Unidos para hacerse la revisi\u00f3n m\u00e9dica. Este jugador se sumar\u00e1 a los dos que se fueron anteriormente, a los cuales no les renovaron sus contratos: <b>Andr\u00e9s Vombergar y Nery Dom\u00ednguez<\/b>. El delantero continuar\u00e1 su carrera en Vasco Da Gama de Brasil, mientras que el marcador central se incorpor\u00f3 a Central C\u00f3rdoba de Rosario. <\/p>\n<p>En cuanto a <b>Jhohan Roma\u00f1a<\/b>, est\u00e1 trabada la negociaci\u00f3n con River que intent\u00f3 contratar al defensor colombiano. \u201cNo hizo River una nueva propuesta, pero San Lorenzo no es el gran bazar. No est\u00e1 de remate ni es un outlet. <b>El club que quiera jugadores de San Lorenzo que pague lo que realmente valen. No le vamos a coartar la libertad a ning\u00fan jugador, pero tampoco lo vamos a regalar.<\/b> Porque cuando vos regal\u00e1s, empez\u00e1s a descapitalizarte y se empieza a vaciar el club\u201d, sentencia Morales. <\/p>\n<p>El zaguero colombiano busca una salida de Boedo, pero las negociaciones con la entidad de N\u00fa\u00f1ez no prosperaron y se mantendr\u00e1 en el plantel comandado por Ayude, que disputar\u00e1 el Torneo Apertura, el Clausura, la Copa Argentina y la Copa Sudamericana durante este 2026. \u201cRoma\u00f1a tiene un contrato firmado y es un muy buen contrato. As\u00ed que no hay nada que mejorarle\u201d, asever\u00f3 el dirigente. <\/p>\n<p><img loading=\"lazy\" decoding=\"async\" src=\"https:\/\/lobosnews.com.ar\/wp-content\/uploads\/2026\/01\/panorama-de-san-lorenzo-cuatro-refuerzos-una-posible-venta-y-las-negociaciones-con-boca-por-alexis-cuello-5.jpg\" alt=\"Boca volvi\u00f3 a ofertar por Alexis Cuello (Fotobaires)\" height=\"2860\" width=\"3915\"\/><\/p>\n<p>Por ahora,<b> la \u00fanica negociaci\u00f3n activa que tiene el Santo es con Boca por la venta de Alexis Cuello<\/b>. En Boedo <b>pretenden tres millones de d\u00f3lares limpios por el 60 por ciento de la ficha<\/b> para dejar ir al delantero. El club de La Ribera mand\u00f3 una nueva propuesta por 3 millones de d\u00f3lares brutos, abonados en dos cuotas: 50 por ciento al d\u00eda y el resto en enero de 2027. La dirigencia comandada por Juan Rom\u00e1n Riquelme le solicita a su par azulgrana que responda en 72 horas, ya que el cierre del libro de pases est\u00e1 programado para el martes que viene a las 17. \u201cHay una diferencia importante porque San Lorenzo pretende tres millones limpios, pero pueden seguir negociando. <b>No se descarta la posibilidad de la salida de Cuello<\/b>. Ambos clubes pueden seguir negociando hasta treinta segundos antes del cierre libre de pases\u201d, aclar\u00f3 la misma fuente dirigencial. <\/p>\n<p>Por \u00faltimo, la primera decisi\u00f3n que tom\u00f3 el gobierno provisorio fue <b>achicar la deuda con los jugadores del plantel, que equival\u00eda a mas de 1,700 millones de pesos<\/b>, seg\u00fan manifest\u00f3 el presidente interino. Al d\u00eda, se les debe los sueldos de diciembre y enero. \u201cSiempre ten\u00e9s dos meses de <i>chang\u00fc\u00ed<\/i>. Hoy, se les debe los dos \u00faltimos meses. Est\u00e1 bien, pero bueno, por lo menos achicamos la deuda con ellos\u201d, cerr\u00f3 Morales. <\/p>\n","protected":false},"excerpt":{"rendered":"<p>En medio de una situaci\u00f3n compleja, San Lorenzo se movi\u00f3 en este mercado de pases. En los \u00faltimos d\u00edas, la dirigencia transitoria, encabezada por Sergio Costantino, gir\u00f3 la plata para levantar las 14 inhibiciones que pesaban sobre el club, pero a\u00fan necesita la aprobaci\u00f3n de la FIFA para poder as\u00ed oficializar los cuatro refuerzos que&#8230;<\/p>\n","protected":false},"author":1,"featured_media":0,"comment_status":"open","ping_status":"closed","sticky":false,"template":"","format":"standard","meta":{"_jetpack_memberships_contains_paid_content":false,"footnotes":""},"categories":[30],"tags":[39],"class_list":["post-10443","post","type-post","status-publish","format-standard","hentry","category-argentina","tag-deportes"],"magazineBlocksPostFeaturedMedia":{"thumbnail":false,"medium":false,"medium_large":false,"large":false,"1536x1536":false,"2048x2048":false,"newsmatic-featured":false,"newsmatic-list":false,"newsmatic-thumb":false,"newsmatic-small":false,"newsmatic-grid":false},"magazineBlocksPostAuthor":{"name":"admin","avatar":"https:\/\/secure.gravatar.com\/avatar\/76e419471a2083bc3ceab22a763dbbf9b0c1bd15a6214cf3280e2c2dde4580f9?s=96&d=mm&r=g"},"magazineBlocksPostCommentsNumber":"0","magazineBlocksPostExcerpt":"En medio de una situaci\u00f3n compleja, San Lorenzo se movi\u00f3 en este mercado de pases. En los \u00faltimos d\u00edas, la dirigencia transitoria, encabezada por Sergio Costantino, gir\u00f3 la plata para levantar las 14 inhibiciones que pesaban sobre el club, pero a\u00fan necesita la aprobaci\u00f3n de la FIFA para poder as\u00ed oficializar los cuatro refuerzos que...","magazineBlocksPostCategories":["Argentina"],"magazineBlocksPostViewCount":113,"magazineBlocksPostReadTime":9,"magazine_blocks_featured_image_url":{"full":false,"medium":false,"thumbnail":false},"magazine_blocks_author":{"display_name":"admin","author_link":"https:\/\/lobosnews.com.ar\/index.php\/author\/lobos-news\/"},"magazine_blocks_comment":0,"magazine_blocks_author_image":"https:\/\/secure.gravatar.com\/avatar\/76e419471a2083bc3ceab22a763dbbf9b0c1bd15a6214cf3280e2c2dde4580f9?s=96&d=mm&r=g","magazine_blocks_category":"<a href=\"#\" class=\"category-link category-link-30\">Argentina<\/a>","yoast_head":"<!-- This site is optimized with the Yoast SEO plugin v26.6 - https:\/\/yoast.com\/wordpress\/plugins\/seo\/ -->\n<title>Panorama de San Lorenzo: cuatro refuerzos, una posible venta y las negociaciones con Boca por Alexis Cuello - Lobos News<\/title>\n<meta name=\"robots\" content=\"index, follow, max-snippet:-1, max-image-preview:large, max-video-preview:-1\" \/>\n<link rel=\"canonical\" href=\"https:\/\/lobosnews.com.ar\/index.php\/2026\/01\/23\/panorama-de-san-lorenzo-cuatro-refuerzos-una-posible-venta-y-las-negociaciones-con-boca-por-alexis-cuello\/\" \/>\n<meta property=\"og:locale\" content=\"es_ES\" \/>\n<meta property=\"og:type\" content=\"article\" \/>\n<meta property=\"og:title\" content=\"Panorama de San Lorenzo: cuatro refuerzos, una posible venta y las negociaciones con Boca por Alexis Cuello - Lobos News\" \/>\n<meta property=\"og:description\" content=\"En medio de una situaci\u00f3n compleja, San Lorenzo se movi\u00f3 en este mercado de pases. En los \u00faltimos d\u00edas, la dirigencia transitoria, encabezada por Sergio Costantino, gir\u00f3 la plata para levantar las 14 inhibiciones que pesaban sobre el club, pero a\u00fan necesita la aprobaci\u00f3n de la FIFA para poder as\u00ed oficializar los cuatro refuerzos que...\" \/>\n<meta property=\"og:url\" content=\"https:\/\/lobosnews.com.ar\/index.php\/2026\/01\/23\/panorama-de-san-lorenzo-cuatro-refuerzos-una-posible-venta-y-las-negociaciones-con-boca-por-alexis-cuello\/\" \/>\n<meta property=\"og:site_name\" content=\"Lobos News\" \/>\n<meta property=\"article:published_time\" content=\"2026-01-23T05:08:33+00:00\" \/>\n<meta property=\"article:modified_time\" content=\"2026-01-23T09:52:58+00:00\" \/>\n<meta property=\"og:image\" content=\"https:\/\/lobosnews.com.ar\/wp-content\/uploads\/2026\/01\/panorama-de-san-lorenzo-cuatro-refuerzos-una-posible-venta-y-las-negociaciones-con-boca-por-alexis-cuello.jpg\" \/>\n<meta name=\"author\" content=\"admin\" \/>\n<meta name=\"twitter:card\" content=\"summary_large_image\" \/>\n<meta name=\"twitter:label1\" content=\"Escrito por\" \/>\n\t<meta name=\"twitter:data1\" content=\"admin\" \/>\n\t<meta name=\"twitter:label2\" content=\"Tiempo de lectura\" \/>\n\t<meta name=\"twitter:data2\" content=\"9 minutos\" \/>\n<script type=\"application\/ld+json\" class=\"yoast-schema-graph\">{\"@context\":\"https:\/\/schema.org\",\"@graph\":[{\"@type\":\"Article\",\"@id\":\"https:\/\/lobosnews.com.ar\/index.php\/2026\/01\/23\/panorama-de-san-lorenzo-cuatro-refuerzos-una-posible-venta-y-las-negociaciones-con-boca-por-alexis-cuello\/#article\",\"isPartOf\":{\"@id\":\"https:\/\/lobosnews.com.ar\/index.php\/2026\/01\/23\/panorama-de-san-lorenzo-cuatro-refuerzos-una-posible-venta-y-las-negociaciones-con-boca-por-alexis-cuello\/\"},\"author\":{\"name\":\"admin\",\"@id\":\"https:\/\/lobosnews.com.ar\/#\/schema\/person\/232422a593d5c541dd9aef6aaed10943\"},\"headline\":\"Panorama de San Lorenzo: cuatro refuerzos, una posible venta y las negociaciones con Boca por Alexis Cuello\",\"datePublished\":\"2026-01-23T05:08:33+00:00\",\"dateModified\":\"2026-01-23T09:52:58+00:00\",\"mainEntityOfPage\":{\"@id\":\"https:\/\/lobosnews.com.ar\/index.php\/2026\/01\/23\/panorama-de-san-lorenzo-cuatro-refuerzos-una-posible-venta-y-las-negociaciones-con-boca-por-alexis-cuello\/\"},\"wordCount\":1775,\"commentCount\":0,\"publisher\":{\"@id\":\"https:\/\/lobosnews.com.ar\/#organization\"},\"image\":{\"@id\":\"https:\/\/lobosnews.com.ar\/index.php\/2026\/01\/23\/panorama-de-san-lorenzo-cuatro-refuerzos-una-posible-venta-y-las-negociaciones-con-boca-por-alexis-cuello\/#primaryimage\"},\"thumbnailUrl\":\"https:\/\/lobosnews.com.ar\/wp-content\/uploads\/2026\/01\/panorama-de-san-lorenzo-cuatro-refuerzos-una-posible-venta-y-las-negociaciones-con-boca-por-alexis-cuello.jpg\",\"keywords\":[\"Deportes\"],\"articleSection\":[\"Argentina\"],\"inLanguage\":\"es\",\"potentialAction\":[{\"@type\":\"CommentAction\",\"name\":\"Comment\",\"target\":[\"https:\/\/lobosnews.com.ar\/index.php\/2026\/01\/23\/panorama-de-san-lorenzo-cuatro-refuerzos-una-posible-venta-y-las-negociaciones-con-boca-por-alexis-cuello\/#respond\"]}]},{\"@type\":\"WebPage\",\"@id\":\"https:\/\/lobosnews.com.ar\/index.php\/2026\/01\/23\/panorama-de-san-lorenzo-cuatro-refuerzos-una-posible-venta-y-las-negociaciones-con-boca-por-alexis-cuello\/\",\"url\":\"https:\/\/lobosnews.com.ar\/index.php\/2026\/01\/23\/panorama-de-san-lorenzo-cuatro-refuerzos-una-posible-venta-y-las-negociaciones-con-boca-por-alexis-cuello\/\",\"name\":\"Panorama de San Lorenzo: cuatro refuerzos, una posible venta y las negociaciones con Boca por Alexis Cuello - Lobos News\",\"isPartOf\":{\"@id\":\"https:\/\/lobosnews.com.ar\/#website\"},\"primaryImageOfPage\":{\"@id\":\"https:\/\/lobosnews.com.ar\/index.php\/2026\/01\/23\/panorama-de-san-lorenzo-cuatro-refuerzos-una-posible-venta-y-las-negociaciones-con-boca-por-alexis-cuello\/#primaryimage\"},\"image\":{\"@id\":\"https:\/\/lobosnews.com.ar\/index.php\/2026\/01\/23\/panorama-de-san-lorenzo-cuatro-refuerzos-una-posible-venta-y-las-negociaciones-con-boca-por-alexis-cuello\/#primaryimage\"},\"thumbnailUrl\":\"https:\/\/lobosnews.com.ar\/wp-content\/uploads\/2026\/01\/panorama-de-san-lorenzo-cuatro-refuerzos-una-posible-venta-y-las-negociaciones-con-boca-por-alexis-cuello.jpg\",\"datePublished\":\"2026-01-23T05:08:33+00:00\",\"dateModified\":\"2026-01-23T09:52:58+00:00\",\"breadcrumb\":{\"@id\":\"https:\/\/lobosnews.com.ar\/index.php\/2026\/01\/23\/panorama-de-san-lorenzo-cuatro-refuerzos-una-posible-venta-y-las-negociaciones-con-boca-por-alexis-cuello\/#breadcrumb\"},\"inLanguage\":\"es\",\"potentialAction\":[{\"@type\":\"ReadAction\",\"target\":[\"https:\/\/lobosnews.com.ar\/index.php\/2026\/01\/23\/panorama-de-san-lorenzo-cuatro-refuerzos-una-posible-venta-y-las-negociaciones-con-boca-por-alexis-cuello\/\"]}]},{\"@type\":\"ImageObject\",\"inLanguage\":\"es\",\"@id\":\"https:\/\/lobosnews.com.ar\/index.php\/2026\/01\/23\/panorama-de-san-lorenzo-cuatro-refuerzos-una-posible-venta-y-las-negociaciones-con-boca-por-alexis-cuello\/#primaryimage\",\"url\":\"https:\/\/lobosnews.com.ar\/wp-content\/uploads\/2026\/01\/panorama-de-san-lorenzo-cuatro-refuerzos-una-posible-venta-y-las-negociaciones-con-boca-por-alexis-cuello.jpg\",\"contentUrl\":\"https:\/\/lobosnews.com.ar\/wp-content\/uploads\/2026\/01\/panorama-de-san-lorenzo-cuatro-refuerzos-una-posible-venta-y-las-negociaciones-con-boca-por-alexis-cuello.jpg\"},{\"@type\":\"BreadcrumbList\",\"@id\":\"https:\/\/lobosnews.com.ar\/index.php\/2026\/01\/23\/panorama-de-san-lorenzo-cuatro-refuerzos-una-posible-venta-y-las-negociaciones-con-boca-por-alexis-cuello\/#breadcrumb\",\"itemListElement\":[{\"@type\":\"ListItem\",\"position\":1,\"name\":\"Portada\",\"item\":\"https:\/\/lobosnews.com.ar\/\"},{\"@type\":\"ListItem\",\"position\":2,\"name\":\"Panorama de San Lorenzo: cuatro refuerzos, una posible venta y las negociaciones con Boca por Alexis Cuello\"}]},{\"@type\":\"WebSite\",\"@id\":\"https:\/\/lobosnews.com.ar\/#website\",\"url\":\"https:\/\/lobosnews.com.ar\/\",\"name\":\"Lobos News\",\"description\":\"Informaci\u00f3n a cada instante\",\"publisher\":{\"@id\":\"https:\/\/lobosnews.com.ar\/#organization\"},\"potentialAction\":[{\"@type\":\"SearchAction\",\"target\":{\"@type\":\"EntryPoint\",\"urlTemplate\":\"https:\/\/lobosnews.com.ar\/?s={search_term_string}\"},\"query-input\":{\"@type\":\"PropertyValueSpecification\",\"valueRequired\":true,\"valueName\":\"search_term_string\"}}],\"inLanguage\":\"es\"},{\"@type\":\"Organization\",\"@id\":\"https:\/\/lobosnews.com.ar\/#organization\",\"name\":\"Lobos News\",\"url\":\"https:\/\/lobosnews.com.ar\/\",\"logo\":{\"@type\":\"ImageObject\",\"inLanguage\":\"es\",\"@id\":\"https:\/\/lobosnews.com.ar\/#\/schema\/logo\/image\/\",\"url\":\"https:\/\/lobosnews.com.ar\/wp-content\/uploads\/2026\/01\/logo-lobosnews.png\",\"contentUrl\":\"https:\/\/lobosnews.com.ar\/wp-content\/uploads\/2026\/01\/logo-lobosnews.png\",\"width\":500,\"height\":200,\"caption\":\"Lobos News\"},\"image\":{\"@id\":\"https:\/\/lobosnews.com.ar\/#\/schema\/logo\/image\/\"}},{\"@type\":\"Person\",\"@id\":\"https:\/\/lobosnews.com.ar\/#\/schema\/person\/232422a593d5c541dd9aef6aaed10943\",\"name\":\"admin\",\"image\":{\"@type\":\"ImageObject\",\"inLanguage\":\"es\",\"@id\":\"https:\/\/lobosnews.com.ar\/#\/schema\/person\/image\/\",\"url\":\"https:\/\/secure.gravatar.com\/avatar\/76e419471a2083bc3ceab22a763dbbf9b0c1bd15a6214cf3280e2c2dde4580f9?s=96&d=mm&r=g\",\"contentUrl\":\"https:\/\/secure.gravatar.com\/avatar\/76e419471a2083bc3ceab22a763dbbf9b0c1bd15a6214cf3280e2c2dde4580f9?s=96&d=mm&r=g\",\"caption\":\"admin\"},\"sameAs\":[\"https:\/\/lobosnews.com.ar\"],\"url\":\"https:\/\/lobosnews.com.ar\/index.php\/author\/lobos-news\/\"}]}<\/script>\n<!-- \/ Yoast SEO plugin. -->","yoast_head_json":{"title":"Panorama de San Lorenzo: cuatro refuerzos, una posible venta y las negociaciones con Boca por Alexis Cuello - Lobos News","robots":{"index":"index","follow":"follow","max-snippet":"max-snippet:-1","max-image-preview":"max-image-preview:large","max-video-preview":"max-video-preview:-1"},"canonical":"https:\/\/lobosnews.com.ar\/index.php\/2026\/01\/23\/panorama-de-san-lorenzo-cuatro-refuerzos-una-posible-venta-y-las-negociaciones-con-boca-por-alexis-cuello\/","og_locale":"es_ES","og_type":"article","og_title":"Panorama de San Lorenzo: cuatro refuerzos, una posible venta y las negociaciones con Boca por Alexis Cuello - Lobos News","og_description":"En medio de una situaci\u00f3n compleja, San Lorenzo se movi\u00f3 en este mercado de pases. En los \u00faltimos d\u00edas, la dirigencia transitoria, encabezada por Sergio Costantino, gir\u00f3 la plata para levantar las 14 inhibiciones que pesaban sobre el club, pero a\u00fan necesita la aprobaci\u00f3n de la FIFA para poder as\u00ed oficializar los cuatro refuerzos que...","og_url":"https:\/\/lobosnews.com.ar\/index.php\/2026\/01\/23\/panorama-de-san-lorenzo-cuatro-refuerzos-una-posible-venta-y-las-negociaciones-con-boca-por-alexis-cuello\/","og_site_name":"Lobos News","article_published_time":"2026-01-23T05:08:33+00:00","article_modified_time":"2026-01-23T09:52:58+00:00","og_image":[{"url":"https:\/\/lobosnews.com.ar\/wp-content\/uploads\/2026\/01\/panorama-de-san-lorenzo-cuatro-refuerzos-una-posible-venta-y-las-negociaciones-con-boca-por-alexis-cuello.jpg","type":"","width":"","height":""}],"author":"admin","twitter_card":"summary_large_image","twitter_misc":{"Escrito por":"admin","Tiempo de lectura":"9 minutos"},"schema":{"@context":"https:\/\/schema.org","@graph":[{"@type":"Article","@id":"https:\/\/lobosnews.com.ar\/index.php\/2026\/01\/23\/panorama-de-san-lorenzo-cuatro-refuerzos-una-posible-venta-y-las-negociaciones-con-boca-por-alexis-cuello\/#article","isPartOf":{"@id":"https:\/\/lobosnews.com.ar\/index.php\/2026\/01\/23\/panorama-de-san-lorenzo-cuatro-refuerzos-una-posible-venta-y-las-negociaciones-con-boca-por-alexis-cuello\/"},"author":{"name":"admin","@id":"https:\/\/lobosnews.com.ar\/#\/schema\/person\/232422a593d5c541dd9aef6aaed10943"},"headline":"Panorama de San Lorenzo: cuatro refuerzos, una posible venta y las negociaciones con Boca por Alexis Cuello","datePublished":"2026-01-23T05:08:33+00:00","dateModified":"2026-01-23T09:52:58+00:00","mainEntityOfPage":{"@id":"https:\/\/lobosnews.com.ar\/index.php\/2026\/01\/23\/panorama-de-san-lorenzo-cuatro-refuerzos-una-posible-venta-y-las-negociaciones-con-boca-por-alexis-cuello\/"},"wordCount":1775,"commentCount":0,"publisher":{"@id":"https:\/\/lobosnews.com.ar\/#organization"},"image":{"@id":"https:\/\/lobosnews.com.ar\/index.php\/2026\/01\/23\/panorama-de-san-lorenzo-cuatro-refuerzos-una-posible-venta-y-las-negociaciones-con-boca-por-alexis-cuello\/#primaryimage"},"thumbnailUrl":"https:\/\/lobosnews.com.ar\/wp-content\/uploads\/2026\/01\/panorama-de-san-lorenzo-cuatro-refuerzos-una-posible-venta-y-las-negociaciones-con-boca-por-alexis-cuello.jpg","keywords":["Deportes"],"articleSection":["Argentina"],"inLanguage":"es","potentialAction":[{"@type":"CommentAction","name":"Comment","target":["https:\/\/lobosnews.com.ar\/index.php\/2026\/01\/23\/panorama-de-san-lorenzo-cuatro-refuerzos-una-posible-venta-y-las-negociaciones-con-boca-por-alexis-cuello\/#respond"]}]},{"@type":"WebPage","@id":"https:\/\/lobosnews.com.ar\/index.php\/2026\/01\/23\/panorama-de-san-lorenzo-cuatro-refuerzos-una-posible-venta-y-las-negociaciones-con-boca-por-alexis-cuello\/","url":"https:\/\/lobosnews.com.ar\/index.php\/2026\/01\/23\/panorama-de-san-lorenzo-cuatro-refuerzos-una-posible-venta-y-las-negociaciones-con-boca-por-alexis-cuello\/","name":"Panorama de San Lorenzo: cuatro refuerzos, una posible venta y las negociaciones con Boca por Alexis Cuello - Lobos News","isPartOf":{"@id":"https:\/\/lobosnews.com.ar\/#website"},"primaryImageOfPage":{"@id":"https:\/\/lobosnews.com.ar\/index.php\/2026\/01\/23\/panorama-de-san-lorenzo-cuatro-refuerzos-una-posible-venta-y-las-negociaciones-con-boca-por-alexis-cuello\/#primaryimage"},"image":{"@id":"https:\/\/lobosnews.com.ar\/index.php\/2026\/01\/23\/panorama-de-san-lorenzo-cuatro-refuerzos-una-posible-venta-y-las-negociaciones-con-boca-por-alexis-cuello\/#primaryimage"},"thumbnailUrl":"https:\/\/lobosnews.com.ar\/wp-content\/uploads\/2026\/01\/panorama-de-san-lorenzo-cuatro-refuerzos-una-posible-venta-y-las-negociaciones-con-boca-por-alexis-cuello.jpg","datePublished":"2026-01-23T05:08:33+00:00","dateModified":"2026-01-23T09:52:58+00:00","breadcrumb":{"@id":"https:\/\/lobosnews.com.ar\/index.php\/2026\/01\/23\/panorama-de-san-lorenzo-cuatro-refuerzos-una-posible-venta-y-las-negociaciones-con-boca-por-alexis-cuello\/#breadcrumb"},"inLanguage":"es","potentialAction":[{"@type":"ReadAction","target":["https:\/\/lobosnews.com.ar\/index.php\/2026\/01\/23\/panorama-de-san-lorenzo-cuatro-refuerzos-una-posible-venta-y-las-negociaciones-con-boca-por-alexis-cuello\/"]}]},{"@type":"ImageObject","inLanguage":"es","@id":"https:\/\/lobosnews.com.ar\/index.php\/2026\/01\/23\/panorama-de-san-lorenzo-cuatro-refuerzos-una-posible-venta-y-las-negociaciones-con-boca-por-alexis-cuello\/#primaryimage","url":"https:\/\/lobosnews.com.ar\/wp-content\/uploads\/2026\/01\/panorama-de-san-lorenzo-cuatro-refuerzos-una-posible-venta-y-las-negociaciones-con-boca-por-alexis-cuello.jpg","contentUrl":"https:\/\/lobosnews.com.ar\/wp-content\/uploads\/2026\/01\/panorama-de-san-lorenzo-cuatro-refuerzos-una-posible-venta-y-las-negociaciones-con-boca-por-alexis-cuello.jpg"},{"@type":"BreadcrumbList","@id":"https:\/\/lobosnews.com.ar\/index.php\/2026\/01\/23\/panorama-de-san-lorenzo-cuatro-refuerzos-una-posible-venta-y-las-negociaciones-con-boca-por-alexis-cuello\/#breadcrumb","itemListElement":[{"@type":"ListItem","position":1,"name":"Portada","item":"https:\/\/lobosnews.com.ar\/"},{"@type":"ListItem","position":2,"name":"Panorama de San Lorenzo: cuatro refuerzos, una posible venta y las negociaciones con Boca por Alexis Cuello"}]},{"@type":"WebSite","@id":"https:\/\/lobosnews.com.ar\/#website","url":"https:\/\/lobosnews.com.ar\/","name":"Lobos News","description":"Informaci\u00f3n a cada instante","publisher":{"@id":"https:\/\/lobosnews.com.ar\/#organization"},"potentialAction":[{"@type":"SearchAction","target":{"@type":"EntryPoint","urlTemplate":"https:\/\/lobosnews.com.ar\/?s={search_term_string}"},"query-input":{"@type":"PropertyValueSpecification","valueRequired":true,"valueName":"search_term_string"}}],"inLanguage":"es"},{"@type":"Organization","@id":"https:\/\/lobosnews.com.ar\/#organization","name":"Lobos News","url":"https:\/\/lobosnews.com.ar\/","logo":{"@type":"ImageObject","inLanguage":"es","@id":"https:\/\/lobosnews.com.ar\/#\/schema\/logo\/image\/","url":"https:\/\/lobosnews.com.ar\/wp-content\/uploads\/2026\/01\/logo-lobosnews.png","contentUrl":"https:\/\/lobosnews.com.ar\/wp-content\/uploads\/2026\/01\/logo-lobosnews.png","width":500,"height":200,"caption":"Lobos News"},"image":{"@id":"https:\/\/lobosnews.com.ar\/#\/schema\/logo\/image\/"}},{"@type":"Person","@id":"https:\/\/lobosnews.com.ar\/#\/schema\/person\/232422a593d5c541dd9aef6aaed10943","name":"admin","image":{"@type":"ImageObject","inLanguage":"es","@id":"https:\/\/lobosnews.com.ar\/#\/schema\/person\/image\/","url":"https:\/\/secure.gravatar.com\/avatar\/76e419471a2083bc3ceab22a763dbbf9b0c1bd15a6214cf3280e2c2dde4580f9?s=96&d=mm&r=g","contentUrl":"https:\/\/secure.gravatar.com\/avatar\/76e419471a2083bc3ceab22a763dbbf9b0c1bd15a6214cf3280e2c2dde4580f9?s=96&d=mm&r=g","caption":"admin"},"sameAs":["https:\/\/lobosnews.com.ar"],"url":"https:\/\/lobosnews.com.ar\/index.php\/author\/lobos-news\/"}]}},"jetpack_featured_media_url":"","jetpack_sharing_enabled":true,"_links":{"self":[{"href":"https:\/\/lobosnews.com.ar\/index.php\/wp-json\/wp\/v2\/posts\/10443","targetHints":{"allow":["GET"]}}],"collection":[{"href":"https:\/\/lobosnews.com.ar\/index.php\/wp-json\/wp\/v2\/posts"}],"about":[{"href":"https:\/\/lobosnews.com.ar\/index.php\/wp-json\/wp\/v2\/types\/post"}],"author":[{"embeddable":true,"href":"https:\/\/lobosnews.com.ar\/index.php\/wp-json\/wp\/v2\/users\/1"}],"replies":[{"embeddable":true,"href":"https:\/\/lobosnews.com.ar\/index.php\/wp-json\/wp\/v2\/comments?post=10443"}],"version-history":[{"count":1,"href":"https:\/\/lobosnews.com.ar\/index.php\/wp-json\/wp\/v2\/posts\/10443\/revisions"}],"predecessor-version":[{"id":10450,"href":"https:\/\/lobosnews.com.ar\/index.php\/wp-json\/wp\/v2\/posts\/10443\/revisions\/10450"}],"wp:attachment":[{"href":"https:\/\/lobosnews.com.ar\/index.php\/wp-json\/wp\/v2\/media?parent=10443"}],"wp:term":[{"taxonomy":"category","embeddable":true,"href":"https:\/\/lobosnews.com.ar\/index.php\/wp-json\/wp\/v2\/categories?post=10443"},{"taxonomy":"post_tag","embeddable":true,"href":"https:\/\/lobosnews.com.ar\/index.php\/wp-json\/wp\/v2\/tags?post=10443"}],"curies":[{"name":"wp","href":"https:\/\/api.w.org\/{rel}","templated":true}]}}