{"id":10428,"date":"2026-01-23T06:41:56","date_gmt":"2026-01-23T06:41:56","guid":{"rendered":"https:\/\/lobosnews.com.ar\/index.php\/2026\/01\/23\/la-anmat-prohibio-el-uso-de-protectores-solares-productos-cosmeticos-y-tratamientos-para-el-cabello\/"},"modified":"2026-01-23T08:42:57","modified_gmt":"2026-01-23T08:42:57","slug":"la-anmat-prohibio-el-uso-de-protectores-solares-productos-cosmeticos-y-tratamientos-para-el-cabello","status":"publish","type":"post","link":"https:\/\/lobosnews.com.ar\/index.php\/2026\/01\/23\/la-anmat-prohibio-el-uso-de-protectores-solares-productos-cosmeticos-y-tratamientos-para-el-cabello\/","title":{"rendered":"La ANMAT prohibi\u00f3 el uso de protectores solares, productos cosm\u00e9ticos y tratamientos para el cabello"},"content":{"rendered":"<p><img loading=\"lazy\" decoding=\"async\" src=\"https:\/\/lobosnews.com.ar\/wp-content\/uploads\/2026\/01\/la-anmat-prohibio-el-uso-de-protectores-solares-productos-cosmeticos-y-tratamientos-para-el-cabello.jpg\" alt=\"El organismo prohibi\u00f3 una serie de productos que se autopresentan como naturales (Foto: Imagen Ilustrativa Infobae)\" height=\"768\" width=\"1408\"\/><\/p>\n<p>La <span class=\"waslinkname\"><i><b>Administraci\u00f3n Nacional de Medicamentos, Alimentos y Tecnolog\u00eda M\u00e9dica (ANMAT)<\/b><\/i><\/span> prohibi\u00f3 el uso y comercializaci\u00f3n de una extensa lista de productos cosm\u00e9ticos, entre los que se encuentran protectores solares y art\u00edculos para el cabello. Adem\u00e1s, aplicaron una medida similar para f\u00f3rmulas utilizadas para la limpieza de autom\u00f3viles y piletas. <\/p>\n<p>La autoridad sanitaria suspendi\u00f3 la venta de una serie de cosm\u00e9ticos de las marcas <b>RE!<\/b>, <b>EL \u00c1RBOL<\/b> y <b>AROMAS DE LA TIERRA<\/b>, por medio de la <b>disposici\u00f3n 94\/2026.<\/b><\/p>\n<p>La investigaci\u00f3n, que incluy\u00f3 evidencia fotogr\u00e1fica sobre la venta en plataformas online, detect\u00f3 la comercializaci\u00f3n de <b>pasta dental, desodorantes, protectores solares, emulsiones corporales, repelentes, jabones l\u00edquidos, cremas faciales, t\u00f3nicos, mascarillas, shampoos, acondicionadores y perfumes<\/b>, entre otros productos, carentes de inscripci\u00f3n sanitaria v\u00e1lida. Las variantes van desde \u201cpasta dental de menta y salvia blanca\u201d hasta \u201ceau de parfum\u201d, pasando por geles, b\u00e1lsamos, emulsiones y cremas faciales.<\/p>\n<p><!DOCTYPE html><br \/>\n<html><br \/>\n<head><br \/>\n<meta name=\"viewport\" content=\"width=device-width, initial-scale=1\"><\/p>\n<style>\n.container-video { position: relative; width: 100%; overflow: hidden; padding-top: 2%;\n}\n.responsive-iframe-video { position: absolute; top: 0; left: 0; bottom: 0; right: 0; width: 100%; height: 100%; border: none;\n}\n<\/style>\n<p><\/head><br \/>\n<body><\/p>\n<div class=\"container-video\"> <iframe loading=\"lazy\" src=\"https:\/\/drive.google.com\/file\/d\/1NGNCdRCoLx7a1D73ckbP9KQb_AWSusxc\/preview\" width=\"100%\" height=\"480\" allow=\"autoplay\"><\/iframe> <\/div>\n<p><\/body><br \/>\n<\/html><\/p>\n<p>Se trata de 34 art\u00edculos correspondientes a las mencionadas marcas sobre los cuales <b>ANMAT<\/b> prohibi\u00f3 el uso, la comercializaci\u00f3n, la publicidad, la publicaci\u00f3n en plataformas de venta online y la distribuci\u00f3n \u201ca fin de proteger a eventuales usuarios de los efectos derivados del uso de los productos involucrados, toda vez que se trata productos ileg\u00edtimos, no inscriptos ante la ANMAT, para los que se desconoce el establecimiento que estuvo a cargo de su elaboraci\u00f3n, y en consecuencia para los que no es posible conocer su eficacia, seguridad y\/o formulaci\u00f3n con ingredientes permitidos por la normativa vigente aplicable\u201d.<\/p>\n<p><img loading=\"lazy\" decoding=\"async\" src=\"https:\/\/lobosnews.com.ar\/wp-content\/uploads\/2026\/01\/la-anmat-prohibio-el-uso-de-protectores-solares-productos-cosmeticos-y-tratamientos-para-el-cabello-1.jpg\" alt=\"Prohibieron varias marcas de productos naturales (Fotos: Imagen Ilustrativa Infobae)\" height=\"816\" width=\"1456\"\/><\/p>\n<p>A su vez, mediante la normativa<b> 95\/2026<\/b>, la administraci\u00f3n actu\u00f3 sobre la marca <b>LEAGUS COSMETICS<\/b>, que comercializaba productos capilares como shampoos, acondicionadores, ba\u00f1os de crema, alisadores y ampollas sin registro sanitario, a trav\u00e9s de sitios web y plataformas de venta.<\/p>\n<p><!DOCTYPE html><br \/>\n<html><br \/>\n<head><br \/>\n<meta name=\"viewport\" content=\"width=device-width, initial-scale=1\"><\/p>\n<style>\n.container-video { position: relative; width: 100%; overflow: hidden; padding-top: 2%;\n}\n.responsive-iframe-video { position: absolute; top: 0; left: 0; bottom: 0; right: 0; width: 100%; height: 100%; border: none;\n}\n<\/style>\n<p><\/head><br \/>\n<body><\/p>\n<div class=\"container-video\"> <iframe loading=\"lazy\" src=\"https:\/\/drive.google.com\/file\/d\/1C9NRqeeFYdw6WUIKXGj9A3EhMSPQVJ0W\/preview\" width=\"100%\" height=\"480\" allow=\"autoplay\"><\/iframe> <\/div>\n<p><\/body><br \/>\n<\/html><\/p>\n<p>Entre sus argumentos, la ANMAT mencion\u00f3 que estos alisadores capilares podr\u00edan contener <b>formol<\/b>. Se trata de un ingrediente considerado de riesgo para la salud. Seg\u00fan la autoridad, la exposici\u00f3n al conservante puede provocar irritaci\u00f3n de la piel, ojos y v\u00edas respiratorias, y su uso prolongado incrementa la probabilidad de carcinomas, especialmente nasofar\u00edngeos.<\/p>\n<p>En el mismo sentido, a trav\u00e9s de la <b>disposici\u00f3n 96\/2026<\/b>, el organismo presidido por Luis Fontana dispuso una medida similar para los productos de la marca <b>KERATIN LISS<\/b>, entre los que figuran \u201cbotox capilar\u201d, \u201calisado definitivo\u201d, \u201calisado thermal japon\u00e9s\u201d, \u201calisado 3D plastificado\u201d, \u201cshock de keratina\u201d y \u201cshampoo neutro\u201d, todos sin inscripci\u00f3n sanitaria vigente.<\/p>\n<p>Lejos de los productos cosm\u00e9ticos y del cuidado personal, la ANMAT orden\u00f3 la prohibici\u00f3n del uso y comercializaci\u00f3n en todo el territorio nacional de las marcas <b>Muffler<\/b>, <b>Abro<\/b>, <b>Red Kong<\/b>, <b>Black Line<\/b> y <b>Autoamerica<\/b>, utilizadas para la limpieza y acabado de veh\u00edculos. El organismo inform\u00f3 que los productos afectados incluyen limpiadores, desengrasantes, aromatizantes y acabados de superficies. <\/p>\n<p>Estos no cuentan con la inscripci\u00f3n obligatoria ni muestran informaci\u00f3n sobre empresas responsables en sus etiquetas o en las plataformas web donde se ofrec\u00edan. Por este motivo, la autoridad sanitaria prohibi\u00f3 la comercializaci\u00f3n, el uso y la promoci\u00f3n de todos los lotes y presentaciones de dichas marcas en todo el pa\u00eds, as\u00ed como en plataformas digitales, hasta que se regularice su situaci\u00f3n ante el organismo.<\/p>\n<p><!DOCTYPE html><br \/>\n<html><br \/>\n<head><br \/>\n<meta name=\"viewport\" content=\"width=device-width, initial-scale=1\"><\/p>\n<style>\n.container-video { position: relative; width: 100%; overflow: hidden; padding-top: 2%;\n}\n.responsive-iframe-video { position: absolute; top: 0; left: 0; bottom: 0; right: 0; width: 100%; height: 100%; border: none;\n}\n<\/style>\n<p><\/head><br \/>\n<body><\/p>\n<div class=\"container-video\"> <iframe loading=\"lazy\" src=\"https:\/\/drive.google.com\/file\/d\/1GnsPTT8GzNPxZu1sQBCimO7lFIdcq9UU\/preview\" width=\"100%\" height=\"480\" allow=\"autoplay\"><\/iframe> <\/div>\n<p><\/body><br \/>\n<\/html><\/p>\n<p>A su vez, se notific\u00f3 a las autoridades sanitarias jurisdiccionales y deriv\u00f3 los enlaces de promoci\u00f3n digital al <b>Programa de Monitoreo y Fiscalizaci\u00f3n de Publicidad y Promoci\u00f3n de Productos Sujetos a Vigilancia Sanitaria<\/b> para que gestionen la baja de estas publicaciones.<\/p>\n<p>Por \u00faltimo, las autoridades abordaron la situaci\u00f3n de producto desinfectante para agua de piscinas de la marca <b>Ingenia<\/b>, ya que sobre esta detectaron irregularidades en el etiquetado, que presentaba la inscripci\u00f3n \u201cClorotech\u201d en la tapa.<\/p>\n<p><!DOCTYPE html><br \/>\n<html><br \/>\n<head><br \/>\n<meta name=\"viewport\" content=\"width=device-width, initial-scale=1\"><\/p>\n<style>\n.container-video { position: relative; width: 100%; overflow: hidden; padding-top: 2%;\n}\n.responsive-iframe-video { position: absolute; top: 0; left: 0; bottom: 0; right: 0; width: 100%; height: 100%; border: none;\n}\n<\/style>\n<p><\/head><br \/>\n<body><\/p>\n<div class=\"container-video\"> <iframe loading=\"lazy\" src=\"https:\/\/drive.google.com\/file\/d\/1akS3kMjhl9GVKLWdiGDFs3-t7ZJFY1an\/preview\" width=\"100%\" height=\"480\" allow=\"autoplay\"><\/iframe> <\/div>\n<p><\/body><br \/>\n<\/html><\/p>\n<p>La disposici\u00f3n <b>76\/2026<\/b> clasific\u00f3 el producto como de <b>riesgo 2,<\/b> lo que exige su <b>evaluaci\u00f3n y aprobaci\u00f3n mediante certificado nacional<\/b> antes de su comercializaci\u00f3n. La firma <b>Servicios Bioaguas S.R.L.<\/b> reconoci\u00f3 el producto tras ser citada por la autoridad y, posteriormente, el organismo lo sac\u00f3 del mercado hasta tanto se regularice la situaci\u00f3n e inici\u00f3 un sumario sanitario a la empresa y a su director t\u00e9cnico por presuntas infracciones normativas.<\/p>\n<p>Las disposiciones fueron comunicadas a la Direcci\u00f3n Nacional de Registro Oficial para su publicaci\u00f3n y a las autoridades sanitarias provinciales y de la Ciudad Aut\u00f3noma de Buenos Aires. <\/p>\n<p><!DOCTYPE html><br \/>\n<html><br \/>\n<head><br \/>\n<meta name=\"viewport\" content=\"width=device-width, initial-scale=1\"><\/p>\n<style>\n.container-video { position: relative; width: 100%; overflow: hidden; padding-top: 2%;\n}\n.responsive-iframe-video { position: absolute; top: 0; left: 0; bottom: 0; right: 0; width: 100%; height: 100%; border: none;\n}\n<\/style>\n<p><\/head><br \/>\n<body><\/p>\n<div class=\"container-video\"> <iframe loading=\"lazy\" src=\"https:\/\/drive.google.com\/file\/d\/1hdaOFSFUiWGYY_GSeD3o841ORc6p8ybY\/preview\" width=\"100%\" height=\"480\" allow=\"autoplay\"><\/iframe> <\/div>\n<p><\/body><br \/>\n<\/html><\/p>\n","protected":false},"excerpt":{"rendered":"<p>La Administraci\u00f3n Nacional de Medicamentos, Alimentos y Tecnolog\u00eda M\u00e9dica (ANMAT) prohibi\u00f3 el uso y comercializaci\u00f3n de una extensa lista de productos cosm\u00e9ticos, entre los que se encuentran protectores solares y art\u00edculos para el cabello. Adem\u00e1s, aplicaron una medida similar para f\u00f3rmulas utilizadas para la limpieza de autom\u00f3viles y piletas. La autoridad sanitaria suspendi\u00f3 la venta&#8230;<\/p>\n","protected":false},"author":1,"featured_media":10432,"comment_status":"open","ping_status":"closed","sticky":false,"template":"","format":"standard","meta":{"_jetpack_memberships_contains_paid_content":false,"footnotes":""},"categories":[31,30,32,77,84,35,36,37],"tags":[],"class_list":["post-10428","post","type-post","status-publish","format-standard","has-post-thumbnail","hentry","category-actualidad","category-argentina","category-economia","category-inseguridad","category-masradios-com","category-nacionales","category-seguridad","category-sociedad"],"magazineBlocksPostFeaturedMedia":{"thumbnail":"https:\/\/lobosnews.com.ar\/wp-content\/uploads\/2026\/01\/la-anmat-prohibio-el-uso-de-protectores-solares-productos-cosmeticos-y-tratamientos-para-el-cabello-2-150x150.jpg","medium":"https:\/\/lobosnews.com.ar\/wp-content\/uploads\/2026\/01\/la-anmat-prohibio-el-uso-de-protectores-solares-productos-cosmeticos-y-tratamientos-para-el-cabello-2-300x168.jpg","medium_large":"https:\/\/lobosnews.com.ar\/wp-content\/uploads\/2026\/01\/la-anmat-prohibio-el-uso-de-protectores-solares-productos-cosmeticos-y-tratamientos-para-el-cabello-2-768x430.jpg","large":"https:\/\/lobosnews.com.ar\/wp-content\/uploads\/2026\/01\/la-anmat-prohibio-el-uso-de-protectores-solares-productos-cosmeticos-y-tratamientos-para-el-cabello-2-1024x574.jpg","1536x1536":"https:\/\/lobosnews.com.ar\/wp-content\/uploads\/2026\/01\/la-anmat-prohibio-el-uso-de-protectores-solares-productos-cosmeticos-y-tratamientos-para-el-cabello-2.jpg","2048x2048":"https:\/\/lobosnews.com.ar\/wp-content\/uploads\/2026\/01\/la-anmat-prohibio-el-uso-de-protectores-solares-productos-cosmeticos-y-tratamientos-para-el-cabello-2.jpg","newsmatic-featured":"https:\/\/lobosnews.com.ar\/wp-content\/uploads\/2026\/01\/la-anmat-prohibio-el-uso-de-protectores-solares-productos-cosmeticos-y-tratamientos-para-el-cabello-2-820x545.jpg","newsmatic-list":"https:\/\/lobosnews.com.ar\/wp-content\/uploads\/2026\/01\/la-anmat-prohibio-el-uso-de-protectores-solares-productos-cosmeticos-y-tratamientos-para-el-cabello-2-600x400.jpg","newsmatic-thumb":"https:\/\/lobosnews.com.ar\/wp-content\/uploads\/2026\/01\/la-anmat-prohibio-el-uso-de-protectores-solares-productos-cosmeticos-y-tratamientos-para-el-cabello-2-300x200.jpg","newsmatic-small":"https:\/\/lobosnews.com.ar\/wp-content\/uploads\/2026\/01\/la-anmat-prohibio-el-uso-de-protectores-solares-productos-cosmeticos-y-tratamientos-para-el-cabello-2-150x95.jpg","newsmatic-grid":"https:\/\/lobosnews.com.ar\/wp-content\/uploads\/2026\/01\/la-anmat-prohibio-el-uso-de-protectores-solares-productos-cosmeticos-y-tratamientos-para-el-cabello-2-400x250.jpg"},"magazineBlocksPostAuthor":{"name":"admin","avatar":"https:\/\/secure.gravatar.com\/avatar\/76e419471a2083bc3ceab22a763dbbf9b0c1bd15a6214cf3280e2c2dde4580f9?s=96&d=mm&r=g"},"magazineBlocksPostCommentsNumber":"0","magazineBlocksPostExcerpt":"La Administraci\u00f3n Nacional de Medicamentos, Alimentos y Tecnolog\u00eda M\u00e9dica (ANMAT) prohibi\u00f3 el uso y comercializaci\u00f3n de una extensa lista de productos cosm\u00e9ticos, entre los que se encuentran protectores solares y art\u00edculos para el cabello. Adem\u00e1s, aplicaron una medida similar para f\u00f3rmulas utilizadas para la limpieza de autom\u00f3viles y piletas. La autoridad sanitaria suspendi\u00f3 la venta...","magazineBlocksPostCategories":["Actualidad","Argentina","econom\u00eda","inseguridad","masradios.com","nacionales","seguridad","sociedad"],"magazineBlocksPostViewCount":129,"magazineBlocksPostReadTime":4,"magazine_blocks_featured_image_url":{"full":["https:\/\/lobosnews.com.ar\/wp-content\/uploads\/2026\/01\/la-anmat-prohibio-el-uso-de-protectores-solares-productos-cosmeticos-y-tratamientos-para-el-cabello-2.jpg",1456,816,false],"medium":["https:\/\/lobosnews.com.ar\/wp-content\/uploads\/2026\/01\/la-anmat-prohibio-el-uso-de-protectores-solares-productos-cosmeticos-y-tratamientos-para-el-cabello-2-300x168.jpg",300,168,true],"thumbnail":["https:\/\/lobosnews.com.ar\/wp-content\/uploads\/2026\/01\/la-anmat-prohibio-el-uso-de-protectores-solares-productos-cosmeticos-y-tratamientos-para-el-cabello-2-150x150.jpg",150,150,true]},"magazine_blocks_author":{"display_name":"admin","author_link":"https:\/\/lobosnews.com.ar\/index.php\/author\/lobos-news\/"},"magazine_blocks_comment":0,"magazine_blocks_author_image":"https:\/\/secure.gravatar.com\/avatar\/76e419471a2083bc3ceab22a763dbbf9b0c1bd15a6214cf3280e2c2dde4580f9?s=96&d=mm&r=g","magazine_blocks_category":"<a href=\"#\" class=\"category-link category-link-31\">Actualidad<\/a> <a href=\"#\" class=\"category-link category-link-30\">Argentina<\/a> <a href=\"#\" class=\"category-link category-link-32\">econom\u00eda<\/a> <a href=\"#\" class=\"category-link category-link-77\">inseguridad<\/a> <a href=\"#\" class=\"category-link category-link-84\">masradios.com<\/a> <a href=\"#\" class=\"category-link category-link-35\">nacionales<\/a> <a href=\"#\" class=\"category-link category-link-36\">seguridad<\/a> <a href=\"#\" class=\"category-link category-link-37\">sociedad<\/a>","yoast_head":"<!-- This site is optimized with the Yoast SEO plugin v26.6 - https:\/\/yoast.com\/wordpress\/plugins\/seo\/ -->\n<title>La ANMAT prohibi\u00f3 el uso de protectores solares, productos cosm\u00e9ticos y tratamientos para el cabello - Lobos News<\/title>\n<meta name=\"robots\" content=\"index, follow, max-snippet:-1, max-image-preview:large, max-video-preview:-1\" \/>\n<link rel=\"canonical\" href=\"https:\/\/lobosnews.com.ar\/index.php\/2026\/01\/23\/la-anmat-prohibio-el-uso-de-protectores-solares-productos-cosmeticos-y-tratamientos-para-el-cabello\/\" \/>\n<meta property=\"og:locale\" content=\"es_ES\" \/>\n<meta property=\"og:type\" content=\"article\" \/>\n<meta property=\"og:title\" content=\"La ANMAT prohibi\u00f3 el uso de protectores solares, productos cosm\u00e9ticos y tratamientos para el cabello - Lobos News\" \/>\n<meta property=\"og:description\" content=\"La Administraci\u00f3n Nacional de Medicamentos, Alimentos y Tecnolog\u00eda M\u00e9dica (ANMAT) prohibi\u00f3 el uso y comercializaci\u00f3n de una extensa lista de productos cosm\u00e9ticos, entre los que se encuentran protectores solares y art\u00edculos para el cabello. Adem\u00e1s, aplicaron una medida similar para f\u00f3rmulas utilizadas para la limpieza de autom\u00f3viles y piletas. La autoridad sanitaria suspendi\u00f3 la venta...\" \/>\n<meta property=\"og:url\" content=\"https:\/\/lobosnews.com.ar\/index.php\/2026\/01\/23\/la-anmat-prohibio-el-uso-de-protectores-solares-productos-cosmeticos-y-tratamientos-para-el-cabello\/\" \/>\n<meta property=\"og:site_name\" content=\"Lobos News\" \/>\n<meta property=\"article:published_time\" content=\"2026-01-23T06:41:56+00:00\" \/>\n<meta property=\"article:modified_time\" content=\"2026-01-23T08:42:57+00:00\" \/>\n<meta property=\"og:image\" content=\"https:\/\/lobosnews.com.ar\/wp-content\/uploads\/2026\/01\/la-anmat-prohibio-el-uso-de-protectores-solares-productos-cosmeticos-y-tratamientos-para-el-cabello.jpg\" \/>\n<meta name=\"author\" content=\"admin\" \/>\n<meta name=\"twitter:card\" content=\"summary_large_image\" \/>\n<meta name=\"twitter:label1\" content=\"Escrito por\" \/>\n\t<meta name=\"twitter:data1\" content=\"admin\" \/>\n\t<meta name=\"twitter:label2\" content=\"Tiempo de lectura\" \/>\n\t<meta name=\"twitter:data2\" content=\"4 minutos\" \/>\n<script type=\"application\/ld+json\" class=\"yoast-schema-graph\">{\"@context\":\"https:\/\/schema.org\",\"@graph\":[{\"@type\":\"Article\",\"@id\":\"https:\/\/lobosnews.com.ar\/index.php\/2026\/01\/23\/la-anmat-prohibio-el-uso-de-protectores-solares-productos-cosmeticos-y-tratamientos-para-el-cabello\/#article\",\"isPartOf\":{\"@id\":\"https:\/\/lobosnews.com.ar\/index.php\/2026\/01\/23\/la-anmat-prohibio-el-uso-de-protectores-solares-productos-cosmeticos-y-tratamientos-para-el-cabello\/\"},\"author\":{\"name\":\"admin\",\"@id\":\"https:\/\/lobosnews.com.ar\/#\/schema\/person\/232422a593d5c541dd9aef6aaed10943\"},\"headline\":\"La ANMAT prohibi\u00f3 el uso de protectores solares, productos cosm\u00e9ticos y tratamientos para el cabello\",\"datePublished\":\"2026-01-23T06:41:56+00:00\",\"dateModified\":\"2026-01-23T08:42:57+00:00\",\"mainEntityOfPage\":{\"@id\":\"https:\/\/lobosnews.com.ar\/index.php\/2026\/01\/23\/la-anmat-prohibio-el-uso-de-protectores-solares-productos-cosmeticos-y-tratamientos-para-el-cabello\/\"},\"wordCount\":756,\"commentCount\":0,\"publisher\":{\"@id\":\"https:\/\/lobosnews.com.ar\/#organization\"},\"image\":{\"@id\":\"https:\/\/lobosnews.com.ar\/index.php\/2026\/01\/23\/la-anmat-prohibio-el-uso-de-protectores-solares-productos-cosmeticos-y-tratamientos-para-el-cabello\/#primaryimage\"},\"thumbnailUrl\":\"https:\/\/lobosnews.com.ar\/wp-content\/uploads\/2026\/01\/la-anmat-prohibio-el-uso-de-protectores-solares-productos-cosmeticos-y-tratamientos-para-el-cabello-2.jpg\",\"articleSection\":[\"Actualidad\",\"Argentina\",\"econom\u00eda\",\"inseguridad\",\"masradios.com\",\"nacionales\",\"seguridad\",\"sociedad\"],\"inLanguage\":\"es\",\"potentialAction\":[{\"@type\":\"CommentAction\",\"name\":\"Comment\",\"target\":[\"https:\/\/lobosnews.com.ar\/index.php\/2026\/01\/23\/la-anmat-prohibio-el-uso-de-protectores-solares-productos-cosmeticos-y-tratamientos-para-el-cabello\/#respond\"]}]},{\"@type\":\"WebPage\",\"@id\":\"https:\/\/lobosnews.com.ar\/index.php\/2026\/01\/23\/la-anmat-prohibio-el-uso-de-protectores-solares-productos-cosmeticos-y-tratamientos-para-el-cabello\/\",\"url\":\"https:\/\/lobosnews.com.ar\/index.php\/2026\/01\/23\/la-anmat-prohibio-el-uso-de-protectores-solares-productos-cosmeticos-y-tratamientos-para-el-cabello\/\",\"name\":\"La ANMAT prohibi\u00f3 el uso de protectores solares, productos cosm\u00e9ticos y tratamientos para el cabello - Lobos News\",\"isPartOf\":{\"@id\":\"https:\/\/lobosnews.com.ar\/#website\"},\"primaryImageOfPage\":{\"@id\":\"https:\/\/lobosnews.com.ar\/index.php\/2026\/01\/23\/la-anmat-prohibio-el-uso-de-protectores-solares-productos-cosmeticos-y-tratamientos-para-el-cabello\/#primaryimage\"},\"image\":{\"@id\":\"https:\/\/lobosnews.com.ar\/index.php\/2026\/01\/23\/la-anmat-prohibio-el-uso-de-protectores-solares-productos-cosmeticos-y-tratamientos-para-el-cabello\/#primaryimage\"},\"thumbnailUrl\":\"https:\/\/lobosnews.com.ar\/wp-content\/uploads\/2026\/01\/la-anmat-prohibio-el-uso-de-protectores-solares-productos-cosmeticos-y-tratamientos-para-el-cabello-2.jpg\",\"datePublished\":\"2026-01-23T06:41:56+00:00\",\"dateModified\":\"2026-01-23T08:42:57+00:00\",\"breadcrumb\":{\"@id\":\"https:\/\/lobosnews.com.ar\/index.php\/2026\/01\/23\/la-anmat-prohibio-el-uso-de-protectores-solares-productos-cosmeticos-y-tratamientos-para-el-cabello\/#breadcrumb\"},\"inLanguage\":\"es\",\"potentialAction\":[{\"@type\":\"ReadAction\",\"target\":[\"https:\/\/lobosnews.com.ar\/index.php\/2026\/01\/23\/la-anmat-prohibio-el-uso-de-protectores-solares-productos-cosmeticos-y-tratamientos-para-el-cabello\/\"]}]},{\"@type\":\"ImageObject\",\"inLanguage\":\"es\",\"@id\":\"https:\/\/lobosnews.com.ar\/index.php\/2026\/01\/23\/la-anmat-prohibio-el-uso-de-protectores-solares-productos-cosmeticos-y-tratamientos-para-el-cabello\/#primaryimage\",\"url\":\"https:\/\/lobosnews.com.ar\/wp-content\/uploads\/2026\/01\/la-anmat-prohibio-el-uso-de-protectores-solares-productos-cosmeticos-y-tratamientos-para-el-cabello-2.jpg\",\"contentUrl\":\"https:\/\/lobosnews.com.ar\/wp-content\/uploads\/2026\/01\/la-anmat-prohibio-el-uso-de-protectores-solares-productos-cosmeticos-y-tratamientos-para-el-cabello-2.jpg\",\"width\":1456,\"height\":816,\"caption\":\"La ANMAT prohibi\u00f3 el uso de protectores solares, productos cosm\u00e9ticos y tratamientos para el cabello\"},{\"@type\":\"BreadcrumbList\",\"@id\":\"https:\/\/lobosnews.com.ar\/index.php\/2026\/01\/23\/la-anmat-prohibio-el-uso-de-protectores-solares-productos-cosmeticos-y-tratamientos-para-el-cabello\/#breadcrumb\",\"itemListElement\":[{\"@type\":\"ListItem\",\"position\":1,\"name\":\"Portada\",\"item\":\"https:\/\/lobosnews.com.ar\/\"},{\"@type\":\"ListItem\",\"position\":2,\"name\":\"La ANMAT prohibi\u00f3 el uso de protectores solares, productos cosm\u00e9ticos y tratamientos para el cabello\"}]},{\"@type\":\"WebSite\",\"@id\":\"https:\/\/lobosnews.com.ar\/#website\",\"url\":\"https:\/\/lobosnews.com.ar\/\",\"name\":\"Lobos News\",\"description\":\"Informaci\u00f3n a cada instante\",\"publisher\":{\"@id\":\"https:\/\/lobosnews.com.ar\/#organization\"},\"potentialAction\":[{\"@type\":\"SearchAction\",\"target\":{\"@type\":\"EntryPoint\",\"urlTemplate\":\"https:\/\/lobosnews.com.ar\/?s={search_term_string}\"},\"query-input\":{\"@type\":\"PropertyValueSpecification\",\"valueRequired\":true,\"valueName\":\"search_term_string\"}}],\"inLanguage\":\"es\"},{\"@type\":\"Organization\",\"@id\":\"https:\/\/lobosnews.com.ar\/#organization\",\"name\":\"Lobos News\",\"url\":\"https:\/\/lobosnews.com.ar\/\",\"logo\":{\"@type\":\"ImageObject\",\"inLanguage\":\"es\",\"@id\":\"https:\/\/lobosnews.com.ar\/#\/schema\/logo\/image\/\",\"url\":\"https:\/\/lobosnews.com.ar\/wp-content\/uploads\/2026\/01\/logo-lobosnews.png\",\"contentUrl\":\"https:\/\/lobosnews.com.ar\/wp-content\/uploads\/2026\/01\/logo-lobosnews.png\",\"width\":500,\"height\":200,\"caption\":\"Lobos News\"},\"image\":{\"@id\":\"https:\/\/lobosnews.com.ar\/#\/schema\/logo\/image\/\"}},{\"@type\":\"Person\",\"@id\":\"https:\/\/lobosnews.com.ar\/#\/schema\/person\/232422a593d5c541dd9aef6aaed10943\",\"name\":\"admin\",\"image\":{\"@type\":\"ImageObject\",\"inLanguage\":\"es\",\"@id\":\"https:\/\/lobosnews.com.ar\/#\/schema\/person\/image\/\",\"url\":\"https:\/\/secure.gravatar.com\/avatar\/76e419471a2083bc3ceab22a763dbbf9b0c1bd15a6214cf3280e2c2dde4580f9?s=96&d=mm&r=g\",\"contentUrl\":\"https:\/\/secure.gravatar.com\/avatar\/76e419471a2083bc3ceab22a763dbbf9b0c1bd15a6214cf3280e2c2dde4580f9?s=96&d=mm&r=g\",\"caption\":\"admin\"},\"sameAs\":[\"https:\/\/lobosnews.com.ar\"],\"url\":\"https:\/\/lobosnews.com.ar\/index.php\/author\/lobos-news\/\"}]}<\/script>\n<!-- \/ Yoast SEO plugin. -->","yoast_head_json":{"title":"La ANMAT prohibi\u00f3 el uso de protectores solares, productos cosm\u00e9ticos y tratamientos para el cabello - Lobos News","robots":{"index":"index","follow":"follow","max-snippet":"max-snippet:-1","max-image-preview":"max-image-preview:large","max-video-preview":"max-video-preview:-1"},"canonical":"https:\/\/lobosnews.com.ar\/index.php\/2026\/01\/23\/la-anmat-prohibio-el-uso-de-protectores-solares-productos-cosmeticos-y-tratamientos-para-el-cabello\/","og_locale":"es_ES","og_type":"article","og_title":"La ANMAT prohibi\u00f3 el uso de protectores solares, productos cosm\u00e9ticos y tratamientos para el cabello - Lobos News","og_description":"La Administraci\u00f3n Nacional de Medicamentos, Alimentos y Tecnolog\u00eda M\u00e9dica (ANMAT) prohibi\u00f3 el uso y comercializaci\u00f3n de una extensa lista de productos cosm\u00e9ticos, entre los que se encuentran protectores solares y art\u00edculos para el cabello. Adem\u00e1s, aplicaron una medida similar para f\u00f3rmulas utilizadas para la limpieza de autom\u00f3viles y piletas. La autoridad sanitaria suspendi\u00f3 la venta...","og_url":"https:\/\/lobosnews.com.ar\/index.php\/2026\/01\/23\/la-anmat-prohibio-el-uso-de-protectores-solares-productos-cosmeticos-y-tratamientos-para-el-cabello\/","og_site_name":"Lobos News","article_published_time":"2026-01-23T06:41:56+00:00","article_modified_time":"2026-01-23T08:42:57+00:00","og_image":[{"url":"https:\/\/lobosnews.com.ar\/wp-content\/uploads\/2026\/01\/la-anmat-prohibio-el-uso-de-protectores-solares-productos-cosmeticos-y-tratamientos-para-el-cabello.jpg","type":"","width":"","height":""}],"author":"admin","twitter_card":"summary_large_image","twitter_misc":{"Escrito por":"admin","Tiempo de lectura":"4 minutos"},"schema":{"@context":"https:\/\/schema.org","@graph":[{"@type":"Article","@id":"https:\/\/lobosnews.com.ar\/index.php\/2026\/01\/23\/la-anmat-prohibio-el-uso-de-protectores-solares-productos-cosmeticos-y-tratamientos-para-el-cabello\/#article","isPartOf":{"@id":"https:\/\/lobosnews.com.ar\/index.php\/2026\/01\/23\/la-anmat-prohibio-el-uso-de-protectores-solares-productos-cosmeticos-y-tratamientos-para-el-cabello\/"},"author":{"name":"admin","@id":"https:\/\/lobosnews.com.ar\/#\/schema\/person\/232422a593d5c541dd9aef6aaed10943"},"headline":"La ANMAT prohibi\u00f3 el uso de protectores solares, productos cosm\u00e9ticos y tratamientos para el cabello","datePublished":"2026-01-23T06:41:56+00:00","dateModified":"2026-01-23T08:42:57+00:00","mainEntityOfPage":{"@id":"https:\/\/lobosnews.com.ar\/index.php\/2026\/01\/23\/la-anmat-prohibio-el-uso-de-protectores-solares-productos-cosmeticos-y-tratamientos-para-el-cabello\/"},"wordCount":756,"commentCount":0,"publisher":{"@id":"https:\/\/lobosnews.com.ar\/#organization"},"image":{"@id":"https:\/\/lobosnews.com.ar\/index.php\/2026\/01\/23\/la-anmat-prohibio-el-uso-de-protectores-solares-productos-cosmeticos-y-tratamientos-para-el-cabello\/#primaryimage"},"thumbnailUrl":"https:\/\/lobosnews.com.ar\/wp-content\/uploads\/2026\/01\/la-anmat-prohibio-el-uso-de-protectores-solares-productos-cosmeticos-y-tratamientos-para-el-cabello-2.jpg","articleSection":["Actualidad","Argentina","econom\u00eda","inseguridad","masradios.com","nacionales","seguridad","sociedad"],"inLanguage":"es","potentialAction":[{"@type":"CommentAction","name":"Comment","target":["https:\/\/lobosnews.com.ar\/index.php\/2026\/01\/23\/la-anmat-prohibio-el-uso-de-protectores-solares-productos-cosmeticos-y-tratamientos-para-el-cabello\/#respond"]}]},{"@type":"WebPage","@id":"https:\/\/lobosnews.com.ar\/index.php\/2026\/01\/23\/la-anmat-prohibio-el-uso-de-protectores-solares-productos-cosmeticos-y-tratamientos-para-el-cabello\/","url":"https:\/\/lobosnews.com.ar\/index.php\/2026\/01\/23\/la-anmat-prohibio-el-uso-de-protectores-solares-productos-cosmeticos-y-tratamientos-para-el-cabello\/","name":"La ANMAT prohibi\u00f3 el uso de protectores solares, productos cosm\u00e9ticos y tratamientos para el cabello - Lobos News","isPartOf":{"@id":"https:\/\/lobosnews.com.ar\/#website"},"primaryImageOfPage":{"@id":"https:\/\/lobosnews.com.ar\/index.php\/2026\/01\/23\/la-anmat-prohibio-el-uso-de-protectores-solares-productos-cosmeticos-y-tratamientos-para-el-cabello\/#primaryimage"},"image":{"@id":"https:\/\/lobosnews.com.ar\/index.php\/2026\/01\/23\/la-anmat-prohibio-el-uso-de-protectores-solares-productos-cosmeticos-y-tratamientos-para-el-cabello\/#primaryimage"},"thumbnailUrl":"https:\/\/lobosnews.com.ar\/wp-content\/uploads\/2026\/01\/la-anmat-prohibio-el-uso-de-protectores-solares-productos-cosmeticos-y-tratamientos-para-el-cabello-2.jpg","datePublished":"2026-01-23T06:41:56+00:00","dateModified":"2026-01-23T08:42:57+00:00","breadcrumb":{"@id":"https:\/\/lobosnews.com.ar\/index.php\/2026\/01\/23\/la-anmat-prohibio-el-uso-de-protectores-solares-productos-cosmeticos-y-tratamientos-para-el-cabello\/#breadcrumb"},"inLanguage":"es","potentialAction":[{"@type":"ReadAction","target":["https:\/\/lobosnews.com.ar\/index.php\/2026\/01\/23\/la-anmat-prohibio-el-uso-de-protectores-solares-productos-cosmeticos-y-tratamientos-para-el-cabello\/"]}]},{"@type":"ImageObject","inLanguage":"es","@id":"https:\/\/lobosnews.com.ar\/index.php\/2026\/01\/23\/la-anmat-prohibio-el-uso-de-protectores-solares-productos-cosmeticos-y-tratamientos-para-el-cabello\/#primaryimage","url":"https:\/\/lobosnews.com.ar\/wp-content\/uploads\/2026\/01\/la-anmat-prohibio-el-uso-de-protectores-solares-productos-cosmeticos-y-tratamientos-para-el-cabello-2.jpg","contentUrl":"https:\/\/lobosnews.com.ar\/wp-content\/uploads\/2026\/01\/la-anmat-prohibio-el-uso-de-protectores-solares-productos-cosmeticos-y-tratamientos-para-el-cabello-2.jpg","width":1456,"height":816,"caption":"La ANMAT prohibi\u00f3 el uso de protectores solares, productos cosm\u00e9ticos y tratamientos para el cabello"},{"@type":"BreadcrumbList","@id":"https:\/\/lobosnews.com.ar\/index.php\/2026\/01\/23\/la-anmat-prohibio-el-uso-de-protectores-solares-productos-cosmeticos-y-tratamientos-para-el-cabello\/#breadcrumb","itemListElement":[{"@type":"ListItem","position":1,"name":"Portada","item":"https:\/\/lobosnews.com.ar\/"},{"@type":"ListItem","position":2,"name":"La ANMAT prohibi\u00f3 el uso de protectores solares, productos cosm\u00e9ticos y tratamientos para el cabello"}]},{"@type":"WebSite","@id":"https:\/\/lobosnews.com.ar\/#website","url":"https:\/\/lobosnews.com.ar\/","name":"Lobos News","description":"Informaci\u00f3n a cada instante","publisher":{"@id":"https:\/\/lobosnews.com.ar\/#organization"},"potentialAction":[{"@type":"SearchAction","target":{"@type":"EntryPoint","urlTemplate":"https:\/\/lobosnews.com.ar\/?s={search_term_string}"},"query-input":{"@type":"PropertyValueSpecification","valueRequired":true,"valueName":"search_term_string"}}],"inLanguage":"es"},{"@type":"Organization","@id":"https:\/\/lobosnews.com.ar\/#organization","name":"Lobos News","url":"https:\/\/lobosnews.com.ar\/","logo":{"@type":"ImageObject","inLanguage":"es","@id":"https:\/\/lobosnews.com.ar\/#\/schema\/logo\/image\/","url":"https:\/\/lobosnews.com.ar\/wp-content\/uploads\/2026\/01\/logo-lobosnews.png","contentUrl":"https:\/\/lobosnews.com.ar\/wp-content\/uploads\/2026\/01\/logo-lobosnews.png","width":500,"height":200,"caption":"Lobos News"},"image":{"@id":"https:\/\/lobosnews.com.ar\/#\/schema\/logo\/image\/"}},{"@type":"Person","@id":"https:\/\/lobosnews.com.ar\/#\/schema\/person\/232422a593d5c541dd9aef6aaed10943","name":"admin","image":{"@type":"ImageObject","inLanguage":"es","@id":"https:\/\/lobosnews.com.ar\/#\/schema\/person\/image\/","url":"https:\/\/secure.gravatar.com\/avatar\/76e419471a2083bc3ceab22a763dbbf9b0c1bd15a6214cf3280e2c2dde4580f9?s=96&d=mm&r=g","contentUrl":"https:\/\/secure.gravatar.com\/avatar\/76e419471a2083bc3ceab22a763dbbf9b0c1bd15a6214cf3280e2c2dde4580f9?s=96&d=mm&r=g","caption":"admin"},"sameAs":["https:\/\/lobosnews.com.ar"],"url":"https:\/\/lobosnews.com.ar\/index.php\/author\/lobos-news\/"}]}},"jetpack_featured_media_url":"https:\/\/lobosnews.com.ar\/wp-content\/uploads\/2026\/01\/la-anmat-prohibio-el-uso-de-protectores-solares-productos-cosmeticos-y-tratamientos-para-el-cabello-2.jpg","jetpack_sharing_enabled":true,"_links":{"self":[{"href":"https:\/\/lobosnews.com.ar\/index.php\/wp-json\/wp\/v2\/posts\/10428","targetHints":{"allow":["GET"]}}],"collection":[{"href":"https:\/\/lobosnews.com.ar\/index.php\/wp-json\/wp\/v2\/posts"}],"about":[{"href":"https:\/\/lobosnews.com.ar\/index.php\/wp-json\/wp\/v2\/types\/post"}],"author":[{"embeddable":true,"href":"https:\/\/lobosnews.com.ar\/index.php\/wp-json\/wp\/v2\/users\/1"}],"replies":[{"embeddable":true,"href":"https:\/\/lobosnews.com.ar\/index.php\/wp-json\/wp\/v2\/comments?post=10428"}],"version-history":[{"count":1,"href":"https:\/\/lobosnews.com.ar\/index.php\/wp-json\/wp\/v2\/posts\/10428\/revisions"}],"predecessor-version":[{"id":10431,"href":"https:\/\/lobosnews.com.ar\/index.php\/wp-json\/wp\/v2\/posts\/10428\/revisions\/10431"}],"wp:featuredmedia":[{"embeddable":true,"href":"https:\/\/lobosnews.com.ar\/index.php\/wp-json\/wp\/v2\/media\/10432"}],"wp:attachment":[{"href":"https:\/\/lobosnews.com.ar\/index.php\/wp-json\/wp\/v2\/media?parent=10428"}],"wp:term":[{"taxonomy":"category","embeddable":true,"href":"https:\/\/lobosnews.com.ar\/index.php\/wp-json\/wp\/v2\/categories?post=10428"},{"taxonomy":"post_tag","embeddable":true,"href":"https:\/\/lobosnews.com.ar\/index.php\/wp-json\/wp\/v2\/tags?post=10428"}],"curies":[{"name":"wp","href":"https:\/\/api.w.org\/{rel}","templated":true}]}}