{"id":10422,"date":"2026-01-23T07:12:49","date_gmt":"2026-01-23T07:12:49","guid":{"rendered":"https:\/\/lobosnews.com.ar\/index.php\/2026\/01\/23\/tras-mas-de-un-ano-de-investigacion-atraparon-al-lider-de-una-organizacion-narco-en-un-megaoperativo-en-la-costa\/"},"modified":"2026-01-23T08:42:55","modified_gmt":"2026-01-23T08:42:55","slug":"tras-mas-de-un-ano-de-investigacion-atraparon-al-lider-de-una-organizacion-narco-en-un-megaoperativo-en-la-costa","status":"publish","type":"post","link":"https:\/\/lobosnews.com.ar\/index.php\/2026\/01\/23\/tras-mas-de-un-ano-de-investigacion-atraparon-al-lider-de-una-organizacion-narco-en-un-megaoperativo-en-la-costa\/","title":{"rendered":"Tras m\u00e1s de un a\u00f1o de investigaci\u00f3n, atraparon al l\u00edder de una organizaci\u00f3n narco en un megaoperativo en La Costa"},"content":{"rendered":"<p><img loading=\"lazy\" decoding=\"async\" src=\"https:\/\/lobosnews.com.ar\/wp-content\/uploads\/2026\/01\/tras-mas-de-un-ano-de-investigacion-atraparon-al-lider-de-una-organizacion-narco-en-un-megaoperativo-en-la-costa.jpg\" alt=\"En los allanamientos secuestraron coca\u00edna fraccionada y lista para la venta (Foto: FaroNoticias)\" height=\"512\" width=\"880\"\/><\/p>\n<p>El <b>l\u00edder de una organizaci\u00f3n narcocriminal,<\/b> junto a otras dos personas, fue arrestado en el Partido de La Costa, tras un <b>megaoperativo con diez allanamientos<\/b> simult\u00e1neos en domicilios de <b>Santa Teresita y Mar del Tuy\u00fa<\/b>. La acci\u00f3n se despleg\u00f3 dentro del marco del<span class=\"waslinkname\"><i> <\/i><i><b>Operativo Sol 2026<\/b><\/i><i>,<\/i><\/span> en la <span class=\"waslinkname\"><i><b>Costa Atl\u00e1ntica<\/b><\/i><\/span><b>, <\/b>y permiti\u00f3 desbaratar una estructura dedicada a la venta de drogas al menudeo.<\/p>\n<p>Tras finalizar el procedimiento, trascendi\u00f3 que el principal <b>detenido<\/b>, apodado \u201cEl Cuervo\u201d, ser\u00eda un <b>ex integrante de la barra brava de <\/b><span class=\"waslinkname\"><i><b>San Lorenzo<\/b><\/i><\/span> y proveedor central en los puntos claves de la zona comercial y la playa, de acuerdo con lo indicado por el portal <i>Costadenoticias<\/i>. <\/p>\n<p>En simult\u00e1neo, la Polic\u00eda aprehendi\u00f3 a su<b> pareja<\/b>, encargada de administrar las ventas, cobros y dep\u00f3sitos bancarios de la organizaci\u00f3n, y a <b>otro miembro<\/b> se\u00f1alado como responsable de la venta y recaudaci\u00f3n.<\/p>\n<p>La investigaci\u00f3n, dirigida por la <b>Delegaci\u00f3n de Drogas Il\u00edcitas Dolores<\/b>, se extendi\u00f3 durante m\u00e1s de un a\u00f1o y fue impulsada por la UFI N\u00b0 3 del <b>Departamento Judicial Dolores<\/b>, con intervenci\u00f3n de la <b>Ayudant\u00eda Fiscal de Estupefacientes del Partido de La Costa<\/b>. <\/p>\n<p>Durante los operativos se incautaron <b>dosis de coca\u00edna fraccionada<\/b> y listas para la venta -aunque no trascendi\u00f3 la cantidad-, balanzas de precisi\u00f3n, elementos de corte, <b>dos armas de fuego, municiones<\/b>, sumas de <b>dinero en efectivo<\/b>, <b>tel\u00e9fonos celulares<\/b> y otros elementos, seg\u00fan detall\u00f3 <i>Faronoticias.<\/i><\/p>\n<p>Debido al despliegue de las tareas, se sumaron la <b>Secci\u00f3n Canes de la Superintendencia de Drogas<\/b>, la <b>Direcci\u00f3n de Unidad T\u00e1ctica de Operaciones Inmediatas (UTOI)<\/b>, el <b>Grupo de Prevenci\u00f3n Motorizada (GPM)<\/b> y la <b>Jefatura Departamental La Costa<\/b>, bajo la conducci\u00f3n del <b>Juzgado de Garant\u00edas N\u00b06 de Villa Gesell<\/b>. Tambi\u00e9n estuvo presente la <b>Secretar\u00eda de Seguridad del Municipio de La Costa<\/b>.<\/p>\n<p>En total, <b>tres personas fueron aprehendidas<\/b> y otro sospechoso fue notificado como parte de la causa.<\/p>\n<p><img loading=\"lazy\" decoding=\"async\" src=\"https:\/\/lobosnews.com.ar\/wp-content\/uploads\/2026\/01\/tras-mas-de-un-ano-de-investigacion-atraparon-al-lider-de-una-organizacion-narco-en-un-megaoperativo-en-la-costa-1.jpg\" alt=\"El procedimiento se enmarc\u00f3 dentro del Operativo Sol 2026 (Foto: Ministerio de Seguridad de la Provincia)\" height=\"4016\" width=\"6016\"\/><\/p>\n<h2>Once detenidos y drogas incautadas en un operativo en Rosario<\/h2>\n<p>La semana pasada, la <b>Polic\u00eda Federal Argentina<\/b> realiz\u00f3 una serie de <span class=\"waslinkname\"><i>operativos en el barrio <\/i><i><b>Las Flores Sur<\/b><\/i><i> de <\/i><i><b>Rosario<\/b><\/i><\/span>, donde detuvo a once personas y secuestr\u00f3 una importante cantidad de drogas valuadas en m\u00e1s de <b>66 millones de pesos.<\/b> <\/p>\n<p>Todo ocurri\u00f3 en el marco de una investigaci\u00f3n por un <b>triple homicidio <\/b>relacionado con disputas territoriales entre bandas narco. Los procedimientos, que tuvieron lugar en una zona hist\u00f3ricamente vinculada a la organizaci\u00f3n criminal <b>Los Monos<\/b>, se desplegaron tras el asesinato de <b>dos hombres y una mujer <\/b>el pasado 23 de diciembre en un terrapl\u00e9n cercano a<b> Pasaje Lirio y Espa\u00f1a.<\/b><\/p>\n<p>La Prefectura Naval hab\u00eda encontrado los cuerpos de<b> <\/b><span class=\"waslinkname\"><i><b>\u00c9rica Tamara Ayala, de 35 a\u00f1os, y Juan Pablo Enr\u00edquez<\/b><\/i><\/span>, de 34, as\u00ed como una v\u00edctima que inicialmente no pudo ser identificada. Dos personas heridas fueron trasladadas por ambulancias, entre ellas <b>Sergio Fabio Rold\u00e1n<\/b>, de 34 a\u00f1os, quien falleci\u00f3 poco despu\u00e9s en el<b> Hospital Centenario <\/b>a causa de los disparos recibidos en el t\u00f3rax y los brazos.<\/p>\n<p><img loading=\"lazy\" decoding=\"async\" src=\"https:\/\/lobosnews.com.ar\/wp-content\/uploads\/2026\/01\/tras-mas-de-un-ano-de-investigacion-atraparon-al-lider-de-una-organizacion-narco-en-un-megaoperativo-en-la-costa-2.jpg\" alt=\"Los elementos incautados durante el operativo \" height=\"1080\" width=\"1920\"\/><\/p>\n<p>La investigaci\u00f3n, iniciada a partir de un requerimiento del <b>Ministerio P\u00fablico de la Acusaci\u00f3n<\/b> de <b>Santa Fe<\/b>, permiti\u00f3 a las autoridades federales identificar diferentes puntos de venta de estupefacientes presuntamente operados por varias organizaciones que disputaban el control territorial en el barrio se\u00f1alado anteriormente.<\/p>\n<p>Como parte de la investigaci\u00f3n, la Polic\u00eda de Investigaciones de Santa Fe realiz\u00f3 el relevamiento de rastros, c\u00e1maras de videovigilancia y recolecci\u00f3n de vainas servidas en la escena del crimen. El operativo, desarrollado en el marco del Plan Bandera y con intervenci\u00f3n del Departamento de Investigaciones Federales de la PFA, incluy\u00f3 29 allanamientos simult\u00e1neos en domicilios del barrio, donde se desarticularon m\u00faltiples puntos de venta de droga al menudeo.<\/p>\n<p>Durante los procedimientos, los agentes secuestraron envoltorios de marihuana y coca\u00edna, plantas de cannabis sativa, dinero en efectivo, tel\u00e9fonos celulares, tarjetas SIM, dispositivos electr\u00f3nicos, una balanza de precisi\u00f3n, armas de fuego, cargadores, municiones y una motocicleta sin dominio colocado.<\/p>\n","protected":false},"excerpt":{"rendered":"<p>El l\u00edder de una organizaci\u00f3n narcocriminal, junto a otras dos personas, fue arrestado en el Partido de La Costa, tras un megaoperativo con diez allanamientos simult\u00e1neos en domicilios de Santa Teresita y Mar del Tuy\u00fa. La acci\u00f3n se despleg\u00f3 dentro del marco del Operativo Sol 2026, en la Costa Atl\u00e1ntica, y permiti\u00f3 desbaratar una estructura&#8230;<\/p>\n","protected":false},"author":1,"featured_media":10427,"comment_status":"open","ping_status":"closed","sticky":false,"template":"","format":"standard","meta":{"_jetpack_memberships_contains_paid_content":false,"footnotes":""},"categories":[31,30,32,77,84,35,36,37],"tags":[],"class_list":["post-10422","post","type-post","status-publish","format-standard","has-post-thumbnail","hentry","category-actualidad","category-argentina","category-economia","category-inseguridad","category-masradios-com","category-nacionales","category-seguridad","category-sociedad"],"magazineBlocksPostFeaturedMedia":{"thumbnail":"https:\/\/lobosnews.com.ar\/wp-content\/uploads\/2026\/01\/tras-mas-de-un-ano-de-investigacion-atraparon-al-lider-de-una-organizacion-narco-en-un-megaoperativo-en-la-costa-4-150x150.jpg","medium":"https:\/\/lobosnews.com.ar\/wp-content\/uploads\/2026\/01\/tras-mas-de-un-ano-de-investigacion-atraparon-al-lider-de-una-organizacion-narco-en-un-megaoperativo-en-la-costa-4-300x169.jpg","medium_large":"https:\/\/lobosnews.com.ar\/wp-content\/uploads\/2026\/01\/tras-mas-de-un-ano-de-investigacion-atraparon-al-lider-de-una-organizacion-narco-en-un-megaoperativo-en-la-costa-4-768x432.jpg","large":"https:\/\/lobosnews.com.ar\/wp-content\/uploads\/2026\/01\/tras-mas-de-un-ano-de-investigacion-atraparon-al-lider-de-una-organizacion-narco-en-un-megaoperativo-en-la-costa-4-1024x576.jpg","1536x1536":"https:\/\/lobosnews.com.ar\/wp-content\/uploads\/2026\/01\/tras-mas-de-un-ano-de-investigacion-atraparon-al-lider-de-una-organizacion-narco-en-un-megaoperativo-en-la-costa-4-1536x864.jpg","2048x2048":"https:\/\/lobosnews.com.ar\/wp-content\/uploads\/2026\/01\/tras-mas-de-un-ano-de-investigacion-atraparon-al-lider-de-una-organizacion-narco-en-un-megaoperativo-en-la-costa-4.jpg","newsmatic-featured":"https:\/\/lobosnews.com.ar\/wp-content\/uploads\/2026\/01\/tras-mas-de-un-ano-de-investigacion-atraparon-al-lider-de-una-organizacion-narco-en-un-megaoperativo-en-la-costa-4-820x545.jpg","newsmatic-list":"https:\/\/lobosnews.com.ar\/wp-content\/uploads\/2026\/01\/tras-mas-de-un-ano-de-investigacion-atraparon-al-lider-de-una-organizacion-narco-en-un-megaoperativo-en-la-costa-4-600x400.jpg","newsmatic-thumb":"https:\/\/lobosnews.com.ar\/wp-content\/uploads\/2026\/01\/tras-mas-de-un-ano-de-investigacion-atraparon-al-lider-de-una-organizacion-narco-en-un-megaoperativo-en-la-costa-4-300x200.jpg","newsmatic-small":"https:\/\/lobosnews.com.ar\/wp-content\/uploads\/2026\/01\/tras-mas-de-un-ano-de-investigacion-atraparon-al-lider-de-una-organizacion-narco-en-un-megaoperativo-en-la-costa-4-150x95.jpg","newsmatic-grid":"https:\/\/lobosnews.com.ar\/wp-content\/uploads\/2026\/01\/tras-mas-de-un-ano-de-investigacion-atraparon-al-lider-de-una-organizacion-narco-en-un-megaoperativo-en-la-costa-4-400x250.jpg"},"magazineBlocksPostAuthor":{"name":"admin","avatar":"https:\/\/secure.gravatar.com\/avatar\/76e419471a2083bc3ceab22a763dbbf9b0c1bd15a6214cf3280e2c2dde4580f9?s=96&d=mm&r=g"},"magazineBlocksPostCommentsNumber":"0","magazineBlocksPostExcerpt":"El l\u00edder de una organizaci\u00f3n narcocriminal, junto a otras dos personas, fue arrestado en el Partido de La Costa, tras un megaoperativo con diez allanamientos simult\u00e1neos en domicilios de Santa Teresita y Mar del Tuy\u00fa. La acci\u00f3n se despleg\u00f3 dentro del marco del Operativo Sol 2026, en la Costa Atl\u00e1ntica, y permiti\u00f3 desbaratar una estructura...","magazineBlocksPostCategories":["Actualidad","Argentina","econom\u00eda","inseguridad","masradios.com","nacionales","seguridad","sociedad"],"magazineBlocksPostViewCount":111,"magazineBlocksPostReadTime":4,"magazine_blocks_featured_image_url":{"full":["https:\/\/lobosnews.com.ar\/wp-content\/uploads\/2026\/01\/tras-mas-de-un-ano-de-investigacion-atraparon-al-lider-de-una-organizacion-narco-en-un-megaoperativo-en-la-costa-4.jpg",1920,1080,false],"medium":["https:\/\/lobosnews.com.ar\/wp-content\/uploads\/2026\/01\/tras-mas-de-un-ano-de-investigacion-atraparon-al-lider-de-una-organizacion-narco-en-un-megaoperativo-en-la-costa-4-300x169.jpg",300,169,true],"thumbnail":["https:\/\/lobosnews.com.ar\/wp-content\/uploads\/2026\/01\/tras-mas-de-un-ano-de-investigacion-atraparon-al-lider-de-una-organizacion-narco-en-un-megaoperativo-en-la-costa-4-150x150.jpg",150,150,true]},"magazine_blocks_author":{"display_name":"admin","author_link":"https:\/\/lobosnews.com.ar\/index.php\/author\/lobos-news\/"},"magazine_blocks_comment":0,"magazine_blocks_author_image":"https:\/\/secure.gravatar.com\/avatar\/76e419471a2083bc3ceab22a763dbbf9b0c1bd15a6214cf3280e2c2dde4580f9?s=96&d=mm&r=g","magazine_blocks_category":"<a href=\"#\" class=\"category-link category-link-31\">Actualidad<\/a> <a href=\"#\" class=\"category-link category-link-30\">Argentina<\/a> <a href=\"#\" class=\"category-link category-link-32\">econom\u00eda<\/a> <a href=\"#\" class=\"category-link category-link-77\">inseguridad<\/a> <a href=\"#\" class=\"category-link category-link-84\">masradios.com<\/a> <a href=\"#\" class=\"category-link category-link-35\">nacionales<\/a> <a href=\"#\" class=\"category-link category-link-36\">seguridad<\/a> <a href=\"#\" class=\"category-link category-link-37\">sociedad<\/a>","yoast_head":"<!-- This site is optimized with the Yoast SEO plugin v26.6 - https:\/\/yoast.com\/wordpress\/plugins\/seo\/ -->\n<title>Tras m\u00e1s de un a\u00f1o de investigaci\u00f3n, atraparon al l\u00edder de una organizaci\u00f3n narco en un megaoperativo en La Costa - Lobos News<\/title>\n<meta name=\"robots\" content=\"index, follow, max-snippet:-1, max-image-preview:large, max-video-preview:-1\" \/>\n<link rel=\"canonical\" href=\"https:\/\/lobosnews.com.ar\/index.php\/2026\/01\/23\/tras-mas-de-un-ano-de-investigacion-atraparon-al-lider-de-una-organizacion-narco-en-un-megaoperativo-en-la-costa\/\" \/>\n<meta property=\"og:locale\" content=\"es_ES\" \/>\n<meta property=\"og:type\" content=\"article\" \/>\n<meta property=\"og:title\" content=\"Tras m\u00e1s de un a\u00f1o de investigaci\u00f3n, atraparon al l\u00edder de una organizaci\u00f3n narco en un megaoperativo en La Costa - Lobos News\" \/>\n<meta property=\"og:description\" content=\"El l\u00edder de una organizaci\u00f3n narcocriminal, junto a otras dos personas, fue arrestado en el Partido de La Costa, tras un megaoperativo con diez allanamientos simult\u00e1neos en domicilios de Santa Teresita y Mar del Tuy\u00fa. La acci\u00f3n se despleg\u00f3 dentro del marco del Operativo Sol 2026, en la Costa Atl\u00e1ntica, y permiti\u00f3 desbaratar una estructura...\" \/>\n<meta property=\"og:url\" content=\"https:\/\/lobosnews.com.ar\/index.php\/2026\/01\/23\/tras-mas-de-un-ano-de-investigacion-atraparon-al-lider-de-una-organizacion-narco-en-un-megaoperativo-en-la-costa\/\" \/>\n<meta property=\"og:site_name\" content=\"Lobos News\" \/>\n<meta property=\"article:published_time\" content=\"2026-01-23T07:12:49+00:00\" \/>\n<meta property=\"article:modified_time\" content=\"2026-01-23T08:42:55+00:00\" \/>\n<meta property=\"og:image\" content=\"https:\/\/lobosnews.com.ar\/wp-content\/uploads\/2026\/01\/tras-mas-de-un-ano-de-investigacion-atraparon-al-lider-de-una-organizacion-narco-en-un-megaoperativo-en-la-costa.jpg\" \/>\n<meta name=\"author\" content=\"admin\" \/>\n<meta name=\"twitter:card\" content=\"summary_large_image\" \/>\n<meta name=\"twitter:label1\" content=\"Escrito por\" \/>\n\t<meta name=\"twitter:data1\" content=\"admin\" \/>\n\t<meta name=\"twitter:label2\" content=\"Tiempo de lectura\" \/>\n\t<meta name=\"twitter:data2\" content=\"3 minutos\" \/>\n<script type=\"application\/ld+json\" class=\"yoast-schema-graph\">{\"@context\":\"https:\/\/schema.org\",\"@graph\":[{\"@type\":\"Article\",\"@id\":\"https:\/\/lobosnews.com.ar\/index.php\/2026\/01\/23\/tras-mas-de-un-ano-de-investigacion-atraparon-al-lider-de-una-organizacion-narco-en-un-megaoperativo-en-la-costa\/#article\",\"isPartOf\":{\"@id\":\"https:\/\/lobosnews.com.ar\/index.php\/2026\/01\/23\/tras-mas-de-un-ano-de-investigacion-atraparon-al-lider-de-una-organizacion-narco-en-un-megaoperativo-en-la-costa\/\"},\"author\":{\"name\":\"admin\",\"@id\":\"https:\/\/lobosnews.com.ar\/#\/schema\/person\/232422a593d5c541dd9aef6aaed10943\"},\"headline\":\"Tras m\u00e1s de un a\u00f1o de investigaci\u00f3n, atraparon al l\u00edder de una organizaci\u00f3n narco en un megaoperativo en La Costa\",\"datePublished\":\"2026-01-23T07:12:49+00:00\",\"dateModified\":\"2026-01-23T08:42:55+00:00\",\"mainEntityOfPage\":{\"@id\":\"https:\/\/lobosnews.com.ar\/index.php\/2026\/01\/23\/tras-mas-de-un-ano-de-investigacion-atraparon-al-lider-de-una-organizacion-narco-en-un-megaoperativo-en-la-costa\/\"},\"wordCount\":707,\"commentCount\":0,\"publisher\":{\"@id\":\"https:\/\/lobosnews.com.ar\/#organization\"},\"image\":{\"@id\":\"https:\/\/lobosnews.com.ar\/index.php\/2026\/01\/23\/tras-mas-de-un-ano-de-investigacion-atraparon-al-lider-de-una-organizacion-narco-en-un-megaoperativo-en-la-costa\/#primaryimage\"},\"thumbnailUrl\":\"https:\/\/lobosnews.com.ar\/wp-content\/uploads\/2026\/01\/tras-mas-de-un-ano-de-investigacion-atraparon-al-lider-de-una-organizacion-narco-en-un-megaoperativo-en-la-costa-4.jpg\",\"articleSection\":[\"Actualidad\",\"Argentina\",\"econom\u00eda\",\"inseguridad\",\"masradios.com\",\"nacionales\",\"seguridad\",\"sociedad\"],\"inLanguage\":\"es\",\"potentialAction\":[{\"@type\":\"CommentAction\",\"name\":\"Comment\",\"target\":[\"https:\/\/lobosnews.com.ar\/index.php\/2026\/01\/23\/tras-mas-de-un-ano-de-investigacion-atraparon-al-lider-de-una-organizacion-narco-en-un-megaoperativo-en-la-costa\/#respond\"]}]},{\"@type\":\"WebPage\",\"@id\":\"https:\/\/lobosnews.com.ar\/index.php\/2026\/01\/23\/tras-mas-de-un-ano-de-investigacion-atraparon-al-lider-de-una-organizacion-narco-en-un-megaoperativo-en-la-costa\/\",\"url\":\"https:\/\/lobosnews.com.ar\/index.php\/2026\/01\/23\/tras-mas-de-un-ano-de-investigacion-atraparon-al-lider-de-una-organizacion-narco-en-un-megaoperativo-en-la-costa\/\",\"name\":\"Tras m\u00e1s de un a\u00f1o de investigaci\u00f3n, atraparon al l\u00edder de una organizaci\u00f3n narco en un megaoperativo en La Costa - Lobos News\",\"isPartOf\":{\"@id\":\"https:\/\/lobosnews.com.ar\/#website\"},\"primaryImageOfPage\":{\"@id\":\"https:\/\/lobosnews.com.ar\/index.php\/2026\/01\/23\/tras-mas-de-un-ano-de-investigacion-atraparon-al-lider-de-una-organizacion-narco-en-un-megaoperativo-en-la-costa\/#primaryimage\"},\"image\":{\"@id\":\"https:\/\/lobosnews.com.ar\/index.php\/2026\/01\/23\/tras-mas-de-un-ano-de-investigacion-atraparon-al-lider-de-una-organizacion-narco-en-un-megaoperativo-en-la-costa\/#primaryimage\"},\"thumbnailUrl\":\"https:\/\/lobosnews.com.ar\/wp-content\/uploads\/2026\/01\/tras-mas-de-un-ano-de-investigacion-atraparon-al-lider-de-una-organizacion-narco-en-un-megaoperativo-en-la-costa-4.jpg\",\"datePublished\":\"2026-01-23T07:12:49+00:00\",\"dateModified\":\"2026-01-23T08:42:55+00:00\",\"breadcrumb\":{\"@id\":\"https:\/\/lobosnews.com.ar\/index.php\/2026\/01\/23\/tras-mas-de-un-ano-de-investigacion-atraparon-al-lider-de-una-organizacion-narco-en-un-megaoperativo-en-la-costa\/#breadcrumb\"},\"inLanguage\":\"es\",\"potentialAction\":[{\"@type\":\"ReadAction\",\"target\":[\"https:\/\/lobosnews.com.ar\/index.php\/2026\/01\/23\/tras-mas-de-un-ano-de-investigacion-atraparon-al-lider-de-una-organizacion-narco-en-un-megaoperativo-en-la-costa\/\"]}]},{\"@type\":\"ImageObject\",\"inLanguage\":\"es\",\"@id\":\"https:\/\/lobosnews.com.ar\/index.php\/2026\/01\/23\/tras-mas-de-un-ano-de-investigacion-atraparon-al-lider-de-una-organizacion-narco-en-un-megaoperativo-en-la-costa\/#primaryimage\",\"url\":\"https:\/\/lobosnews.com.ar\/wp-content\/uploads\/2026\/01\/tras-mas-de-un-ano-de-investigacion-atraparon-al-lider-de-una-organizacion-narco-en-un-megaoperativo-en-la-costa-4.jpg\",\"contentUrl\":\"https:\/\/lobosnews.com.ar\/wp-content\/uploads\/2026\/01\/tras-mas-de-un-ano-de-investigacion-atraparon-al-lider-de-una-organizacion-narco-en-un-megaoperativo-en-la-costa-4.jpg\",\"width\":1920,\"height\":1080,\"caption\":\"Tras m\u00e1s de un a\u00f1o de investigaci\u00f3n, atraparon al l\u00edder de una organizaci\u00f3n narco en un megaoperativo en La Costa\"},{\"@type\":\"BreadcrumbList\",\"@id\":\"https:\/\/lobosnews.com.ar\/index.php\/2026\/01\/23\/tras-mas-de-un-ano-de-investigacion-atraparon-al-lider-de-una-organizacion-narco-en-un-megaoperativo-en-la-costa\/#breadcrumb\",\"itemListElement\":[{\"@type\":\"ListItem\",\"position\":1,\"name\":\"Portada\",\"item\":\"https:\/\/lobosnews.com.ar\/\"},{\"@type\":\"ListItem\",\"position\":2,\"name\":\"Tras m\u00e1s de un a\u00f1o de investigaci\u00f3n, atraparon al l\u00edder de una organizaci\u00f3n narco en un megaoperativo en La Costa\"}]},{\"@type\":\"WebSite\",\"@id\":\"https:\/\/lobosnews.com.ar\/#website\",\"url\":\"https:\/\/lobosnews.com.ar\/\",\"name\":\"Lobos News\",\"description\":\"Informaci\u00f3n a cada instante\",\"publisher\":{\"@id\":\"https:\/\/lobosnews.com.ar\/#organization\"},\"potentialAction\":[{\"@type\":\"SearchAction\",\"target\":{\"@type\":\"EntryPoint\",\"urlTemplate\":\"https:\/\/lobosnews.com.ar\/?s={search_term_string}\"},\"query-input\":{\"@type\":\"PropertyValueSpecification\",\"valueRequired\":true,\"valueName\":\"search_term_string\"}}],\"inLanguage\":\"es\"},{\"@type\":\"Organization\",\"@id\":\"https:\/\/lobosnews.com.ar\/#organization\",\"name\":\"Lobos News\",\"url\":\"https:\/\/lobosnews.com.ar\/\",\"logo\":{\"@type\":\"ImageObject\",\"inLanguage\":\"es\",\"@id\":\"https:\/\/lobosnews.com.ar\/#\/schema\/logo\/image\/\",\"url\":\"https:\/\/lobosnews.com.ar\/wp-content\/uploads\/2026\/01\/logo-lobosnews.png\",\"contentUrl\":\"https:\/\/lobosnews.com.ar\/wp-content\/uploads\/2026\/01\/logo-lobosnews.png\",\"width\":500,\"height\":200,\"caption\":\"Lobos News\"},\"image\":{\"@id\":\"https:\/\/lobosnews.com.ar\/#\/schema\/logo\/image\/\"}},{\"@type\":\"Person\",\"@id\":\"https:\/\/lobosnews.com.ar\/#\/schema\/person\/232422a593d5c541dd9aef6aaed10943\",\"name\":\"admin\",\"image\":{\"@type\":\"ImageObject\",\"inLanguage\":\"es\",\"@id\":\"https:\/\/lobosnews.com.ar\/#\/schema\/person\/image\/\",\"url\":\"https:\/\/secure.gravatar.com\/avatar\/76e419471a2083bc3ceab22a763dbbf9b0c1bd15a6214cf3280e2c2dde4580f9?s=96&d=mm&r=g\",\"contentUrl\":\"https:\/\/secure.gravatar.com\/avatar\/76e419471a2083bc3ceab22a763dbbf9b0c1bd15a6214cf3280e2c2dde4580f9?s=96&d=mm&r=g\",\"caption\":\"admin\"},\"sameAs\":[\"https:\/\/lobosnews.com.ar\"],\"url\":\"https:\/\/lobosnews.com.ar\/index.php\/author\/lobos-news\/\"}]}<\/script>\n<!-- \/ Yoast SEO plugin. -->","yoast_head_json":{"title":"Tras m\u00e1s de un a\u00f1o de investigaci\u00f3n, atraparon al l\u00edder de una organizaci\u00f3n narco en un megaoperativo en La Costa - Lobos News","robots":{"index":"index","follow":"follow","max-snippet":"max-snippet:-1","max-image-preview":"max-image-preview:large","max-video-preview":"max-video-preview:-1"},"canonical":"https:\/\/lobosnews.com.ar\/index.php\/2026\/01\/23\/tras-mas-de-un-ano-de-investigacion-atraparon-al-lider-de-una-organizacion-narco-en-un-megaoperativo-en-la-costa\/","og_locale":"es_ES","og_type":"article","og_title":"Tras m\u00e1s de un a\u00f1o de investigaci\u00f3n, atraparon al l\u00edder de una organizaci\u00f3n narco en un megaoperativo en La Costa - Lobos News","og_description":"El l\u00edder de una organizaci\u00f3n narcocriminal, junto a otras dos personas, fue arrestado en el Partido de La Costa, tras un megaoperativo con diez allanamientos simult\u00e1neos en domicilios de Santa Teresita y Mar del Tuy\u00fa. La acci\u00f3n se despleg\u00f3 dentro del marco del Operativo Sol 2026, en la Costa Atl\u00e1ntica, y permiti\u00f3 desbaratar una estructura...","og_url":"https:\/\/lobosnews.com.ar\/index.php\/2026\/01\/23\/tras-mas-de-un-ano-de-investigacion-atraparon-al-lider-de-una-organizacion-narco-en-un-megaoperativo-en-la-costa\/","og_site_name":"Lobos News","article_published_time":"2026-01-23T07:12:49+00:00","article_modified_time":"2026-01-23T08:42:55+00:00","og_image":[{"url":"https:\/\/lobosnews.com.ar\/wp-content\/uploads\/2026\/01\/tras-mas-de-un-ano-de-investigacion-atraparon-al-lider-de-una-organizacion-narco-en-un-megaoperativo-en-la-costa.jpg","type":"","width":"","height":""}],"author":"admin","twitter_card":"summary_large_image","twitter_misc":{"Escrito por":"admin","Tiempo de lectura":"3 minutos"},"schema":{"@context":"https:\/\/schema.org","@graph":[{"@type":"Article","@id":"https:\/\/lobosnews.com.ar\/index.php\/2026\/01\/23\/tras-mas-de-un-ano-de-investigacion-atraparon-al-lider-de-una-organizacion-narco-en-un-megaoperativo-en-la-costa\/#article","isPartOf":{"@id":"https:\/\/lobosnews.com.ar\/index.php\/2026\/01\/23\/tras-mas-de-un-ano-de-investigacion-atraparon-al-lider-de-una-organizacion-narco-en-un-megaoperativo-en-la-costa\/"},"author":{"name":"admin","@id":"https:\/\/lobosnews.com.ar\/#\/schema\/person\/232422a593d5c541dd9aef6aaed10943"},"headline":"Tras m\u00e1s de un a\u00f1o de investigaci\u00f3n, atraparon al l\u00edder de una organizaci\u00f3n narco en un megaoperativo en La Costa","datePublished":"2026-01-23T07:12:49+00:00","dateModified":"2026-01-23T08:42:55+00:00","mainEntityOfPage":{"@id":"https:\/\/lobosnews.com.ar\/index.php\/2026\/01\/23\/tras-mas-de-un-ano-de-investigacion-atraparon-al-lider-de-una-organizacion-narco-en-un-megaoperativo-en-la-costa\/"},"wordCount":707,"commentCount":0,"publisher":{"@id":"https:\/\/lobosnews.com.ar\/#organization"},"image":{"@id":"https:\/\/lobosnews.com.ar\/index.php\/2026\/01\/23\/tras-mas-de-un-ano-de-investigacion-atraparon-al-lider-de-una-organizacion-narco-en-un-megaoperativo-en-la-costa\/#primaryimage"},"thumbnailUrl":"https:\/\/lobosnews.com.ar\/wp-content\/uploads\/2026\/01\/tras-mas-de-un-ano-de-investigacion-atraparon-al-lider-de-una-organizacion-narco-en-un-megaoperativo-en-la-costa-4.jpg","articleSection":["Actualidad","Argentina","econom\u00eda","inseguridad","masradios.com","nacionales","seguridad","sociedad"],"inLanguage":"es","potentialAction":[{"@type":"CommentAction","name":"Comment","target":["https:\/\/lobosnews.com.ar\/index.php\/2026\/01\/23\/tras-mas-de-un-ano-de-investigacion-atraparon-al-lider-de-una-organizacion-narco-en-un-megaoperativo-en-la-costa\/#respond"]}]},{"@type":"WebPage","@id":"https:\/\/lobosnews.com.ar\/index.php\/2026\/01\/23\/tras-mas-de-un-ano-de-investigacion-atraparon-al-lider-de-una-organizacion-narco-en-un-megaoperativo-en-la-costa\/","url":"https:\/\/lobosnews.com.ar\/index.php\/2026\/01\/23\/tras-mas-de-un-ano-de-investigacion-atraparon-al-lider-de-una-organizacion-narco-en-un-megaoperativo-en-la-costa\/","name":"Tras m\u00e1s de un a\u00f1o de investigaci\u00f3n, atraparon al l\u00edder de una organizaci\u00f3n narco en un megaoperativo en La Costa - Lobos News","isPartOf":{"@id":"https:\/\/lobosnews.com.ar\/#website"},"primaryImageOfPage":{"@id":"https:\/\/lobosnews.com.ar\/index.php\/2026\/01\/23\/tras-mas-de-un-ano-de-investigacion-atraparon-al-lider-de-una-organizacion-narco-en-un-megaoperativo-en-la-costa\/#primaryimage"},"image":{"@id":"https:\/\/lobosnews.com.ar\/index.php\/2026\/01\/23\/tras-mas-de-un-ano-de-investigacion-atraparon-al-lider-de-una-organizacion-narco-en-un-megaoperativo-en-la-costa\/#primaryimage"},"thumbnailUrl":"https:\/\/lobosnews.com.ar\/wp-content\/uploads\/2026\/01\/tras-mas-de-un-ano-de-investigacion-atraparon-al-lider-de-una-organizacion-narco-en-un-megaoperativo-en-la-costa-4.jpg","datePublished":"2026-01-23T07:12:49+00:00","dateModified":"2026-01-23T08:42:55+00:00","breadcrumb":{"@id":"https:\/\/lobosnews.com.ar\/index.php\/2026\/01\/23\/tras-mas-de-un-ano-de-investigacion-atraparon-al-lider-de-una-organizacion-narco-en-un-megaoperativo-en-la-costa\/#breadcrumb"},"inLanguage":"es","potentialAction":[{"@type":"ReadAction","target":["https:\/\/lobosnews.com.ar\/index.php\/2026\/01\/23\/tras-mas-de-un-ano-de-investigacion-atraparon-al-lider-de-una-organizacion-narco-en-un-megaoperativo-en-la-costa\/"]}]},{"@type":"ImageObject","inLanguage":"es","@id":"https:\/\/lobosnews.com.ar\/index.php\/2026\/01\/23\/tras-mas-de-un-ano-de-investigacion-atraparon-al-lider-de-una-organizacion-narco-en-un-megaoperativo-en-la-costa\/#primaryimage","url":"https:\/\/lobosnews.com.ar\/wp-content\/uploads\/2026\/01\/tras-mas-de-un-ano-de-investigacion-atraparon-al-lider-de-una-organizacion-narco-en-un-megaoperativo-en-la-costa-4.jpg","contentUrl":"https:\/\/lobosnews.com.ar\/wp-content\/uploads\/2026\/01\/tras-mas-de-un-ano-de-investigacion-atraparon-al-lider-de-una-organizacion-narco-en-un-megaoperativo-en-la-costa-4.jpg","width":1920,"height":1080,"caption":"Tras m\u00e1s de un a\u00f1o de investigaci\u00f3n, atraparon al l\u00edder de una organizaci\u00f3n narco en un megaoperativo en La Costa"},{"@type":"BreadcrumbList","@id":"https:\/\/lobosnews.com.ar\/index.php\/2026\/01\/23\/tras-mas-de-un-ano-de-investigacion-atraparon-al-lider-de-una-organizacion-narco-en-un-megaoperativo-en-la-costa\/#breadcrumb","itemListElement":[{"@type":"ListItem","position":1,"name":"Portada","item":"https:\/\/lobosnews.com.ar\/"},{"@type":"ListItem","position":2,"name":"Tras m\u00e1s de un a\u00f1o de investigaci\u00f3n, atraparon al l\u00edder de una organizaci\u00f3n narco en un megaoperativo en La Costa"}]},{"@type":"WebSite","@id":"https:\/\/lobosnews.com.ar\/#website","url":"https:\/\/lobosnews.com.ar\/","name":"Lobos News","description":"Informaci\u00f3n a cada instante","publisher":{"@id":"https:\/\/lobosnews.com.ar\/#organization"},"potentialAction":[{"@type":"SearchAction","target":{"@type":"EntryPoint","urlTemplate":"https:\/\/lobosnews.com.ar\/?s={search_term_string}"},"query-input":{"@type":"PropertyValueSpecification","valueRequired":true,"valueName":"search_term_string"}}],"inLanguage":"es"},{"@type":"Organization","@id":"https:\/\/lobosnews.com.ar\/#organization","name":"Lobos News","url":"https:\/\/lobosnews.com.ar\/","logo":{"@type":"ImageObject","inLanguage":"es","@id":"https:\/\/lobosnews.com.ar\/#\/schema\/logo\/image\/","url":"https:\/\/lobosnews.com.ar\/wp-content\/uploads\/2026\/01\/logo-lobosnews.png","contentUrl":"https:\/\/lobosnews.com.ar\/wp-content\/uploads\/2026\/01\/logo-lobosnews.png","width":500,"height":200,"caption":"Lobos News"},"image":{"@id":"https:\/\/lobosnews.com.ar\/#\/schema\/logo\/image\/"}},{"@type":"Person","@id":"https:\/\/lobosnews.com.ar\/#\/schema\/person\/232422a593d5c541dd9aef6aaed10943","name":"admin","image":{"@type":"ImageObject","inLanguage":"es","@id":"https:\/\/lobosnews.com.ar\/#\/schema\/person\/image\/","url":"https:\/\/secure.gravatar.com\/avatar\/76e419471a2083bc3ceab22a763dbbf9b0c1bd15a6214cf3280e2c2dde4580f9?s=96&d=mm&r=g","contentUrl":"https:\/\/secure.gravatar.com\/avatar\/76e419471a2083bc3ceab22a763dbbf9b0c1bd15a6214cf3280e2c2dde4580f9?s=96&d=mm&r=g","caption":"admin"},"sameAs":["https:\/\/lobosnews.com.ar"],"url":"https:\/\/lobosnews.com.ar\/index.php\/author\/lobos-news\/"}]}},"jetpack_featured_media_url":"https:\/\/lobosnews.com.ar\/wp-content\/uploads\/2026\/01\/tras-mas-de-un-ano-de-investigacion-atraparon-al-lider-de-una-organizacion-narco-en-un-megaoperativo-en-la-costa-4.jpg","jetpack_sharing_enabled":true,"_links":{"self":[{"href":"https:\/\/lobosnews.com.ar\/index.php\/wp-json\/wp\/v2\/posts\/10422","targetHints":{"allow":["GET"]}}],"collection":[{"href":"https:\/\/lobosnews.com.ar\/index.php\/wp-json\/wp\/v2\/posts"}],"about":[{"href":"https:\/\/lobosnews.com.ar\/index.php\/wp-json\/wp\/v2\/types\/post"}],"author":[{"embeddable":true,"href":"https:\/\/lobosnews.com.ar\/index.php\/wp-json\/wp\/v2\/users\/1"}],"replies":[{"embeddable":true,"href":"https:\/\/lobosnews.com.ar\/index.php\/wp-json\/wp\/v2\/comments?post=10422"}],"version-history":[{"count":1,"href":"https:\/\/lobosnews.com.ar\/index.php\/wp-json\/wp\/v2\/posts\/10422\/revisions"}],"predecessor-version":[{"id":10426,"href":"https:\/\/lobosnews.com.ar\/index.php\/wp-json\/wp\/v2\/posts\/10422\/revisions\/10426"}],"wp:featuredmedia":[{"embeddable":true,"href":"https:\/\/lobosnews.com.ar\/index.php\/wp-json\/wp\/v2\/media\/10427"}],"wp:attachment":[{"href":"https:\/\/lobosnews.com.ar\/index.php\/wp-json\/wp\/v2\/media?parent=10422"}],"wp:term":[{"taxonomy":"category","embeddable":true,"href":"https:\/\/lobosnews.com.ar\/index.php\/wp-json\/wp\/v2\/categories?post=10422"},{"taxonomy":"post_tag","embeddable":true,"href":"https:\/\/lobosnews.com.ar\/index.php\/wp-json\/wp\/v2\/tags?post=10422"}],"curies":[{"name":"wp","href":"https:\/\/api.w.org\/{rel}","templated":true}]}}