{"id":10395,"date":"2026-01-23T00:33:41","date_gmt":"2026-01-23T00:33:41","guid":{"rendered":"https:\/\/lobosnews.com.ar\/index.php\/2026\/01\/23\/la-angustia-y-el-llanto-de-daniela-celis-al-hablar-de-la-relacion-con-su-cuerpo-luego-de-ser-mama-la-paso-mal\/"},"modified":"2026-01-23T05:10:08","modified_gmt":"2026-01-23T05:10:08","slug":"la-angustia-y-el-llanto-de-daniela-celis-al-hablar-de-la-relacion-con-su-cuerpo-luego-de-ser-mama-la-paso-mal","status":"publish","type":"post","link":"https:\/\/lobosnews.com.ar\/index.php\/2026\/01\/23\/la-angustia-y-el-llanto-de-daniela-celis-al-hablar-de-la-relacion-con-su-cuerpo-luego-de-ser-mama-la-paso-mal\/","title":{"rendered":"La angustia y el llanto de Daniela Celis al hablar de la relaci\u00f3n con su cuerpo luego de ser mam\u00e1: \u201cLa paso mal\u201d"},"content":{"rendered":"<p>La imagen de<span class=\"waslinkname\"> <b>Daniela Celis<\/b><\/span> sollozando y visiblemente conmovida al compartir la incomodidad que siente con su cuerpo tras la <b>maternidad<\/b> gener\u00f3 un debate cargado de empat\u00eda sobre la presi\u00f3n est\u00e9tica y la vulnerabilidad en la <b>playa<\/b>. La influencer confes\u00f3 que, desde su llegada a Pinamar para participar del stream Patria y Familia, de Luzu, no se ha atrevido a entrar al mar, haciendo visible el conflicto que enfrentan muchas mujeres con su <b>cuerpo posparto<\/b>.<\/p>\n<p>El programa reuni\u00f3 voces sobre la exposici\u00f3n corporal femenina y la mirada social. Fede Popgold arranc\u00f3 el debate con una reflexi\u00f3n: \u201cMe di cuenta del grado de exposici\u00f3n que tienen, sobre todo las mujeres, en la playa, que tenemos naturalizado\u201d, se\u00f1al\u00f3, subrayando la exigencia de mostrarse como espera el entorno.<\/p>\n<p>Cami Mayans sum\u00f3 su perspectiva acerca de la presi\u00f3n de la publicidad y la comparaci\u00f3n impuesta por las marcas. \u201cA veces te incentivan a mostrarte m\u00e1s, pero te env\u00edan mensajes como: \u2018Cuidate las estr\u00edas y la piel\u2019. Si nunca te hab\u00edas fijado en eso, pens\u00e1s: \u2018Tengo estr\u00edas, tengo celulitis\u2019. A lo largo de los a\u00f1os incorpor\u00e9 un mont\u00f3n de inseguridades que antes no notaba\u201d.<\/p>\n<p><img loading=\"lazy\" decoding=\"async\" src=\"https:\/\/lobosnews.com.ar\/wp-content\/uploads\/2026\/01\/la-angustia-y-el-llanto-de-daniela-celis-al-hablar-de-la-relacion-con-su-cuerpo-luego-de-ser-mama-la-paso-mal.jpg\" alt=\"Daniela Celis, aqu\u00ed junto a Juli Castro, rompi\u00f3 en llanto al hablar de su cuerpo\" height=\"1080\" width=\"1920\"\/><\/p>\n<p><b>Anita Esp\u00f3sito,<\/b> por su parte, comparti\u00f3 c\u00f3mo la inseguridad f\u00edsica la llev\u00f3 a declinar invitaciones a la playa o la pileta: \u201cNo ten\u00eda la valent\u00eda o no me pod\u00eda exponer porque no me gustaba mi cuerpo, porque no me sent\u00eda c\u00f3moda, porque no ten\u00eda esa actitud para llegar, ni siquiera para ir a la playa\u201d. Explic\u00f3 que construir una relaci\u00f3n sana con el cuerpo requiere un esfuerzo sostenido.<\/p>\n<p>Desde otra perspectiva, Lucas Spadafora record\u00f3 que los juicios nunca desaparecen: \u201cSiempre hay algo para decir. En mi caso, siempre fue por estar demasiado flaco: te pasa algo, est\u00e1s deprimido o ten\u00e9s anorexia. Simplemente era mi contextura\u201d. Se\u00f1al\u00f3 que la cr\u00edtica afecta independientemente del tipo de cuerpo.<\/p>\n<p>El panel debati\u00f3 c\u00f3mo los modelos de perfecci\u00f3n refuerzan la comparaci\u00f3n continua. \u201cImponen un modelo de referencia, como Valeria Maza. Entonces, todos vamos a encontrar un motivo para sentir que no somos tan buenos\u201d, apunt\u00f3 Popgold. Estas palabras ilustraron la omnipresencia de los est\u00e1ndares inalcanzables en la vida cotidiana.<\/p>\n<p>En ese entorno, la intervenci\u00f3n de <b>Daniela Celis<\/b> fue directa y profundamente emotiva. \u201cA m\u00ed me remueve muchas cosas en el cuerpo, porque mi cuerpo cambi\u00f3 mucho desde que fui mam\u00e1 y no me siento c\u00f3moda con mi cuerpo\u201d, confes\u00f3 entre l\u00e1grimas. Detall\u00f3 c\u00f3mo, desde que hab\u00eda llegado, no se meti\u00f3 nunca al mar. \u201cObviamente, tengo la marca de la ces\u00e1rea, tengo cicatriz, estr\u00eda, celulitis, todo lo que un embarazo te deja. Yo tuve dos, tuve un mont\u00f3n\u201d.<\/p>\n<p><img loading=\"lazy\" decoding=\"async\" src=\"https:\/\/lobosnews.com.ar\/wp-content\/uploads\/2026\/01\/la-angustia-y-el-llanto-de-daniela-celis-al-hablar-de-la-relacion-con-su-cuerpo-luego-de-ser-mama-la-paso-mal-1.jpg\" alt=\"Daniela Celis con Thiago Medina y sus hijas\" height=\"1080\" width=\"1920\"\/><\/p>\n<p>Celis relat\u00f3 c\u00f3mo los cambios f\u00edsicos y la exposici\u00f3n cotidiana le afectan: \u201cCuando una amamanta, los pezones tambi\u00e9n, a algunas les pasa que se agrandan. Entonces, \u00bfqu\u00e9 malla te pon\u00e9s, qu\u00e9 tapas, qu\u00e9 no, qu\u00e9 me gusta y qu\u00e9 no me queda\u201d. A\u00f1adi\u00f3 que su inseguridad la llev\u00f3 a evitar las fotos. \u201cAyer fuimos con a tomar una hora de sol, y no los pude tomar. Me dec\u00edan: \u2018Necesito una foto\u2019. \u2018No, no me la saques\u2019, le dije. No me siento c\u00f3moda, no lo estoy eligiendo, la paso mal, me pongo el vestido y me voy\u201d.<\/p>\n<p>Tras la confesi\u00f3n, el equipo acompa\u00f1\u00f3 con palabras de comprensi\u00f3n. <b>Juli Castro<\/b> subray\u00f3 la normalidad de estos sentimientos: \u201cEs recontra normal y lo escucho much\u00edsimo. Y m\u00e1s vos, que tuviste un parto doble. Es un cambio muy fuerte y es entendible que te pase. Hay veces que una de afuera le quer\u00e9s decir: \u2018Sos hermosa\u2019. Y cada uno que te ve no puede creer el lomazo que ten\u00e9s y c\u00f3mo llev\u00e1s con actitud y dem\u00e1s. Pero entiendo que una desde adentro es m\u00e1s fuerte, est\u00e1s como enceguecida en eso y es normal tambi\u00e9n. Es horrible\u201d.<\/p>\n<p>Las l\u00e1grimas y el testimonio de Celis reflejaron el sentir de miles de mujeres que, despu\u00e9s de ser madres, luchan por habitar con comodidad sus cuerpos frente a la mirada ajena. Su sinceridad dej\u00f3 visible la experiencia silenciosa de muchas en la playa y en la vida cotidiana.<\/p>\n","protected":false},"excerpt":{"rendered":"<p>La imagen de Daniela Celis sollozando y visiblemente conmovida al compartir la incomodidad que siente con su cuerpo tras la maternidad gener\u00f3 un debate cargado de empat\u00eda sobre la presi\u00f3n est\u00e9tica y la vulnerabilidad en la playa. La influencer confes\u00f3 que, desde su llegada a Pinamar para participar del stream Patria y Familia, de Luzu,&#8230;<\/p>\n","protected":false},"author":1,"featured_media":10399,"comment_status":"open","ping_status":"closed","sticky":false,"template":"","format":"standard","meta":{"_jetpack_memberships_contains_paid_content":false,"footnotes":""},"categories":[79],"tags":[],"class_list":["post-10395","post","type-post","status-publish","format-standard","has-post-thumbnail","hentry","category-cine-y-series"],"magazineBlocksPostFeaturedMedia":{"thumbnail":"https:\/\/lobosnews.com.ar\/wp-content\/uploads\/2026\/01\/la-angustia-y-el-llanto-de-daniela-celis-al-hablar-de-la-relacion-con-su-cuerpo-luego-de-ser-mama-la-paso-mal-2-150x150.jpg","medium":"https:\/\/lobosnews.com.ar\/wp-content\/uploads\/2026\/01\/la-angustia-y-el-llanto-de-daniela-celis-al-hablar-de-la-relacion-con-su-cuerpo-luego-de-ser-mama-la-paso-mal-2-300x169.jpg","medium_large":"https:\/\/lobosnews.com.ar\/wp-content\/uploads\/2026\/01\/la-angustia-y-el-llanto-de-daniela-celis-al-hablar-de-la-relacion-con-su-cuerpo-luego-de-ser-mama-la-paso-mal-2-768x432.jpg","large":"https:\/\/lobosnews.com.ar\/wp-content\/uploads\/2026\/01\/la-angustia-y-el-llanto-de-daniela-celis-al-hablar-de-la-relacion-con-su-cuerpo-luego-de-ser-mama-la-paso-mal-2-1024x576.jpg","1536x1536":"https:\/\/lobosnews.com.ar\/wp-content\/uploads\/2026\/01\/la-angustia-y-el-llanto-de-daniela-celis-al-hablar-de-la-relacion-con-su-cuerpo-luego-de-ser-mama-la-paso-mal-2-1536x864.jpg","2048x2048":"https:\/\/lobosnews.com.ar\/wp-content\/uploads\/2026\/01\/la-angustia-y-el-llanto-de-daniela-celis-al-hablar-de-la-relacion-con-su-cuerpo-luego-de-ser-mama-la-paso-mal-2.jpg","newsmatic-featured":"https:\/\/lobosnews.com.ar\/wp-content\/uploads\/2026\/01\/la-angustia-y-el-llanto-de-daniela-celis-al-hablar-de-la-relacion-con-su-cuerpo-luego-de-ser-mama-la-paso-mal-2-820x545.jpg","newsmatic-list":"https:\/\/lobosnews.com.ar\/wp-content\/uploads\/2026\/01\/la-angustia-y-el-llanto-de-daniela-celis-al-hablar-de-la-relacion-con-su-cuerpo-luego-de-ser-mama-la-paso-mal-2-600x400.jpg","newsmatic-thumb":"https:\/\/lobosnews.com.ar\/wp-content\/uploads\/2026\/01\/la-angustia-y-el-llanto-de-daniela-celis-al-hablar-de-la-relacion-con-su-cuerpo-luego-de-ser-mama-la-paso-mal-2-300x200.jpg","newsmatic-small":"https:\/\/lobosnews.com.ar\/wp-content\/uploads\/2026\/01\/la-angustia-y-el-llanto-de-daniela-celis-al-hablar-de-la-relacion-con-su-cuerpo-luego-de-ser-mama-la-paso-mal-2-150x95.jpg","newsmatic-grid":"https:\/\/lobosnews.com.ar\/wp-content\/uploads\/2026\/01\/la-angustia-y-el-llanto-de-daniela-celis-al-hablar-de-la-relacion-con-su-cuerpo-luego-de-ser-mama-la-paso-mal-2-400x250.jpg"},"magazineBlocksPostAuthor":{"name":"admin","avatar":"https:\/\/secure.gravatar.com\/avatar\/76e419471a2083bc3ceab22a763dbbf9b0c1bd15a6214cf3280e2c2dde4580f9?s=96&d=mm&r=g"},"magazineBlocksPostCommentsNumber":"0","magazineBlocksPostExcerpt":"La imagen de Daniela Celis sollozando y visiblemente conmovida al compartir la incomodidad que siente con su cuerpo tras la maternidad gener\u00f3 un debate cargado de empat\u00eda sobre la presi\u00f3n est\u00e9tica y la vulnerabilidad en la playa. La influencer confes\u00f3 que, desde su llegada a Pinamar para participar del stream Patria y Familia, de Luzu,...","magazineBlocksPostCategories":["Cine y Series"],"magazineBlocksPostViewCount":184,"magazineBlocksPostReadTime":4,"magazine_blocks_featured_image_url":{"full":["https:\/\/lobosnews.com.ar\/wp-content\/uploads\/2026\/01\/la-angustia-y-el-llanto-de-daniela-celis-al-hablar-de-la-relacion-con-su-cuerpo-luego-de-ser-mama-la-paso-mal-2.jpg",1920,1080,false],"medium":["https:\/\/lobosnews.com.ar\/wp-content\/uploads\/2026\/01\/la-angustia-y-el-llanto-de-daniela-celis-al-hablar-de-la-relacion-con-su-cuerpo-luego-de-ser-mama-la-paso-mal-2-300x169.jpg",300,169,true],"thumbnail":["https:\/\/lobosnews.com.ar\/wp-content\/uploads\/2026\/01\/la-angustia-y-el-llanto-de-daniela-celis-al-hablar-de-la-relacion-con-su-cuerpo-luego-de-ser-mama-la-paso-mal-2-150x150.jpg",150,150,true]},"magazine_blocks_author":{"display_name":"admin","author_link":"https:\/\/lobosnews.com.ar\/index.php\/author\/lobos-news\/"},"magazine_blocks_comment":0,"magazine_blocks_author_image":"https:\/\/secure.gravatar.com\/avatar\/76e419471a2083bc3ceab22a763dbbf9b0c1bd15a6214cf3280e2c2dde4580f9?s=96&d=mm&r=g","magazine_blocks_category":"<a href=\"#\" class=\"category-link category-link-79\">Cine y Series<\/a>","yoast_head":"<!-- This site is optimized with the Yoast SEO plugin v26.6 - https:\/\/yoast.com\/wordpress\/plugins\/seo\/ -->\n<title>La angustia y el llanto de Daniela Celis al hablar de la relaci\u00f3n con su cuerpo luego de ser mam\u00e1: \u201cLa paso mal\u201d - Lobos News<\/title>\n<meta name=\"robots\" content=\"index, follow, max-snippet:-1, max-image-preview:large, max-video-preview:-1\" \/>\n<link rel=\"canonical\" href=\"https:\/\/lobosnews.com.ar\/index.php\/2026\/01\/23\/la-angustia-y-el-llanto-de-daniela-celis-al-hablar-de-la-relacion-con-su-cuerpo-luego-de-ser-mama-la-paso-mal\/\" \/>\n<meta property=\"og:locale\" content=\"es_ES\" \/>\n<meta property=\"og:type\" content=\"article\" \/>\n<meta property=\"og:title\" content=\"La angustia y el llanto de Daniela Celis al hablar de la relaci\u00f3n con su cuerpo luego de ser mam\u00e1: \u201cLa paso mal\u201d - Lobos News\" \/>\n<meta property=\"og:description\" content=\"La imagen de Daniela Celis sollozando y visiblemente conmovida al compartir la incomodidad que siente con su cuerpo tras la maternidad gener\u00f3 un debate cargado de empat\u00eda sobre la presi\u00f3n est\u00e9tica y la vulnerabilidad en la playa. La influencer confes\u00f3 que, desde su llegada a Pinamar para participar del stream Patria y Familia, de Luzu,...\" \/>\n<meta property=\"og:url\" content=\"https:\/\/lobosnews.com.ar\/index.php\/2026\/01\/23\/la-angustia-y-el-llanto-de-daniela-celis-al-hablar-de-la-relacion-con-su-cuerpo-luego-de-ser-mama-la-paso-mal\/\" \/>\n<meta property=\"og:site_name\" content=\"Lobos News\" \/>\n<meta property=\"article:published_time\" content=\"2026-01-23T00:33:41+00:00\" \/>\n<meta property=\"article:modified_time\" content=\"2026-01-23T05:10:08+00:00\" \/>\n<meta property=\"og:image\" content=\"https:\/\/lobosnews.com.ar\/wp-content\/uploads\/2026\/01\/la-angustia-y-el-llanto-de-daniela-celis-al-hablar-de-la-relacion-con-su-cuerpo-luego-de-ser-mama-la-paso-mal.jpg\" \/>\n<meta name=\"author\" content=\"admin\" \/>\n<meta name=\"twitter:card\" content=\"summary_large_image\" \/>\n<meta name=\"twitter:label1\" content=\"Escrito por\" \/>\n\t<meta name=\"twitter:data1\" content=\"admin\" \/>\n\t<meta name=\"twitter:label2\" content=\"Tiempo de lectura\" \/>\n\t<meta name=\"twitter:data2\" content=\"4 minutos\" \/>\n<script type=\"application\/ld+json\" class=\"yoast-schema-graph\">{\"@context\":\"https:\/\/schema.org\",\"@graph\":[{\"@type\":\"Article\",\"@id\":\"https:\/\/lobosnews.com.ar\/index.php\/2026\/01\/23\/la-angustia-y-el-llanto-de-daniela-celis-al-hablar-de-la-relacion-con-su-cuerpo-luego-de-ser-mama-la-paso-mal\/#article\",\"isPartOf\":{\"@id\":\"https:\/\/lobosnews.com.ar\/index.php\/2026\/01\/23\/la-angustia-y-el-llanto-de-daniela-celis-al-hablar-de-la-relacion-con-su-cuerpo-luego-de-ser-mama-la-paso-mal\/\"},\"author\":{\"name\":\"admin\",\"@id\":\"https:\/\/lobosnews.com.ar\/#\/schema\/person\/232422a593d5c541dd9aef6aaed10943\"},\"headline\":\"La angustia y el llanto de Daniela Celis al hablar de la relaci\u00f3n con su cuerpo luego de ser mam\u00e1: \u201cLa paso mal\u201d\",\"datePublished\":\"2026-01-23T00:33:41+00:00\",\"dateModified\":\"2026-01-23T05:10:08+00:00\",\"mainEntityOfPage\":{\"@id\":\"https:\/\/lobosnews.com.ar\/index.php\/2026\/01\/23\/la-angustia-y-el-llanto-de-daniela-celis-al-hablar-de-la-relacion-con-su-cuerpo-luego-de-ser-mama-la-paso-mal\/\"},\"wordCount\":759,\"commentCount\":0,\"publisher\":{\"@id\":\"https:\/\/lobosnews.com.ar\/#organization\"},\"image\":{\"@id\":\"https:\/\/lobosnews.com.ar\/index.php\/2026\/01\/23\/la-angustia-y-el-llanto-de-daniela-celis-al-hablar-de-la-relacion-con-su-cuerpo-luego-de-ser-mama-la-paso-mal\/#primaryimage\"},\"thumbnailUrl\":\"https:\/\/lobosnews.com.ar\/wp-content\/uploads\/2026\/01\/la-angustia-y-el-llanto-de-daniela-celis-al-hablar-de-la-relacion-con-su-cuerpo-luego-de-ser-mama-la-paso-mal-2.jpg\",\"articleSection\":[\"Cine y Series\"],\"inLanguage\":\"es\",\"potentialAction\":[{\"@type\":\"CommentAction\",\"name\":\"Comment\",\"target\":[\"https:\/\/lobosnews.com.ar\/index.php\/2026\/01\/23\/la-angustia-y-el-llanto-de-daniela-celis-al-hablar-de-la-relacion-con-su-cuerpo-luego-de-ser-mama-la-paso-mal\/#respond\"]}]},{\"@type\":\"WebPage\",\"@id\":\"https:\/\/lobosnews.com.ar\/index.php\/2026\/01\/23\/la-angustia-y-el-llanto-de-daniela-celis-al-hablar-de-la-relacion-con-su-cuerpo-luego-de-ser-mama-la-paso-mal\/\",\"url\":\"https:\/\/lobosnews.com.ar\/index.php\/2026\/01\/23\/la-angustia-y-el-llanto-de-daniela-celis-al-hablar-de-la-relacion-con-su-cuerpo-luego-de-ser-mama-la-paso-mal\/\",\"name\":\"La angustia y el llanto de Daniela Celis al hablar de la relaci\u00f3n con su cuerpo luego de ser mam\u00e1: \u201cLa paso mal\u201d - Lobos News\",\"isPartOf\":{\"@id\":\"https:\/\/lobosnews.com.ar\/#website\"},\"primaryImageOfPage\":{\"@id\":\"https:\/\/lobosnews.com.ar\/index.php\/2026\/01\/23\/la-angustia-y-el-llanto-de-daniela-celis-al-hablar-de-la-relacion-con-su-cuerpo-luego-de-ser-mama-la-paso-mal\/#primaryimage\"},\"image\":{\"@id\":\"https:\/\/lobosnews.com.ar\/index.php\/2026\/01\/23\/la-angustia-y-el-llanto-de-daniela-celis-al-hablar-de-la-relacion-con-su-cuerpo-luego-de-ser-mama-la-paso-mal\/#primaryimage\"},\"thumbnailUrl\":\"https:\/\/lobosnews.com.ar\/wp-content\/uploads\/2026\/01\/la-angustia-y-el-llanto-de-daniela-celis-al-hablar-de-la-relacion-con-su-cuerpo-luego-de-ser-mama-la-paso-mal-2.jpg\",\"datePublished\":\"2026-01-23T00:33:41+00:00\",\"dateModified\":\"2026-01-23T05:10:08+00:00\",\"breadcrumb\":{\"@id\":\"https:\/\/lobosnews.com.ar\/index.php\/2026\/01\/23\/la-angustia-y-el-llanto-de-daniela-celis-al-hablar-de-la-relacion-con-su-cuerpo-luego-de-ser-mama-la-paso-mal\/#breadcrumb\"},\"inLanguage\":\"es\",\"potentialAction\":[{\"@type\":\"ReadAction\",\"target\":[\"https:\/\/lobosnews.com.ar\/index.php\/2026\/01\/23\/la-angustia-y-el-llanto-de-daniela-celis-al-hablar-de-la-relacion-con-su-cuerpo-luego-de-ser-mama-la-paso-mal\/\"]}]},{\"@type\":\"ImageObject\",\"inLanguage\":\"es\",\"@id\":\"https:\/\/lobosnews.com.ar\/index.php\/2026\/01\/23\/la-angustia-y-el-llanto-de-daniela-celis-al-hablar-de-la-relacion-con-su-cuerpo-luego-de-ser-mama-la-paso-mal\/#primaryimage\",\"url\":\"https:\/\/lobosnews.com.ar\/wp-content\/uploads\/2026\/01\/la-angustia-y-el-llanto-de-daniela-celis-al-hablar-de-la-relacion-con-su-cuerpo-luego-de-ser-mama-la-paso-mal-2.jpg\",\"contentUrl\":\"https:\/\/lobosnews.com.ar\/wp-content\/uploads\/2026\/01\/la-angustia-y-el-llanto-de-daniela-celis-al-hablar-de-la-relacion-con-su-cuerpo-luego-de-ser-mama-la-paso-mal-2.jpg\",\"width\":1920,\"height\":1080,\"caption\":\"La angustia y el llanto de Daniela Celis al hablar de la relaci\u00f3n con su cuerpo luego de ser mam\u00e1: \u201cLa paso mal\u201d\"},{\"@type\":\"BreadcrumbList\",\"@id\":\"https:\/\/lobosnews.com.ar\/index.php\/2026\/01\/23\/la-angustia-y-el-llanto-de-daniela-celis-al-hablar-de-la-relacion-con-su-cuerpo-luego-de-ser-mama-la-paso-mal\/#breadcrumb\",\"itemListElement\":[{\"@type\":\"ListItem\",\"position\":1,\"name\":\"Portada\",\"item\":\"https:\/\/lobosnews.com.ar\/\"},{\"@type\":\"ListItem\",\"position\":2,\"name\":\"La angustia y el llanto de Daniela Celis al hablar de la relaci\u00f3n con su cuerpo luego de ser mam\u00e1: \u201cLa paso mal\u201d\"}]},{\"@type\":\"WebSite\",\"@id\":\"https:\/\/lobosnews.com.ar\/#website\",\"url\":\"https:\/\/lobosnews.com.ar\/\",\"name\":\"Lobos News\",\"description\":\"Informaci\u00f3n a cada instante\",\"publisher\":{\"@id\":\"https:\/\/lobosnews.com.ar\/#organization\"},\"potentialAction\":[{\"@type\":\"SearchAction\",\"target\":{\"@type\":\"EntryPoint\",\"urlTemplate\":\"https:\/\/lobosnews.com.ar\/?s={search_term_string}\"},\"query-input\":{\"@type\":\"PropertyValueSpecification\",\"valueRequired\":true,\"valueName\":\"search_term_string\"}}],\"inLanguage\":\"es\"},{\"@type\":\"Organization\",\"@id\":\"https:\/\/lobosnews.com.ar\/#organization\",\"name\":\"Lobos News\",\"url\":\"https:\/\/lobosnews.com.ar\/\",\"logo\":{\"@type\":\"ImageObject\",\"inLanguage\":\"es\",\"@id\":\"https:\/\/lobosnews.com.ar\/#\/schema\/logo\/image\/\",\"url\":\"https:\/\/lobosnews.com.ar\/wp-content\/uploads\/2026\/01\/logo-lobosnews.png\",\"contentUrl\":\"https:\/\/lobosnews.com.ar\/wp-content\/uploads\/2026\/01\/logo-lobosnews.png\",\"width\":500,\"height\":200,\"caption\":\"Lobos News\"},\"image\":{\"@id\":\"https:\/\/lobosnews.com.ar\/#\/schema\/logo\/image\/\"}},{\"@type\":\"Person\",\"@id\":\"https:\/\/lobosnews.com.ar\/#\/schema\/person\/232422a593d5c541dd9aef6aaed10943\",\"name\":\"admin\",\"image\":{\"@type\":\"ImageObject\",\"inLanguage\":\"es\",\"@id\":\"https:\/\/lobosnews.com.ar\/#\/schema\/person\/image\/\",\"url\":\"https:\/\/secure.gravatar.com\/avatar\/76e419471a2083bc3ceab22a763dbbf9b0c1bd15a6214cf3280e2c2dde4580f9?s=96&d=mm&r=g\",\"contentUrl\":\"https:\/\/secure.gravatar.com\/avatar\/76e419471a2083bc3ceab22a763dbbf9b0c1bd15a6214cf3280e2c2dde4580f9?s=96&d=mm&r=g\",\"caption\":\"admin\"},\"sameAs\":[\"https:\/\/lobosnews.com.ar\"],\"url\":\"https:\/\/lobosnews.com.ar\/index.php\/author\/lobos-news\/\"}]}<\/script>\n<!-- \/ Yoast SEO plugin. -->","yoast_head_json":{"title":"La angustia y el llanto de Daniela Celis al hablar de la relaci\u00f3n con su cuerpo luego de ser mam\u00e1: \u201cLa paso mal\u201d - Lobos News","robots":{"index":"index","follow":"follow","max-snippet":"max-snippet:-1","max-image-preview":"max-image-preview:large","max-video-preview":"max-video-preview:-1"},"canonical":"https:\/\/lobosnews.com.ar\/index.php\/2026\/01\/23\/la-angustia-y-el-llanto-de-daniela-celis-al-hablar-de-la-relacion-con-su-cuerpo-luego-de-ser-mama-la-paso-mal\/","og_locale":"es_ES","og_type":"article","og_title":"La angustia y el llanto de Daniela Celis al hablar de la relaci\u00f3n con su cuerpo luego de ser mam\u00e1: \u201cLa paso mal\u201d - Lobos News","og_description":"La imagen de Daniela Celis sollozando y visiblemente conmovida al compartir la incomodidad que siente con su cuerpo tras la maternidad gener\u00f3 un debate cargado de empat\u00eda sobre la presi\u00f3n est\u00e9tica y la vulnerabilidad en la playa. La influencer confes\u00f3 que, desde su llegada a Pinamar para participar del stream Patria y Familia, de Luzu,...","og_url":"https:\/\/lobosnews.com.ar\/index.php\/2026\/01\/23\/la-angustia-y-el-llanto-de-daniela-celis-al-hablar-de-la-relacion-con-su-cuerpo-luego-de-ser-mama-la-paso-mal\/","og_site_name":"Lobos News","article_published_time":"2026-01-23T00:33:41+00:00","article_modified_time":"2026-01-23T05:10:08+00:00","og_image":[{"url":"https:\/\/lobosnews.com.ar\/wp-content\/uploads\/2026\/01\/la-angustia-y-el-llanto-de-daniela-celis-al-hablar-de-la-relacion-con-su-cuerpo-luego-de-ser-mama-la-paso-mal.jpg","type":"","width":"","height":""}],"author":"admin","twitter_card":"summary_large_image","twitter_misc":{"Escrito por":"admin","Tiempo de lectura":"4 minutos"},"schema":{"@context":"https:\/\/schema.org","@graph":[{"@type":"Article","@id":"https:\/\/lobosnews.com.ar\/index.php\/2026\/01\/23\/la-angustia-y-el-llanto-de-daniela-celis-al-hablar-de-la-relacion-con-su-cuerpo-luego-de-ser-mama-la-paso-mal\/#article","isPartOf":{"@id":"https:\/\/lobosnews.com.ar\/index.php\/2026\/01\/23\/la-angustia-y-el-llanto-de-daniela-celis-al-hablar-de-la-relacion-con-su-cuerpo-luego-de-ser-mama-la-paso-mal\/"},"author":{"name":"admin","@id":"https:\/\/lobosnews.com.ar\/#\/schema\/person\/232422a593d5c541dd9aef6aaed10943"},"headline":"La angustia y el llanto de Daniela Celis al hablar de la relaci\u00f3n con su cuerpo luego de ser mam\u00e1: \u201cLa paso mal\u201d","datePublished":"2026-01-23T00:33:41+00:00","dateModified":"2026-01-23T05:10:08+00:00","mainEntityOfPage":{"@id":"https:\/\/lobosnews.com.ar\/index.php\/2026\/01\/23\/la-angustia-y-el-llanto-de-daniela-celis-al-hablar-de-la-relacion-con-su-cuerpo-luego-de-ser-mama-la-paso-mal\/"},"wordCount":759,"commentCount":0,"publisher":{"@id":"https:\/\/lobosnews.com.ar\/#organization"},"image":{"@id":"https:\/\/lobosnews.com.ar\/index.php\/2026\/01\/23\/la-angustia-y-el-llanto-de-daniela-celis-al-hablar-de-la-relacion-con-su-cuerpo-luego-de-ser-mama-la-paso-mal\/#primaryimage"},"thumbnailUrl":"https:\/\/lobosnews.com.ar\/wp-content\/uploads\/2026\/01\/la-angustia-y-el-llanto-de-daniela-celis-al-hablar-de-la-relacion-con-su-cuerpo-luego-de-ser-mama-la-paso-mal-2.jpg","articleSection":["Cine y Series"],"inLanguage":"es","potentialAction":[{"@type":"CommentAction","name":"Comment","target":["https:\/\/lobosnews.com.ar\/index.php\/2026\/01\/23\/la-angustia-y-el-llanto-de-daniela-celis-al-hablar-de-la-relacion-con-su-cuerpo-luego-de-ser-mama-la-paso-mal\/#respond"]}]},{"@type":"WebPage","@id":"https:\/\/lobosnews.com.ar\/index.php\/2026\/01\/23\/la-angustia-y-el-llanto-de-daniela-celis-al-hablar-de-la-relacion-con-su-cuerpo-luego-de-ser-mama-la-paso-mal\/","url":"https:\/\/lobosnews.com.ar\/index.php\/2026\/01\/23\/la-angustia-y-el-llanto-de-daniela-celis-al-hablar-de-la-relacion-con-su-cuerpo-luego-de-ser-mama-la-paso-mal\/","name":"La angustia y el llanto de Daniela Celis al hablar de la relaci\u00f3n con su cuerpo luego de ser mam\u00e1: \u201cLa paso mal\u201d - Lobos News","isPartOf":{"@id":"https:\/\/lobosnews.com.ar\/#website"},"primaryImageOfPage":{"@id":"https:\/\/lobosnews.com.ar\/index.php\/2026\/01\/23\/la-angustia-y-el-llanto-de-daniela-celis-al-hablar-de-la-relacion-con-su-cuerpo-luego-de-ser-mama-la-paso-mal\/#primaryimage"},"image":{"@id":"https:\/\/lobosnews.com.ar\/index.php\/2026\/01\/23\/la-angustia-y-el-llanto-de-daniela-celis-al-hablar-de-la-relacion-con-su-cuerpo-luego-de-ser-mama-la-paso-mal\/#primaryimage"},"thumbnailUrl":"https:\/\/lobosnews.com.ar\/wp-content\/uploads\/2026\/01\/la-angustia-y-el-llanto-de-daniela-celis-al-hablar-de-la-relacion-con-su-cuerpo-luego-de-ser-mama-la-paso-mal-2.jpg","datePublished":"2026-01-23T00:33:41+00:00","dateModified":"2026-01-23T05:10:08+00:00","breadcrumb":{"@id":"https:\/\/lobosnews.com.ar\/index.php\/2026\/01\/23\/la-angustia-y-el-llanto-de-daniela-celis-al-hablar-de-la-relacion-con-su-cuerpo-luego-de-ser-mama-la-paso-mal\/#breadcrumb"},"inLanguage":"es","potentialAction":[{"@type":"ReadAction","target":["https:\/\/lobosnews.com.ar\/index.php\/2026\/01\/23\/la-angustia-y-el-llanto-de-daniela-celis-al-hablar-de-la-relacion-con-su-cuerpo-luego-de-ser-mama-la-paso-mal\/"]}]},{"@type":"ImageObject","inLanguage":"es","@id":"https:\/\/lobosnews.com.ar\/index.php\/2026\/01\/23\/la-angustia-y-el-llanto-de-daniela-celis-al-hablar-de-la-relacion-con-su-cuerpo-luego-de-ser-mama-la-paso-mal\/#primaryimage","url":"https:\/\/lobosnews.com.ar\/wp-content\/uploads\/2026\/01\/la-angustia-y-el-llanto-de-daniela-celis-al-hablar-de-la-relacion-con-su-cuerpo-luego-de-ser-mama-la-paso-mal-2.jpg","contentUrl":"https:\/\/lobosnews.com.ar\/wp-content\/uploads\/2026\/01\/la-angustia-y-el-llanto-de-daniela-celis-al-hablar-de-la-relacion-con-su-cuerpo-luego-de-ser-mama-la-paso-mal-2.jpg","width":1920,"height":1080,"caption":"La angustia y el llanto de Daniela Celis al hablar de la relaci\u00f3n con su cuerpo luego de ser mam\u00e1: \u201cLa paso mal\u201d"},{"@type":"BreadcrumbList","@id":"https:\/\/lobosnews.com.ar\/index.php\/2026\/01\/23\/la-angustia-y-el-llanto-de-daniela-celis-al-hablar-de-la-relacion-con-su-cuerpo-luego-de-ser-mama-la-paso-mal\/#breadcrumb","itemListElement":[{"@type":"ListItem","position":1,"name":"Portada","item":"https:\/\/lobosnews.com.ar\/"},{"@type":"ListItem","position":2,"name":"La angustia y el llanto de Daniela Celis al hablar de la relaci\u00f3n con su cuerpo luego de ser mam\u00e1: \u201cLa paso mal\u201d"}]},{"@type":"WebSite","@id":"https:\/\/lobosnews.com.ar\/#website","url":"https:\/\/lobosnews.com.ar\/","name":"Lobos News","description":"Informaci\u00f3n a cada instante","publisher":{"@id":"https:\/\/lobosnews.com.ar\/#organization"},"potentialAction":[{"@type":"SearchAction","target":{"@type":"EntryPoint","urlTemplate":"https:\/\/lobosnews.com.ar\/?s={search_term_string}"},"query-input":{"@type":"PropertyValueSpecification","valueRequired":true,"valueName":"search_term_string"}}],"inLanguage":"es"},{"@type":"Organization","@id":"https:\/\/lobosnews.com.ar\/#organization","name":"Lobos News","url":"https:\/\/lobosnews.com.ar\/","logo":{"@type":"ImageObject","inLanguage":"es","@id":"https:\/\/lobosnews.com.ar\/#\/schema\/logo\/image\/","url":"https:\/\/lobosnews.com.ar\/wp-content\/uploads\/2026\/01\/logo-lobosnews.png","contentUrl":"https:\/\/lobosnews.com.ar\/wp-content\/uploads\/2026\/01\/logo-lobosnews.png","width":500,"height":200,"caption":"Lobos News"},"image":{"@id":"https:\/\/lobosnews.com.ar\/#\/schema\/logo\/image\/"}},{"@type":"Person","@id":"https:\/\/lobosnews.com.ar\/#\/schema\/person\/232422a593d5c541dd9aef6aaed10943","name":"admin","image":{"@type":"ImageObject","inLanguage":"es","@id":"https:\/\/lobosnews.com.ar\/#\/schema\/person\/image\/","url":"https:\/\/secure.gravatar.com\/avatar\/76e419471a2083bc3ceab22a763dbbf9b0c1bd15a6214cf3280e2c2dde4580f9?s=96&d=mm&r=g","contentUrl":"https:\/\/secure.gravatar.com\/avatar\/76e419471a2083bc3ceab22a763dbbf9b0c1bd15a6214cf3280e2c2dde4580f9?s=96&d=mm&r=g","caption":"admin"},"sameAs":["https:\/\/lobosnews.com.ar"],"url":"https:\/\/lobosnews.com.ar\/index.php\/author\/lobos-news\/"}]}},"jetpack_featured_media_url":"https:\/\/lobosnews.com.ar\/wp-content\/uploads\/2026\/01\/la-angustia-y-el-llanto-de-daniela-celis-al-hablar-de-la-relacion-con-su-cuerpo-luego-de-ser-mama-la-paso-mal-2.jpg","jetpack_sharing_enabled":true,"_links":{"self":[{"href":"https:\/\/lobosnews.com.ar\/index.php\/wp-json\/wp\/v2\/posts\/10395","targetHints":{"allow":["GET"]}}],"collection":[{"href":"https:\/\/lobosnews.com.ar\/index.php\/wp-json\/wp\/v2\/posts"}],"about":[{"href":"https:\/\/lobosnews.com.ar\/index.php\/wp-json\/wp\/v2\/types\/post"}],"author":[{"embeddable":true,"href":"https:\/\/lobosnews.com.ar\/index.php\/wp-json\/wp\/v2\/users\/1"}],"replies":[{"embeddable":true,"href":"https:\/\/lobosnews.com.ar\/index.php\/wp-json\/wp\/v2\/comments?post=10395"}],"version-history":[{"count":1,"href":"https:\/\/lobosnews.com.ar\/index.php\/wp-json\/wp\/v2\/posts\/10395\/revisions"}],"predecessor-version":[{"id":10398,"href":"https:\/\/lobosnews.com.ar\/index.php\/wp-json\/wp\/v2\/posts\/10395\/revisions\/10398"}],"wp:featuredmedia":[{"embeddable":true,"href":"https:\/\/lobosnews.com.ar\/index.php\/wp-json\/wp\/v2\/media\/10399"}],"wp:attachment":[{"href":"https:\/\/lobosnews.com.ar\/index.php\/wp-json\/wp\/v2\/media?parent=10395"}],"wp:term":[{"taxonomy":"category","embeddable":true,"href":"https:\/\/lobosnews.com.ar\/index.php\/wp-json\/wp\/v2\/categories?post=10395"},{"taxonomy":"post_tag","embeddable":true,"href":"https:\/\/lobosnews.com.ar\/index.php\/wp-json\/wp\/v2\/tags?post=10395"}],"curies":[{"name":"wp","href":"https:\/\/api.w.org\/{rel}","templated":true}]}}