{"id":10385,"date":"2026-01-23T04:30:47","date_gmt":"2026-01-23T04:30:47","guid":{"rendered":"https:\/\/lobosnews.com.ar\/index.php\/2026\/01\/23\/german-martitegui-uso-un-kilt-y-wanda-nara-tuvo-una-inesperada-reaccion-no-tiene-ropa-interior\/"},"modified":"2026-01-23T05:09:49","modified_gmt":"2026-01-23T05:09:49","slug":"german-martitegui-uso-un-kilt-y-wanda-nara-tuvo-una-inesperada-reaccion-no-tiene-ropa-interior","status":"publish","type":"post","link":"https:\/\/lobosnews.com.ar\/index.php\/2026\/01\/23\/german-martitegui-uso-un-kilt-y-wanda-nara-tuvo-una-inesperada-reaccion-no-tiene-ropa-interior\/","title":{"rendered":"Germ\u00e1n Martitegui us\u00f3 un kilt y Wanda Nara tuvo una inesperada reacci\u00f3n: \u201c\u00a1No tiene ropa interior!\u00bb"},"content":{"rendered":"<p>Las c\u00e1maras de <span class=\"waslinkname\"><b>Masterchef Celebrity<\/b><\/span> captaron una noche cargada de risas e ingenio, cuando la producci\u00f3n apost\u00f3 por una tem\u00e1tica escocesa que desat\u00f3 ocurrencias y complicidades entre el jurado y los participantes. Desde el primer momento, la atm\u00f3sfera se impregn\u00f3 de humor y curiosidad, al encontrarse todos con una <b>imponente r\u00e9plica del monstruo del Lago Ness<\/b> junto a <span class=\"waslinkname\"><b>Wanda Nara<\/b><\/span>, dando pie a una serie de situaciones inesperadas.<\/p>\n<p>La entrada del jurado no pas\u00f3 inadvertida. Ataviados con kilt, la prenda tradicional de Escocia, los tres jueces dieron un giro festivo a la jornada. Al instante, los comentarios no se hicieron esperar y la atenci\u00f3n se centr\u00f3 en una de las costumbres m\u00e1s comentadas del atuendo: la supuesta ausencia de ropa interior.<\/p>\n<p>Fue <b>Susana Roccasalvo<\/b> quien no dud\u00f3 en poner sobre la mesa el mito que rodea al kilt, al afirmar: <b>\u201cNo usan ropa interior los escoceses por abajo de las faldas\u201d<\/b>. La reacci\u00f3n en el estudio fue inmediata. La conductora, sorprendida, no pudo ocultar su asombro ante la revelaci\u00f3n de la periodista y el estudio comparti\u00f3 la risa generalizada.<\/p>\n<p>El comentario desat\u00f3 una ola de especulaciones y gestos c\u00f3mplices. La tensi\u00f3n entre la curiosidad y el humor marc\u00f3 el ritmo de los siguientes momentos del programa, mientras los participantes y el jurado intercambiaban miradas y sonrisas.<\/p>\n<p>La respuesta de la conductora no tard\u00f3 en llegar, y con su habitual desparpajo, expres\u00f3: <b>\u201c\u00bfPero qu\u00e9, no tienen nada abajo? Ahora no puedo hacer el programa, no puedo pensar en otra cosa, estoy bloqueada\u201d<\/b>. Su desconcierto acentu\u00f3 el clima festivo en el piso.<\/p>\n<p>En ese contexto, <b>Germ\u00e1n Martitegui<\/b> intervino con iron\u00eda: <b>\u201cUn escoc\u00e9s no dice\u201d<\/b>, al reforzar el misterio y continuar alimentando la intriga sobre la autenticidad de la tradici\u00f3n. El intercambio habilit\u00f3 una escena ins\u00f3lita: el tambi\u00e9n jurado <b>Dam\u00ed\u00e1n Betular<\/b> levant\u00f3 su falda y aclar\u00f3 sin rodeos: <b>\u201cYo tengo, eh\u201d<\/b>, lo que gener\u00f3 una nueva ola de carcajadas entre los presentes.<\/p>\n<p>El juego de miradas y las bromas siguieron escalando, <b>hasta que Wanda Nara decidi\u00f3 ir m\u00e1s all\u00e1. <\/b>Se desplaz\u00f3 sigilosamente por el piso con la intenci\u00f3n de descubrir si Martitegui segu\u00eda la costumbre escocesa. Entre risas y gritos, exclam\u00f3: <b>\u201c\u00a1No tiene, me parece!\u201d<\/b>, al tiempo que Martitegui reaccion\u00f3 con rapidez, alej\u00e1ndose antes de que pudieran comprobarlo y sellando el momento con un abrazo entre risas a la conductora.<\/p>\n<p>Tras ello, <b>Donato de Santis <\/b>explic\u00f3, intentando bajar la comicidad del momento, que el kilt se usa en diferentes momentos especiales, como en los Juegos de las Tierras Altas, para luego desarrollar en el estudio el juego tradicional de fuerza que se llama \u201ctira y afloja\u201d.<\/p>\n<p><img fetchpriority=\"high\" decoding=\"async\" src=\"https:\/\/lobosnews.com.ar\/wp-content\/uploads\/2026\/01\/german-martitegui-uso-un-kilt-y-wanda-nara-tuvo-una-inesperada-reaccion-no-tiene-ropa-interior.jpg\" alt=\"Wanda Nara no dud\u00f3 en intentar averiguar si el mito era cierto \" height=\"720\" width=\"1280\"\/><\/p>\n<p>La jornada no perdi\u00f3 ritmo en ning\u00fan momento. De hecho, el desaf\u00edo de la noche constaba en cocinar <b>tres huevos escoceses, una ensalada y una salsa a base de whisky<\/b>, todo en 50 minutos. Fue entonces que se les explic\u00f3 que \u201c<b>los ganadores del jeugo escoc\u00e9s van a tener a disposici\u00f3n 3 minutos donde van a exigir ayuda de su contrincante en cualquier tarea que decida<\/b>. Durante estos tres minutos, el equipo perdedor no va a cocinar, solamente va a recibir \u00f3rdenes del equipo ganador\u201d. <\/p>\n<p>Hacia el final del reto, mientras <b>Wanda<\/b> daba indicaciones a los participantes, <b>Martitegui<\/b> aprovech\u00f3 la distracci\u00f3n y, oculto tras la r\u00e9plica del monstruo del Lago Ness, se acerc\u00f3 sigilosamente para sorprenderla. La escena no qued\u00f3 captada por las c\u00e1maras en su totalidad, pero el grito y la risa de la conductora confirmaron el \u00e9xito de la broma.<\/p>\n<p>La situaci\u00f3n provoc\u00f3 nuevas intervenciones humor\u00edsticas. <b>Andy Chango<\/b> lanz\u00f3: <b>\u201cCuidado con el Nahuelito\u201d<\/b>, sumando otro gui\u00f1o local a la noche tem\u00e1tica, mientras <b>Dam\u00edan Betular<\/b> no dud\u00f3 en remarcar: <b>\u201c\u00a1Qu\u00e9 exagerada!\u201d<\/b>.<\/p>\n<p>La combinaci\u00f3n de tradici\u00f3n, humor y complicidad convirti\u00f3 la emisi\u00f3n en un episodio inolvidable, donde el mito del kilt y la picard\u00eda del elenco se apoderaron del estudio.<\/p>\n","protected":false},"excerpt":{"rendered":"<p>Las c\u00e1maras de Masterchef Celebrity captaron una noche cargada de risas e ingenio, cuando la producci\u00f3n apost\u00f3 por una tem\u00e1tica escocesa que desat\u00f3 ocurrencias y complicidades entre el jurado y los participantes. Desde el primer momento, la atm\u00f3sfera se impregn\u00f3 de humor y curiosidad, al encontrarse todos con una imponente r\u00e9plica del monstruo del Lago&#8230;<\/p>\n","protected":false},"author":1,"featured_media":10388,"comment_status":"open","ping_status":"closed","sticky":false,"template":"","format":"standard","meta":{"_jetpack_memberships_contains_paid_content":false,"footnotes":""},"categories":[79],"tags":[],"class_list":["post-10385","post","type-post","status-publish","format-standard","has-post-thumbnail","hentry","category-cine-y-series"],"magazineBlocksPostFeaturedMedia":{"thumbnail":"https:\/\/lobosnews.com.ar\/wp-content\/uploads\/2026\/01\/german-martitegui-uso-un-kilt-y-wanda-nara-tuvo-una-inesperada-reaccion-no-tiene-ropa-interior-150x150.jpg","medium":"https:\/\/lobosnews.com.ar\/wp-content\/uploads\/2026\/01\/german-martitegui-uso-un-kilt-y-wanda-nara-tuvo-una-inesperada-reaccion-no-tiene-ropa-interior-300x169.jpg","medium_large":"https:\/\/lobosnews.com.ar\/wp-content\/uploads\/2026\/01\/german-martitegui-uso-un-kilt-y-wanda-nara-tuvo-una-inesperada-reaccion-no-tiene-ropa-interior-768x432.jpg","large":"https:\/\/lobosnews.com.ar\/wp-content\/uploads\/2026\/01\/german-martitegui-uso-un-kilt-y-wanda-nara-tuvo-una-inesperada-reaccion-no-tiene-ropa-interior-1024x576.jpg","1536x1536":"https:\/\/lobosnews.com.ar\/wp-content\/uploads\/2026\/01\/german-martitegui-uso-un-kilt-y-wanda-nara-tuvo-una-inesperada-reaccion-no-tiene-ropa-interior.jpg","2048x2048":"https:\/\/lobosnews.com.ar\/wp-content\/uploads\/2026\/01\/german-martitegui-uso-un-kilt-y-wanda-nara-tuvo-una-inesperada-reaccion-no-tiene-ropa-interior.jpg","newsmatic-featured":"https:\/\/lobosnews.com.ar\/wp-content\/uploads\/2026\/01\/german-martitegui-uso-un-kilt-y-wanda-nara-tuvo-una-inesperada-reaccion-no-tiene-ropa-interior-820x545.jpg","newsmatic-list":"https:\/\/lobosnews.com.ar\/wp-content\/uploads\/2026\/01\/german-martitegui-uso-un-kilt-y-wanda-nara-tuvo-una-inesperada-reaccion-no-tiene-ropa-interior-600x400.jpg","newsmatic-thumb":"https:\/\/lobosnews.com.ar\/wp-content\/uploads\/2026\/01\/german-martitegui-uso-un-kilt-y-wanda-nara-tuvo-una-inesperada-reaccion-no-tiene-ropa-interior-300x200.jpg","newsmatic-small":"https:\/\/lobosnews.com.ar\/wp-content\/uploads\/2026\/01\/german-martitegui-uso-un-kilt-y-wanda-nara-tuvo-una-inesperada-reaccion-no-tiene-ropa-interior-150x95.jpg","newsmatic-grid":"https:\/\/lobosnews.com.ar\/wp-content\/uploads\/2026\/01\/german-martitegui-uso-un-kilt-y-wanda-nara-tuvo-una-inesperada-reaccion-no-tiene-ropa-interior-400x250.jpg"},"magazineBlocksPostAuthor":{"name":"admin","avatar":"https:\/\/secure.gravatar.com\/avatar\/76e419471a2083bc3ceab22a763dbbf9b0c1bd15a6214cf3280e2c2dde4580f9?s=96&d=mm&r=g"},"magazineBlocksPostCommentsNumber":"0","magazineBlocksPostExcerpt":"Las c\u00e1maras de Masterchef Celebrity captaron una noche cargada de risas e ingenio, cuando la producci\u00f3n apost\u00f3 por una tem\u00e1tica escocesa que desat\u00f3 ocurrencias y complicidades entre el jurado y los participantes. Desde el primer momento, la atm\u00f3sfera se impregn\u00f3 de humor y curiosidad, al encontrarse todos con una imponente r\u00e9plica del monstruo del Lago...","magazineBlocksPostCategories":["Cine y Series"],"magazineBlocksPostViewCount":119,"magazineBlocksPostReadTime":4,"magazine_blocks_featured_image_url":{"full":["https:\/\/lobosnews.com.ar\/wp-content\/uploads\/2026\/01\/german-martitegui-uso-un-kilt-y-wanda-nara-tuvo-una-inesperada-reaccion-no-tiene-ropa-interior.jpg",1280,720,false],"medium":["https:\/\/lobosnews.com.ar\/wp-content\/uploads\/2026\/01\/german-martitegui-uso-un-kilt-y-wanda-nara-tuvo-una-inesperada-reaccion-no-tiene-ropa-interior-300x169.jpg",300,169,true],"thumbnail":["https:\/\/lobosnews.com.ar\/wp-content\/uploads\/2026\/01\/german-martitegui-uso-un-kilt-y-wanda-nara-tuvo-una-inesperada-reaccion-no-tiene-ropa-interior-150x150.jpg",150,150,true]},"magazine_blocks_author":{"display_name":"admin","author_link":"https:\/\/lobosnews.com.ar\/index.php\/author\/lobos-news\/"},"magazine_blocks_comment":0,"magazine_blocks_author_image":"https:\/\/secure.gravatar.com\/avatar\/76e419471a2083bc3ceab22a763dbbf9b0c1bd15a6214cf3280e2c2dde4580f9?s=96&d=mm&r=g","magazine_blocks_category":"<a href=\"#\" class=\"category-link category-link-79\">Cine y Series<\/a>","yoast_head":"<!-- This site is optimized with the Yoast SEO plugin v26.6 - https:\/\/yoast.com\/wordpress\/plugins\/seo\/ -->\n<title>Germ\u00e1n Martitegui us\u00f3 un kilt y Wanda Nara tuvo una inesperada reacci\u00f3n: \u201c\u00a1No tiene ropa interior!\u00bb - Lobos News<\/title>\n<meta name=\"robots\" content=\"index, follow, max-snippet:-1, max-image-preview:large, max-video-preview:-1\" \/>\n<link rel=\"canonical\" href=\"https:\/\/lobosnews.com.ar\/index.php\/2026\/01\/23\/german-martitegui-uso-un-kilt-y-wanda-nara-tuvo-una-inesperada-reaccion-no-tiene-ropa-interior\/\" \/>\n<meta property=\"og:locale\" content=\"es_ES\" \/>\n<meta property=\"og:type\" content=\"article\" \/>\n<meta property=\"og:title\" content=\"Germ\u00e1n Martitegui us\u00f3 un kilt y Wanda Nara tuvo una inesperada reacci\u00f3n: \u201c\u00a1No tiene ropa interior!\u00bb - Lobos News\" \/>\n<meta property=\"og:description\" content=\"Las c\u00e1maras de Masterchef Celebrity captaron una noche cargada de risas e ingenio, cuando la producci\u00f3n apost\u00f3 por una tem\u00e1tica escocesa que desat\u00f3 ocurrencias y complicidades entre el jurado y los participantes. Desde el primer momento, la atm\u00f3sfera se impregn\u00f3 de humor y curiosidad, al encontrarse todos con una imponente r\u00e9plica del monstruo del Lago...\" \/>\n<meta property=\"og:url\" content=\"https:\/\/lobosnews.com.ar\/index.php\/2026\/01\/23\/german-martitegui-uso-un-kilt-y-wanda-nara-tuvo-una-inesperada-reaccion-no-tiene-ropa-interior\/\" \/>\n<meta property=\"og:site_name\" content=\"Lobos News\" \/>\n<meta property=\"article:published_time\" content=\"2026-01-23T04:30:47+00:00\" \/>\n<meta property=\"article:modified_time\" content=\"2026-01-23T05:09:49+00:00\" \/>\n<meta property=\"og:image\" content=\"https:\/\/lobosnews.com.ar\/wp-content\/uploads\/2026\/01\/german-martitegui-uso-un-kilt-y-wanda-nara-tuvo-una-inesperada-reaccion-no-tiene-ropa-interior.jpg\" \/>\n<meta name=\"author\" content=\"admin\" \/>\n<meta name=\"twitter:card\" content=\"summary_large_image\" \/>\n<meta name=\"twitter:label1\" content=\"Escrito por\" \/>\n\t<meta name=\"twitter:data1\" content=\"admin\" \/>\n\t<meta name=\"twitter:label2\" content=\"Tiempo de lectura\" \/>\n\t<meta name=\"twitter:data2\" content=\"3 minutos\" \/>\n<script type=\"application\/ld+json\" class=\"yoast-schema-graph\">{\"@context\":\"https:\/\/schema.org\",\"@graph\":[{\"@type\":\"Article\",\"@id\":\"https:\/\/lobosnews.com.ar\/index.php\/2026\/01\/23\/german-martitegui-uso-un-kilt-y-wanda-nara-tuvo-una-inesperada-reaccion-no-tiene-ropa-interior\/#article\",\"isPartOf\":{\"@id\":\"https:\/\/lobosnews.com.ar\/index.php\/2026\/01\/23\/german-martitegui-uso-un-kilt-y-wanda-nara-tuvo-una-inesperada-reaccion-no-tiene-ropa-interior\/\"},\"author\":{\"name\":\"admin\",\"@id\":\"https:\/\/lobosnews.com.ar\/#\/schema\/person\/232422a593d5c541dd9aef6aaed10943\"},\"headline\":\"Germ\u00e1n Martitegui us\u00f3 un kilt y Wanda Nara tuvo una inesperada reacci\u00f3n: \u201c\u00a1No tiene ropa interior!\u00bb\",\"datePublished\":\"2026-01-23T04:30:47+00:00\",\"dateModified\":\"2026-01-23T05:09:49+00:00\",\"mainEntityOfPage\":{\"@id\":\"https:\/\/lobosnews.com.ar\/index.php\/2026\/01\/23\/german-martitegui-uso-un-kilt-y-wanda-nara-tuvo-una-inesperada-reaccion-no-tiene-ropa-interior\/\"},\"wordCount\":687,\"commentCount\":0,\"publisher\":{\"@id\":\"https:\/\/lobosnews.com.ar\/#organization\"},\"image\":{\"@id\":\"https:\/\/lobosnews.com.ar\/index.php\/2026\/01\/23\/german-martitegui-uso-un-kilt-y-wanda-nara-tuvo-una-inesperada-reaccion-no-tiene-ropa-interior\/#primaryimage\"},\"thumbnailUrl\":\"https:\/\/lobosnews.com.ar\/wp-content\/uploads\/2026\/01\/german-martitegui-uso-un-kilt-y-wanda-nara-tuvo-una-inesperada-reaccion-no-tiene-ropa-interior.jpg\",\"articleSection\":[\"Cine y Series\"],\"inLanguage\":\"es\",\"potentialAction\":[{\"@type\":\"CommentAction\",\"name\":\"Comment\",\"target\":[\"https:\/\/lobosnews.com.ar\/index.php\/2026\/01\/23\/german-martitegui-uso-un-kilt-y-wanda-nara-tuvo-una-inesperada-reaccion-no-tiene-ropa-interior\/#respond\"]}]},{\"@type\":\"WebPage\",\"@id\":\"https:\/\/lobosnews.com.ar\/index.php\/2026\/01\/23\/german-martitegui-uso-un-kilt-y-wanda-nara-tuvo-una-inesperada-reaccion-no-tiene-ropa-interior\/\",\"url\":\"https:\/\/lobosnews.com.ar\/index.php\/2026\/01\/23\/german-martitegui-uso-un-kilt-y-wanda-nara-tuvo-una-inesperada-reaccion-no-tiene-ropa-interior\/\",\"name\":\"Germ\u00e1n Martitegui us\u00f3 un kilt y Wanda Nara tuvo una inesperada reacci\u00f3n: \u201c\u00a1No tiene ropa interior!\u00bb - Lobos News\",\"isPartOf\":{\"@id\":\"https:\/\/lobosnews.com.ar\/#website\"},\"primaryImageOfPage\":{\"@id\":\"https:\/\/lobosnews.com.ar\/index.php\/2026\/01\/23\/german-martitegui-uso-un-kilt-y-wanda-nara-tuvo-una-inesperada-reaccion-no-tiene-ropa-interior\/#primaryimage\"},\"image\":{\"@id\":\"https:\/\/lobosnews.com.ar\/index.php\/2026\/01\/23\/german-martitegui-uso-un-kilt-y-wanda-nara-tuvo-una-inesperada-reaccion-no-tiene-ropa-interior\/#primaryimage\"},\"thumbnailUrl\":\"https:\/\/lobosnews.com.ar\/wp-content\/uploads\/2026\/01\/german-martitegui-uso-un-kilt-y-wanda-nara-tuvo-una-inesperada-reaccion-no-tiene-ropa-interior.jpg\",\"datePublished\":\"2026-01-23T04:30:47+00:00\",\"dateModified\":\"2026-01-23T05:09:49+00:00\",\"breadcrumb\":{\"@id\":\"https:\/\/lobosnews.com.ar\/index.php\/2026\/01\/23\/german-martitegui-uso-un-kilt-y-wanda-nara-tuvo-una-inesperada-reaccion-no-tiene-ropa-interior\/#breadcrumb\"},\"inLanguage\":\"es\",\"potentialAction\":[{\"@type\":\"ReadAction\",\"target\":[\"https:\/\/lobosnews.com.ar\/index.php\/2026\/01\/23\/german-martitegui-uso-un-kilt-y-wanda-nara-tuvo-una-inesperada-reaccion-no-tiene-ropa-interior\/\"]}]},{\"@type\":\"ImageObject\",\"inLanguage\":\"es\",\"@id\":\"https:\/\/lobosnews.com.ar\/index.php\/2026\/01\/23\/german-martitegui-uso-un-kilt-y-wanda-nara-tuvo-una-inesperada-reaccion-no-tiene-ropa-interior\/#primaryimage\",\"url\":\"https:\/\/lobosnews.com.ar\/wp-content\/uploads\/2026\/01\/german-martitegui-uso-un-kilt-y-wanda-nara-tuvo-una-inesperada-reaccion-no-tiene-ropa-interior.jpg\",\"contentUrl\":\"https:\/\/lobosnews.com.ar\/wp-content\/uploads\/2026\/01\/german-martitegui-uso-un-kilt-y-wanda-nara-tuvo-una-inesperada-reaccion-no-tiene-ropa-interior.jpg\",\"width\":1280,\"height\":720,\"caption\":\"Germ\u00e1n Martitegui us\u00f3 un kilt y Wanda Nara tuvo una inesperada reacci\u00f3n: \u201c\u00a1No tiene ropa interior!\u00bb\"},{\"@type\":\"BreadcrumbList\",\"@id\":\"https:\/\/lobosnews.com.ar\/index.php\/2026\/01\/23\/german-martitegui-uso-un-kilt-y-wanda-nara-tuvo-una-inesperada-reaccion-no-tiene-ropa-interior\/#breadcrumb\",\"itemListElement\":[{\"@type\":\"ListItem\",\"position\":1,\"name\":\"Portada\",\"item\":\"https:\/\/lobosnews.com.ar\/\"},{\"@type\":\"ListItem\",\"position\":2,\"name\":\"Germ\u00e1n Martitegui us\u00f3 un kilt y Wanda Nara tuvo una inesperada reacci\u00f3n: \u201c\u00a1No tiene ropa interior!\u00bb\"}]},{\"@type\":\"WebSite\",\"@id\":\"https:\/\/lobosnews.com.ar\/#website\",\"url\":\"https:\/\/lobosnews.com.ar\/\",\"name\":\"Lobos News\",\"description\":\"Informaci\u00f3n a cada instante\",\"publisher\":{\"@id\":\"https:\/\/lobosnews.com.ar\/#organization\"},\"potentialAction\":[{\"@type\":\"SearchAction\",\"target\":{\"@type\":\"EntryPoint\",\"urlTemplate\":\"https:\/\/lobosnews.com.ar\/?s={search_term_string}\"},\"query-input\":{\"@type\":\"PropertyValueSpecification\",\"valueRequired\":true,\"valueName\":\"search_term_string\"}}],\"inLanguage\":\"es\"},{\"@type\":\"Organization\",\"@id\":\"https:\/\/lobosnews.com.ar\/#organization\",\"name\":\"Lobos News\",\"url\":\"https:\/\/lobosnews.com.ar\/\",\"logo\":{\"@type\":\"ImageObject\",\"inLanguage\":\"es\",\"@id\":\"https:\/\/lobosnews.com.ar\/#\/schema\/logo\/image\/\",\"url\":\"https:\/\/lobosnews.com.ar\/wp-content\/uploads\/2026\/01\/logo-lobosnews.png\",\"contentUrl\":\"https:\/\/lobosnews.com.ar\/wp-content\/uploads\/2026\/01\/logo-lobosnews.png\",\"width\":500,\"height\":200,\"caption\":\"Lobos News\"},\"image\":{\"@id\":\"https:\/\/lobosnews.com.ar\/#\/schema\/logo\/image\/\"}},{\"@type\":\"Person\",\"@id\":\"https:\/\/lobosnews.com.ar\/#\/schema\/person\/232422a593d5c541dd9aef6aaed10943\",\"name\":\"admin\",\"image\":{\"@type\":\"ImageObject\",\"inLanguage\":\"es\",\"@id\":\"https:\/\/lobosnews.com.ar\/#\/schema\/person\/image\/\",\"url\":\"https:\/\/secure.gravatar.com\/avatar\/76e419471a2083bc3ceab22a763dbbf9b0c1bd15a6214cf3280e2c2dde4580f9?s=96&d=mm&r=g\",\"contentUrl\":\"https:\/\/secure.gravatar.com\/avatar\/76e419471a2083bc3ceab22a763dbbf9b0c1bd15a6214cf3280e2c2dde4580f9?s=96&d=mm&r=g\",\"caption\":\"admin\"},\"sameAs\":[\"https:\/\/lobosnews.com.ar\"],\"url\":\"https:\/\/lobosnews.com.ar\/index.php\/author\/lobos-news\/\"}]}<\/script>\n<!-- \/ Yoast SEO plugin. -->","yoast_head_json":{"title":"Germ\u00e1n Martitegui us\u00f3 un kilt y Wanda Nara tuvo una inesperada reacci\u00f3n: \u201c\u00a1No tiene ropa interior!\u00bb - Lobos News","robots":{"index":"index","follow":"follow","max-snippet":"max-snippet:-1","max-image-preview":"max-image-preview:large","max-video-preview":"max-video-preview:-1"},"canonical":"https:\/\/lobosnews.com.ar\/index.php\/2026\/01\/23\/german-martitegui-uso-un-kilt-y-wanda-nara-tuvo-una-inesperada-reaccion-no-tiene-ropa-interior\/","og_locale":"es_ES","og_type":"article","og_title":"Germ\u00e1n Martitegui us\u00f3 un kilt y Wanda Nara tuvo una inesperada reacci\u00f3n: \u201c\u00a1No tiene ropa interior!\u00bb - Lobos News","og_description":"Las c\u00e1maras de Masterchef Celebrity captaron una noche cargada de risas e ingenio, cuando la producci\u00f3n apost\u00f3 por una tem\u00e1tica escocesa que desat\u00f3 ocurrencias y complicidades entre el jurado y los participantes. Desde el primer momento, la atm\u00f3sfera se impregn\u00f3 de humor y curiosidad, al encontrarse todos con una imponente r\u00e9plica del monstruo del Lago...","og_url":"https:\/\/lobosnews.com.ar\/index.php\/2026\/01\/23\/german-martitegui-uso-un-kilt-y-wanda-nara-tuvo-una-inesperada-reaccion-no-tiene-ropa-interior\/","og_site_name":"Lobos News","article_published_time":"2026-01-23T04:30:47+00:00","article_modified_time":"2026-01-23T05:09:49+00:00","og_image":[{"url":"https:\/\/lobosnews.com.ar\/wp-content\/uploads\/2026\/01\/german-martitegui-uso-un-kilt-y-wanda-nara-tuvo-una-inesperada-reaccion-no-tiene-ropa-interior.jpg","type":"","width":"","height":""}],"author":"admin","twitter_card":"summary_large_image","twitter_misc":{"Escrito por":"admin","Tiempo de lectura":"3 minutos"},"schema":{"@context":"https:\/\/schema.org","@graph":[{"@type":"Article","@id":"https:\/\/lobosnews.com.ar\/index.php\/2026\/01\/23\/german-martitegui-uso-un-kilt-y-wanda-nara-tuvo-una-inesperada-reaccion-no-tiene-ropa-interior\/#article","isPartOf":{"@id":"https:\/\/lobosnews.com.ar\/index.php\/2026\/01\/23\/german-martitegui-uso-un-kilt-y-wanda-nara-tuvo-una-inesperada-reaccion-no-tiene-ropa-interior\/"},"author":{"name":"admin","@id":"https:\/\/lobosnews.com.ar\/#\/schema\/person\/232422a593d5c541dd9aef6aaed10943"},"headline":"Germ\u00e1n Martitegui us\u00f3 un kilt y Wanda Nara tuvo una inesperada reacci\u00f3n: \u201c\u00a1No tiene ropa interior!\u00bb","datePublished":"2026-01-23T04:30:47+00:00","dateModified":"2026-01-23T05:09:49+00:00","mainEntityOfPage":{"@id":"https:\/\/lobosnews.com.ar\/index.php\/2026\/01\/23\/german-martitegui-uso-un-kilt-y-wanda-nara-tuvo-una-inesperada-reaccion-no-tiene-ropa-interior\/"},"wordCount":687,"commentCount":0,"publisher":{"@id":"https:\/\/lobosnews.com.ar\/#organization"},"image":{"@id":"https:\/\/lobosnews.com.ar\/index.php\/2026\/01\/23\/german-martitegui-uso-un-kilt-y-wanda-nara-tuvo-una-inesperada-reaccion-no-tiene-ropa-interior\/#primaryimage"},"thumbnailUrl":"https:\/\/lobosnews.com.ar\/wp-content\/uploads\/2026\/01\/german-martitegui-uso-un-kilt-y-wanda-nara-tuvo-una-inesperada-reaccion-no-tiene-ropa-interior.jpg","articleSection":["Cine y Series"],"inLanguage":"es","potentialAction":[{"@type":"CommentAction","name":"Comment","target":["https:\/\/lobosnews.com.ar\/index.php\/2026\/01\/23\/german-martitegui-uso-un-kilt-y-wanda-nara-tuvo-una-inesperada-reaccion-no-tiene-ropa-interior\/#respond"]}]},{"@type":"WebPage","@id":"https:\/\/lobosnews.com.ar\/index.php\/2026\/01\/23\/german-martitegui-uso-un-kilt-y-wanda-nara-tuvo-una-inesperada-reaccion-no-tiene-ropa-interior\/","url":"https:\/\/lobosnews.com.ar\/index.php\/2026\/01\/23\/german-martitegui-uso-un-kilt-y-wanda-nara-tuvo-una-inesperada-reaccion-no-tiene-ropa-interior\/","name":"Germ\u00e1n Martitegui us\u00f3 un kilt y Wanda Nara tuvo una inesperada reacci\u00f3n: \u201c\u00a1No tiene ropa interior!\u00bb - Lobos News","isPartOf":{"@id":"https:\/\/lobosnews.com.ar\/#website"},"primaryImageOfPage":{"@id":"https:\/\/lobosnews.com.ar\/index.php\/2026\/01\/23\/german-martitegui-uso-un-kilt-y-wanda-nara-tuvo-una-inesperada-reaccion-no-tiene-ropa-interior\/#primaryimage"},"image":{"@id":"https:\/\/lobosnews.com.ar\/index.php\/2026\/01\/23\/german-martitegui-uso-un-kilt-y-wanda-nara-tuvo-una-inesperada-reaccion-no-tiene-ropa-interior\/#primaryimage"},"thumbnailUrl":"https:\/\/lobosnews.com.ar\/wp-content\/uploads\/2026\/01\/german-martitegui-uso-un-kilt-y-wanda-nara-tuvo-una-inesperada-reaccion-no-tiene-ropa-interior.jpg","datePublished":"2026-01-23T04:30:47+00:00","dateModified":"2026-01-23T05:09:49+00:00","breadcrumb":{"@id":"https:\/\/lobosnews.com.ar\/index.php\/2026\/01\/23\/german-martitegui-uso-un-kilt-y-wanda-nara-tuvo-una-inesperada-reaccion-no-tiene-ropa-interior\/#breadcrumb"},"inLanguage":"es","potentialAction":[{"@type":"ReadAction","target":["https:\/\/lobosnews.com.ar\/index.php\/2026\/01\/23\/german-martitegui-uso-un-kilt-y-wanda-nara-tuvo-una-inesperada-reaccion-no-tiene-ropa-interior\/"]}]},{"@type":"ImageObject","inLanguage":"es","@id":"https:\/\/lobosnews.com.ar\/index.php\/2026\/01\/23\/german-martitegui-uso-un-kilt-y-wanda-nara-tuvo-una-inesperada-reaccion-no-tiene-ropa-interior\/#primaryimage","url":"https:\/\/lobosnews.com.ar\/wp-content\/uploads\/2026\/01\/german-martitegui-uso-un-kilt-y-wanda-nara-tuvo-una-inesperada-reaccion-no-tiene-ropa-interior.jpg","contentUrl":"https:\/\/lobosnews.com.ar\/wp-content\/uploads\/2026\/01\/german-martitegui-uso-un-kilt-y-wanda-nara-tuvo-una-inesperada-reaccion-no-tiene-ropa-interior.jpg","width":1280,"height":720,"caption":"Germ\u00e1n Martitegui us\u00f3 un kilt y Wanda Nara tuvo una inesperada reacci\u00f3n: \u201c\u00a1No tiene ropa interior!\u00bb"},{"@type":"BreadcrumbList","@id":"https:\/\/lobosnews.com.ar\/index.php\/2026\/01\/23\/german-martitegui-uso-un-kilt-y-wanda-nara-tuvo-una-inesperada-reaccion-no-tiene-ropa-interior\/#breadcrumb","itemListElement":[{"@type":"ListItem","position":1,"name":"Portada","item":"https:\/\/lobosnews.com.ar\/"},{"@type":"ListItem","position":2,"name":"Germ\u00e1n Martitegui us\u00f3 un kilt y Wanda Nara tuvo una inesperada reacci\u00f3n: \u201c\u00a1No tiene ropa interior!\u00bb"}]},{"@type":"WebSite","@id":"https:\/\/lobosnews.com.ar\/#website","url":"https:\/\/lobosnews.com.ar\/","name":"Lobos News","description":"Informaci\u00f3n a cada instante","publisher":{"@id":"https:\/\/lobosnews.com.ar\/#organization"},"potentialAction":[{"@type":"SearchAction","target":{"@type":"EntryPoint","urlTemplate":"https:\/\/lobosnews.com.ar\/?s={search_term_string}"},"query-input":{"@type":"PropertyValueSpecification","valueRequired":true,"valueName":"search_term_string"}}],"inLanguage":"es"},{"@type":"Organization","@id":"https:\/\/lobosnews.com.ar\/#organization","name":"Lobos News","url":"https:\/\/lobosnews.com.ar\/","logo":{"@type":"ImageObject","inLanguage":"es","@id":"https:\/\/lobosnews.com.ar\/#\/schema\/logo\/image\/","url":"https:\/\/lobosnews.com.ar\/wp-content\/uploads\/2026\/01\/logo-lobosnews.png","contentUrl":"https:\/\/lobosnews.com.ar\/wp-content\/uploads\/2026\/01\/logo-lobosnews.png","width":500,"height":200,"caption":"Lobos News"},"image":{"@id":"https:\/\/lobosnews.com.ar\/#\/schema\/logo\/image\/"}},{"@type":"Person","@id":"https:\/\/lobosnews.com.ar\/#\/schema\/person\/232422a593d5c541dd9aef6aaed10943","name":"admin","image":{"@type":"ImageObject","inLanguage":"es","@id":"https:\/\/lobosnews.com.ar\/#\/schema\/person\/image\/","url":"https:\/\/secure.gravatar.com\/avatar\/76e419471a2083bc3ceab22a763dbbf9b0c1bd15a6214cf3280e2c2dde4580f9?s=96&d=mm&r=g","contentUrl":"https:\/\/secure.gravatar.com\/avatar\/76e419471a2083bc3ceab22a763dbbf9b0c1bd15a6214cf3280e2c2dde4580f9?s=96&d=mm&r=g","caption":"admin"},"sameAs":["https:\/\/lobosnews.com.ar"],"url":"https:\/\/lobosnews.com.ar\/index.php\/author\/lobos-news\/"}]}},"jetpack_featured_media_url":"https:\/\/lobosnews.com.ar\/wp-content\/uploads\/2026\/01\/german-martitegui-uso-un-kilt-y-wanda-nara-tuvo-una-inesperada-reaccion-no-tiene-ropa-interior.jpg","jetpack_sharing_enabled":true,"_links":{"self":[{"href":"https:\/\/lobosnews.com.ar\/index.php\/wp-json\/wp\/v2\/posts\/10385","targetHints":{"allow":["GET"]}}],"collection":[{"href":"https:\/\/lobosnews.com.ar\/index.php\/wp-json\/wp\/v2\/posts"}],"about":[{"href":"https:\/\/lobosnews.com.ar\/index.php\/wp-json\/wp\/v2\/types\/post"}],"author":[{"embeddable":true,"href":"https:\/\/lobosnews.com.ar\/index.php\/wp-json\/wp\/v2\/users\/1"}],"replies":[{"embeddable":true,"href":"https:\/\/lobosnews.com.ar\/index.php\/wp-json\/wp\/v2\/comments?post=10385"}],"version-history":[{"count":1,"href":"https:\/\/lobosnews.com.ar\/index.php\/wp-json\/wp\/v2\/posts\/10385\/revisions"}],"predecessor-version":[{"id":10387,"href":"https:\/\/lobosnews.com.ar\/index.php\/wp-json\/wp\/v2\/posts\/10385\/revisions\/10387"}],"wp:featuredmedia":[{"embeddable":true,"href":"https:\/\/lobosnews.com.ar\/index.php\/wp-json\/wp\/v2\/media\/10388"}],"wp:attachment":[{"href":"https:\/\/lobosnews.com.ar\/index.php\/wp-json\/wp\/v2\/media?parent=10385"}],"wp:term":[{"taxonomy":"category","embeddable":true,"href":"https:\/\/lobosnews.com.ar\/index.php\/wp-json\/wp\/v2\/categories?post=10385"},{"taxonomy":"post_tag","embeddable":true,"href":"https:\/\/lobosnews.com.ar\/index.php\/wp-json\/wp\/v2\/tags?post=10385"}],"curies":[{"name":"wp","href":"https:\/\/api.w.org\/{rel}","templated":true}]}}