{"id":10378,"date":"2026-01-23T00:38:52","date_gmt":"2026-01-23T00:38:52","guid":{"rendered":"https:\/\/lobosnews.com.ar\/index.php\/2026\/01\/23\/otra-amenaza-de-iran-a-donald-trump-tenemos-el-dedo-sobre-el-gatillo\/"},"modified":"2026-01-23T05:01:34","modified_gmt":"2026-01-23T05:01:34","slug":"otra-amenaza-de-iran-a-donald-trump-tenemos-el-dedo-sobre-el-gatillo","status":"publish","type":"post","link":"https:\/\/lobosnews.com.ar\/index.php\/2026\/01\/23\/otra-amenaza-de-iran-a-donald-trump-tenemos-el-dedo-sobre-el-gatillo\/","title":{"rendered":"Otra amenaza de Ir\u00e1n a Donald Trump: \u201cTenemos el dedo sobre el gatillo\u201d"},"content":{"rendered":"<p><img loading=\"lazy\" decoding=\"async\" src=\"https:\/\/lobosnews.com.ar\/wp-content\/uploads\/2026\/01\/otra-amenaza-de-iran-a-donald-trump-tenemos-el-dedo-sobre-el-gatillo.jpg\" alt=\"El comandante en jefe del Cuerpo de la Guardia Revolucionaria Isl\u00e1mica (CGRI), general de divisi\u00f3n Hossein Salami, revisa equipo militar durante un ejercicio militar de las fuerzas terrestres del CGRI en la zona de Aras, provincia de Azerbaiy\u00e1n Oriental, Ir\u00e1n. CGRI\/WANA (Agencia de Noticias de Asia Occidental)\/v\u00eda REUTERS\" height=\"2000\" width=\"3000\"\/><\/p>\n<p>El comandante de la Guardia Revolucionaria de Ir\u00e1n advirti\u00f3 el jueves a Washington que la fuerza mantiene su <b>\u201cdedo en el gatillo\u201d<\/b> tras las protestas masivas, mientras el presidente de Estados Unidos, <b>Donald Trump<\/b>, se\u00f1al\u00f3 que Teher\u00e1n a\u00fan parece interesado en dialogar. <\/p>\n<p>Las protestas, que comenzaron a finales de diciembre, sacudieron a la dirigencia clerical encabezada por el l\u00edder supremo, ayatollah Ali Khamenei, pero el movimiento perdi\u00f3 fuerza tras una represi\u00f3n que, seg\u00fan activistas, <b>dej\u00f3 miles de muertos y estuvo acompa\u00f1ada por un in\u00e9dito corte total de internet.<\/b><\/p>\n<p>La posibilidad de una acci\u00f3n militar estadounidense inminente contra Teher\u00e1n se ha reducido, con ambas partes comprometidas en dar una oportunidad a la diplomacia, aunque medios estadounidenses informan que Trump sigue evaluando opciones. Al intervenir en el Foro Econ\u00f3mico Mundial de Davos, Trump afirm\u00f3 que Estados Unidos atac\u00f3 instalaciones de enriquecimiento de uranio iran\u00ed el a\u00f1o pasado \u201cpara evitar que Teher\u00e1n fabrique un arma nuclear\u201d. Ir\u00e1n niega que su programa nuclear tenga fines b\u00e9licos. \u201cNo podemos permitirlo\u201d, declar\u00f3 Trump, y agreg\u00f3: \u201cIr\u00e1n quiere dialogar, y dialogaremos\u201d.<\/p>\n<p>En un clima de enfrentamientos verbales, Trump advirti\u00f3 el martes a los l\u00edderes iran\u00edes que Estados Unidos los \u201cborrar\u00eda de la faz de la Tierra\u201d si ocurr\u00eda alg\u00fan atentado contra su vida en represalia por un ataque dirigido a Khamenei.<\/p>\n<p>El presidente iran\u00ed <b>Masoud Pezeshkian <\/b>acus\u00f3 el jueves a Estados Unidos e Israel de avivar las protestas como una \u201c<b>venganza cobarde&#8230; por la derrota en la Guerra de los 12 D\u00edas<\/b>\u201d.<\/p>\n<p><img loading=\"lazy\" decoding=\"async\" src=\"https:\/\/lobosnews.com.ar\/wp-content\/uploads\/2026\/01\/otra-amenaza-de-iran-a-donald-trump-tenemos-el-dedo-sobre-el-gatillo-1.jpg\" alt=\"El comandante de la Guardia, general Mohammad Pakpour\" height=\"1279\" width=\"1920\"\/><\/p>\n<p>El comandante de la Guardia, general Mohammad Pakpour, inst\u00f3 a Israel y a Estados Unidos a \u201c<b>evitar cualquier error de c\u00e1lculo<\/b>, aprendiendo de las experiencias hist\u00f3ricas y de lo que aprendieron en la guerra de 12 d\u00edas impuesta, para no enfrentar un destino m\u00e1s doloroso y lamentable\u201d. Pakpour, citado por la televisi\u00f3n estatal iran\u00ed, asegur\u00f3 que la Guardia Revolucionaria y \u201cla querida Ir\u00e1n tienen el dedo en el gatillo, m\u00e1s preparados que nunca, listos para cumplir las \u00f3rdenes y medidas del comandante en jefe supremo \u2014un l\u00edder m\u00e1s querido que sus propias vidas\u2014\u201d en referencia a Khamenei. Sus declaraciones se emitieron en el marco del d\u00eda nacional en Ir\u00e1n que celebra a la Guardia, cuyo mandato es proteger la revoluci\u00f3n isl\u00e1mica de 1979 de amenazas internas y externas.<\/p>\n<p>Activistas responsabilizan a la Guardia de desempe\u00f1ar un papel central en la represi\u00f3n mortal de las protestas. El grupo est\u00e1 sancionado como entidad terrorista por pa\u00edses como Australia, Canad\u00e1 y Estados Unidos, mientras organizaciones civiles han instado a la Uni\u00f3n Europea y el Reino Unido a tomar medidas similares.<\/p>\n<p>Otro alto responsable militar, el general Ali Abdollahi Aliabadi, jefe del estado mayor conjunto iran\u00ed, advirti\u00f3 que si Estados Unidos atacaba, \u201ctodos los intereses, bases y centros de influencia estadounidenses ser\u00edan objetivos leg\u00edtimos\u201d para las fuerzas armadas iran\u00edes.<\/p>\n<p><b>El mi\u00e9rcoles, las autoridades iran\u00edes ofrecieron el primer balance oficial sobre las protestas, cifrando en 3.117 los fallecidos<\/b>. Seg\u00fan la Fundaci\u00f3n de M\u00e1rtires y Veteranos de Ir\u00e1n, de ese total, 2.427 ser\u00edan \u201cm\u00e1rtires\u201d \u2014miembros de las fuerzas de seguridad o transe\u00fantes inocentes\u2014 y el resto corresponder\u00eda a \u201calborotadores\u201d respaldados por Estados Unidos. Pezeshkian afirm\u00f3 que la protesta es un \u201cderecho natural de los ciudadanos\u201d, pero distingui\u00f3 entre manifestantes y quienes \u201ctienen las manos manchadas con sangre inocente\u201d.<\/p>\n<p><img loading=\"lazy\" decoding=\"async\" src=\"https:\/\/lobosnews.com.ar\/wp-content\/uploads\/2026\/01\/otra-amenaza-de-iran-a-donald-trump-tenemos-el-dedo-sobre-el-gatillo-2.jpg\" alt=\"El presidente de Estados Unidos, Donald Trump. (AP Foto\/Evan Vucci)\" height=\"4000\" width=\"6000\"\/><\/p>\n<p>No obstante, organizaciones de derechos humanos sostienen que el elevado n\u00famero de v\u00edctimas se debe a disparos directos de las fuerzas de seguridad contra los manifestantes y que la cifra real podr\u00eda superar los <b>20.000 muertos<\/b>. La confirmaci\u00f3n del alcance de la represi\u00f3n se ha visto dificultada por el apag\u00f3n nacional de internet, que seg\u00fan la ONG Netblocks super\u00f3 ya las dos semanas.<\/p>\n<p>\u201cEl c\u00famulo de pruebas que emergen desde Ir\u00e1n muestra que el n\u00famero real de muertos en las protestas es mucho mayor al oficial\u201d, afirm\u00f3 el director de la ONG Iran Human Rights, Mahmood Amiry-Moghaddam, a\u00f1adiendo que la cifra oficial \u201ccarece de credibilidad\u201d. La organizaci\u00f3n asegura haber verificado al menos <b>3.428 <\/b>muertes, mientras que la Human Rights Activists News Agency (HRANA), con sede en Estados Unidos, documenta <b>4.902 <\/b>fallecimientos. Seg\u00fan HRANA, al menos <b>26.541 <\/b>personas han sido detenidas. El jueves, la televisi\u00f3n estatal anunci\u00f3 m\u00e1s de 200 detenciones adicionales en provincias como Kermanshah y Isfah\u00e1n.<\/p>\n<p><i>(Con informaci\u00f3n de AFP)<\/i><\/p>\n","protected":false},"excerpt":{"rendered":"<p>El comandante de la Guardia Revolucionaria de Ir\u00e1n advirti\u00f3 el jueves a Washington que la fuerza mantiene su \u201cdedo en el gatillo\u201d tras las protestas masivas, mientras el presidente de Estados Unidos, Donald Trump, se\u00f1al\u00f3 que Teher\u00e1n a\u00fan parece interesado en dialogar. Las protestas, que comenzaron a finales de diciembre, sacudieron a la dirigencia clerical&#8230;<\/p>\n","protected":false},"author":1,"featured_media":10383,"comment_status":"open","ping_status":"closed","sticky":false,"template":"","format":"standard","meta":{"_jetpack_memberships_contains_paid_content":false,"footnotes":""},"categories":[31],"tags":[],"class_list":["post-10378","post","type-post","status-publish","format-standard","has-post-thumbnail","hentry","category-actualidad"],"magazineBlocksPostFeaturedMedia":{"thumbnail":"https:\/\/lobosnews.com.ar\/wp-content\/uploads\/2026\/01\/otra-amenaza-de-iran-a-donald-trump-tenemos-el-dedo-sobre-el-gatillo-4-150x150.jpg","medium":"https:\/\/lobosnews.com.ar\/wp-content\/uploads\/2026\/01\/otra-amenaza-de-iran-a-donald-trump-tenemos-el-dedo-sobre-el-gatillo-4-300x200.jpg","medium_large":"https:\/\/lobosnews.com.ar\/wp-content\/uploads\/2026\/01\/otra-amenaza-de-iran-a-donald-trump-tenemos-el-dedo-sobre-el-gatillo-4-768x512.jpg","large":"https:\/\/lobosnews.com.ar\/wp-content\/uploads\/2026\/01\/otra-amenaza-de-iran-a-donald-trump-tenemos-el-dedo-sobre-el-gatillo-4-1024x683.jpg","1536x1536":"https:\/\/lobosnews.com.ar\/wp-content\/uploads\/2026\/01\/otra-amenaza-de-iran-a-donald-trump-tenemos-el-dedo-sobre-el-gatillo-4-1536x1024.jpg","2048x2048":"https:\/\/lobosnews.com.ar\/wp-content\/uploads\/2026\/01\/otra-amenaza-de-iran-a-donald-trump-tenemos-el-dedo-sobre-el-gatillo-4-2048x1365.jpg","newsmatic-featured":"https:\/\/lobosnews.com.ar\/wp-content\/uploads\/2026\/01\/otra-amenaza-de-iran-a-donald-trump-tenemos-el-dedo-sobre-el-gatillo-4-820x545.jpg","newsmatic-list":"https:\/\/lobosnews.com.ar\/wp-content\/uploads\/2026\/01\/otra-amenaza-de-iran-a-donald-trump-tenemos-el-dedo-sobre-el-gatillo-4-600x400.jpg","newsmatic-thumb":"https:\/\/lobosnews.com.ar\/wp-content\/uploads\/2026\/01\/otra-amenaza-de-iran-a-donald-trump-tenemos-el-dedo-sobre-el-gatillo-4-300x200.jpg","newsmatic-small":"https:\/\/lobosnews.com.ar\/wp-content\/uploads\/2026\/01\/otra-amenaza-de-iran-a-donald-trump-tenemos-el-dedo-sobre-el-gatillo-4-150x95.jpg","newsmatic-grid":"https:\/\/lobosnews.com.ar\/wp-content\/uploads\/2026\/01\/otra-amenaza-de-iran-a-donald-trump-tenemos-el-dedo-sobre-el-gatillo-4-400x250.jpg"},"magazineBlocksPostAuthor":{"name":"admin","avatar":"https:\/\/secure.gravatar.com\/avatar\/76e419471a2083bc3ceab22a763dbbf9b0c1bd15a6214cf3280e2c2dde4580f9?s=96&d=mm&r=g"},"magazineBlocksPostCommentsNumber":"0","magazineBlocksPostExcerpt":"El comandante de la Guardia Revolucionaria de Ir\u00e1n advirti\u00f3 el jueves a Washington que la fuerza mantiene su \u201cdedo en el gatillo\u201d tras las protestas masivas, mientras el presidente de Estados Unidos, Donald Trump, se\u00f1al\u00f3 que Teher\u00e1n a\u00fan parece interesado en dialogar. Las protestas, que comenzaron a finales de diciembre, sacudieron a la dirigencia clerical...","magazineBlocksPostCategories":["Actualidad"],"magazineBlocksPostViewCount":104,"magazineBlocksPostReadTime":4,"magazine_blocks_featured_image_url":{"full":["https:\/\/lobosnews.com.ar\/wp-content\/uploads\/2026\/01\/otra-amenaza-de-iran-a-donald-trump-tenemos-el-dedo-sobre-el-gatillo-4-scaled.jpg",2560,1706,false],"medium":["https:\/\/lobosnews.com.ar\/wp-content\/uploads\/2026\/01\/otra-amenaza-de-iran-a-donald-trump-tenemos-el-dedo-sobre-el-gatillo-4-300x200.jpg",300,200,true],"thumbnail":["https:\/\/lobosnews.com.ar\/wp-content\/uploads\/2026\/01\/otra-amenaza-de-iran-a-donald-trump-tenemos-el-dedo-sobre-el-gatillo-4-150x150.jpg",150,150,true]},"magazine_blocks_author":{"display_name":"admin","author_link":"https:\/\/lobosnews.com.ar\/index.php\/author\/lobos-news\/"},"magazine_blocks_comment":0,"magazine_blocks_author_image":"https:\/\/secure.gravatar.com\/avatar\/76e419471a2083bc3ceab22a763dbbf9b0c1bd15a6214cf3280e2c2dde4580f9?s=96&d=mm&r=g","magazine_blocks_category":"<a href=\"#\" class=\"category-link category-link-31\">Actualidad<\/a>","yoast_head":"<!-- This site is optimized with the Yoast SEO plugin v26.6 - https:\/\/yoast.com\/wordpress\/plugins\/seo\/ -->\n<title>Otra amenaza de Ir\u00e1n a Donald Trump: \u201cTenemos el dedo sobre el gatillo\u201d - Lobos News<\/title>\n<meta name=\"robots\" content=\"index, follow, max-snippet:-1, max-image-preview:large, max-video-preview:-1\" \/>\n<link rel=\"canonical\" href=\"https:\/\/lobosnews.com.ar\/index.php\/2026\/01\/23\/otra-amenaza-de-iran-a-donald-trump-tenemos-el-dedo-sobre-el-gatillo\/\" \/>\n<meta property=\"og:locale\" content=\"es_ES\" \/>\n<meta property=\"og:type\" content=\"article\" \/>\n<meta property=\"og:title\" content=\"Otra amenaza de Ir\u00e1n a Donald Trump: \u201cTenemos el dedo sobre el gatillo\u201d - Lobos News\" \/>\n<meta property=\"og:description\" content=\"El comandante de la Guardia Revolucionaria de Ir\u00e1n advirti\u00f3 el jueves a Washington que la fuerza mantiene su \u201cdedo en el gatillo\u201d tras las protestas masivas, mientras el presidente de Estados Unidos, Donald Trump, se\u00f1al\u00f3 que Teher\u00e1n a\u00fan parece interesado en dialogar. Las protestas, que comenzaron a finales de diciembre, sacudieron a la dirigencia clerical...\" \/>\n<meta property=\"og:url\" content=\"https:\/\/lobosnews.com.ar\/index.php\/2026\/01\/23\/otra-amenaza-de-iran-a-donald-trump-tenemos-el-dedo-sobre-el-gatillo\/\" \/>\n<meta property=\"og:site_name\" content=\"Lobos News\" \/>\n<meta property=\"article:published_time\" content=\"2026-01-23T00:38:52+00:00\" \/>\n<meta property=\"article:modified_time\" content=\"2026-01-23T05:01:34+00:00\" \/>\n<meta property=\"og:image\" content=\"https:\/\/lobosnews.com.ar\/wp-content\/uploads\/2026\/01\/otra-amenaza-de-iran-a-donald-trump-tenemos-el-dedo-sobre-el-gatillo.jpg\" \/>\n<meta name=\"author\" content=\"admin\" \/>\n<meta name=\"twitter:card\" content=\"summary_large_image\" \/>\n<meta name=\"twitter:label1\" content=\"Escrito por\" \/>\n\t<meta name=\"twitter:data1\" content=\"admin\" \/>\n\t<meta name=\"twitter:label2\" content=\"Tiempo de lectura\" \/>\n\t<meta name=\"twitter:data2\" content=\"4 minutos\" \/>\n<script type=\"application\/ld+json\" class=\"yoast-schema-graph\">{\"@context\":\"https:\/\/schema.org\",\"@graph\":[{\"@type\":\"Article\",\"@id\":\"https:\/\/lobosnews.com.ar\/index.php\/2026\/01\/23\/otra-amenaza-de-iran-a-donald-trump-tenemos-el-dedo-sobre-el-gatillo\/#article\",\"isPartOf\":{\"@id\":\"https:\/\/lobosnews.com.ar\/index.php\/2026\/01\/23\/otra-amenaza-de-iran-a-donald-trump-tenemos-el-dedo-sobre-el-gatillo\/\"},\"author\":{\"name\":\"admin\",\"@id\":\"https:\/\/lobosnews.com.ar\/#\/schema\/person\/232422a593d5c541dd9aef6aaed10943\"},\"headline\":\"Otra amenaza de Ir\u00e1n a Donald Trump: \u201cTenemos el dedo sobre el gatillo\u201d\",\"datePublished\":\"2026-01-23T00:38:52+00:00\",\"dateModified\":\"2026-01-23T05:01:34+00:00\",\"mainEntityOfPage\":{\"@id\":\"https:\/\/lobosnews.com.ar\/index.php\/2026\/01\/23\/otra-amenaza-de-iran-a-donald-trump-tenemos-el-dedo-sobre-el-gatillo\/\"},\"wordCount\":772,\"commentCount\":0,\"publisher\":{\"@id\":\"https:\/\/lobosnews.com.ar\/#organization\"},\"image\":{\"@id\":\"https:\/\/lobosnews.com.ar\/index.php\/2026\/01\/23\/otra-amenaza-de-iran-a-donald-trump-tenemos-el-dedo-sobre-el-gatillo\/#primaryimage\"},\"thumbnailUrl\":\"https:\/\/lobosnews.com.ar\/wp-content\/uploads\/2026\/01\/otra-amenaza-de-iran-a-donald-trump-tenemos-el-dedo-sobre-el-gatillo-4-scaled.jpg\",\"articleSection\":[\"Actualidad\"],\"inLanguage\":\"es\",\"potentialAction\":[{\"@type\":\"CommentAction\",\"name\":\"Comment\",\"target\":[\"https:\/\/lobosnews.com.ar\/index.php\/2026\/01\/23\/otra-amenaza-de-iran-a-donald-trump-tenemos-el-dedo-sobre-el-gatillo\/#respond\"]}]},{\"@type\":\"WebPage\",\"@id\":\"https:\/\/lobosnews.com.ar\/index.php\/2026\/01\/23\/otra-amenaza-de-iran-a-donald-trump-tenemos-el-dedo-sobre-el-gatillo\/\",\"url\":\"https:\/\/lobosnews.com.ar\/index.php\/2026\/01\/23\/otra-amenaza-de-iran-a-donald-trump-tenemos-el-dedo-sobre-el-gatillo\/\",\"name\":\"Otra amenaza de Ir\u00e1n a Donald Trump: \u201cTenemos el dedo sobre el gatillo\u201d - Lobos News\",\"isPartOf\":{\"@id\":\"https:\/\/lobosnews.com.ar\/#website\"},\"primaryImageOfPage\":{\"@id\":\"https:\/\/lobosnews.com.ar\/index.php\/2026\/01\/23\/otra-amenaza-de-iran-a-donald-trump-tenemos-el-dedo-sobre-el-gatillo\/#primaryimage\"},\"image\":{\"@id\":\"https:\/\/lobosnews.com.ar\/index.php\/2026\/01\/23\/otra-amenaza-de-iran-a-donald-trump-tenemos-el-dedo-sobre-el-gatillo\/#primaryimage\"},\"thumbnailUrl\":\"https:\/\/lobosnews.com.ar\/wp-content\/uploads\/2026\/01\/otra-amenaza-de-iran-a-donald-trump-tenemos-el-dedo-sobre-el-gatillo-4-scaled.jpg\",\"datePublished\":\"2026-01-23T00:38:52+00:00\",\"dateModified\":\"2026-01-23T05:01:34+00:00\",\"breadcrumb\":{\"@id\":\"https:\/\/lobosnews.com.ar\/index.php\/2026\/01\/23\/otra-amenaza-de-iran-a-donald-trump-tenemos-el-dedo-sobre-el-gatillo\/#breadcrumb\"},\"inLanguage\":\"es\",\"potentialAction\":[{\"@type\":\"ReadAction\",\"target\":[\"https:\/\/lobosnews.com.ar\/index.php\/2026\/01\/23\/otra-amenaza-de-iran-a-donald-trump-tenemos-el-dedo-sobre-el-gatillo\/\"]}]},{\"@type\":\"ImageObject\",\"inLanguage\":\"es\",\"@id\":\"https:\/\/lobosnews.com.ar\/index.php\/2026\/01\/23\/otra-amenaza-de-iran-a-donald-trump-tenemos-el-dedo-sobre-el-gatillo\/#primaryimage\",\"url\":\"https:\/\/lobosnews.com.ar\/wp-content\/uploads\/2026\/01\/otra-amenaza-de-iran-a-donald-trump-tenemos-el-dedo-sobre-el-gatillo-4-scaled.jpg\",\"contentUrl\":\"https:\/\/lobosnews.com.ar\/wp-content\/uploads\/2026\/01\/otra-amenaza-de-iran-a-donald-trump-tenemos-el-dedo-sobre-el-gatillo-4-scaled.jpg\",\"width\":2560,\"height\":1706,\"caption\":\"Otra amenaza de Ir\u00e1n a Donald Trump: \u201cTenemos el dedo sobre el gatillo\u201d\"},{\"@type\":\"BreadcrumbList\",\"@id\":\"https:\/\/lobosnews.com.ar\/index.php\/2026\/01\/23\/otra-amenaza-de-iran-a-donald-trump-tenemos-el-dedo-sobre-el-gatillo\/#breadcrumb\",\"itemListElement\":[{\"@type\":\"ListItem\",\"position\":1,\"name\":\"Portada\",\"item\":\"https:\/\/lobosnews.com.ar\/\"},{\"@type\":\"ListItem\",\"position\":2,\"name\":\"Otra amenaza de Ir\u00e1n a Donald Trump: \u201cTenemos el dedo sobre el gatillo\u201d\"}]},{\"@type\":\"WebSite\",\"@id\":\"https:\/\/lobosnews.com.ar\/#website\",\"url\":\"https:\/\/lobosnews.com.ar\/\",\"name\":\"Lobos News\",\"description\":\"Informaci\u00f3n a cada instante\",\"publisher\":{\"@id\":\"https:\/\/lobosnews.com.ar\/#organization\"},\"potentialAction\":[{\"@type\":\"SearchAction\",\"target\":{\"@type\":\"EntryPoint\",\"urlTemplate\":\"https:\/\/lobosnews.com.ar\/?s={search_term_string}\"},\"query-input\":{\"@type\":\"PropertyValueSpecification\",\"valueRequired\":true,\"valueName\":\"search_term_string\"}}],\"inLanguage\":\"es\"},{\"@type\":\"Organization\",\"@id\":\"https:\/\/lobosnews.com.ar\/#organization\",\"name\":\"Lobos News\",\"url\":\"https:\/\/lobosnews.com.ar\/\",\"logo\":{\"@type\":\"ImageObject\",\"inLanguage\":\"es\",\"@id\":\"https:\/\/lobosnews.com.ar\/#\/schema\/logo\/image\/\",\"url\":\"https:\/\/lobosnews.com.ar\/wp-content\/uploads\/2026\/01\/logo-lobosnews.png\",\"contentUrl\":\"https:\/\/lobosnews.com.ar\/wp-content\/uploads\/2026\/01\/logo-lobosnews.png\",\"width\":500,\"height\":200,\"caption\":\"Lobos News\"},\"image\":{\"@id\":\"https:\/\/lobosnews.com.ar\/#\/schema\/logo\/image\/\"}},{\"@type\":\"Person\",\"@id\":\"https:\/\/lobosnews.com.ar\/#\/schema\/person\/232422a593d5c541dd9aef6aaed10943\",\"name\":\"admin\",\"image\":{\"@type\":\"ImageObject\",\"inLanguage\":\"es\",\"@id\":\"https:\/\/lobosnews.com.ar\/#\/schema\/person\/image\/\",\"url\":\"https:\/\/secure.gravatar.com\/avatar\/76e419471a2083bc3ceab22a763dbbf9b0c1bd15a6214cf3280e2c2dde4580f9?s=96&d=mm&r=g\",\"contentUrl\":\"https:\/\/secure.gravatar.com\/avatar\/76e419471a2083bc3ceab22a763dbbf9b0c1bd15a6214cf3280e2c2dde4580f9?s=96&d=mm&r=g\",\"caption\":\"admin\"},\"sameAs\":[\"https:\/\/lobosnews.com.ar\"],\"url\":\"https:\/\/lobosnews.com.ar\/index.php\/author\/lobos-news\/\"}]}<\/script>\n<!-- \/ Yoast SEO plugin. -->","yoast_head_json":{"title":"Otra amenaza de Ir\u00e1n a Donald Trump: \u201cTenemos el dedo sobre el gatillo\u201d - Lobos News","robots":{"index":"index","follow":"follow","max-snippet":"max-snippet:-1","max-image-preview":"max-image-preview:large","max-video-preview":"max-video-preview:-1"},"canonical":"https:\/\/lobosnews.com.ar\/index.php\/2026\/01\/23\/otra-amenaza-de-iran-a-donald-trump-tenemos-el-dedo-sobre-el-gatillo\/","og_locale":"es_ES","og_type":"article","og_title":"Otra amenaza de Ir\u00e1n a Donald Trump: \u201cTenemos el dedo sobre el gatillo\u201d - Lobos News","og_description":"El comandante de la Guardia Revolucionaria de Ir\u00e1n advirti\u00f3 el jueves a Washington que la fuerza mantiene su \u201cdedo en el gatillo\u201d tras las protestas masivas, mientras el presidente de Estados Unidos, Donald Trump, se\u00f1al\u00f3 que Teher\u00e1n a\u00fan parece interesado en dialogar. Las protestas, que comenzaron a finales de diciembre, sacudieron a la dirigencia clerical...","og_url":"https:\/\/lobosnews.com.ar\/index.php\/2026\/01\/23\/otra-amenaza-de-iran-a-donald-trump-tenemos-el-dedo-sobre-el-gatillo\/","og_site_name":"Lobos News","article_published_time":"2026-01-23T00:38:52+00:00","article_modified_time":"2026-01-23T05:01:34+00:00","og_image":[{"url":"https:\/\/lobosnews.com.ar\/wp-content\/uploads\/2026\/01\/otra-amenaza-de-iran-a-donald-trump-tenemos-el-dedo-sobre-el-gatillo.jpg","type":"","width":"","height":""}],"author":"admin","twitter_card":"summary_large_image","twitter_misc":{"Escrito por":"admin","Tiempo de lectura":"4 minutos"},"schema":{"@context":"https:\/\/schema.org","@graph":[{"@type":"Article","@id":"https:\/\/lobosnews.com.ar\/index.php\/2026\/01\/23\/otra-amenaza-de-iran-a-donald-trump-tenemos-el-dedo-sobre-el-gatillo\/#article","isPartOf":{"@id":"https:\/\/lobosnews.com.ar\/index.php\/2026\/01\/23\/otra-amenaza-de-iran-a-donald-trump-tenemos-el-dedo-sobre-el-gatillo\/"},"author":{"name":"admin","@id":"https:\/\/lobosnews.com.ar\/#\/schema\/person\/232422a593d5c541dd9aef6aaed10943"},"headline":"Otra amenaza de Ir\u00e1n a Donald Trump: \u201cTenemos el dedo sobre el gatillo\u201d","datePublished":"2026-01-23T00:38:52+00:00","dateModified":"2026-01-23T05:01:34+00:00","mainEntityOfPage":{"@id":"https:\/\/lobosnews.com.ar\/index.php\/2026\/01\/23\/otra-amenaza-de-iran-a-donald-trump-tenemos-el-dedo-sobre-el-gatillo\/"},"wordCount":772,"commentCount":0,"publisher":{"@id":"https:\/\/lobosnews.com.ar\/#organization"},"image":{"@id":"https:\/\/lobosnews.com.ar\/index.php\/2026\/01\/23\/otra-amenaza-de-iran-a-donald-trump-tenemos-el-dedo-sobre-el-gatillo\/#primaryimage"},"thumbnailUrl":"https:\/\/lobosnews.com.ar\/wp-content\/uploads\/2026\/01\/otra-amenaza-de-iran-a-donald-trump-tenemos-el-dedo-sobre-el-gatillo-4-scaled.jpg","articleSection":["Actualidad"],"inLanguage":"es","potentialAction":[{"@type":"CommentAction","name":"Comment","target":["https:\/\/lobosnews.com.ar\/index.php\/2026\/01\/23\/otra-amenaza-de-iran-a-donald-trump-tenemos-el-dedo-sobre-el-gatillo\/#respond"]}]},{"@type":"WebPage","@id":"https:\/\/lobosnews.com.ar\/index.php\/2026\/01\/23\/otra-amenaza-de-iran-a-donald-trump-tenemos-el-dedo-sobre-el-gatillo\/","url":"https:\/\/lobosnews.com.ar\/index.php\/2026\/01\/23\/otra-amenaza-de-iran-a-donald-trump-tenemos-el-dedo-sobre-el-gatillo\/","name":"Otra amenaza de Ir\u00e1n a Donald Trump: \u201cTenemos el dedo sobre el gatillo\u201d - Lobos News","isPartOf":{"@id":"https:\/\/lobosnews.com.ar\/#website"},"primaryImageOfPage":{"@id":"https:\/\/lobosnews.com.ar\/index.php\/2026\/01\/23\/otra-amenaza-de-iran-a-donald-trump-tenemos-el-dedo-sobre-el-gatillo\/#primaryimage"},"image":{"@id":"https:\/\/lobosnews.com.ar\/index.php\/2026\/01\/23\/otra-amenaza-de-iran-a-donald-trump-tenemos-el-dedo-sobre-el-gatillo\/#primaryimage"},"thumbnailUrl":"https:\/\/lobosnews.com.ar\/wp-content\/uploads\/2026\/01\/otra-amenaza-de-iran-a-donald-trump-tenemos-el-dedo-sobre-el-gatillo-4-scaled.jpg","datePublished":"2026-01-23T00:38:52+00:00","dateModified":"2026-01-23T05:01:34+00:00","breadcrumb":{"@id":"https:\/\/lobosnews.com.ar\/index.php\/2026\/01\/23\/otra-amenaza-de-iran-a-donald-trump-tenemos-el-dedo-sobre-el-gatillo\/#breadcrumb"},"inLanguage":"es","potentialAction":[{"@type":"ReadAction","target":["https:\/\/lobosnews.com.ar\/index.php\/2026\/01\/23\/otra-amenaza-de-iran-a-donald-trump-tenemos-el-dedo-sobre-el-gatillo\/"]}]},{"@type":"ImageObject","inLanguage":"es","@id":"https:\/\/lobosnews.com.ar\/index.php\/2026\/01\/23\/otra-amenaza-de-iran-a-donald-trump-tenemos-el-dedo-sobre-el-gatillo\/#primaryimage","url":"https:\/\/lobosnews.com.ar\/wp-content\/uploads\/2026\/01\/otra-amenaza-de-iran-a-donald-trump-tenemos-el-dedo-sobre-el-gatillo-4-scaled.jpg","contentUrl":"https:\/\/lobosnews.com.ar\/wp-content\/uploads\/2026\/01\/otra-amenaza-de-iran-a-donald-trump-tenemos-el-dedo-sobre-el-gatillo-4-scaled.jpg","width":2560,"height":1706,"caption":"Otra amenaza de Ir\u00e1n a Donald Trump: \u201cTenemos el dedo sobre el gatillo\u201d"},{"@type":"BreadcrumbList","@id":"https:\/\/lobosnews.com.ar\/index.php\/2026\/01\/23\/otra-amenaza-de-iran-a-donald-trump-tenemos-el-dedo-sobre-el-gatillo\/#breadcrumb","itemListElement":[{"@type":"ListItem","position":1,"name":"Portada","item":"https:\/\/lobosnews.com.ar\/"},{"@type":"ListItem","position":2,"name":"Otra amenaza de Ir\u00e1n a Donald Trump: \u201cTenemos el dedo sobre el gatillo\u201d"}]},{"@type":"WebSite","@id":"https:\/\/lobosnews.com.ar\/#website","url":"https:\/\/lobosnews.com.ar\/","name":"Lobos News","description":"Informaci\u00f3n a cada instante","publisher":{"@id":"https:\/\/lobosnews.com.ar\/#organization"},"potentialAction":[{"@type":"SearchAction","target":{"@type":"EntryPoint","urlTemplate":"https:\/\/lobosnews.com.ar\/?s={search_term_string}"},"query-input":{"@type":"PropertyValueSpecification","valueRequired":true,"valueName":"search_term_string"}}],"inLanguage":"es"},{"@type":"Organization","@id":"https:\/\/lobosnews.com.ar\/#organization","name":"Lobos News","url":"https:\/\/lobosnews.com.ar\/","logo":{"@type":"ImageObject","inLanguage":"es","@id":"https:\/\/lobosnews.com.ar\/#\/schema\/logo\/image\/","url":"https:\/\/lobosnews.com.ar\/wp-content\/uploads\/2026\/01\/logo-lobosnews.png","contentUrl":"https:\/\/lobosnews.com.ar\/wp-content\/uploads\/2026\/01\/logo-lobosnews.png","width":500,"height":200,"caption":"Lobos News"},"image":{"@id":"https:\/\/lobosnews.com.ar\/#\/schema\/logo\/image\/"}},{"@type":"Person","@id":"https:\/\/lobosnews.com.ar\/#\/schema\/person\/232422a593d5c541dd9aef6aaed10943","name":"admin","image":{"@type":"ImageObject","inLanguage":"es","@id":"https:\/\/lobosnews.com.ar\/#\/schema\/person\/image\/","url":"https:\/\/secure.gravatar.com\/avatar\/76e419471a2083bc3ceab22a763dbbf9b0c1bd15a6214cf3280e2c2dde4580f9?s=96&d=mm&r=g","contentUrl":"https:\/\/secure.gravatar.com\/avatar\/76e419471a2083bc3ceab22a763dbbf9b0c1bd15a6214cf3280e2c2dde4580f9?s=96&d=mm&r=g","caption":"admin"},"sameAs":["https:\/\/lobosnews.com.ar"],"url":"https:\/\/lobosnews.com.ar\/index.php\/author\/lobos-news\/"}]}},"jetpack_featured_media_url":"https:\/\/lobosnews.com.ar\/wp-content\/uploads\/2026\/01\/otra-amenaza-de-iran-a-donald-trump-tenemos-el-dedo-sobre-el-gatillo-4-scaled.jpg","jetpack_sharing_enabled":true,"_links":{"self":[{"href":"https:\/\/lobosnews.com.ar\/index.php\/wp-json\/wp\/v2\/posts\/10378","targetHints":{"allow":["GET"]}}],"collection":[{"href":"https:\/\/lobosnews.com.ar\/index.php\/wp-json\/wp\/v2\/posts"}],"about":[{"href":"https:\/\/lobosnews.com.ar\/index.php\/wp-json\/wp\/v2\/types\/post"}],"author":[{"embeddable":true,"href":"https:\/\/lobosnews.com.ar\/index.php\/wp-json\/wp\/v2\/users\/1"}],"replies":[{"embeddable":true,"href":"https:\/\/lobosnews.com.ar\/index.php\/wp-json\/wp\/v2\/comments?post=10378"}],"version-history":[{"count":1,"href":"https:\/\/lobosnews.com.ar\/index.php\/wp-json\/wp\/v2\/posts\/10378\/revisions"}],"predecessor-version":[{"id":10382,"href":"https:\/\/lobosnews.com.ar\/index.php\/wp-json\/wp\/v2\/posts\/10378\/revisions\/10382"}],"wp:featuredmedia":[{"embeddable":true,"href":"https:\/\/lobosnews.com.ar\/index.php\/wp-json\/wp\/v2\/media\/10383"}],"wp:attachment":[{"href":"https:\/\/lobosnews.com.ar\/index.php\/wp-json\/wp\/v2\/media?parent=10378"}],"wp:term":[{"taxonomy":"category","embeddable":true,"href":"https:\/\/lobosnews.com.ar\/index.php\/wp-json\/wp\/v2\/categories?post=10378"},{"taxonomy":"post_tag","embeddable":true,"href":"https:\/\/lobosnews.com.ar\/index.php\/wp-json\/wp\/v2\/tags?post=10378"}],"curies":[{"name":"wp","href":"https:\/\/api.w.org\/{rel}","templated":true}]}}