{"id":10371,"date":"2026-01-23T00:40:57","date_gmt":"2026-01-23T00:40:57","guid":{"rendered":"https:\/\/lobosnews.com.ar\/index.php\/2026\/01\/23\/donald-trump-dijo-que-una-flota-militar-de-estados-unidos-se-dirige-hacia-aguas-cercanas-a-iran-veremos-que-sucede\/"},"modified":"2026-01-23T05:01:27","modified_gmt":"2026-01-23T05:01:27","slug":"donald-trump-dijo-que-una-flota-militar-de-estados-unidos-se-dirige-hacia-aguas-cercanas-a-iran-veremos-que-sucede","status":"publish","type":"post","link":"https:\/\/lobosnews.com.ar\/index.php\/2026\/01\/23\/donald-trump-dijo-que-una-flota-militar-de-estados-unidos-se-dirige-hacia-aguas-cercanas-a-iran-veremos-que-sucede\/","title":{"rendered":"Donald Trump dijo que una flota militar de Estados Unidos se dirige hacia aguas cercanas a Ir\u00e1n: \u201cVeremos qu\u00e9 sucede\u201d"},"content":{"rendered":"<p><img loading=\"lazy\" decoding=\"async\" src=\"https:\/\/lobosnews.com.ar\/wp-content\/uploads\/2026\/01\/donald-trump-dijo-que-una-flota-militar-de-estados-unidos-se-dirige-hacia-aguas-cercanas-a-iran-veremos-que-sucede.jpg\" alt=\"El presidente de Estados Unidos, Donald Trump, durante una conferencia de prensa en Palm Beach (Europa Press)\" height=\"1281\" width=\"1920\"\/><\/p>\n<p>El presidente de Estados Unidos, <b>Donald Trump<\/b>, anunci\u00f3 el env\u00edo de una <b>gran flota militar<\/b> hacia las aguas cercanas a <b>Ir\u00e1n <\/b>y pidi\u00f3 al r\u00e9gimen teocr\u00e1tico que detenga la <b>represi\u00f3n contra los manifestantes<\/b> que participan en protestas por la situaci\u00f3n econ\u00f3mica.<\/p>\n<p>La advertencia de <b>Donald Trump<\/b> se produjo durante una conversaci\u00f3n con periodistas a bordo del Air Force One, despu\u00e9s de su regreso del <b>Foro Econ\u00f3mico Mundial en Davos<\/b>. <\/p>\n<p>El mandatario estadounidense afirm\u00f3 que <b>\u201ctenemos muchos barcos dirigi\u00e9ndose en esa direcci\u00f3n, por si acaso\u201d<\/b>.<\/p>\n<p><b>\u201cVeremos qu\u00e9 sucede\u201d<\/b>, a\u00f1adi\u00f3 al referirse al despliegue militar.<\/p>\n<p>El anuncio coincide con semanas de movilizaciones masivas en <b>Ir\u00e1n<\/b> en respuesta al deterioro de las condiciones econ\u00f3micas y a las restricciones impuestas por los ayatollahs. <\/p>\n<p>Las manifestaciones han estado marcadas por una fuerte respuesta de las fuerzas de seguridad. Seg\u00fan cifras oficiales del r\u00e9gimen iran\u00ed,<b> m\u00e1s de 3.000 personas han muerto<\/b>, aunque las autoridades atribuyen la mayor\u00eda de estas muertes a \u201cincidentes terroristas\u201d.<\/p>\n<p><img loading=\"lazy\" decoding=\"async\" src=\"https:\/\/lobosnews.com.ar\/wp-content\/uploads\/2026\/01\/donald-trump-dijo-que-una-flota-militar-de-estados-unidos-se-dirige-hacia-aguas-cercanas-a-iran-veremos-que-sucede-1.jpg\" alt=\"La advertencia de Donald Trump a Ir\u00e1n se produjo durante una conversaci\u00f3n con periodistas a bordo del Air Force One, despu\u00e9s de su regreso del Foro Econ\u00f3mico Mundial en Davos (Europa Press)\" height=\"1280\" width=\"1920\"\/><\/p>\n<p>Trump asegur\u00f3 que su administraci\u00f3n monitorea de cerca la situaci\u00f3n y sostuvo que <b>\u201cpreferir\u00eda que no pasara nada, pero los estamos vigilando muy de cerca\u201d<\/b>. Adem\u00e1s, afirm\u00f3 haber impedido la ejecuci\u00f3n de m\u00e1s de 800 manifestantes en Ir\u00e1n despu\u00e9s de ejercer presi\u00f3n diplom\u00e1tica sobre Teher\u00e1n. <\/p>\n<p><b>\u201cDetuve 837 ejecuciones el jueves pasado. De lo contrario, habr\u00edan muerto. Todos habr\u00edan sido ahorcados\u201d<\/b>, sostuvo el presidente.<\/p>\n<p>El despliegue de la marina estadounidense incluye, seg\u00fan expertos en defensa, el portaaviones de propulsi\u00f3n nuclear <b>USS Abraham Lincoln<\/b>, junto con su grupo de ataque, que fueron vistos saliendo del mar Meridional en direcci\u00f3n al oc\u00e9ano \u00cdndico. La presencia de estos buques en la regi\u00f3n tiene como objetivo aumentar la presi\u00f3n sobre <b>Ir\u00e1n<\/b> y disuadir acciones represivas adicionales contra la poblaci\u00f3n civil.<\/p>\n<p>Consultado sobre si su gobierno busca la salida del l\u00edder supremo iran\u00ed, <b>Ali Khamenei<\/b>, <b>Trump<\/b> evit\u00f3 dar detalles.<\/p>\n<p><img loading=\"lazy\" decoding=\"async\" src=\"https:\/\/lobosnews.com.ar\/wp-content\/uploads\/2026\/01\/donald-trump-dijo-que-una-flota-militar-de-estados-unidos-se-dirige-hacia-aguas-cercanas-a-iran-veremos-que-sucede-2.jpg\" alt=\"Consultado sobre si su gobierno busca la salida del l\u00edder supremo iran\u00ed, Ali Khamenei, Trump evit\u00f3 dar detalles (Gian Ehrenzeller\/Keystone via AP)\" height=\"2402\" width=\"3603\"\/><\/p>\n<p><b>\u201cNo quiero entrar en detalles. El caso es que ellos saben lo que buscamos. Se est\u00e1n cometiendo muchos asesinatos\u201d<\/b>, dijo.<\/p>\n<p>El mandatario estadounidense ha insistido en que el r\u00e9gimen iran\u00ed debe terminar con la violencia contra los manifestantes y responder a las demandas de la sociedad.<\/p>\n<p>La tensi\u00f3n entre <b>Estados Unidos<\/b> e <b>Ir\u00e1n<\/b> se ha incrementado en los \u00faltimos a\u00f1os, especialmente tras la decisi\u00f3n de la administraci\u00f3n Trump de abandonar el <b>acuerdo nuclear en 2018<\/b> y restablecer sanciones econ\u00f3micas sobre Teher\u00e1n. Las autoridades estadounidenses aseguran que sus acciones buscan <b>frenar el desarrollo de armas nucleares<\/b> y limitar la influencia regional de Ir\u00e1n en Medio Oriente.<\/p>\n<p>Las protestas en <b>Ir\u00e1n<\/b> comenzaron tras el agravamiento de la crisis econ\u00f3mica y la devaluaci\u00f3n de la moneda nacional. El malestar social por la inflaci\u00f3n y la falta de oportunidades laborales ha generado una ola de descontento que se ha extendido por varias ciudades. Organizaciones internacionales han alertado sobre el<b> uso excesivo de la fuerza <\/b>por parte de las autoridades iran\u00edes contra manifestantes y han pedido respeto por los derechos humanos.<\/p>\n<p><img loading=\"lazy\" decoding=\"async\" src=\"https:\/\/lobosnews.com.ar\/wp-content\/uploads\/2026\/01\/donald-trump-dijo-que-una-flota-militar-de-estados-unidos-se-dirige-hacia-aguas-cercanas-a-iran-veremos-que-sucede-3.jpg\" alt=\"Las protestas en Ir\u00e1n comenzaron tras el agravamiento de la crisis econ\u00f3mica y la devaluaci\u00f3n de la moneda nacional (Europa Press) \" height=\"1440\" width=\"1920\"\/><\/p>\n<p><b>Trump<\/b> reiter\u00f3 que prefiere evitar un conflicto armado, pero advirti\u00f3 que su gobierno est\u00e1 preparado para responder en caso de que la situaci\u00f3n se deteriore a\u00fan m\u00e1s. <\/p>\n<p><b>\u201cTal vez no tengamos que usarla, pero la flota est\u00e1 en camino\u201d<\/b>, repiti\u00f3 en varias ocasiones. El mandatario ha insistido en que la presi\u00f3n internacional puede lograr cambios en la actitud del r\u00e9gimen iran\u00ed y evitar m\u00e1s v\u00edctimas entre la poblaci\u00f3n civil.<\/p>\n<p><i>(Con informaci\u00f3n de EFE y AFP)<\/i><\/p>\n","protected":false},"excerpt":{"rendered":"<p>El presidente de Estados Unidos, Donald Trump, anunci\u00f3 el env\u00edo de una gran flota militar hacia las aguas cercanas a Ir\u00e1n y pidi\u00f3 al r\u00e9gimen teocr\u00e1tico que detenga la represi\u00f3n contra los manifestantes que participan en protestas por la situaci\u00f3n econ\u00f3mica. La advertencia de Donald Trump se produjo durante una conversaci\u00f3n con periodistas a bordo&#8230;<\/p>\n","protected":false},"author":1,"featured_media":10377,"comment_status":"open","ping_status":"closed","sticky":false,"template":"","format":"standard","meta":{"_jetpack_memberships_contains_paid_content":false,"footnotes":""},"categories":[31],"tags":[],"class_list":["post-10371","post","type-post","status-publish","format-standard","has-post-thumbnail","hentry","category-actualidad"],"magazineBlocksPostFeaturedMedia":{"thumbnail":"https:\/\/lobosnews.com.ar\/wp-content\/uploads\/2026\/01\/donald-trump-dijo-que-una-flota-militar-de-estados-unidos-se-dirige-hacia-aguas-cercanas-a-iran-veremos-que-sucede-6-150x150.jpg","medium":"https:\/\/lobosnews.com.ar\/wp-content\/uploads\/2026\/01\/donald-trump-dijo-que-una-flota-militar-de-estados-unidos-se-dirige-hacia-aguas-cercanas-a-iran-veremos-que-sucede-6-300x225.jpg","medium_large":"https:\/\/lobosnews.com.ar\/wp-content\/uploads\/2026\/01\/donald-trump-dijo-que-una-flota-militar-de-estados-unidos-se-dirige-hacia-aguas-cercanas-a-iran-veremos-que-sucede-6-768x576.jpg","large":"https:\/\/lobosnews.com.ar\/wp-content\/uploads\/2026\/01\/donald-trump-dijo-que-una-flota-militar-de-estados-unidos-se-dirige-hacia-aguas-cercanas-a-iran-veremos-que-sucede-6-1024x768.jpg","1536x1536":"https:\/\/lobosnews.com.ar\/wp-content\/uploads\/2026\/01\/donald-trump-dijo-que-una-flota-militar-de-estados-unidos-se-dirige-hacia-aguas-cercanas-a-iran-veremos-que-sucede-6-1536x1152.jpg","2048x2048":"https:\/\/lobosnews.com.ar\/wp-content\/uploads\/2026\/01\/donald-trump-dijo-que-una-flota-militar-de-estados-unidos-se-dirige-hacia-aguas-cercanas-a-iran-veremos-que-sucede-6.jpg","newsmatic-featured":"https:\/\/lobosnews.com.ar\/wp-content\/uploads\/2026\/01\/donald-trump-dijo-que-una-flota-militar-de-estados-unidos-se-dirige-hacia-aguas-cercanas-a-iran-veremos-que-sucede-6-820x545.jpg","newsmatic-list":"https:\/\/lobosnews.com.ar\/wp-content\/uploads\/2026\/01\/donald-trump-dijo-que-una-flota-militar-de-estados-unidos-se-dirige-hacia-aguas-cercanas-a-iran-veremos-que-sucede-6-600x400.jpg","newsmatic-thumb":"https:\/\/lobosnews.com.ar\/wp-content\/uploads\/2026\/01\/donald-trump-dijo-que-una-flota-militar-de-estados-unidos-se-dirige-hacia-aguas-cercanas-a-iran-veremos-que-sucede-6-300x200.jpg","newsmatic-small":"https:\/\/lobosnews.com.ar\/wp-content\/uploads\/2026\/01\/donald-trump-dijo-que-una-flota-militar-de-estados-unidos-se-dirige-hacia-aguas-cercanas-a-iran-veremos-que-sucede-6-150x95.jpg","newsmatic-grid":"https:\/\/lobosnews.com.ar\/wp-content\/uploads\/2026\/01\/donald-trump-dijo-que-una-flota-militar-de-estados-unidos-se-dirige-hacia-aguas-cercanas-a-iran-veremos-que-sucede-6-400x250.jpg"},"magazineBlocksPostAuthor":{"name":"admin","avatar":"https:\/\/secure.gravatar.com\/avatar\/76e419471a2083bc3ceab22a763dbbf9b0c1bd15a6214cf3280e2c2dde4580f9?s=96&d=mm&r=g"},"magazineBlocksPostCommentsNumber":"0","magazineBlocksPostExcerpt":"El presidente de Estados Unidos, Donald Trump, anunci\u00f3 el env\u00edo de una gran flota militar hacia las aguas cercanas a Ir\u00e1n y pidi\u00f3 al r\u00e9gimen teocr\u00e1tico que detenga la represi\u00f3n contra los manifestantes que participan en protestas por la situaci\u00f3n econ\u00f3mica. La advertencia de Donald Trump se produjo durante una conversaci\u00f3n con periodistas a bordo...","magazineBlocksPostCategories":["Actualidad"],"magazineBlocksPostViewCount":158,"magazineBlocksPostReadTime":4,"magazine_blocks_featured_image_url":{"full":["https:\/\/lobosnews.com.ar\/wp-content\/uploads\/2026\/01\/donald-trump-dijo-que-una-flota-militar-de-estados-unidos-se-dirige-hacia-aguas-cercanas-a-iran-veremos-que-sucede-6.jpg",1920,1440,false],"medium":["https:\/\/lobosnews.com.ar\/wp-content\/uploads\/2026\/01\/donald-trump-dijo-que-una-flota-militar-de-estados-unidos-se-dirige-hacia-aguas-cercanas-a-iran-veremos-que-sucede-6-300x225.jpg",300,225,true],"thumbnail":["https:\/\/lobosnews.com.ar\/wp-content\/uploads\/2026\/01\/donald-trump-dijo-que-una-flota-militar-de-estados-unidos-se-dirige-hacia-aguas-cercanas-a-iran-veremos-que-sucede-6-150x150.jpg",150,150,true]},"magazine_blocks_author":{"display_name":"admin","author_link":"https:\/\/lobosnews.com.ar\/index.php\/author\/lobos-news\/"},"magazine_blocks_comment":0,"magazine_blocks_author_image":"https:\/\/secure.gravatar.com\/avatar\/76e419471a2083bc3ceab22a763dbbf9b0c1bd15a6214cf3280e2c2dde4580f9?s=96&d=mm&r=g","magazine_blocks_category":"<a href=\"#\" class=\"category-link category-link-31\">Actualidad<\/a>","yoast_head":"<!-- This site is optimized with the Yoast SEO plugin v26.6 - https:\/\/yoast.com\/wordpress\/plugins\/seo\/ -->\n<title>Donald Trump dijo que una flota militar de Estados Unidos se dirige hacia aguas cercanas a Ir\u00e1n: \u201cVeremos qu\u00e9 sucede\u201d - Lobos News<\/title>\n<meta name=\"robots\" content=\"index, follow, max-snippet:-1, max-image-preview:large, max-video-preview:-1\" \/>\n<link rel=\"canonical\" href=\"https:\/\/lobosnews.com.ar\/index.php\/2026\/01\/23\/donald-trump-dijo-que-una-flota-militar-de-estados-unidos-se-dirige-hacia-aguas-cercanas-a-iran-veremos-que-sucede\/\" \/>\n<meta property=\"og:locale\" content=\"es_ES\" \/>\n<meta property=\"og:type\" content=\"article\" \/>\n<meta property=\"og:title\" content=\"Donald Trump dijo que una flota militar de Estados Unidos se dirige hacia aguas cercanas a Ir\u00e1n: \u201cVeremos qu\u00e9 sucede\u201d - Lobos News\" \/>\n<meta property=\"og:description\" content=\"El presidente de Estados Unidos, Donald Trump, anunci\u00f3 el env\u00edo de una gran flota militar hacia las aguas cercanas a Ir\u00e1n y pidi\u00f3 al r\u00e9gimen teocr\u00e1tico que detenga la represi\u00f3n contra los manifestantes que participan en protestas por la situaci\u00f3n econ\u00f3mica. La advertencia de Donald Trump se produjo durante una conversaci\u00f3n con periodistas a bordo...\" \/>\n<meta property=\"og:url\" content=\"https:\/\/lobosnews.com.ar\/index.php\/2026\/01\/23\/donald-trump-dijo-que-una-flota-militar-de-estados-unidos-se-dirige-hacia-aguas-cercanas-a-iran-veremos-que-sucede\/\" \/>\n<meta property=\"og:site_name\" content=\"Lobos News\" \/>\n<meta property=\"article:published_time\" content=\"2026-01-23T00:40:57+00:00\" \/>\n<meta property=\"article:modified_time\" content=\"2026-01-23T05:01:27+00:00\" \/>\n<meta property=\"og:image\" content=\"https:\/\/lobosnews.com.ar\/wp-content\/uploads\/2026\/01\/donald-trump-dijo-que-una-flota-militar-de-estados-unidos-se-dirige-hacia-aguas-cercanas-a-iran-veremos-que-sucede.jpg\" \/>\n<meta name=\"author\" content=\"admin\" \/>\n<meta name=\"twitter:card\" content=\"summary_large_image\" \/>\n<meta name=\"twitter:label1\" content=\"Escrito por\" \/>\n\t<meta name=\"twitter:data1\" content=\"admin\" \/>\n\t<meta name=\"twitter:label2\" content=\"Tiempo de lectura\" \/>\n\t<meta name=\"twitter:data2\" content=\"3 minutos\" \/>\n<script type=\"application\/ld+json\" class=\"yoast-schema-graph\">{\"@context\":\"https:\/\/schema.org\",\"@graph\":[{\"@type\":\"Article\",\"@id\":\"https:\/\/lobosnews.com.ar\/index.php\/2026\/01\/23\/donald-trump-dijo-que-una-flota-militar-de-estados-unidos-se-dirige-hacia-aguas-cercanas-a-iran-veremos-que-sucede\/#article\",\"isPartOf\":{\"@id\":\"https:\/\/lobosnews.com.ar\/index.php\/2026\/01\/23\/donald-trump-dijo-que-una-flota-militar-de-estados-unidos-se-dirige-hacia-aguas-cercanas-a-iran-veremos-que-sucede\/\"},\"author\":{\"name\":\"admin\",\"@id\":\"https:\/\/lobosnews.com.ar\/#\/schema\/person\/232422a593d5c541dd9aef6aaed10943\"},\"headline\":\"Donald Trump dijo que una flota militar de Estados Unidos se dirige hacia aguas cercanas a Ir\u00e1n: \u201cVeremos qu\u00e9 sucede\u201d\",\"datePublished\":\"2026-01-23T00:40:57+00:00\",\"dateModified\":\"2026-01-23T05:01:27+00:00\",\"mainEntityOfPage\":{\"@id\":\"https:\/\/lobosnews.com.ar\/index.php\/2026\/01\/23\/donald-trump-dijo-que-una-flota-militar-de-estados-unidos-se-dirige-hacia-aguas-cercanas-a-iran-veremos-que-sucede\/\"},\"wordCount\":633,\"commentCount\":0,\"publisher\":{\"@id\":\"https:\/\/lobosnews.com.ar\/#organization\"},\"image\":{\"@id\":\"https:\/\/lobosnews.com.ar\/index.php\/2026\/01\/23\/donald-trump-dijo-que-una-flota-militar-de-estados-unidos-se-dirige-hacia-aguas-cercanas-a-iran-veremos-que-sucede\/#primaryimage\"},\"thumbnailUrl\":\"https:\/\/lobosnews.com.ar\/wp-content\/uploads\/2026\/01\/donald-trump-dijo-que-una-flota-militar-de-estados-unidos-se-dirige-hacia-aguas-cercanas-a-iran-veremos-que-sucede-6.jpg\",\"articleSection\":[\"Actualidad\"],\"inLanguage\":\"es\",\"potentialAction\":[{\"@type\":\"CommentAction\",\"name\":\"Comment\",\"target\":[\"https:\/\/lobosnews.com.ar\/index.php\/2026\/01\/23\/donald-trump-dijo-que-una-flota-militar-de-estados-unidos-se-dirige-hacia-aguas-cercanas-a-iran-veremos-que-sucede\/#respond\"]}]},{\"@type\":\"WebPage\",\"@id\":\"https:\/\/lobosnews.com.ar\/index.php\/2026\/01\/23\/donald-trump-dijo-que-una-flota-militar-de-estados-unidos-se-dirige-hacia-aguas-cercanas-a-iran-veremos-que-sucede\/\",\"url\":\"https:\/\/lobosnews.com.ar\/index.php\/2026\/01\/23\/donald-trump-dijo-que-una-flota-militar-de-estados-unidos-se-dirige-hacia-aguas-cercanas-a-iran-veremos-que-sucede\/\",\"name\":\"Donald Trump dijo que una flota militar de Estados Unidos se dirige hacia aguas cercanas a Ir\u00e1n: \u201cVeremos qu\u00e9 sucede\u201d - Lobos News\",\"isPartOf\":{\"@id\":\"https:\/\/lobosnews.com.ar\/#website\"},\"primaryImageOfPage\":{\"@id\":\"https:\/\/lobosnews.com.ar\/index.php\/2026\/01\/23\/donald-trump-dijo-que-una-flota-militar-de-estados-unidos-se-dirige-hacia-aguas-cercanas-a-iran-veremos-que-sucede\/#primaryimage\"},\"image\":{\"@id\":\"https:\/\/lobosnews.com.ar\/index.php\/2026\/01\/23\/donald-trump-dijo-que-una-flota-militar-de-estados-unidos-se-dirige-hacia-aguas-cercanas-a-iran-veremos-que-sucede\/#primaryimage\"},\"thumbnailUrl\":\"https:\/\/lobosnews.com.ar\/wp-content\/uploads\/2026\/01\/donald-trump-dijo-que-una-flota-militar-de-estados-unidos-se-dirige-hacia-aguas-cercanas-a-iran-veremos-que-sucede-6.jpg\",\"datePublished\":\"2026-01-23T00:40:57+00:00\",\"dateModified\":\"2026-01-23T05:01:27+00:00\",\"breadcrumb\":{\"@id\":\"https:\/\/lobosnews.com.ar\/index.php\/2026\/01\/23\/donald-trump-dijo-que-una-flota-militar-de-estados-unidos-se-dirige-hacia-aguas-cercanas-a-iran-veremos-que-sucede\/#breadcrumb\"},\"inLanguage\":\"es\",\"potentialAction\":[{\"@type\":\"ReadAction\",\"target\":[\"https:\/\/lobosnews.com.ar\/index.php\/2026\/01\/23\/donald-trump-dijo-que-una-flota-militar-de-estados-unidos-se-dirige-hacia-aguas-cercanas-a-iran-veremos-que-sucede\/\"]}]},{\"@type\":\"ImageObject\",\"inLanguage\":\"es\",\"@id\":\"https:\/\/lobosnews.com.ar\/index.php\/2026\/01\/23\/donald-trump-dijo-que-una-flota-militar-de-estados-unidos-se-dirige-hacia-aguas-cercanas-a-iran-veremos-que-sucede\/#primaryimage\",\"url\":\"https:\/\/lobosnews.com.ar\/wp-content\/uploads\/2026\/01\/donald-trump-dijo-que-una-flota-militar-de-estados-unidos-se-dirige-hacia-aguas-cercanas-a-iran-veremos-que-sucede-6.jpg\",\"contentUrl\":\"https:\/\/lobosnews.com.ar\/wp-content\/uploads\/2026\/01\/donald-trump-dijo-que-una-flota-militar-de-estados-unidos-se-dirige-hacia-aguas-cercanas-a-iran-veremos-que-sucede-6.jpg\",\"width\":1920,\"height\":1440,\"caption\":\"Donald Trump dijo que una flota militar de Estados Unidos se dirige hacia aguas cercanas a Ir\u00e1n: \u201cVeremos qu\u00e9 sucede\u201d\"},{\"@type\":\"BreadcrumbList\",\"@id\":\"https:\/\/lobosnews.com.ar\/index.php\/2026\/01\/23\/donald-trump-dijo-que-una-flota-militar-de-estados-unidos-se-dirige-hacia-aguas-cercanas-a-iran-veremos-que-sucede\/#breadcrumb\",\"itemListElement\":[{\"@type\":\"ListItem\",\"position\":1,\"name\":\"Portada\",\"item\":\"https:\/\/lobosnews.com.ar\/\"},{\"@type\":\"ListItem\",\"position\":2,\"name\":\"Donald Trump dijo que una flota militar de Estados Unidos se dirige hacia aguas cercanas a Ir\u00e1n: \u201cVeremos qu\u00e9 sucede\u201d\"}]},{\"@type\":\"WebSite\",\"@id\":\"https:\/\/lobosnews.com.ar\/#website\",\"url\":\"https:\/\/lobosnews.com.ar\/\",\"name\":\"Lobos News\",\"description\":\"Informaci\u00f3n a cada instante\",\"publisher\":{\"@id\":\"https:\/\/lobosnews.com.ar\/#organization\"},\"potentialAction\":[{\"@type\":\"SearchAction\",\"target\":{\"@type\":\"EntryPoint\",\"urlTemplate\":\"https:\/\/lobosnews.com.ar\/?s={search_term_string}\"},\"query-input\":{\"@type\":\"PropertyValueSpecification\",\"valueRequired\":true,\"valueName\":\"search_term_string\"}}],\"inLanguage\":\"es\"},{\"@type\":\"Organization\",\"@id\":\"https:\/\/lobosnews.com.ar\/#organization\",\"name\":\"Lobos News\",\"url\":\"https:\/\/lobosnews.com.ar\/\",\"logo\":{\"@type\":\"ImageObject\",\"inLanguage\":\"es\",\"@id\":\"https:\/\/lobosnews.com.ar\/#\/schema\/logo\/image\/\",\"url\":\"https:\/\/lobosnews.com.ar\/wp-content\/uploads\/2026\/01\/logo-lobosnews.png\",\"contentUrl\":\"https:\/\/lobosnews.com.ar\/wp-content\/uploads\/2026\/01\/logo-lobosnews.png\",\"width\":500,\"height\":200,\"caption\":\"Lobos News\"},\"image\":{\"@id\":\"https:\/\/lobosnews.com.ar\/#\/schema\/logo\/image\/\"}},{\"@type\":\"Person\",\"@id\":\"https:\/\/lobosnews.com.ar\/#\/schema\/person\/232422a593d5c541dd9aef6aaed10943\",\"name\":\"admin\",\"image\":{\"@type\":\"ImageObject\",\"inLanguage\":\"es\",\"@id\":\"https:\/\/lobosnews.com.ar\/#\/schema\/person\/image\/\",\"url\":\"https:\/\/secure.gravatar.com\/avatar\/76e419471a2083bc3ceab22a763dbbf9b0c1bd15a6214cf3280e2c2dde4580f9?s=96&d=mm&r=g\",\"contentUrl\":\"https:\/\/secure.gravatar.com\/avatar\/76e419471a2083bc3ceab22a763dbbf9b0c1bd15a6214cf3280e2c2dde4580f9?s=96&d=mm&r=g\",\"caption\":\"admin\"},\"sameAs\":[\"https:\/\/lobosnews.com.ar\"],\"url\":\"https:\/\/lobosnews.com.ar\/index.php\/author\/lobos-news\/\"}]}<\/script>\n<!-- \/ Yoast SEO plugin. -->","yoast_head_json":{"title":"Donald Trump dijo que una flota militar de Estados Unidos se dirige hacia aguas cercanas a Ir\u00e1n: \u201cVeremos qu\u00e9 sucede\u201d - Lobos News","robots":{"index":"index","follow":"follow","max-snippet":"max-snippet:-1","max-image-preview":"max-image-preview:large","max-video-preview":"max-video-preview:-1"},"canonical":"https:\/\/lobosnews.com.ar\/index.php\/2026\/01\/23\/donald-trump-dijo-que-una-flota-militar-de-estados-unidos-se-dirige-hacia-aguas-cercanas-a-iran-veremos-que-sucede\/","og_locale":"es_ES","og_type":"article","og_title":"Donald Trump dijo que una flota militar de Estados Unidos se dirige hacia aguas cercanas a Ir\u00e1n: \u201cVeremos qu\u00e9 sucede\u201d - Lobos News","og_description":"El presidente de Estados Unidos, Donald Trump, anunci\u00f3 el env\u00edo de una gran flota militar hacia las aguas cercanas a Ir\u00e1n y pidi\u00f3 al r\u00e9gimen teocr\u00e1tico que detenga la represi\u00f3n contra los manifestantes que participan en protestas por la situaci\u00f3n econ\u00f3mica. La advertencia de Donald Trump se produjo durante una conversaci\u00f3n con periodistas a bordo...","og_url":"https:\/\/lobosnews.com.ar\/index.php\/2026\/01\/23\/donald-trump-dijo-que-una-flota-militar-de-estados-unidos-se-dirige-hacia-aguas-cercanas-a-iran-veremos-que-sucede\/","og_site_name":"Lobos News","article_published_time":"2026-01-23T00:40:57+00:00","article_modified_time":"2026-01-23T05:01:27+00:00","og_image":[{"url":"https:\/\/lobosnews.com.ar\/wp-content\/uploads\/2026\/01\/donald-trump-dijo-que-una-flota-militar-de-estados-unidos-se-dirige-hacia-aguas-cercanas-a-iran-veremos-que-sucede.jpg","type":"","width":"","height":""}],"author":"admin","twitter_card":"summary_large_image","twitter_misc":{"Escrito por":"admin","Tiempo de lectura":"3 minutos"},"schema":{"@context":"https:\/\/schema.org","@graph":[{"@type":"Article","@id":"https:\/\/lobosnews.com.ar\/index.php\/2026\/01\/23\/donald-trump-dijo-que-una-flota-militar-de-estados-unidos-se-dirige-hacia-aguas-cercanas-a-iran-veremos-que-sucede\/#article","isPartOf":{"@id":"https:\/\/lobosnews.com.ar\/index.php\/2026\/01\/23\/donald-trump-dijo-que-una-flota-militar-de-estados-unidos-se-dirige-hacia-aguas-cercanas-a-iran-veremos-que-sucede\/"},"author":{"name":"admin","@id":"https:\/\/lobosnews.com.ar\/#\/schema\/person\/232422a593d5c541dd9aef6aaed10943"},"headline":"Donald Trump dijo que una flota militar de Estados Unidos se dirige hacia aguas cercanas a Ir\u00e1n: \u201cVeremos qu\u00e9 sucede\u201d","datePublished":"2026-01-23T00:40:57+00:00","dateModified":"2026-01-23T05:01:27+00:00","mainEntityOfPage":{"@id":"https:\/\/lobosnews.com.ar\/index.php\/2026\/01\/23\/donald-trump-dijo-que-una-flota-militar-de-estados-unidos-se-dirige-hacia-aguas-cercanas-a-iran-veremos-que-sucede\/"},"wordCount":633,"commentCount":0,"publisher":{"@id":"https:\/\/lobosnews.com.ar\/#organization"},"image":{"@id":"https:\/\/lobosnews.com.ar\/index.php\/2026\/01\/23\/donald-trump-dijo-que-una-flota-militar-de-estados-unidos-se-dirige-hacia-aguas-cercanas-a-iran-veremos-que-sucede\/#primaryimage"},"thumbnailUrl":"https:\/\/lobosnews.com.ar\/wp-content\/uploads\/2026\/01\/donald-trump-dijo-que-una-flota-militar-de-estados-unidos-se-dirige-hacia-aguas-cercanas-a-iran-veremos-que-sucede-6.jpg","articleSection":["Actualidad"],"inLanguage":"es","potentialAction":[{"@type":"CommentAction","name":"Comment","target":["https:\/\/lobosnews.com.ar\/index.php\/2026\/01\/23\/donald-trump-dijo-que-una-flota-militar-de-estados-unidos-se-dirige-hacia-aguas-cercanas-a-iran-veremos-que-sucede\/#respond"]}]},{"@type":"WebPage","@id":"https:\/\/lobosnews.com.ar\/index.php\/2026\/01\/23\/donald-trump-dijo-que-una-flota-militar-de-estados-unidos-se-dirige-hacia-aguas-cercanas-a-iran-veremos-que-sucede\/","url":"https:\/\/lobosnews.com.ar\/index.php\/2026\/01\/23\/donald-trump-dijo-que-una-flota-militar-de-estados-unidos-se-dirige-hacia-aguas-cercanas-a-iran-veremos-que-sucede\/","name":"Donald Trump dijo que una flota militar de Estados Unidos se dirige hacia aguas cercanas a Ir\u00e1n: \u201cVeremos qu\u00e9 sucede\u201d - Lobos News","isPartOf":{"@id":"https:\/\/lobosnews.com.ar\/#website"},"primaryImageOfPage":{"@id":"https:\/\/lobosnews.com.ar\/index.php\/2026\/01\/23\/donald-trump-dijo-que-una-flota-militar-de-estados-unidos-se-dirige-hacia-aguas-cercanas-a-iran-veremos-que-sucede\/#primaryimage"},"image":{"@id":"https:\/\/lobosnews.com.ar\/index.php\/2026\/01\/23\/donald-trump-dijo-que-una-flota-militar-de-estados-unidos-se-dirige-hacia-aguas-cercanas-a-iran-veremos-que-sucede\/#primaryimage"},"thumbnailUrl":"https:\/\/lobosnews.com.ar\/wp-content\/uploads\/2026\/01\/donald-trump-dijo-que-una-flota-militar-de-estados-unidos-se-dirige-hacia-aguas-cercanas-a-iran-veremos-que-sucede-6.jpg","datePublished":"2026-01-23T00:40:57+00:00","dateModified":"2026-01-23T05:01:27+00:00","breadcrumb":{"@id":"https:\/\/lobosnews.com.ar\/index.php\/2026\/01\/23\/donald-trump-dijo-que-una-flota-militar-de-estados-unidos-se-dirige-hacia-aguas-cercanas-a-iran-veremos-que-sucede\/#breadcrumb"},"inLanguage":"es","potentialAction":[{"@type":"ReadAction","target":["https:\/\/lobosnews.com.ar\/index.php\/2026\/01\/23\/donald-trump-dijo-que-una-flota-militar-de-estados-unidos-se-dirige-hacia-aguas-cercanas-a-iran-veremos-que-sucede\/"]}]},{"@type":"ImageObject","inLanguage":"es","@id":"https:\/\/lobosnews.com.ar\/index.php\/2026\/01\/23\/donald-trump-dijo-que-una-flota-militar-de-estados-unidos-se-dirige-hacia-aguas-cercanas-a-iran-veremos-que-sucede\/#primaryimage","url":"https:\/\/lobosnews.com.ar\/wp-content\/uploads\/2026\/01\/donald-trump-dijo-que-una-flota-militar-de-estados-unidos-se-dirige-hacia-aguas-cercanas-a-iran-veremos-que-sucede-6.jpg","contentUrl":"https:\/\/lobosnews.com.ar\/wp-content\/uploads\/2026\/01\/donald-trump-dijo-que-una-flota-militar-de-estados-unidos-se-dirige-hacia-aguas-cercanas-a-iran-veremos-que-sucede-6.jpg","width":1920,"height":1440,"caption":"Donald Trump dijo que una flota militar de Estados Unidos se dirige hacia aguas cercanas a Ir\u00e1n: \u201cVeremos qu\u00e9 sucede\u201d"},{"@type":"BreadcrumbList","@id":"https:\/\/lobosnews.com.ar\/index.php\/2026\/01\/23\/donald-trump-dijo-que-una-flota-militar-de-estados-unidos-se-dirige-hacia-aguas-cercanas-a-iran-veremos-que-sucede\/#breadcrumb","itemListElement":[{"@type":"ListItem","position":1,"name":"Portada","item":"https:\/\/lobosnews.com.ar\/"},{"@type":"ListItem","position":2,"name":"Donald Trump dijo que una flota militar de Estados Unidos se dirige hacia aguas cercanas a Ir\u00e1n: \u201cVeremos qu\u00e9 sucede\u201d"}]},{"@type":"WebSite","@id":"https:\/\/lobosnews.com.ar\/#website","url":"https:\/\/lobosnews.com.ar\/","name":"Lobos News","description":"Informaci\u00f3n a cada instante","publisher":{"@id":"https:\/\/lobosnews.com.ar\/#organization"},"potentialAction":[{"@type":"SearchAction","target":{"@type":"EntryPoint","urlTemplate":"https:\/\/lobosnews.com.ar\/?s={search_term_string}"},"query-input":{"@type":"PropertyValueSpecification","valueRequired":true,"valueName":"search_term_string"}}],"inLanguage":"es"},{"@type":"Organization","@id":"https:\/\/lobosnews.com.ar\/#organization","name":"Lobos News","url":"https:\/\/lobosnews.com.ar\/","logo":{"@type":"ImageObject","inLanguage":"es","@id":"https:\/\/lobosnews.com.ar\/#\/schema\/logo\/image\/","url":"https:\/\/lobosnews.com.ar\/wp-content\/uploads\/2026\/01\/logo-lobosnews.png","contentUrl":"https:\/\/lobosnews.com.ar\/wp-content\/uploads\/2026\/01\/logo-lobosnews.png","width":500,"height":200,"caption":"Lobos News"},"image":{"@id":"https:\/\/lobosnews.com.ar\/#\/schema\/logo\/image\/"}},{"@type":"Person","@id":"https:\/\/lobosnews.com.ar\/#\/schema\/person\/232422a593d5c541dd9aef6aaed10943","name":"admin","image":{"@type":"ImageObject","inLanguage":"es","@id":"https:\/\/lobosnews.com.ar\/#\/schema\/person\/image\/","url":"https:\/\/secure.gravatar.com\/avatar\/76e419471a2083bc3ceab22a763dbbf9b0c1bd15a6214cf3280e2c2dde4580f9?s=96&d=mm&r=g","contentUrl":"https:\/\/secure.gravatar.com\/avatar\/76e419471a2083bc3ceab22a763dbbf9b0c1bd15a6214cf3280e2c2dde4580f9?s=96&d=mm&r=g","caption":"admin"},"sameAs":["https:\/\/lobosnews.com.ar"],"url":"https:\/\/lobosnews.com.ar\/index.php\/author\/lobos-news\/"}]}},"jetpack_featured_media_url":"https:\/\/lobosnews.com.ar\/wp-content\/uploads\/2026\/01\/donald-trump-dijo-que-una-flota-militar-de-estados-unidos-se-dirige-hacia-aguas-cercanas-a-iran-veremos-que-sucede-6.jpg","jetpack_sharing_enabled":true,"_links":{"self":[{"href":"https:\/\/lobosnews.com.ar\/index.php\/wp-json\/wp\/v2\/posts\/10371","targetHints":{"allow":["GET"]}}],"collection":[{"href":"https:\/\/lobosnews.com.ar\/index.php\/wp-json\/wp\/v2\/posts"}],"about":[{"href":"https:\/\/lobosnews.com.ar\/index.php\/wp-json\/wp\/v2\/types\/post"}],"author":[{"embeddable":true,"href":"https:\/\/lobosnews.com.ar\/index.php\/wp-json\/wp\/v2\/users\/1"}],"replies":[{"embeddable":true,"href":"https:\/\/lobosnews.com.ar\/index.php\/wp-json\/wp\/v2\/comments?post=10371"}],"version-history":[{"count":1,"href":"https:\/\/lobosnews.com.ar\/index.php\/wp-json\/wp\/v2\/posts\/10371\/revisions"}],"predecessor-version":[{"id":10376,"href":"https:\/\/lobosnews.com.ar\/index.php\/wp-json\/wp\/v2\/posts\/10371\/revisions\/10376"}],"wp:featuredmedia":[{"embeddable":true,"href":"https:\/\/lobosnews.com.ar\/index.php\/wp-json\/wp\/v2\/media\/10377"}],"wp:attachment":[{"href":"https:\/\/lobosnews.com.ar\/index.php\/wp-json\/wp\/v2\/media?parent=10371"}],"wp:term":[{"taxonomy":"category","embeddable":true,"href":"https:\/\/lobosnews.com.ar\/index.php\/wp-json\/wp\/v2\/categories?post=10371"},{"taxonomy":"post_tag","embeddable":true,"href":"https:\/\/lobosnews.com.ar\/index.php\/wp-json\/wp\/v2\/tags?post=10371"}],"curies":[{"name":"wp","href":"https:\/\/api.w.org\/{rel}","templated":true}]}}