{"id":10356,"date":"2026-01-23T04:33:16","date_gmt":"2026-01-23T04:33:16","guid":{"rendered":"https:\/\/lobosnews.com.ar\/index.php\/2026\/01\/23\/la-primera-ministra-de-japon-disolvio-el-parlamento-en-visperas-de-las-elecciones-anticipadas-previstas-para-el-8-de-febrero\/"},"modified":"2026-01-23T05:01:04","modified_gmt":"2026-01-23T05:01:04","slug":"la-primera-ministra-de-japon-disolvio-el-parlamento-en-visperas-de-las-elecciones-anticipadas-previstas-para-el-8-de-febrero","status":"publish","type":"post","link":"https:\/\/lobosnews.com.ar\/index.php\/2026\/01\/23\/la-primera-ministra-de-japon-disolvio-el-parlamento-en-visperas-de-las-elecciones-anticipadas-previstas-para-el-8-de-febrero\/","title":{"rendered":"La primera ministra de Jap\u00f3n disolvi\u00f3 el Parlamento en v\u00edsperas de las elecciones anticipadas previstas para el 8 de febrero"},"content":{"rendered":"<p><img fetchpriority=\"high\" decoding=\"async\" src=\"https:\/\/lobosnews.com.ar\/wp-content\/uploads\/2026\/01\/la-primera-ministra-de-japon-disolvio-el-parlamento-en-visperas-de-las-elecciones-anticipadas-previstas-para-el-8-de-febrero.jpg\" alt=\"La primera ministra japonesa, Sanae Takaichi, reacciona durante una conferencia de prensa en su residencia oficial el 19 de enero de 2026 en Tokio, Jap\u00f3n (Rodrigo Reyes Marin\/REUTERS)\" height=\"3648\" width=\"5472\"\/><\/p>\n<p><b>Sanae Takaichi<\/b>, primera ministra de <b>Jap\u00f3n,<\/b> disolvi\u00f3 este viernes el <b>Parlamento<\/b> en v\u00edsperas de las elecciones anticipadas previstas para el <b>8 de febrero<\/b>. La decisi\u00f3n se basa en el alto nivel de apoyo que registra su gabinete en las encuestas, con la expectativa de que esto impulse a su partido gobernante, actualmente impopular, hacia la victoria.<\/p>\n<p>Durante la sesi\u00f3n, el presidente del Parlamento ley\u00f3 la carta oficial de disoluci\u00f3n de la C\u00e1mara Baja, mientras los legisladores entonaban el tradicional grito de guerra de \u201cbanzai\u201d.<\/p>\n<p>La primera mujer en liderar el pa\u00eds comunic\u00f3 el lunes pasado su intenci\u00f3n de disolver la <b>C\u00e1mara Baja<\/b>, con el objetivo de obtener respaldo popular para iniciativas que protejan a los hogares frente al aumento del costo de vida y refuercen el gasto en defensa.<\/p>\n<p>La coalici\u00f3n gobernante, integrada por el <b>PLD<\/b> y el <b>Partido de Innovaci\u00f3n de Jap\u00f3n (JIP)<\/b>, cuenta actualmente con una ajustada mayor\u00eda parlamentaria.<\/p>\n<p>La primera ministra apuesta a que el respaldo al gabinete se traduzca en un mandato fortalecido, aunque el PLD enfrenta bajos niveles de aprobaci\u00f3n y varios esc\u00e1ndalos recientes.<\/p>\n<p><img loading=\"lazy\" decoding=\"async\" src=\"https:\/\/lobosnews.com.ar\/wp-content\/uploads\/2026\/01\/la-primera-ministra-de-japon-disolvio-el-parlamento-en-visperas-de-las-elecciones-anticipadas-previstas-para-el-8-de-febrero-1.jpg\" alt=\"La C\u00e1mara Baja del Parlamento nip\u00f3n en Tokio, el 23 de enero de 2023 (REUTERS\/Kim Kyung-Hoon)\" height=\"550\" width=\"800\"\/><\/p>\n<p>El profesor Hidehiro Yamamoto, de la Universidad de Tsukuba, se\u00f1al\u00f3 a la agencia <i>AFP<\/i> que \u201cno est\u00e1 claro si el alto apoyo p\u00fablico al gabinete de Takaichi realmente conducir\u00e1 al apoyo al PLD\u201d. Seg\u00fan el acad\u00e9mico, la principal preocupaci\u00f3n de la ciudadan\u00eda gira en torno a las medidas para enfrentar la inflaci\u00f3n.<\/p>\n<p>El viernes, datos gubernamentales revelaron que la <b>inflaci\u00f3n en Jap\u00f3n<\/b> se desaceler\u00f3 en diciembre, impulsada principalmente por los <b>subsidios estatales a la electricidad y el gas<\/b>. El \u00edndice de precios al consumidor, excluyendo alimentos frescos, registr\u00f3 un aumento interanual del <b>2,4%<\/b>, frente al <b>3%<\/b> de noviembre. Esta tasa, aunque menor, sigue por encima del objetivo del <b>2%<\/b> establecido por el banco central local.<\/p>\n<p>El malestar social por el encarecimiento de la vida fue un factor clave en la ca\u00edda del anterior primer ministro, <b>Shigeru Ishiba<\/b>, a quien <b>Takaichi<\/b> sucedi\u00f3 en octubre.<\/p>\n<p>Durante a\u00f1os, la isla enfrent\u00f3 deflaci\u00f3n, pero m\u00e1s recientemente experiment\u00f3 un aumento en los costos de vida, agravado por la debilidad cr\u00f3nica del yen, que eleva el precio de las importaciones. El <b>arroz <\/b>se convirti\u00f3 en un s\u00edmbolo de la situaci\u00f3n: su precio <b>se duplic\u00f3 a mediados de 2025<\/b> respecto al a\u00f1o anterior y, aunque disminuy\u00f3 en los \u00faltimos meses, en diciembre segu\u00eda un 34% m\u00e1s alto que doce meses atr\u00e1s, seg\u00fan cifras oficiales.<\/p>\n<p><img loading=\"lazy\" decoding=\"async\" src=\"https:\/\/lobosnews.com.ar\/wp-content\/uploads\/2026\/01\/la-primera-ministra-de-japon-disolvio-el-parlamento-en-visperas-de-las-elecciones-anticipadas-previstas-para-el-8-de-febrero-2.jpg\" alt=\"Sanae Takaichi tom\u00f3 el liderazgo de Jap\u00f3n en medio de una dif\u00edcil situaci\u00f3n econ\u00f3mica que dej\u00f3 el ex primer ministro Shigeru Ishiba (REUTERS\/Kim Kyung-Hoon\/Pool)\" height=\"3673\" width=\"5500\"\/><\/p>\n<p>Para responder a estos desaf\u00edos y fortalecer la cuarta econom\u00eda mundial, el gabinete de Takaichi aprob\u00f3 un presupuesto r\u00e9cord de <b>122,3 billones de yenes<\/b> (<b>USD 770.000 millones<\/b>) para el a\u00f1o fiscal que inicia en abril de 2026.<\/p>\n<p>No obstante, la decisi\u00f3n de disolver la C\u00e1mara Baja despert\u00f3 cr\u00edticas entre los partidos de oposici\u00f3n. <b>Jun Azumi<\/b>, del <b>Partido Democr\u00e1tico Constitucional (CDP)<\/b>, advirti\u00f3 que esta medida podr\u00eda retrasar la aprobaci\u00f3n del presupuesto y <b>\u201csacrificar\u00eda los medios de vida\u201d<\/b> de la poblaci\u00f3n.<\/p>\n<p>Si resulta elegida, Takaichi se comprometi\u00f3 a reducir el impuesto sobre las ventas de alimentos durante dos a\u00f1os, con el prop\u00f3sito de <b>\u201caliviar la carga\u201d<\/b> de quienes enfrentan dificultades por la inflaci\u00f3n. Las fuerzas de oposici\u00f3n tambi\u00e9n solicitaron reducciones fiscales como respuesta al aumento del costo de vida.<\/p>\n<p>Sin embargo, el enfoque de gasto fiscal \u201cproactivo\u201d impulsado por Takaichi podr\u00eda agravar la deuda p\u00fablica de <b>Jap\u00f3n<\/b>, que se proyecta superar\u00e1 el <b>230% del PIB<\/b> en el a\u00f1o fiscal 2025-26. La primera ministra sostiene que su pol\u00edtica es \u201cresponsable\u201d.<\/p>\n<p><img loading=\"lazy\" decoding=\"async\" src=\"https:\/\/lobosnews.com.ar\/wp-content\/uploads\/2026\/01\/la-primera-ministra-de-japon-disolvio-el-parlamento-en-visperas-de-las-elecciones-anticipadas-previstas-para-el-8-de-febrero-3.jpg\" alt=\"Un hombre pasa corriendo por delante del edificio del Banco de Jap\u00f3n (BOJ) en Tokio (REUTERS\/Kim Kyung-Hoon\/Archivo)\" height=\"3840\" width=\"5670\"\/><\/p>\n<p>El <b>Banco de Jap\u00f3n<\/b>, encargado de la estabilidad de precios, anunciar\u00e1 su decisi\u00f3n de pol\u00edtica monetaria este viernes tras una reuni\u00f3n de dos d\u00edas. Desde principios de 2024, la entidad ha subido en varias ocasiones los tipos de inter\u00e9s de referencia con el objetivo de contener la inflaci\u00f3n.<\/p>\n<p>Se prev\u00e9 que el banco central mantenga estables las tasas, aunque los analistas estar\u00e1n atentos a sus comentarios sobre las recientes perturbaciones en el mercado financiero.<\/p>\n<p><i>(Con informaci\u00f3n de AFP)<\/i><\/p>\n","protected":false},"excerpt":{"rendered":"<p>Sanae Takaichi, primera ministra de Jap\u00f3n, disolvi\u00f3 este viernes el Parlamento en v\u00edsperas de las elecciones anticipadas previstas para el 8 de febrero. La decisi\u00f3n se basa en el alto nivel de apoyo que registra su gabinete en las encuestas, con la expectativa de que esto impulse a su partido gobernante, actualmente impopular, hacia la&#8230;<\/p>\n","protected":false},"author":1,"featured_media":10362,"comment_status":"open","ping_status":"closed","sticky":false,"template":"","format":"standard","meta":{"_jetpack_memberships_contains_paid_content":false,"footnotes":""},"categories":[31],"tags":[],"class_list":["post-10356","post","type-post","status-publish","format-standard","has-post-thumbnail","hentry","category-actualidad"],"magazineBlocksPostFeaturedMedia":{"thumbnail":"https:\/\/lobosnews.com.ar\/wp-content\/uploads\/2026\/01\/la-primera-ministra-de-japon-disolvio-el-parlamento-en-visperas-de-las-elecciones-anticipadas-previstas-para-el-8-de-febrero-6-150x150.jpg","medium":"https:\/\/lobosnews.com.ar\/wp-content\/uploads\/2026\/01\/la-primera-ministra-de-japon-disolvio-el-parlamento-en-visperas-de-las-elecciones-anticipadas-previstas-para-el-8-de-febrero-6-300x203.jpg","medium_large":"https:\/\/lobosnews.com.ar\/wp-content\/uploads\/2026\/01\/la-primera-ministra-de-japon-disolvio-el-parlamento-en-visperas-de-las-elecciones-anticipadas-previstas-para-el-8-de-febrero-6-768x520.jpg","large":"https:\/\/lobosnews.com.ar\/wp-content\/uploads\/2026\/01\/la-primera-ministra-de-japon-disolvio-el-parlamento-en-visperas-de-las-elecciones-anticipadas-previstas-para-el-8-de-febrero-6-1024x693.jpg","1536x1536":"https:\/\/lobosnews.com.ar\/wp-content\/uploads\/2026\/01\/la-primera-ministra-de-japon-disolvio-el-parlamento-en-visperas-de-las-elecciones-anticipadas-previstas-para-el-8-de-febrero-6-1536x1040.jpg","2048x2048":"https:\/\/lobosnews.com.ar\/wp-content\/uploads\/2026\/01\/la-primera-ministra-de-japon-disolvio-el-parlamento-en-visperas-de-las-elecciones-anticipadas-previstas-para-el-8-de-febrero-6-2048x1387.jpg","newsmatic-featured":"https:\/\/lobosnews.com.ar\/wp-content\/uploads\/2026\/01\/la-primera-ministra-de-japon-disolvio-el-parlamento-en-visperas-de-las-elecciones-anticipadas-previstas-para-el-8-de-febrero-6-820x545.jpg","newsmatic-list":"https:\/\/lobosnews.com.ar\/wp-content\/uploads\/2026\/01\/la-primera-ministra-de-japon-disolvio-el-parlamento-en-visperas-de-las-elecciones-anticipadas-previstas-para-el-8-de-febrero-6-600x400.jpg","newsmatic-thumb":"https:\/\/lobosnews.com.ar\/wp-content\/uploads\/2026\/01\/la-primera-ministra-de-japon-disolvio-el-parlamento-en-visperas-de-las-elecciones-anticipadas-previstas-para-el-8-de-febrero-6-300x200.jpg","newsmatic-small":"https:\/\/lobosnews.com.ar\/wp-content\/uploads\/2026\/01\/la-primera-ministra-de-japon-disolvio-el-parlamento-en-visperas-de-las-elecciones-anticipadas-previstas-para-el-8-de-febrero-6-150x95.jpg","newsmatic-grid":"https:\/\/lobosnews.com.ar\/wp-content\/uploads\/2026\/01\/la-primera-ministra-de-japon-disolvio-el-parlamento-en-visperas-de-las-elecciones-anticipadas-previstas-para-el-8-de-febrero-6-400x250.jpg"},"magazineBlocksPostAuthor":{"name":"admin","avatar":"https:\/\/secure.gravatar.com\/avatar\/76e419471a2083bc3ceab22a763dbbf9b0c1bd15a6214cf3280e2c2dde4580f9?s=96&d=mm&r=g"},"magazineBlocksPostCommentsNumber":"0","magazineBlocksPostExcerpt":"Sanae Takaichi, primera ministra de Jap\u00f3n, disolvi\u00f3 este viernes el Parlamento en v\u00edsperas de las elecciones anticipadas previstas para el 8 de febrero. La decisi\u00f3n se basa en el alto nivel de apoyo que registra su gabinete en las encuestas, con la expectativa de que esto impulse a su partido gobernante, actualmente impopular, hacia la...","magazineBlocksPostCategories":["Actualidad"],"magazineBlocksPostViewCount":159,"magazineBlocksPostReadTime":4,"magazine_blocks_featured_image_url":{"full":["https:\/\/lobosnews.com.ar\/wp-content\/uploads\/2026\/01\/la-primera-ministra-de-japon-disolvio-el-parlamento-en-visperas-de-las-elecciones-anticipadas-previstas-para-el-8-de-febrero-6-scaled.jpg",2560,1734,false],"medium":["https:\/\/lobosnews.com.ar\/wp-content\/uploads\/2026\/01\/la-primera-ministra-de-japon-disolvio-el-parlamento-en-visperas-de-las-elecciones-anticipadas-previstas-para-el-8-de-febrero-6-300x203.jpg",300,203,true],"thumbnail":["https:\/\/lobosnews.com.ar\/wp-content\/uploads\/2026\/01\/la-primera-ministra-de-japon-disolvio-el-parlamento-en-visperas-de-las-elecciones-anticipadas-previstas-para-el-8-de-febrero-6-150x150.jpg",150,150,true]},"magazine_blocks_author":{"display_name":"admin","author_link":"https:\/\/lobosnews.com.ar\/index.php\/author\/lobos-news\/"},"magazine_blocks_comment":0,"magazine_blocks_author_image":"https:\/\/secure.gravatar.com\/avatar\/76e419471a2083bc3ceab22a763dbbf9b0c1bd15a6214cf3280e2c2dde4580f9?s=96&d=mm&r=g","magazine_blocks_category":"<a href=\"#\" class=\"category-link category-link-31\">Actualidad<\/a>","yoast_head":"<!-- This site is optimized with the Yoast SEO plugin v26.6 - https:\/\/yoast.com\/wordpress\/plugins\/seo\/ -->\n<title>La primera ministra de Jap\u00f3n disolvi\u00f3 el Parlamento en v\u00edsperas de las elecciones anticipadas previstas para el 8 de febrero - Lobos News<\/title>\n<meta name=\"robots\" content=\"index, follow, max-snippet:-1, max-image-preview:large, max-video-preview:-1\" \/>\n<link rel=\"canonical\" href=\"https:\/\/lobosnews.com.ar\/index.php\/2026\/01\/23\/la-primera-ministra-de-japon-disolvio-el-parlamento-en-visperas-de-las-elecciones-anticipadas-previstas-para-el-8-de-febrero\/\" \/>\n<meta property=\"og:locale\" content=\"es_ES\" \/>\n<meta property=\"og:type\" content=\"article\" \/>\n<meta property=\"og:title\" content=\"La primera ministra de Jap\u00f3n disolvi\u00f3 el Parlamento en v\u00edsperas de las elecciones anticipadas previstas para el 8 de febrero - Lobos News\" \/>\n<meta property=\"og:description\" content=\"Sanae Takaichi, primera ministra de Jap\u00f3n, disolvi\u00f3 este viernes el Parlamento en v\u00edsperas de las elecciones anticipadas previstas para el 8 de febrero. La decisi\u00f3n se basa en el alto nivel de apoyo que registra su gabinete en las encuestas, con la expectativa de que esto impulse a su partido gobernante, actualmente impopular, hacia la...\" \/>\n<meta property=\"og:url\" content=\"https:\/\/lobosnews.com.ar\/index.php\/2026\/01\/23\/la-primera-ministra-de-japon-disolvio-el-parlamento-en-visperas-de-las-elecciones-anticipadas-previstas-para-el-8-de-febrero\/\" \/>\n<meta property=\"og:site_name\" content=\"Lobos News\" \/>\n<meta property=\"article:published_time\" content=\"2026-01-23T04:33:16+00:00\" \/>\n<meta property=\"article:modified_time\" content=\"2026-01-23T05:01:04+00:00\" \/>\n<meta property=\"og:image\" content=\"https:\/\/lobosnews.com.ar\/wp-content\/uploads\/2026\/01\/la-primera-ministra-de-japon-disolvio-el-parlamento-en-visperas-de-las-elecciones-anticipadas-previstas-para-el-8-de-febrero.jpg\" \/>\n<meta name=\"author\" content=\"admin\" \/>\n<meta name=\"twitter:card\" content=\"summary_large_image\" \/>\n<meta name=\"twitter:label1\" content=\"Escrito por\" \/>\n\t<meta name=\"twitter:data1\" content=\"admin\" \/>\n\t<meta name=\"twitter:label2\" content=\"Tiempo de lectura\" \/>\n\t<meta name=\"twitter:data2\" content=\"3 minutos\" \/>\n<script type=\"application\/ld+json\" class=\"yoast-schema-graph\">{\"@context\":\"https:\/\/schema.org\",\"@graph\":[{\"@type\":\"Article\",\"@id\":\"https:\/\/lobosnews.com.ar\/index.php\/2026\/01\/23\/la-primera-ministra-de-japon-disolvio-el-parlamento-en-visperas-de-las-elecciones-anticipadas-previstas-para-el-8-de-febrero\/#article\",\"isPartOf\":{\"@id\":\"https:\/\/lobosnews.com.ar\/index.php\/2026\/01\/23\/la-primera-ministra-de-japon-disolvio-el-parlamento-en-visperas-de-las-elecciones-anticipadas-previstas-para-el-8-de-febrero\/\"},\"author\":{\"name\":\"admin\",\"@id\":\"https:\/\/lobosnews.com.ar\/#\/schema\/person\/232422a593d5c541dd9aef6aaed10943\"},\"headline\":\"La primera ministra de Jap\u00f3n disolvi\u00f3 el Parlamento en v\u00edsperas de las elecciones anticipadas previstas para el 8 de febrero\",\"datePublished\":\"2026-01-23T04:33:16+00:00\",\"dateModified\":\"2026-01-23T05:01:04+00:00\",\"mainEntityOfPage\":{\"@id\":\"https:\/\/lobosnews.com.ar\/index.php\/2026\/01\/23\/la-primera-ministra-de-japon-disolvio-el-parlamento-en-visperas-de-las-elecciones-anticipadas-previstas-para-el-8-de-febrero\/\"},\"wordCount\":719,\"commentCount\":0,\"publisher\":{\"@id\":\"https:\/\/lobosnews.com.ar\/#organization\"},\"image\":{\"@id\":\"https:\/\/lobosnews.com.ar\/index.php\/2026\/01\/23\/la-primera-ministra-de-japon-disolvio-el-parlamento-en-visperas-de-las-elecciones-anticipadas-previstas-para-el-8-de-febrero\/#primaryimage\"},\"thumbnailUrl\":\"https:\/\/lobosnews.com.ar\/wp-content\/uploads\/2026\/01\/la-primera-ministra-de-japon-disolvio-el-parlamento-en-visperas-de-las-elecciones-anticipadas-previstas-para-el-8-de-febrero-6-scaled.jpg\",\"articleSection\":[\"Actualidad\"],\"inLanguage\":\"es\",\"potentialAction\":[{\"@type\":\"CommentAction\",\"name\":\"Comment\",\"target\":[\"https:\/\/lobosnews.com.ar\/index.php\/2026\/01\/23\/la-primera-ministra-de-japon-disolvio-el-parlamento-en-visperas-de-las-elecciones-anticipadas-previstas-para-el-8-de-febrero\/#respond\"]}]},{\"@type\":\"WebPage\",\"@id\":\"https:\/\/lobosnews.com.ar\/index.php\/2026\/01\/23\/la-primera-ministra-de-japon-disolvio-el-parlamento-en-visperas-de-las-elecciones-anticipadas-previstas-para-el-8-de-febrero\/\",\"url\":\"https:\/\/lobosnews.com.ar\/index.php\/2026\/01\/23\/la-primera-ministra-de-japon-disolvio-el-parlamento-en-visperas-de-las-elecciones-anticipadas-previstas-para-el-8-de-febrero\/\",\"name\":\"La primera ministra de Jap\u00f3n disolvi\u00f3 el Parlamento en v\u00edsperas de las elecciones anticipadas previstas para el 8 de febrero - Lobos News\",\"isPartOf\":{\"@id\":\"https:\/\/lobosnews.com.ar\/#website\"},\"primaryImageOfPage\":{\"@id\":\"https:\/\/lobosnews.com.ar\/index.php\/2026\/01\/23\/la-primera-ministra-de-japon-disolvio-el-parlamento-en-visperas-de-las-elecciones-anticipadas-previstas-para-el-8-de-febrero\/#primaryimage\"},\"image\":{\"@id\":\"https:\/\/lobosnews.com.ar\/index.php\/2026\/01\/23\/la-primera-ministra-de-japon-disolvio-el-parlamento-en-visperas-de-las-elecciones-anticipadas-previstas-para-el-8-de-febrero\/#primaryimage\"},\"thumbnailUrl\":\"https:\/\/lobosnews.com.ar\/wp-content\/uploads\/2026\/01\/la-primera-ministra-de-japon-disolvio-el-parlamento-en-visperas-de-las-elecciones-anticipadas-previstas-para-el-8-de-febrero-6-scaled.jpg\",\"datePublished\":\"2026-01-23T04:33:16+00:00\",\"dateModified\":\"2026-01-23T05:01:04+00:00\",\"breadcrumb\":{\"@id\":\"https:\/\/lobosnews.com.ar\/index.php\/2026\/01\/23\/la-primera-ministra-de-japon-disolvio-el-parlamento-en-visperas-de-las-elecciones-anticipadas-previstas-para-el-8-de-febrero\/#breadcrumb\"},\"inLanguage\":\"es\",\"potentialAction\":[{\"@type\":\"ReadAction\",\"target\":[\"https:\/\/lobosnews.com.ar\/index.php\/2026\/01\/23\/la-primera-ministra-de-japon-disolvio-el-parlamento-en-visperas-de-las-elecciones-anticipadas-previstas-para-el-8-de-febrero\/\"]}]},{\"@type\":\"ImageObject\",\"inLanguage\":\"es\",\"@id\":\"https:\/\/lobosnews.com.ar\/index.php\/2026\/01\/23\/la-primera-ministra-de-japon-disolvio-el-parlamento-en-visperas-de-las-elecciones-anticipadas-previstas-para-el-8-de-febrero\/#primaryimage\",\"url\":\"https:\/\/lobosnews.com.ar\/wp-content\/uploads\/2026\/01\/la-primera-ministra-de-japon-disolvio-el-parlamento-en-visperas-de-las-elecciones-anticipadas-previstas-para-el-8-de-febrero-6-scaled.jpg\",\"contentUrl\":\"https:\/\/lobosnews.com.ar\/wp-content\/uploads\/2026\/01\/la-primera-ministra-de-japon-disolvio-el-parlamento-en-visperas-de-las-elecciones-anticipadas-previstas-para-el-8-de-febrero-6-scaled.jpg\",\"width\":2560,\"height\":1734,\"caption\":\"La primera ministra de Jap\u00f3n disolvi\u00f3 el Parlamento en v\u00edsperas de las elecciones anticipadas previstas para el 8 de febrero\"},{\"@type\":\"BreadcrumbList\",\"@id\":\"https:\/\/lobosnews.com.ar\/index.php\/2026\/01\/23\/la-primera-ministra-de-japon-disolvio-el-parlamento-en-visperas-de-las-elecciones-anticipadas-previstas-para-el-8-de-febrero\/#breadcrumb\",\"itemListElement\":[{\"@type\":\"ListItem\",\"position\":1,\"name\":\"Portada\",\"item\":\"https:\/\/lobosnews.com.ar\/\"},{\"@type\":\"ListItem\",\"position\":2,\"name\":\"La primera ministra de Jap\u00f3n disolvi\u00f3 el Parlamento en v\u00edsperas de las elecciones anticipadas previstas para el 8 de febrero\"}]},{\"@type\":\"WebSite\",\"@id\":\"https:\/\/lobosnews.com.ar\/#website\",\"url\":\"https:\/\/lobosnews.com.ar\/\",\"name\":\"Lobos News\",\"description\":\"Informaci\u00f3n a cada instante\",\"publisher\":{\"@id\":\"https:\/\/lobosnews.com.ar\/#organization\"},\"potentialAction\":[{\"@type\":\"SearchAction\",\"target\":{\"@type\":\"EntryPoint\",\"urlTemplate\":\"https:\/\/lobosnews.com.ar\/?s={search_term_string}\"},\"query-input\":{\"@type\":\"PropertyValueSpecification\",\"valueRequired\":true,\"valueName\":\"search_term_string\"}}],\"inLanguage\":\"es\"},{\"@type\":\"Organization\",\"@id\":\"https:\/\/lobosnews.com.ar\/#organization\",\"name\":\"Lobos News\",\"url\":\"https:\/\/lobosnews.com.ar\/\",\"logo\":{\"@type\":\"ImageObject\",\"inLanguage\":\"es\",\"@id\":\"https:\/\/lobosnews.com.ar\/#\/schema\/logo\/image\/\",\"url\":\"https:\/\/lobosnews.com.ar\/wp-content\/uploads\/2026\/01\/logo-lobosnews.png\",\"contentUrl\":\"https:\/\/lobosnews.com.ar\/wp-content\/uploads\/2026\/01\/logo-lobosnews.png\",\"width\":500,\"height\":200,\"caption\":\"Lobos News\"},\"image\":{\"@id\":\"https:\/\/lobosnews.com.ar\/#\/schema\/logo\/image\/\"}},{\"@type\":\"Person\",\"@id\":\"https:\/\/lobosnews.com.ar\/#\/schema\/person\/232422a593d5c541dd9aef6aaed10943\",\"name\":\"admin\",\"image\":{\"@type\":\"ImageObject\",\"inLanguage\":\"es\",\"@id\":\"https:\/\/lobosnews.com.ar\/#\/schema\/person\/image\/\",\"url\":\"https:\/\/secure.gravatar.com\/avatar\/76e419471a2083bc3ceab22a763dbbf9b0c1bd15a6214cf3280e2c2dde4580f9?s=96&d=mm&r=g\",\"contentUrl\":\"https:\/\/secure.gravatar.com\/avatar\/76e419471a2083bc3ceab22a763dbbf9b0c1bd15a6214cf3280e2c2dde4580f9?s=96&d=mm&r=g\",\"caption\":\"admin\"},\"sameAs\":[\"https:\/\/lobosnews.com.ar\"],\"url\":\"https:\/\/lobosnews.com.ar\/index.php\/author\/lobos-news\/\"}]}<\/script>\n<!-- \/ Yoast SEO plugin. -->","yoast_head_json":{"title":"La primera ministra de Jap\u00f3n disolvi\u00f3 el Parlamento en v\u00edsperas de las elecciones anticipadas previstas para el 8 de febrero - Lobos News","robots":{"index":"index","follow":"follow","max-snippet":"max-snippet:-1","max-image-preview":"max-image-preview:large","max-video-preview":"max-video-preview:-1"},"canonical":"https:\/\/lobosnews.com.ar\/index.php\/2026\/01\/23\/la-primera-ministra-de-japon-disolvio-el-parlamento-en-visperas-de-las-elecciones-anticipadas-previstas-para-el-8-de-febrero\/","og_locale":"es_ES","og_type":"article","og_title":"La primera ministra de Jap\u00f3n disolvi\u00f3 el Parlamento en v\u00edsperas de las elecciones anticipadas previstas para el 8 de febrero - Lobos News","og_description":"Sanae Takaichi, primera ministra de Jap\u00f3n, disolvi\u00f3 este viernes el Parlamento en v\u00edsperas de las elecciones anticipadas previstas para el 8 de febrero. La decisi\u00f3n se basa en el alto nivel de apoyo que registra su gabinete en las encuestas, con la expectativa de que esto impulse a su partido gobernante, actualmente impopular, hacia la...","og_url":"https:\/\/lobosnews.com.ar\/index.php\/2026\/01\/23\/la-primera-ministra-de-japon-disolvio-el-parlamento-en-visperas-de-las-elecciones-anticipadas-previstas-para-el-8-de-febrero\/","og_site_name":"Lobos News","article_published_time":"2026-01-23T04:33:16+00:00","article_modified_time":"2026-01-23T05:01:04+00:00","og_image":[{"url":"https:\/\/lobosnews.com.ar\/wp-content\/uploads\/2026\/01\/la-primera-ministra-de-japon-disolvio-el-parlamento-en-visperas-de-las-elecciones-anticipadas-previstas-para-el-8-de-febrero.jpg","type":"","width":"","height":""}],"author":"admin","twitter_card":"summary_large_image","twitter_misc":{"Escrito por":"admin","Tiempo de lectura":"3 minutos"},"schema":{"@context":"https:\/\/schema.org","@graph":[{"@type":"Article","@id":"https:\/\/lobosnews.com.ar\/index.php\/2026\/01\/23\/la-primera-ministra-de-japon-disolvio-el-parlamento-en-visperas-de-las-elecciones-anticipadas-previstas-para-el-8-de-febrero\/#article","isPartOf":{"@id":"https:\/\/lobosnews.com.ar\/index.php\/2026\/01\/23\/la-primera-ministra-de-japon-disolvio-el-parlamento-en-visperas-de-las-elecciones-anticipadas-previstas-para-el-8-de-febrero\/"},"author":{"name":"admin","@id":"https:\/\/lobosnews.com.ar\/#\/schema\/person\/232422a593d5c541dd9aef6aaed10943"},"headline":"La primera ministra de Jap\u00f3n disolvi\u00f3 el Parlamento en v\u00edsperas de las elecciones anticipadas previstas para el 8 de febrero","datePublished":"2026-01-23T04:33:16+00:00","dateModified":"2026-01-23T05:01:04+00:00","mainEntityOfPage":{"@id":"https:\/\/lobosnews.com.ar\/index.php\/2026\/01\/23\/la-primera-ministra-de-japon-disolvio-el-parlamento-en-visperas-de-las-elecciones-anticipadas-previstas-para-el-8-de-febrero\/"},"wordCount":719,"commentCount":0,"publisher":{"@id":"https:\/\/lobosnews.com.ar\/#organization"},"image":{"@id":"https:\/\/lobosnews.com.ar\/index.php\/2026\/01\/23\/la-primera-ministra-de-japon-disolvio-el-parlamento-en-visperas-de-las-elecciones-anticipadas-previstas-para-el-8-de-febrero\/#primaryimage"},"thumbnailUrl":"https:\/\/lobosnews.com.ar\/wp-content\/uploads\/2026\/01\/la-primera-ministra-de-japon-disolvio-el-parlamento-en-visperas-de-las-elecciones-anticipadas-previstas-para-el-8-de-febrero-6-scaled.jpg","articleSection":["Actualidad"],"inLanguage":"es","potentialAction":[{"@type":"CommentAction","name":"Comment","target":["https:\/\/lobosnews.com.ar\/index.php\/2026\/01\/23\/la-primera-ministra-de-japon-disolvio-el-parlamento-en-visperas-de-las-elecciones-anticipadas-previstas-para-el-8-de-febrero\/#respond"]}]},{"@type":"WebPage","@id":"https:\/\/lobosnews.com.ar\/index.php\/2026\/01\/23\/la-primera-ministra-de-japon-disolvio-el-parlamento-en-visperas-de-las-elecciones-anticipadas-previstas-para-el-8-de-febrero\/","url":"https:\/\/lobosnews.com.ar\/index.php\/2026\/01\/23\/la-primera-ministra-de-japon-disolvio-el-parlamento-en-visperas-de-las-elecciones-anticipadas-previstas-para-el-8-de-febrero\/","name":"La primera ministra de Jap\u00f3n disolvi\u00f3 el Parlamento en v\u00edsperas de las elecciones anticipadas previstas para el 8 de febrero - Lobos News","isPartOf":{"@id":"https:\/\/lobosnews.com.ar\/#website"},"primaryImageOfPage":{"@id":"https:\/\/lobosnews.com.ar\/index.php\/2026\/01\/23\/la-primera-ministra-de-japon-disolvio-el-parlamento-en-visperas-de-las-elecciones-anticipadas-previstas-para-el-8-de-febrero\/#primaryimage"},"image":{"@id":"https:\/\/lobosnews.com.ar\/index.php\/2026\/01\/23\/la-primera-ministra-de-japon-disolvio-el-parlamento-en-visperas-de-las-elecciones-anticipadas-previstas-para-el-8-de-febrero\/#primaryimage"},"thumbnailUrl":"https:\/\/lobosnews.com.ar\/wp-content\/uploads\/2026\/01\/la-primera-ministra-de-japon-disolvio-el-parlamento-en-visperas-de-las-elecciones-anticipadas-previstas-para-el-8-de-febrero-6-scaled.jpg","datePublished":"2026-01-23T04:33:16+00:00","dateModified":"2026-01-23T05:01:04+00:00","breadcrumb":{"@id":"https:\/\/lobosnews.com.ar\/index.php\/2026\/01\/23\/la-primera-ministra-de-japon-disolvio-el-parlamento-en-visperas-de-las-elecciones-anticipadas-previstas-para-el-8-de-febrero\/#breadcrumb"},"inLanguage":"es","potentialAction":[{"@type":"ReadAction","target":["https:\/\/lobosnews.com.ar\/index.php\/2026\/01\/23\/la-primera-ministra-de-japon-disolvio-el-parlamento-en-visperas-de-las-elecciones-anticipadas-previstas-para-el-8-de-febrero\/"]}]},{"@type":"ImageObject","inLanguage":"es","@id":"https:\/\/lobosnews.com.ar\/index.php\/2026\/01\/23\/la-primera-ministra-de-japon-disolvio-el-parlamento-en-visperas-de-las-elecciones-anticipadas-previstas-para-el-8-de-febrero\/#primaryimage","url":"https:\/\/lobosnews.com.ar\/wp-content\/uploads\/2026\/01\/la-primera-ministra-de-japon-disolvio-el-parlamento-en-visperas-de-las-elecciones-anticipadas-previstas-para-el-8-de-febrero-6-scaled.jpg","contentUrl":"https:\/\/lobosnews.com.ar\/wp-content\/uploads\/2026\/01\/la-primera-ministra-de-japon-disolvio-el-parlamento-en-visperas-de-las-elecciones-anticipadas-previstas-para-el-8-de-febrero-6-scaled.jpg","width":2560,"height":1734,"caption":"La primera ministra de Jap\u00f3n disolvi\u00f3 el Parlamento en v\u00edsperas de las elecciones anticipadas previstas para el 8 de febrero"},{"@type":"BreadcrumbList","@id":"https:\/\/lobosnews.com.ar\/index.php\/2026\/01\/23\/la-primera-ministra-de-japon-disolvio-el-parlamento-en-visperas-de-las-elecciones-anticipadas-previstas-para-el-8-de-febrero\/#breadcrumb","itemListElement":[{"@type":"ListItem","position":1,"name":"Portada","item":"https:\/\/lobosnews.com.ar\/"},{"@type":"ListItem","position":2,"name":"La primera ministra de Jap\u00f3n disolvi\u00f3 el Parlamento en v\u00edsperas de las elecciones anticipadas previstas para el 8 de febrero"}]},{"@type":"WebSite","@id":"https:\/\/lobosnews.com.ar\/#website","url":"https:\/\/lobosnews.com.ar\/","name":"Lobos News","description":"Informaci\u00f3n a cada instante","publisher":{"@id":"https:\/\/lobosnews.com.ar\/#organization"},"potentialAction":[{"@type":"SearchAction","target":{"@type":"EntryPoint","urlTemplate":"https:\/\/lobosnews.com.ar\/?s={search_term_string}"},"query-input":{"@type":"PropertyValueSpecification","valueRequired":true,"valueName":"search_term_string"}}],"inLanguage":"es"},{"@type":"Organization","@id":"https:\/\/lobosnews.com.ar\/#organization","name":"Lobos News","url":"https:\/\/lobosnews.com.ar\/","logo":{"@type":"ImageObject","inLanguage":"es","@id":"https:\/\/lobosnews.com.ar\/#\/schema\/logo\/image\/","url":"https:\/\/lobosnews.com.ar\/wp-content\/uploads\/2026\/01\/logo-lobosnews.png","contentUrl":"https:\/\/lobosnews.com.ar\/wp-content\/uploads\/2026\/01\/logo-lobosnews.png","width":500,"height":200,"caption":"Lobos News"},"image":{"@id":"https:\/\/lobosnews.com.ar\/#\/schema\/logo\/image\/"}},{"@type":"Person","@id":"https:\/\/lobosnews.com.ar\/#\/schema\/person\/232422a593d5c541dd9aef6aaed10943","name":"admin","image":{"@type":"ImageObject","inLanguage":"es","@id":"https:\/\/lobosnews.com.ar\/#\/schema\/person\/image\/","url":"https:\/\/secure.gravatar.com\/avatar\/76e419471a2083bc3ceab22a763dbbf9b0c1bd15a6214cf3280e2c2dde4580f9?s=96&d=mm&r=g","contentUrl":"https:\/\/secure.gravatar.com\/avatar\/76e419471a2083bc3ceab22a763dbbf9b0c1bd15a6214cf3280e2c2dde4580f9?s=96&d=mm&r=g","caption":"admin"},"sameAs":["https:\/\/lobosnews.com.ar"],"url":"https:\/\/lobosnews.com.ar\/index.php\/author\/lobos-news\/"}]}},"jetpack_featured_media_url":"https:\/\/lobosnews.com.ar\/wp-content\/uploads\/2026\/01\/la-primera-ministra-de-japon-disolvio-el-parlamento-en-visperas-de-las-elecciones-anticipadas-previstas-para-el-8-de-febrero-6-scaled.jpg","jetpack_sharing_enabled":true,"_links":{"self":[{"href":"https:\/\/lobosnews.com.ar\/index.php\/wp-json\/wp\/v2\/posts\/10356","targetHints":{"allow":["GET"]}}],"collection":[{"href":"https:\/\/lobosnews.com.ar\/index.php\/wp-json\/wp\/v2\/posts"}],"about":[{"href":"https:\/\/lobosnews.com.ar\/index.php\/wp-json\/wp\/v2\/types\/post"}],"author":[{"embeddable":true,"href":"https:\/\/lobosnews.com.ar\/index.php\/wp-json\/wp\/v2\/users\/1"}],"replies":[{"embeddable":true,"href":"https:\/\/lobosnews.com.ar\/index.php\/wp-json\/wp\/v2\/comments?post=10356"}],"version-history":[{"count":1,"href":"https:\/\/lobosnews.com.ar\/index.php\/wp-json\/wp\/v2\/posts\/10356\/revisions"}],"predecessor-version":[{"id":10361,"href":"https:\/\/lobosnews.com.ar\/index.php\/wp-json\/wp\/v2\/posts\/10356\/revisions\/10361"}],"wp:featuredmedia":[{"embeddable":true,"href":"https:\/\/lobosnews.com.ar\/index.php\/wp-json\/wp\/v2\/media\/10362"}],"wp:attachment":[{"href":"https:\/\/lobosnews.com.ar\/index.php\/wp-json\/wp\/v2\/media?parent=10356"}],"wp:term":[{"taxonomy":"category","embeddable":true,"href":"https:\/\/lobosnews.com.ar\/index.php\/wp-json\/wp\/v2\/categories?post=10356"},{"taxonomy":"post_tag","embeddable":true,"href":"https:\/\/lobosnews.com.ar\/index.php\/wp-json\/wp\/v2\/tags?post=10356"}],"curies":[{"name":"wp","href":"https:\/\/api.w.org\/{rel}","templated":true}]}}