{"id":10324,"date":"2026-01-22T23:45:17","date_gmt":"2026-01-22T23:45:17","guid":{"rendered":"https:\/\/lobosnews.com.ar\/index.php\/2026\/01\/22\/alerta-por-calor-extremo-y-sin-lluvias-como-estara-el-tiempo-en-el-amba-el-fin-de-semana\/"},"modified":"2026-01-23T02:43:01","modified_gmt":"2026-01-23T02:43:01","slug":"alerta-por-calor-extremo-y-sin-lluvias-como-estara-el-tiempo-en-el-amba-el-fin-de-semana","status":"publish","type":"post","link":"https:\/\/lobosnews.com.ar\/index.php\/2026\/01\/22\/alerta-por-calor-extremo-y-sin-lluvias-como-estara-el-tiempo-en-el-amba-el-fin-de-semana\/","title":{"rendered":"Alerta por calor extremo y sin lluvias: c\u00f3mo estar\u00e1 el tiempo en el AMBA el fin de semana"},"content":{"rendered":"<p><img loading=\"lazy\" decoding=\"async\" src=\"https:\/\/lobosnews.com.ar\/wp-content\/uploads\/2026\/01\/alerta-por-calor-extremo-y-sin-lluvias-como-estara-el-tiempo-en-el-amba-el-fin-de-semana.jpg\" alt=\"El Servicio Meteorol\u00f3gico Nacional emiti\u00f3 alerta amarilla para AMBA y gran parte del Gran Buenos Aires por altas temperaturas (AP Foto\/Natacha Pisarenko)\" height=\"4456\" width=\"7922\"\/><\/p>\n<p>Tras una semana de temperaturas que aliviaron el calor intenso en la <b>Ciudad de Buenos Aires<\/b> y alrededores, se espera que para el fin de semana el term\u00f3metro alcance marcas altas nuevamente. Se espera altas temperaturas y las lluvias, al menos en <b>CABA<\/b>, no llegar\u00e1n, seg\u00fan los pron\u00f3sticos.<\/p>\n<p>Las condiciones en el <b>Cono Sur<\/b> han evolucionado hasta crear un contexto propicio para un episodio de altas temperaturas que amenaza con marcar el verano de 2026 por su duraci\u00f3n, indicaron desde Meteored.<\/p>\n<p>El panorama actual se debe a <b>una suma de elementos que operan como un engranaje eficiente de aumento t\u00e9rmico<\/b>. Por una parte, la presencia de <b>sistemas de alta presi\u00f3n<\/b> sobre el <b>Oc\u00e9ano Atl\u00e1ntico<\/b> cumple la funci\u00f3n de motor y favorece el ingreso continuo de aire c\u00e1lido desde el norte hacia el centro del pa\u00eds.<\/p>\n<p><img loading=\"lazy\" decoding=\"async\" src=\"https:\/\/lobosnews.com.ar\/wp-content\/uploads\/2026\/01\/alerta-por-calor-extremo-y-sin-lluvias-como-estara-el-tiempo-en-el-amba-el-fin-de-semana-1.jpg\" alt=\"La subsidencia atmosf\u00e9rica y la alta presi\u00f3n en el Atl\u00e1ntico impulsan el ingreso de aire c\u00e1lido al centro del pa\u00eds (AP Foto\/Natacha Pisarenko)\" height=\"5760\" width=\"8640\"\/><\/p>\n<p>No obstante, el elemento clave es la <b>subsidencia<\/b>, explica <i>Meteored<\/i>. Este proceso se produce cuando el aire de las capas superiores de la atm\u00f3sfera desciende y, al hacerlo, experimenta una compresi\u00f3n por el incremento de la presi\u00f3n atmosf\u00e9rica. Como resultado, su temperatura se eleva a trav\u00e9s del llamado <b>calentamiento adiab\u00e1tico<\/b>.<\/p>\n<p>Es por eso que gran parte del pa\u00eds se encuentra bajo <b>alerta de nivel amarillo por calor extremo<\/b>, emitida por el <b>Servicio Meteorol\u00f3gico Nacional (SMN)<\/b>. La misma afecta al <b>AMBA<\/b>, as\u00ed como a gran parte del Gran Buenos Aires. De acuerdo con el pron\u00f3stico, la situaci\u00f3n se podr\u00eda mantener por varios d\u00edas.<\/p>\n<p>El <b>viernes <\/b>ser\u00e1 de los d\u00edas m\u00e1s tranquilos en cuanto a la temperatura: <b>m\u00e1xima de 32 grados <\/b>y m\u00ednima de 24 grados. Ya durante el <b>s\u00e1bado y domingo <\/b>la situaci\u00f3n empeorar\u00e1: la m\u00e1xima marca <b>34 \u00b0C<\/b> y la m\u00ednima rondar\u00e1 alrededor de los 25 \u00b0C. Durante todo el fin de semana habr\u00e1 presencia de viento, con r\u00e1fagas que ser\u00e1n de entre <b>42 y 59 kil\u00f3metros por hora<\/b>, dependiendo el momento de la jornada.<\/p>\n<p><img loading=\"lazy\" decoding=\"async\" src=\"https:\/\/lobosnews.com.ar\/wp-content\/uploads\/2026\/01\/alerta-por-calor-extremo-y-sin-lluvias-como-estara-el-tiempo-en-el-amba-el-fin-de-semana-2.jpg\" alt=\"Las m\u00e1ximas en Ciudad de Buenos Aires alcanzar\u00edan los 34 \u00b0C el fin de semana, con m\u00ednimas elevadas y vientos fuertes\" height=\"716\" width=\"439\"\/><\/p>\n<p>Durante estos d\u00edas, el efecto en la salud puede ser peligroso para los <b>grupos de riesgo<\/b>, como ni\u00f1os y ni\u00f1as, personas mayores de 65 a\u00f1os, con enfermedades cr\u00f3nicas.<\/p>\n<p>El resto de las provincias en las que tambi\u00e9n rige la alerta amarilla son: sur de <b>Santa Cruz<\/b>, oeste de <b>Chubut<\/b>, centro y oeste de <b>R\u00edo Negro<\/b>, <b>Neuqu\u00e9n<\/b>, sur de <b>Mendoza<\/b>, <b>San Luis<\/b>, <b>C\u00f3rdoba<\/b>, <b>Santa Fe<\/b>, <b>Entre R\u00edos<\/b>, <b>Corrientes<\/b>, sur de <b>Santiago del Estero<\/b> y una parte del este de <b>Chaco<\/b>.<\/p>\n<h2>Qu\u00e9 zonas del pa\u00eds habr\u00e1 tormenta<\/h2>\n<p>Una parte del pa\u00eds experimentar\u00e1 temperaturas realmente altas, mientras que otra zona se ver\u00e1 afectada por una tormenta intensa. Es por eso que tambi\u00e9n hay alertas amarilla y naranja en algunas regiones.<\/p>\n<p>Estas condiciones meteorol\u00f3gicas podr\u00edan dejar <b>acumulados de lluvia considerables y r\u00e1fagas de viento que superan los 100 km\/h<\/b>. <i>Meteored <\/i>atribuy\u00f3 el fen\u00f3meno a una combinaci\u00f3n de factores atmosf\u00e9ricos que favorecen la inestabilidad en amplias \u00e1reas del pa\u00eds.<\/p>\n<p><img loading=\"lazy\" decoding=\"async\" src=\"https:\/\/lobosnews.com.ar\/wp-content\/uploads\/2026\/01\/alerta-por-calor-extremo-y-sin-lluvias-como-estara-el-tiempo-en-el-amba-el-fin-de-semana-3.jpg\" alt=\"Regiones del sur y centro del pa\u00eds permanecen bajo alerta amarilla y naranja por tormentas intensas y r\u00e1fagas de viento\" height=\"800\" width=\"472\"\/><\/p>\n<p>Los eventos m\u00e1s notorios tendr\u00e1n lugar la noche de este jueves, mientras que hacia la madrugada se prev\u00e9 una mejora temporaria. No obstante, el servicio advirti\u00f3 sobre <b>posibles reactivaciones de menor intensidad <\/b>despu\u00e9s de ese breve alivio.<\/p>\n<p>Seg\u00fan el an\u00e1lisis difundido por el medio especializado, los n\u00facleos de tormenta se concentran especialmente sobre las regiones agr\u00edcolas y los enclaves rurales, donde las actividades productivas podr\u00edan ver afectado su normal desarrollo.<\/p>\n<p>El SMN mantiene vigente una <b>alerta naranja<\/b> sobre determinados sectores: <b>parte sur y oeste de la provincia de Buenos Aires y el centro de La Pampa<\/b>. Este nivel de advertencia se asocia a la probabilidad de tormentas fuertes o severas, capaces de generar impactos importantes.<\/p>\n<p>Entre los fen\u00f3menos previstos se destacan <b>lluvias intensas en lapsos breves, frecuente actividad el\u00e9ctrica, ca\u00edda de granizo y r\u00e1fagas de viento superiores a los 100 km\/h<\/b>.<\/p>\n<p>Los acumulados de precipitaci\u00f3n para las zonas bajo alerta naranja se ubican entre <b>40 mm y 70 mm<\/b>, aunque no se descartan registros superiores en sectores puntuales. Esta situaci\u00f3n trae consigo un incremento del riesgo de anegamientos transitorios, complicaciones en caminos rurales y posibles interrupciones en distintas actividades econ\u00f3micas.<\/p>\n<p><img loading=\"lazy\" decoding=\"async\" src=\"https:\/\/lobosnews.com.ar\/wp-content\/uploads\/2026\/01\/alerta-por-calor-extremo-y-sin-lluvias-como-estara-el-tiempo-en-el-amba-el-fin-de-semana-4.jpg\" alt=\"Las tormentas severas pueden provocar lluvias entre 40 y 70 mm, ca\u00edda de granizo y vientos que superan los 100 km\/h\" height=\"800\" width=\"472\"\/><\/p>\n<p>La atenci\u00f3n no se limita \u00fanicamente a las \u00e1reas con alerta naranja. El organismo nacional sostiene tambi\u00e9n una alerta amarilla para otras regiones del pa\u00eds: parte central de la <b>provincia de Buenos Aires, sur de San Luis, Mendoza, San Juan, La Rioja, Catamarca, Salta y Jujuy<\/b>.<\/p>\n<p>All\u00ed se esperan <b>tormentas intensas, con fen\u00f3menos localmente fuertes, aunque de menor alcance que en las zonas de mayor riesgo<\/b>. Las tormentas pueden estar acompa\u00f1adas por <b>actividad el\u00e9ctrica, ca\u00edda de granizo y r\u00e1fagas que alcanzan los 75 km\/h<\/b>.<\/p>\n<p>Respecto a las lluvias, los acumulados proyectados oscilan entre <b>20 mm y 40 mm<\/b>, valores que, si bien resultan inferiores a los de alerta naranja, tienen potencial para provocar impactos localizados.<\/p>\n<p>La recomendaci\u00f3n de los organismos meteorol\u00f3gicos apunta a extremar precauciones en los sectores bajo alerta, especialmente en aquellos donde las lluvias acumuladas y el viento pueden ocasionar da\u00f1os materiales o dificultades en el tr\u00e1nsito.<\/p>\n","protected":false},"excerpt":{"rendered":"<p>Tras una semana de temperaturas que aliviaron el calor intenso en la Ciudad de Buenos Aires y alrededores, se espera que para el fin de semana el term\u00f3metro alcance marcas altas nuevamente. Se espera altas temperaturas y las lluvias, al menos en CABA, no llegar\u00e1n, seg\u00fan los pron\u00f3sticos. Las condiciones en el Cono Sur han&#8230;<\/p>\n","protected":false},"author":1,"featured_media":10331,"comment_status":"open","ping_status":"closed","sticky":false,"template":"","format":"standard","meta":{"_jetpack_memberships_contains_paid_content":false,"footnotes":""},"categories":[31,30,32,77,84,35,36,37],"tags":[],"class_list":["post-10324","post","type-post","status-publish","format-standard","has-post-thumbnail","hentry","category-actualidad","category-argentina","category-economia","category-inseguridad","category-masradios-com","category-nacionales","category-seguridad","category-sociedad"],"magazineBlocksPostFeaturedMedia":{"thumbnail":"https:\/\/lobosnews.com.ar\/wp-content\/uploads\/2026\/01\/alerta-por-calor-extremo-y-sin-lluvias-como-estara-el-tiempo-en-el-amba-el-fin-de-semana-8-150x150.jpg","medium":"https:\/\/lobosnews.com.ar\/wp-content\/uploads\/2026\/01\/alerta-por-calor-extremo-y-sin-lluvias-como-estara-el-tiempo-en-el-amba-el-fin-de-semana-8-177x300.jpg","medium_large":"https:\/\/lobosnews.com.ar\/wp-content\/uploads\/2026\/01\/alerta-por-calor-extremo-y-sin-lluvias-como-estara-el-tiempo-en-el-amba-el-fin-de-semana-8.jpg","large":"https:\/\/lobosnews.com.ar\/wp-content\/uploads\/2026\/01\/alerta-por-calor-extremo-y-sin-lluvias-como-estara-el-tiempo-en-el-amba-el-fin-de-semana-8.jpg","1536x1536":"https:\/\/lobosnews.com.ar\/wp-content\/uploads\/2026\/01\/alerta-por-calor-extremo-y-sin-lluvias-como-estara-el-tiempo-en-el-amba-el-fin-de-semana-8.jpg","2048x2048":"https:\/\/lobosnews.com.ar\/wp-content\/uploads\/2026\/01\/alerta-por-calor-extremo-y-sin-lluvias-como-estara-el-tiempo-en-el-amba-el-fin-de-semana-8.jpg","newsmatic-featured":"https:\/\/lobosnews.com.ar\/wp-content\/uploads\/2026\/01\/alerta-por-calor-extremo-y-sin-lluvias-como-estara-el-tiempo-en-el-amba-el-fin-de-semana-8-472x545.jpg","newsmatic-list":"https:\/\/lobosnews.com.ar\/wp-content\/uploads\/2026\/01\/alerta-por-calor-extremo-y-sin-lluvias-como-estara-el-tiempo-en-el-amba-el-fin-de-semana-8-472x400.jpg","newsmatic-thumb":"https:\/\/lobosnews.com.ar\/wp-content\/uploads\/2026\/01\/alerta-por-calor-extremo-y-sin-lluvias-como-estara-el-tiempo-en-el-amba-el-fin-de-semana-8-300x200.jpg","newsmatic-small":"https:\/\/lobosnews.com.ar\/wp-content\/uploads\/2026\/01\/alerta-por-calor-extremo-y-sin-lluvias-como-estara-el-tiempo-en-el-amba-el-fin-de-semana-8-150x95.jpg","newsmatic-grid":"https:\/\/lobosnews.com.ar\/wp-content\/uploads\/2026\/01\/alerta-por-calor-extremo-y-sin-lluvias-como-estara-el-tiempo-en-el-amba-el-fin-de-semana-8-400x250.jpg"},"magazineBlocksPostAuthor":{"name":"admin","avatar":"https:\/\/secure.gravatar.com\/avatar\/76e419471a2083bc3ceab22a763dbbf9b0c1bd15a6214cf3280e2c2dde4580f9?s=96&d=mm&r=g"},"magazineBlocksPostCommentsNumber":"0","magazineBlocksPostExcerpt":"Tras una semana de temperaturas que aliviaron el calor intenso en la Ciudad de Buenos Aires y alrededores, se espera que para el fin de semana el term\u00f3metro alcance marcas altas nuevamente. Se espera altas temperaturas y las lluvias, al menos en CABA, no llegar\u00e1n, seg\u00fan los pron\u00f3sticos. Las condiciones en el Cono Sur han...","magazineBlocksPostCategories":["Actualidad","Argentina","econom\u00eda","inseguridad","masradios.com","nacionales","seguridad","sociedad"],"magazineBlocksPostViewCount":112,"magazineBlocksPostReadTime":5,"magazine_blocks_featured_image_url":{"full":["https:\/\/lobosnews.com.ar\/wp-content\/uploads\/2026\/01\/alerta-por-calor-extremo-y-sin-lluvias-como-estara-el-tiempo-en-el-amba-el-fin-de-semana-8.jpg",472,800,false],"medium":["https:\/\/lobosnews.com.ar\/wp-content\/uploads\/2026\/01\/alerta-por-calor-extremo-y-sin-lluvias-como-estara-el-tiempo-en-el-amba-el-fin-de-semana-8-177x300.jpg",177,300,true],"thumbnail":["https:\/\/lobosnews.com.ar\/wp-content\/uploads\/2026\/01\/alerta-por-calor-extremo-y-sin-lluvias-como-estara-el-tiempo-en-el-amba-el-fin-de-semana-8-150x150.jpg",150,150,true]},"magazine_blocks_author":{"display_name":"admin","author_link":"https:\/\/lobosnews.com.ar\/index.php\/author\/lobos-news\/"},"magazine_blocks_comment":0,"magazine_blocks_author_image":"https:\/\/secure.gravatar.com\/avatar\/76e419471a2083bc3ceab22a763dbbf9b0c1bd15a6214cf3280e2c2dde4580f9?s=96&d=mm&r=g","magazine_blocks_category":"<a href=\"#\" class=\"category-link category-link-31\">Actualidad<\/a> <a href=\"#\" class=\"category-link category-link-30\">Argentina<\/a> <a href=\"#\" class=\"category-link category-link-32\">econom\u00eda<\/a> <a href=\"#\" class=\"category-link category-link-77\">inseguridad<\/a> <a href=\"#\" class=\"category-link category-link-84\">masradios.com<\/a> <a href=\"#\" class=\"category-link category-link-35\">nacionales<\/a> <a href=\"#\" class=\"category-link category-link-36\">seguridad<\/a> <a href=\"#\" class=\"category-link category-link-37\">sociedad<\/a>","yoast_head":"<!-- This site is optimized with the Yoast SEO plugin v26.6 - https:\/\/yoast.com\/wordpress\/plugins\/seo\/ -->\n<title>Alerta por calor extremo y sin lluvias: c\u00f3mo estar\u00e1 el tiempo en el AMBA el fin de semana - Lobos News<\/title>\n<meta name=\"robots\" content=\"index, follow, max-snippet:-1, max-image-preview:large, max-video-preview:-1\" \/>\n<link rel=\"canonical\" href=\"https:\/\/lobosnews.com.ar\/index.php\/2026\/01\/22\/alerta-por-calor-extremo-y-sin-lluvias-como-estara-el-tiempo-en-el-amba-el-fin-de-semana\/\" \/>\n<meta property=\"og:locale\" content=\"es_ES\" \/>\n<meta property=\"og:type\" content=\"article\" \/>\n<meta property=\"og:title\" content=\"Alerta por calor extremo y sin lluvias: c\u00f3mo estar\u00e1 el tiempo en el AMBA el fin de semana - Lobos News\" \/>\n<meta property=\"og:description\" content=\"Tras una semana de temperaturas que aliviaron el calor intenso en la Ciudad de Buenos Aires y alrededores, se espera que para el fin de semana el term\u00f3metro alcance marcas altas nuevamente. Se espera altas temperaturas y las lluvias, al menos en CABA, no llegar\u00e1n, seg\u00fan los pron\u00f3sticos. Las condiciones en el Cono Sur han...\" \/>\n<meta property=\"og:url\" content=\"https:\/\/lobosnews.com.ar\/index.php\/2026\/01\/22\/alerta-por-calor-extremo-y-sin-lluvias-como-estara-el-tiempo-en-el-amba-el-fin-de-semana\/\" \/>\n<meta property=\"og:site_name\" content=\"Lobos News\" \/>\n<meta property=\"article:published_time\" content=\"2026-01-22T23:45:17+00:00\" \/>\n<meta property=\"article:modified_time\" content=\"2026-01-23T02:43:01+00:00\" \/>\n<meta property=\"og:image\" content=\"https:\/\/lobosnews.com.ar\/wp-content\/uploads\/2026\/01\/alerta-por-calor-extremo-y-sin-lluvias-como-estara-el-tiempo-en-el-amba-el-fin-de-semana.jpg\" \/>\n<meta name=\"author\" content=\"admin\" \/>\n<meta name=\"twitter:card\" content=\"summary_large_image\" \/>\n<meta name=\"twitter:label1\" content=\"Escrito por\" \/>\n\t<meta name=\"twitter:data1\" content=\"admin\" \/>\n\t<meta name=\"twitter:label2\" content=\"Tiempo de lectura\" \/>\n\t<meta name=\"twitter:data2\" content=\"4 minutos\" \/>\n<script type=\"application\/ld+json\" class=\"yoast-schema-graph\">{\"@context\":\"https:\/\/schema.org\",\"@graph\":[{\"@type\":\"Article\",\"@id\":\"https:\/\/lobosnews.com.ar\/index.php\/2026\/01\/22\/alerta-por-calor-extremo-y-sin-lluvias-como-estara-el-tiempo-en-el-amba-el-fin-de-semana\/#article\",\"isPartOf\":{\"@id\":\"https:\/\/lobosnews.com.ar\/index.php\/2026\/01\/22\/alerta-por-calor-extremo-y-sin-lluvias-como-estara-el-tiempo-en-el-amba-el-fin-de-semana\/\"},\"author\":{\"name\":\"admin\",\"@id\":\"https:\/\/lobosnews.com.ar\/#\/schema\/person\/232422a593d5c541dd9aef6aaed10943\"},\"headline\":\"Alerta por calor extremo y sin lluvias: c\u00f3mo estar\u00e1 el tiempo en el AMBA el fin de semana\",\"datePublished\":\"2026-01-22T23:45:17+00:00\",\"dateModified\":\"2026-01-23T02:43:01+00:00\",\"mainEntityOfPage\":{\"@id\":\"https:\/\/lobosnews.com.ar\/index.php\/2026\/01\/22\/alerta-por-calor-extremo-y-sin-lluvias-como-estara-el-tiempo-en-el-amba-el-fin-de-semana\/\"},\"wordCount\":892,\"commentCount\":0,\"publisher\":{\"@id\":\"https:\/\/lobosnews.com.ar\/#organization\"},\"image\":{\"@id\":\"https:\/\/lobosnews.com.ar\/index.php\/2026\/01\/22\/alerta-por-calor-extremo-y-sin-lluvias-como-estara-el-tiempo-en-el-amba-el-fin-de-semana\/#primaryimage\"},\"thumbnailUrl\":\"https:\/\/lobosnews.com.ar\/wp-content\/uploads\/2026\/01\/alerta-por-calor-extremo-y-sin-lluvias-como-estara-el-tiempo-en-el-amba-el-fin-de-semana-8.jpg\",\"articleSection\":[\"Actualidad\",\"Argentina\",\"econom\u00eda\",\"inseguridad\",\"masradios.com\",\"nacionales\",\"seguridad\",\"sociedad\"],\"inLanguage\":\"es\",\"potentialAction\":[{\"@type\":\"CommentAction\",\"name\":\"Comment\",\"target\":[\"https:\/\/lobosnews.com.ar\/index.php\/2026\/01\/22\/alerta-por-calor-extremo-y-sin-lluvias-como-estara-el-tiempo-en-el-amba-el-fin-de-semana\/#respond\"]}]},{\"@type\":\"WebPage\",\"@id\":\"https:\/\/lobosnews.com.ar\/index.php\/2026\/01\/22\/alerta-por-calor-extremo-y-sin-lluvias-como-estara-el-tiempo-en-el-amba-el-fin-de-semana\/\",\"url\":\"https:\/\/lobosnews.com.ar\/index.php\/2026\/01\/22\/alerta-por-calor-extremo-y-sin-lluvias-como-estara-el-tiempo-en-el-amba-el-fin-de-semana\/\",\"name\":\"Alerta por calor extremo y sin lluvias: c\u00f3mo estar\u00e1 el tiempo en el AMBA el fin de semana - Lobos News\",\"isPartOf\":{\"@id\":\"https:\/\/lobosnews.com.ar\/#website\"},\"primaryImageOfPage\":{\"@id\":\"https:\/\/lobosnews.com.ar\/index.php\/2026\/01\/22\/alerta-por-calor-extremo-y-sin-lluvias-como-estara-el-tiempo-en-el-amba-el-fin-de-semana\/#primaryimage\"},\"image\":{\"@id\":\"https:\/\/lobosnews.com.ar\/index.php\/2026\/01\/22\/alerta-por-calor-extremo-y-sin-lluvias-como-estara-el-tiempo-en-el-amba-el-fin-de-semana\/#primaryimage\"},\"thumbnailUrl\":\"https:\/\/lobosnews.com.ar\/wp-content\/uploads\/2026\/01\/alerta-por-calor-extremo-y-sin-lluvias-como-estara-el-tiempo-en-el-amba-el-fin-de-semana-8.jpg\",\"datePublished\":\"2026-01-22T23:45:17+00:00\",\"dateModified\":\"2026-01-23T02:43:01+00:00\",\"breadcrumb\":{\"@id\":\"https:\/\/lobosnews.com.ar\/index.php\/2026\/01\/22\/alerta-por-calor-extremo-y-sin-lluvias-como-estara-el-tiempo-en-el-amba-el-fin-de-semana\/#breadcrumb\"},\"inLanguage\":\"es\",\"potentialAction\":[{\"@type\":\"ReadAction\",\"target\":[\"https:\/\/lobosnews.com.ar\/index.php\/2026\/01\/22\/alerta-por-calor-extremo-y-sin-lluvias-como-estara-el-tiempo-en-el-amba-el-fin-de-semana\/\"]}]},{\"@type\":\"ImageObject\",\"inLanguage\":\"es\",\"@id\":\"https:\/\/lobosnews.com.ar\/index.php\/2026\/01\/22\/alerta-por-calor-extremo-y-sin-lluvias-como-estara-el-tiempo-en-el-amba-el-fin-de-semana\/#primaryimage\",\"url\":\"https:\/\/lobosnews.com.ar\/wp-content\/uploads\/2026\/01\/alerta-por-calor-extremo-y-sin-lluvias-como-estara-el-tiempo-en-el-amba-el-fin-de-semana-8.jpg\",\"contentUrl\":\"https:\/\/lobosnews.com.ar\/wp-content\/uploads\/2026\/01\/alerta-por-calor-extremo-y-sin-lluvias-como-estara-el-tiempo-en-el-amba-el-fin-de-semana-8.jpg\",\"width\":472,\"height\":800,\"caption\":\"Alerta por calor extremo y sin lluvias: c\u00f3mo estar\u00e1 el tiempo en el AMBA el fin de semana\"},{\"@type\":\"BreadcrumbList\",\"@id\":\"https:\/\/lobosnews.com.ar\/index.php\/2026\/01\/22\/alerta-por-calor-extremo-y-sin-lluvias-como-estara-el-tiempo-en-el-amba-el-fin-de-semana\/#breadcrumb\",\"itemListElement\":[{\"@type\":\"ListItem\",\"position\":1,\"name\":\"Portada\",\"item\":\"https:\/\/lobosnews.com.ar\/\"},{\"@type\":\"ListItem\",\"position\":2,\"name\":\"Alerta por calor extremo y sin lluvias: c\u00f3mo estar\u00e1 el tiempo en el AMBA el fin de semana\"}]},{\"@type\":\"WebSite\",\"@id\":\"https:\/\/lobosnews.com.ar\/#website\",\"url\":\"https:\/\/lobosnews.com.ar\/\",\"name\":\"Lobos News\",\"description\":\"Informaci\u00f3n a cada instante\",\"publisher\":{\"@id\":\"https:\/\/lobosnews.com.ar\/#organization\"},\"potentialAction\":[{\"@type\":\"SearchAction\",\"target\":{\"@type\":\"EntryPoint\",\"urlTemplate\":\"https:\/\/lobosnews.com.ar\/?s={search_term_string}\"},\"query-input\":{\"@type\":\"PropertyValueSpecification\",\"valueRequired\":true,\"valueName\":\"search_term_string\"}}],\"inLanguage\":\"es\"},{\"@type\":\"Organization\",\"@id\":\"https:\/\/lobosnews.com.ar\/#organization\",\"name\":\"Lobos News\",\"url\":\"https:\/\/lobosnews.com.ar\/\",\"logo\":{\"@type\":\"ImageObject\",\"inLanguage\":\"es\",\"@id\":\"https:\/\/lobosnews.com.ar\/#\/schema\/logo\/image\/\",\"url\":\"https:\/\/lobosnews.com.ar\/wp-content\/uploads\/2026\/01\/logo-lobosnews.png\",\"contentUrl\":\"https:\/\/lobosnews.com.ar\/wp-content\/uploads\/2026\/01\/logo-lobosnews.png\",\"width\":500,\"height\":200,\"caption\":\"Lobos News\"},\"image\":{\"@id\":\"https:\/\/lobosnews.com.ar\/#\/schema\/logo\/image\/\"}},{\"@type\":\"Person\",\"@id\":\"https:\/\/lobosnews.com.ar\/#\/schema\/person\/232422a593d5c541dd9aef6aaed10943\",\"name\":\"admin\",\"image\":{\"@type\":\"ImageObject\",\"inLanguage\":\"es\",\"@id\":\"https:\/\/lobosnews.com.ar\/#\/schema\/person\/image\/\",\"url\":\"https:\/\/secure.gravatar.com\/avatar\/76e419471a2083bc3ceab22a763dbbf9b0c1bd15a6214cf3280e2c2dde4580f9?s=96&d=mm&r=g\",\"contentUrl\":\"https:\/\/secure.gravatar.com\/avatar\/76e419471a2083bc3ceab22a763dbbf9b0c1bd15a6214cf3280e2c2dde4580f9?s=96&d=mm&r=g\",\"caption\":\"admin\"},\"sameAs\":[\"https:\/\/lobosnews.com.ar\"],\"url\":\"https:\/\/lobosnews.com.ar\/index.php\/author\/lobos-news\/\"}]}<\/script>\n<!-- \/ Yoast SEO plugin. -->","yoast_head_json":{"title":"Alerta por calor extremo y sin lluvias: c\u00f3mo estar\u00e1 el tiempo en el AMBA el fin de semana - Lobos News","robots":{"index":"index","follow":"follow","max-snippet":"max-snippet:-1","max-image-preview":"max-image-preview:large","max-video-preview":"max-video-preview:-1"},"canonical":"https:\/\/lobosnews.com.ar\/index.php\/2026\/01\/22\/alerta-por-calor-extremo-y-sin-lluvias-como-estara-el-tiempo-en-el-amba-el-fin-de-semana\/","og_locale":"es_ES","og_type":"article","og_title":"Alerta por calor extremo y sin lluvias: c\u00f3mo estar\u00e1 el tiempo en el AMBA el fin de semana - Lobos News","og_description":"Tras una semana de temperaturas que aliviaron el calor intenso en la Ciudad de Buenos Aires y alrededores, se espera que para el fin de semana el term\u00f3metro alcance marcas altas nuevamente. Se espera altas temperaturas y las lluvias, al menos en CABA, no llegar\u00e1n, seg\u00fan los pron\u00f3sticos. Las condiciones en el Cono Sur han...","og_url":"https:\/\/lobosnews.com.ar\/index.php\/2026\/01\/22\/alerta-por-calor-extremo-y-sin-lluvias-como-estara-el-tiempo-en-el-amba-el-fin-de-semana\/","og_site_name":"Lobos News","article_published_time":"2026-01-22T23:45:17+00:00","article_modified_time":"2026-01-23T02:43:01+00:00","og_image":[{"url":"https:\/\/lobosnews.com.ar\/wp-content\/uploads\/2026\/01\/alerta-por-calor-extremo-y-sin-lluvias-como-estara-el-tiempo-en-el-amba-el-fin-de-semana.jpg","type":"","width":"","height":""}],"author":"admin","twitter_card":"summary_large_image","twitter_misc":{"Escrito por":"admin","Tiempo de lectura":"4 minutos"},"schema":{"@context":"https:\/\/schema.org","@graph":[{"@type":"Article","@id":"https:\/\/lobosnews.com.ar\/index.php\/2026\/01\/22\/alerta-por-calor-extremo-y-sin-lluvias-como-estara-el-tiempo-en-el-amba-el-fin-de-semana\/#article","isPartOf":{"@id":"https:\/\/lobosnews.com.ar\/index.php\/2026\/01\/22\/alerta-por-calor-extremo-y-sin-lluvias-como-estara-el-tiempo-en-el-amba-el-fin-de-semana\/"},"author":{"name":"admin","@id":"https:\/\/lobosnews.com.ar\/#\/schema\/person\/232422a593d5c541dd9aef6aaed10943"},"headline":"Alerta por calor extremo y sin lluvias: c\u00f3mo estar\u00e1 el tiempo en el AMBA el fin de semana","datePublished":"2026-01-22T23:45:17+00:00","dateModified":"2026-01-23T02:43:01+00:00","mainEntityOfPage":{"@id":"https:\/\/lobosnews.com.ar\/index.php\/2026\/01\/22\/alerta-por-calor-extremo-y-sin-lluvias-como-estara-el-tiempo-en-el-amba-el-fin-de-semana\/"},"wordCount":892,"commentCount":0,"publisher":{"@id":"https:\/\/lobosnews.com.ar\/#organization"},"image":{"@id":"https:\/\/lobosnews.com.ar\/index.php\/2026\/01\/22\/alerta-por-calor-extremo-y-sin-lluvias-como-estara-el-tiempo-en-el-amba-el-fin-de-semana\/#primaryimage"},"thumbnailUrl":"https:\/\/lobosnews.com.ar\/wp-content\/uploads\/2026\/01\/alerta-por-calor-extremo-y-sin-lluvias-como-estara-el-tiempo-en-el-amba-el-fin-de-semana-8.jpg","articleSection":["Actualidad","Argentina","econom\u00eda","inseguridad","masradios.com","nacionales","seguridad","sociedad"],"inLanguage":"es","potentialAction":[{"@type":"CommentAction","name":"Comment","target":["https:\/\/lobosnews.com.ar\/index.php\/2026\/01\/22\/alerta-por-calor-extremo-y-sin-lluvias-como-estara-el-tiempo-en-el-amba-el-fin-de-semana\/#respond"]}]},{"@type":"WebPage","@id":"https:\/\/lobosnews.com.ar\/index.php\/2026\/01\/22\/alerta-por-calor-extremo-y-sin-lluvias-como-estara-el-tiempo-en-el-amba-el-fin-de-semana\/","url":"https:\/\/lobosnews.com.ar\/index.php\/2026\/01\/22\/alerta-por-calor-extremo-y-sin-lluvias-como-estara-el-tiempo-en-el-amba-el-fin-de-semana\/","name":"Alerta por calor extremo y sin lluvias: c\u00f3mo estar\u00e1 el tiempo en el AMBA el fin de semana - Lobos News","isPartOf":{"@id":"https:\/\/lobosnews.com.ar\/#website"},"primaryImageOfPage":{"@id":"https:\/\/lobosnews.com.ar\/index.php\/2026\/01\/22\/alerta-por-calor-extremo-y-sin-lluvias-como-estara-el-tiempo-en-el-amba-el-fin-de-semana\/#primaryimage"},"image":{"@id":"https:\/\/lobosnews.com.ar\/index.php\/2026\/01\/22\/alerta-por-calor-extremo-y-sin-lluvias-como-estara-el-tiempo-en-el-amba-el-fin-de-semana\/#primaryimage"},"thumbnailUrl":"https:\/\/lobosnews.com.ar\/wp-content\/uploads\/2026\/01\/alerta-por-calor-extremo-y-sin-lluvias-como-estara-el-tiempo-en-el-amba-el-fin-de-semana-8.jpg","datePublished":"2026-01-22T23:45:17+00:00","dateModified":"2026-01-23T02:43:01+00:00","breadcrumb":{"@id":"https:\/\/lobosnews.com.ar\/index.php\/2026\/01\/22\/alerta-por-calor-extremo-y-sin-lluvias-como-estara-el-tiempo-en-el-amba-el-fin-de-semana\/#breadcrumb"},"inLanguage":"es","potentialAction":[{"@type":"ReadAction","target":["https:\/\/lobosnews.com.ar\/index.php\/2026\/01\/22\/alerta-por-calor-extremo-y-sin-lluvias-como-estara-el-tiempo-en-el-amba-el-fin-de-semana\/"]}]},{"@type":"ImageObject","inLanguage":"es","@id":"https:\/\/lobosnews.com.ar\/index.php\/2026\/01\/22\/alerta-por-calor-extremo-y-sin-lluvias-como-estara-el-tiempo-en-el-amba-el-fin-de-semana\/#primaryimage","url":"https:\/\/lobosnews.com.ar\/wp-content\/uploads\/2026\/01\/alerta-por-calor-extremo-y-sin-lluvias-como-estara-el-tiempo-en-el-amba-el-fin-de-semana-8.jpg","contentUrl":"https:\/\/lobosnews.com.ar\/wp-content\/uploads\/2026\/01\/alerta-por-calor-extremo-y-sin-lluvias-como-estara-el-tiempo-en-el-amba-el-fin-de-semana-8.jpg","width":472,"height":800,"caption":"Alerta por calor extremo y sin lluvias: c\u00f3mo estar\u00e1 el tiempo en el AMBA el fin de semana"},{"@type":"BreadcrumbList","@id":"https:\/\/lobosnews.com.ar\/index.php\/2026\/01\/22\/alerta-por-calor-extremo-y-sin-lluvias-como-estara-el-tiempo-en-el-amba-el-fin-de-semana\/#breadcrumb","itemListElement":[{"@type":"ListItem","position":1,"name":"Portada","item":"https:\/\/lobosnews.com.ar\/"},{"@type":"ListItem","position":2,"name":"Alerta por calor extremo y sin lluvias: c\u00f3mo estar\u00e1 el tiempo en el AMBA el fin de semana"}]},{"@type":"WebSite","@id":"https:\/\/lobosnews.com.ar\/#website","url":"https:\/\/lobosnews.com.ar\/","name":"Lobos News","description":"Informaci\u00f3n a cada instante","publisher":{"@id":"https:\/\/lobosnews.com.ar\/#organization"},"potentialAction":[{"@type":"SearchAction","target":{"@type":"EntryPoint","urlTemplate":"https:\/\/lobosnews.com.ar\/?s={search_term_string}"},"query-input":{"@type":"PropertyValueSpecification","valueRequired":true,"valueName":"search_term_string"}}],"inLanguage":"es"},{"@type":"Organization","@id":"https:\/\/lobosnews.com.ar\/#organization","name":"Lobos News","url":"https:\/\/lobosnews.com.ar\/","logo":{"@type":"ImageObject","inLanguage":"es","@id":"https:\/\/lobosnews.com.ar\/#\/schema\/logo\/image\/","url":"https:\/\/lobosnews.com.ar\/wp-content\/uploads\/2026\/01\/logo-lobosnews.png","contentUrl":"https:\/\/lobosnews.com.ar\/wp-content\/uploads\/2026\/01\/logo-lobosnews.png","width":500,"height":200,"caption":"Lobos News"},"image":{"@id":"https:\/\/lobosnews.com.ar\/#\/schema\/logo\/image\/"}},{"@type":"Person","@id":"https:\/\/lobosnews.com.ar\/#\/schema\/person\/232422a593d5c541dd9aef6aaed10943","name":"admin","image":{"@type":"ImageObject","inLanguage":"es","@id":"https:\/\/lobosnews.com.ar\/#\/schema\/person\/image\/","url":"https:\/\/secure.gravatar.com\/avatar\/76e419471a2083bc3ceab22a763dbbf9b0c1bd15a6214cf3280e2c2dde4580f9?s=96&d=mm&r=g","contentUrl":"https:\/\/secure.gravatar.com\/avatar\/76e419471a2083bc3ceab22a763dbbf9b0c1bd15a6214cf3280e2c2dde4580f9?s=96&d=mm&r=g","caption":"admin"},"sameAs":["https:\/\/lobosnews.com.ar"],"url":"https:\/\/lobosnews.com.ar\/index.php\/author\/lobos-news\/"}]}},"jetpack_featured_media_url":"https:\/\/lobosnews.com.ar\/wp-content\/uploads\/2026\/01\/alerta-por-calor-extremo-y-sin-lluvias-como-estara-el-tiempo-en-el-amba-el-fin-de-semana-8.jpg","jetpack_sharing_enabled":true,"_links":{"self":[{"href":"https:\/\/lobosnews.com.ar\/index.php\/wp-json\/wp\/v2\/posts\/10324","targetHints":{"allow":["GET"]}}],"collection":[{"href":"https:\/\/lobosnews.com.ar\/index.php\/wp-json\/wp\/v2\/posts"}],"about":[{"href":"https:\/\/lobosnews.com.ar\/index.php\/wp-json\/wp\/v2\/types\/post"}],"author":[{"embeddable":true,"href":"https:\/\/lobosnews.com.ar\/index.php\/wp-json\/wp\/v2\/users\/1"}],"replies":[{"embeddable":true,"href":"https:\/\/lobosnews.com.ar\/index.php\/wp-json\/wp\/v2\/comments?post=10324"}],"version-history":[{"count":1,"href":"https:\/\/lobosnews.com.ar\/index.php\/wp-json\/wp\/v2\/posts\/10324\/revisions"}],"predecessor-version":[{"id":10330,"href":"https:\/\/lobosnews.com.ar\/index.php\/wp-json\/wp\/v2\/posts\/10324\/revisions\/10330"}],"wp:featuredmedia":[{"embeddable":true,"href":"https:\/\/lobosnews.com.ar\/index.php\/wp-json\/wp\/v2\/media\/10331"}],"wp:attachment":[{"href":"https:\/\/lobosnews.com.ar\/index.php\/wp-json\/wp\/v2\/media?parent=10324"}],"wp:term":[{"taxonomy":"category","embeddable":true,"href":"https:\/\/lobosnews.com.ar\/index.php\/wp-json\/wp\/v2\/categories?post=10324"},{"taxonomy":"post_tag","embeddable":true,"href":"https:\/\/lobosnews.com.ar\/index.php\/wp-json\/wp\/v2\/tags?post=10324"}],"curies":[{"name":"wp","href":"https:\/\/api.w.org\/{rel}","templated":true}]}}