{"id":10318,"date":"2026-01-23T00:30:28","date_gmt":"2026-01-23T00:30:28","guid":{"rendered":"https:\/\/lobosnews.com.ar\/index.php\/2026\/01\/23\/se-conocio-un-nuevo-video-de-la-discusion-que-tuvo-la-argentina-retenida-en-brasil-por-gestos-racistas\/"},"modified":"2026-01-23T02:42:44","modified_gmt":"2026-01-23T02:42:44","slug":"se-conocio-un-nuevo-video-de-la-discusion-que-tuvo-la-argentina-retenida-en-brasil-por-gestos-racistas","status":"publish","type":"post","link":"https:\/\/lobosnews.com.ar\/index.php\/2026\/01\/23\/se-conocio-un-nuevo-video-de-la-discusion-que-tuvo-la-argentina-retenida-en-brasil-por-gestos-racistas\/","title":{"rendered":"Se conoci\u00f3 un nuevo video de la discusi\u00f3n que tuvo la argentina retenida en Brasil por gestos racistas"},"content":{"rendered":"<p>Un nuevo video fue incorporado a la causa judicial que se abri\u00f3 Brasil e investiga el <span class=\"waslinkname\">caso de <b>Agostina P\u00e1ez<\/b><\/span>, la abogada argentina de 29 a\u00f1os que <span class=\"waslinkname\">realiz\u00f3 gestos racistas en un bar de R\u00edo de Janeiro<\/span>. La secuencia, capturada por c\u00e1maras de seguridad, revela escenas in\u00e9ditas que hasta ahora no formaban parte del expediente y suma un elemento inesperado en la investigaci\u00f3n.<\/p>\n<p>Seg\u00fan se puede ver en las im\u00e1genes que encabezan esta nota, <b>muestran con claridad gestos obscenos y provocaciones dirigidas a la joven argentina por parte de un empleado del local<\/b>, hecho que podr\u00eda modificar la calificaci\u00f3n del caso y el rumbo del proceso judicial.<\/p>\n<p>La difusi\u00f3n del material audiovisual gener\u00f3 repercusiones inmediatas en el expediente que involucra a <b>Agostina P\u00e1ez<\/b>, quien permanece bajo medidas restrictivas en <b>Brasil<\/b> desde el pasado 14 de enero. Seg\u00fan inform\u00f3 <i>CNN Brasil<\/i> y la Secretar\u00eda de Estado de Administraci\u00f3n Penitenciaria (SEAP), la abogada de 29 a\u00f1os acudi\u00f3 este mi\u00e9rcoles al Centro de Monitoreo donde se le coloc\u00f3 una tobillera electr\u00f3nica, cumpliendo as\u00ed con una de las condiciones exigidas por la Justicia local. <\/p>\n<p>El caso, que se origin\u00f3 tras una denuncia por insultos racistas por parte de un mozo del bar de Ipanema, avanz\u00f3 hacia una etapa clave mientras la revisi\u00f3n de pruebas sumaba tensi\u00f3n entre las partes. En ese sentido, el material aportado remarca los dichos que hab\u00eda realizado <span class=\"waslinkname\">la joven de 29 a\u00f1os<\/span> en su declaraci\u00f3n. <\/p>\n<p><img fetchpriority=\"high\" decoding=\"async\" src=\"https:\/\/lobosnews.com.ar\/wp-content\/uploads\/2026\/01\/se-conocio-un-nuevo-video-de-la-discusion-que-tuvo-la-argentina-retenida-en-brasil-por-gestos-racistas.jpg\" alt=\"El personal del bar de Ipanema fue registrado en actitudes provocadoras hacia las mujeres argentinas en la noche del incidente\" height=\"1080\" width=\"1920\"\/><\/p>\n<p>Justamente, la nueva grabaci\u00f3n muestra a un hombre, presumiblemente uno de los mozos del lugar, realizando gestos obscenos y provocaciones hacia <b>P\u00e1ez<\/b> y sus amigas. La defensa \u2014encabezada por el abogado <b>Sebasti\u00e1n Robles<\/b>\u2014 considera que el material resulta \u201cfundamental para el proceso judicial\u201d, seg\u00fan expres\u00f3 el letrado al ser consultado por el medio santiague\u00f1o <i>Diario Panorama<\/i>. Las im\u00e1genes exhiben c\u00f3mo el empleado del bar insulta a las mujeres, se r\u00ede y <span class=\"waslinkname\"><b>se toma los genitales frente a ellas<\/b><\/span>, en una actitud que coincide con el relato brindado por la propia acusada.<\/p>\n<p>El episodio investigado ocurri\u00f3 en la madrugada del jueves 14 de enero, cuando la abogada y sus amigas se retiraban del local tras un desacuerdo en la cuenta. P\u00e1ez afirm\u00f3: <b>\u201cSe agarraban los genitales, nos se\u00f1alaban y se re\u00edan. Ah\u00ed es cuando yo hago ese gesto\u201d<\/b>, atribuyendo su reacci\u00f3n a la provocaci\u00f3n del personal. <\/p>\n<p><img loading=\"lazy\" decoding=\"async\" src=\"https:\/\/lobosnews.com.ar\/wp-content\/uploads\/2026\/01\/se-conocio-un-nuevo-video-de-la-discusion-que-tuvo-la-argentina-retenida-en-brasil-por-gestos-racistas-1.jpg\" alt=\"Agostina Paez, la abogada retenida en R\u00edo de Janeiro, Brasil, por gestos racistas\" height=\"1080\" width=\"1920\"\/><\/p>\n<p>La denuncia inicial, realizada por el mozo ante la comisar\u00eda, acusaba a la turista de insultos racistas y de realizar gestos y sonidos comparables a los de un mono, actitud que la Justicia brasile\u00f1a tipific\u00f3 bajo la Ley 7.716, considerada de gravedad y sin posibilidad de excarcelaci\u00f3n bajo fianza.<\/p>\n<p>La situaci\u00f3n judicial de <b>P\u00e1ez<\/b> se complic\u00f3 tras la imputaci\u00f3n de \u201cinjuria racial\u201d, delito que en Brasil se investiga de forma rigurosa. Seg\u00fan consta en el expediente, la investigaci\u00f3n fue encabezada por el detective <b>Diego Salarini<\/b>, jefe de la Comisar\u00eda 11 de R\u00edo de Janeiro, quien ahora eval\u00faa las nuevas pruebas aportadas. El proceso est\u00e1 bajo la \u00f3rbita del juez <b>Orlando Eliazaro Feitosa<\/b> del Tribunal de Justicia de Comarca de la capital carioca, mientras que las evidencias ser\u00e1n remitidas al Ministerio P\u00fablico para su an\u00e1lisis.<\/p>\n<p>En ese contexto, la familia de la joven mantiene la expectativa ante la posibilidad de una revisi\u00f3n de la calificaci\u00f3n legal del caso. El abogado <b>Robles<\/b> manifest\u00f3 que la evidencia f\u00edlmica puede aportar \u201cun elemento central para revisar la responsabilidad atribuida\u201d a la abogada argentina, quien permanece en Brasil con el pasaporte retenido. La defensa tambi\u00e9n solicit\u00f3 la revisi\u00f3n integral de todas las grabaciones captadas en el local la noche del incidente, argumentando que el contexto registrado difiere de lo consignado en la denuncia original.<\/p>\n<p>Mientras tanto, <b>P\u00e1ez<\/b> reconoci\u00f3 haber tenido una reacci\u00f3n inapropiada tras el episodio, aunque insisti\u00f3 en que la provocaci\u00f3n fue previa y documentada por las c\u00e1maras de seguridad. La joven tambi\u00e9n denunci\u00f3 amenazas recibidas a trav\u00e9s de redes sociales y un episodio de inseguridad reciente en su domicilio temporal de R\u00edo de Janeiro. <\/p>\n<p>Su abogado relat\u00f3 a <i>El Liberal<\/i> que <span class=\"waslinkname\">tres individuos se presentaron en el departamento donde resid\u00eda<\/span>, identific\u00e1ndose como polic\u00edas en circunstancias poco claras, lo que motiv\u00f3 el consejo de abandonar el inmueble por razones de seguridad.<\/p>\n<p><img loading=\"lazy\" decoding=\"async\" src=\"https:\/\/lobosnews.com.ar\/wp-content\/uploads\/2026\/01\/se-conocio-un-nuevo-video-de-la-discusion-que-tuvo-la-argentina-retenida-en-brasil-por-gestos-racistas-2.jpg\" alt=\"La mujer es oriunda de Santiago del Estero y tiene 29 a\u00f1os\" height=\"1080\" width=\"1920\"\/><\/p>\n<p>El entorno cercano de <b>P\u00e1ez<\/b> eval\u00faa la posibilidad de viajar a <b>Brasil<\/b> para acompa\u00f1arla durante la etapa final del proceso judicial, en un contexto de creciente preocupaci\u00f3n. El padre de la abogada, <b>Mariano P\u00e1ez<\/b>, expres\u00f3 que la joven se encuentra atemorizada y con deseos de regresar a la <b>Argentina<\/b>. La estrategia de la defensa contempla la inminente presentaci\u00f3n de un recurso de habeas corpus ante la Justicia brasile\u00f1a, con el objetivo de lograr el retorno de la acusada a su pa\u00eds natal.<\/p>\n<p>La causa cuenta con el respaldo del estudio jur\u00eddico <b>Roitman<\/b>, dirigido por un abogado argentino radicado en Brasil, y la joven fue recibida por funcionarios del <b>consulado argentino<\/b> en R\u00edo de Janeiro. La representaci\u00f3n diplom\u00e1tica aclar\u00f3 que no intervendr\u00e1 en el tr\u00e1mite judicial, mientras la investigaci\u00f3n contin\u00faa y se esperan nuevas declaraciones de la presunta v\u00edctima y de testigos presenciales, incluido el gerente del bar.<\/p>\n","protected":false},"excerpt":{"rendered":"<p>Un nuevo video fue incorporado a la causa judicial que se abri\u00f3 Brasil e investiga el caso de Agostina P\u00e1ez, la abogada argentina de 29 a\u00f1os que realiz\u00f3 gestos racistas en un bar de R\u00edo de Janeiro. La secuencia, capturada por c\u00e1maras de seguridad, revela escenas in\u00e9ditas que hasta ahora no formaban parte del expediente&#8230;<\/p>\n","protected":false},"author":1,"featured_media":10323,"comment_status":"open","ping_status":"closed","sticky":false,"template":"","format":"standard","meta":{"_jetpack_memberships_contains_paid_content":false,"footnotes":""},"categories":[31,30,32,77,84,35,36,37],"tags":[],"class_list":["post-10318","post","type-post","status-publish","format-standard","has-post-thumbnail","hentry","category-actualidad","category-argentina","category-economia","category-inseguridad","category-masradios-com","category-nacionales","category-seguridad","category-sociedad"],"magazineBlocksPostFeaturedMedia":{"thumbnail":"https:\/\/lobosnews.com.ar\/wp-content\/uploads\/2026\/01\/se-conocio-un-nuevo-video-de-la-discusion-que-tuvo-la-argentina-retenida-en-brasil-por-gestos-racistas-4-150x150.jpg","medium":"https:\/\/lobosnews.com.ar\/wp-content\/uploads\/2026\/01\/se-conocio-un-nuevo-video-de-la-discusion-que-tuvo-la-argentina-retenida-en-brasil-por-gestos-racistas-4-300x169.jpg","medium_large":"https:\/\/lobosnews.com.ar\/wp-content\/uploads\/2026\/01\/se-conocio-un-nuevo-video-de-la-discusion-que-tuvo-la-argentina-retenida-en-brasil-por-gestos-racistas-4-768x432.jpg","large":"https:\/\/lobosnews.com.ar\/wp-content\/uploads\/2026\/01\/se-conocio-un-nuevo-video-de-la-discusion-que-tuvo-la-argentina-retenida-en-brasil-por-gestos-racistas-4-1024x576.jpg","1536x1536":"https:\/\/lobosnews.com.ar\/wp-content\/uploads\/2026\/01\/se-conocio-un-nuevo-video-de-la-discusion-que-tuvo-la-argentina-retenida-en-brasil-por-gestos-racistas-4-1536x864.jpg","2048x2048":"https:\/\/lobosnews.com.ar\/wp-content\/uploads\/2026\/01\/se-conocio-un-nuevo-video-de-la-discusion-que-tuvo-la-argentina-retenida-en-brasil-por-gestos-racistas-4.jpg","newsmatic-featured":"https:\/\/lobosnews.com.ar\/wp-content\/uploads\/2026\/01\/se-conocio-un-nuevo-video-de-la-discusion-que-tuvo-la-argentina-retenida-en-brasil-por-gestos-racistas-4-820x545.jpg","newsmatic-list":"https:\/\/lobosnews.com.ar\/wp-content\/uploads\/2026\/01\/se-conocio-un-nuevo-video-de-la-discusion-que-tuvo-la-argentina-retenida-en-brasil-por-gestos-racistas-4-600x400.jpg","newsmatic-thumb":"https:\/\/lobosnews.com.ar\/wp-content\/uploads\/2026\/01\/se-conocio-un-nuevo-video-de-la-discusion-que-tuvo-la-argentina-retenida-en-brasil-por-gestos-racistas-4-300x200.jpg","newsmatic-small":"https:\/\/lobosnews.com.ar\/wp-content\/uploads\/2026\/01\/se-conocio-un-nuevo-video-de-la-discusion-que-tuvo-la-argentina-retenida-en-brasil-por-gestos-racistas-4-150x95.jpg","newsmatic-grid":"https:\/\/lobosnews.com.ar\/wp-content\/uploads\/2026\/01\/se-conocio-un-nuevo-video-de-la-discusion-que-tuvo-la-argentina-retenida-en-brasil-por-gestos-racistas-4-400x250.jpg"},"magazineBlocksPostAuthor":{"name":"admin","avatar":"https:\/\/secure.gravatar.com\/avatar\/76e419471a2083bc3ceab22a763dbbf9b0c1bd15a6214cf3280e2c2dde4580f9?s=96&d=mm&r=g"},"magazineBlocksPostCommentsNumber":"0","magazineBlocksPostExcerpt":"Un nuevo video fue incorporado a la causa judicial que se abri\u00f3 Brasil e investiga el caso de Agostina P\u00e1ez, la abogada argentina de 29 a\u00f1os que realiz\u00f3 gestos racistas en un bar de R\u00edo de Janeiro. La secuencia, capturada por c\u00e1maras de seguridad, revela escenas in\u00e9ditas que hasta ahora no formaban parte del expediente...","magazineBlocksPostCategories":["Actualidad","Argentina","econom\u00eda","inseguridad","masradios.com","nacionales","seguridad","sociedad"],"magazineBlocksPostViewCount":173,"magazineBlocksPostReadTime":5,"magazine_blocks_featured_image_url":{"full":["https:\/\/lobosnews.com.ar\/wp-content\/uploads\/2026\/01\/se-conocio-un-nuevo-video-de-la-discusion-que-tuvo-la-argentina-retenida-en-brasil-por-gestos-racistas-4.jpg",1920,1080,false],"medium":["https:\/\/lobosnews.com.ar\/wp-content\/uploads\/2026\/01\/se-conocio-un-nuevo-video-de-la-discusion-que-tuvo-la-argentina-retenida-en-brasil-por-gestos-racistas-4-300x169.jpg",300,169,true],"thumbnail":["https:\/\/lobosnews.com.ar\/wp-content\/uploads\/2026\/01\/se-conocio-un-nuevo-video-de-la-discusion-que-tuvo-la-argentina-retenida-en-brasil-por-gestos-racistas-4-150x150.jpg",150,150,true]},"magazine_blocks_author":{"display_name":"admin","author_link":"https:\/\/lobosnews.com.ar\/index.php\/author\/lobos-news\/"},"magazine_blocks_comment":0,"magazine_blocks_author_image":"https:\/\/secure.gravatar.com\/avatar\/76e419471a2083bc3ceab22a763dbbf9b0c1bd15a6214cf3280e2c2dde4580f9?s=96&d=mm&r=g","magazine_blocks_category":"<a href=\"#\" class=\"category-link category-link-31\">Actualidad<\/a> <a href=\"#\" class=\"category-link category-link-30\">Argentina<\/a> <a href=\"#\" class=\"category-link category-link-32\">econom\u00eda<\/a> <a href=\"#\" class=\"category-link category-link-77\">inseguridad<\/a> <a href=\"#\" class=\"category-link category-link-84\">masradios.com<\/a> <a href=\"#\" class=\"category-link category-link-35\">nacionales<\/a> <a href=\"#\" class=\"category-link category-link-36\">seguridad<\/a> <a href=\"#\" class=\"category-link category-link-37\">sociedad<\/a>","yoast_head":"<!-- This site is optimized with the Yoast SEO plugin v26.6 - https:\/\/yoast.com\/wordpress\/plugins\/seo\/ -->\n<title>Se conoci\u00f3 un nuevo video de la discusi\u00f3n que tuvo la argentina retenida en Brasil por gestos racistas - Lobos News<\/title>\n<meta name=\"robots\" content=\"index, follow, max-snippet:-1, max-image-preview:large, max-video-preview:-1\" \/>\n<link rel=\"canonical\" href=\"https:\/\/lobosnews.com.ar\/index.php\/2026\/01\/23\/se-conocio-un-nuevo-video-de-la-discusion-que-tuvo-la-argentina-retenida-en-brasil-por-gestos-racistas\/\" \/>\n<meta property=\"og:locale\" content=\"es_ES\" \/>\n<meta property=\"og:type\" content=\"article\" \/>\n<meta property=\"og:title\" content=\"Se conoci\u00f3 un nuevo video de la discusi\u00f3n que tuvo la argentina retenida en Brasil por gestos racistas - Lobos News\" \/>\n<meta property=\"og:description\" content=\"Un nuevo video fue incorporado a la causa judicial que se abri\u00f3 Brasil e investiga el caso de Agostina P\u00e1ez, la abogada argentina de 29 a\u00f1os que realiz\u00f3 gestos racistas en un bar de R\u00edo de Janeiro. La secuencia, capturada por c\u00e1maras de seguridad, revela escenas in\u00e9ditas que hasta ahora no formaban parte del expediente...\" \/>\n<meta property=\"og:url\" content=\"https:\/\/lobosnews.com.ar\/index.php\/2026\/01\/23\/se-conocio-un-nuevo-video-de-la-discusion-que-tuvo-la-argentina-retenida-en-brasil-por-gestos-racistas\/\" \/>\n<meta property=\"og:site_name\" content=\"Lobos News\" \/>\n<meta property=\"article:published_time\" content=\"2026-01-23T00:30:28+00:00\" \/>\n<meta property=\"article:modified_time\" content=\"2026-01-23T02:42:44+00:00\" \/>\n<meta property=\"og:image\" content=\"https:\/\/lobosnews.com.ar\/wp-content\/uploads\/2026\/01\/se-conocio-un-nuevo-video-de-la-discusion-que-tuvo-la-argentina-retenida-en-brasil-por-gestos-racistas.jpg\" \/>\n<meta name=\"author\" content=\"admin\" \/>\n<meta name=\"twitter:card\" content=\"summary_large_image\" \/>\n<meta name=\"twitter:label1\" content=\"Escrito por\" \/>\n\t<meta name=\"twitter:data1\" content=\"admin\" \/>\n\t<meta name=\"twitter:label2\" content=\"Tiempo de lectura\" \/>\n\t<meta name=\"twitter:data2\" content=\"5 minutos\" \/>\n<script type=\"application\/ld+json\" class=\"yoast-schema-graph\">{\"@context\":\"https:\/\/schema.org\",\"@graph\":[{\"@type\":\"Article\",\"@id\":\"https:\/\/lobosnews.com.ar\/index.php\/2026\/01\/23\/se-conocio-un-nuevo-video-de-la-discusion-que-tuvo-la-argentina-retenida-en-brasil-por-gestos-racistas\/#article\",\"isPartOf\":{\"@id\":\"https:\/\/lobosnews.com.ar\/index.php\/2026\/01\/23\/se-conocio-un-nuevo-video-de-la-discusion-que-tuvo-la-argentina-retenida-en-brasil-por-gestos-racistas\/\"},\"author\":{\"name\":\"admin\",\"@id\":\"https:\/\/lobosnews.com.ar\/#\/schema\/person\/232422a593d5c541dd9aef6aaed10943\"},\"headline\":\"Se conoci\u00f3 un nuevo video de la discusi\u00f3n que tuvo la argentina retenida en Brasil por gestos racistas\",\"datePublished\":\"2026-01-23T00:30:28+00:00\",\"dateModified\":\"2026-01-23T02:42:44+00:00\",\"mainEntityOfPage\":{\"@id\":\"https:\/\/lobosnews.com.ar\/index.php\/2026\/01\/23\/se-conocio-un-nuevo-video-de-la-discusion-que-tuvo-la-argentina-retenida-en-brasil-por-gestos-racistas\/\"},\"wordCount\":927,\"commentCount\":0,\"publisher\":{\"@id\":\"https:\/\/lobosnews.com.ar\/#organization\"},\"image\":{\"@id\":\"https:\/\/lobosnews.com.ar\/index.php\/2026\/01\/23\/se-conocio-un-nuevo-video-de-la-discusion-que-tuvo-la-argentina-retenida-en-brasil-por-gestos-racistas\/#primaryimage\"},\"thumbnailUrl\":\"https:\/\/lobosnews.com.ar\/wp-content\/uploads\/2026\/01\/se-conocio-un-nuevo-video-de-la-discusion-que-tuvo-la-argentina-retenida-en-brasil-por-gestos-racistas-4.jpg\",\"articleSection\":[\"Actualidad\",\"Argentina\",\"econom\u00eda\",\"inseguridad\",\"masradios.com\",\"nacionales\",\"seguridad\",\"sociedad\"],\"inLanguage\":\"es\",\"potentialAction\":[{\"@type\":\"CommentAction\",\"name\":\"Comment\",\"target\":[\"https:\/\/lobosnews.com.ar\/index.php\/2026\/01\/23\/se-conocio-un-nuevo-video-de-la-discusion-que-tuvo-la-argentina-retenida-en-brasil-por-gestos-racistas\/#respond\"]}]},{\"@type\":\"WebPage\",\"@id\":\"https:\/\/lobosnews.com.ar\/index.php\/2026\/01\/23\/se-conocio-un-nuevo-video-de-la-discusion-que-tuvo-la-argentina-retenida-en-brasil-por-gestos-racistas\/\",\"url\":\"https:\/\/lobosnews.com.ar\/index.php\/2026\/01\/23\/se-conocio-un-nuevo-video-de-la-discusion-que-tuvo-la-argentina-retenida-en-brasil-por-gestos-racistas\/\",\"name\":\"Se conoci\u00f3 un nuevo video de la discusi\u00f3n que tuvo la argentina retenida en Brasil por gestos racistas - Lobos News\",\"isPartOf\":{\"@id\":\"https:\/\/lobosnews.com.ar\/#website\"},\"primaryImageOfPage\":{\"@id\":\"https:\/\/lobosnews.com.ar\/index.php\/2026\/01\/23\/se-conocio-un-nuevo-video-de-la-discusion-que-tuvo-la-argentina-retenida-en-brasil-por-gestos-racistas\/#primaryimage\"},\"image\":{\"@id\":\"https:\/\/lobosnews.com.ar\/index.php\/2026\/01\/23\/se-conocio-un-nuevo-video-de-la-discusion-que-tuvo-la-argentina-retenida-en-brasil-por-gestos-racistas\/#primaryimage\"},\"thumbnailUrl\":\"https:\/\/lobosnews.com.ar\/wp-content\/uploads\/2026\/01\/se-conocio-un-nuevo-video-de-la-discusion-que-tuvo-la-argentina-retenida-en-brasil-por-gestos-racistas-4.jpg\",\"datePublished\":\"2026-01-23T00:30:28+00:00\",\"dateModified\":\"2026-01-23T02:42:44+00:00\",\"breadcrumb\":{\"@id\":\"https:\/\/lobosnews.com.ar\/index.php\/2026\/01\/23\/se-conocio-un-nuevo-video-de-la-discusion-que-tuvo-la-argentina-retenida-en-brasil-por-gestos-racistas\/#breadcrumb\"},\"inLanguage\":\"es\",\"potentialAction\":[{\"@type\":\"ReadAction\",\"target\":[\"https:\/\/lobosnews.com.ar\/index.php\/2026\/01\/23\/se-conocio-un-nuevo-video-de-la-discusion-que-tuvo-la-argentina-retenida-en-brasil-por-gestos-racistas\/\"]}]},{\"@type\":\"ImageObject\",\"inLanguage\":\"es\",\"@id\":\"https:\/\/lobosnews.com.ar\/index.php\/2026\/01\/23\/se-conocio-un-nuevo-video-de-la-discusion-que-tuvo-la-argentina-retenida-en-brasil-por-gestos-racistas\/#primaryimage\",\"url\":\"https:\/\/lobosnews.com.ar\/wp-content\/uploads\/2026\/01\/se-conocio-un-nuevo-video-de-la-discusion-que-tuvo-la-argentina-retenida-en-brasil-por-gestos-racistas-4.jpg\",\"contentUrl\":\"https:\/\/lobosnews.com.ar\/wp-content\/uploads\/2026\/01\/se-conocio-un-nuevo-video-de-la-discusion-que-tuvo-la-argentina-retenida-en-brasil-por-gestos-racistas-4.jpg\",\"width\":1920,\"height\":1080,\"caption\":\"Se conoci\u00f3 un nuevo video de la discusi\u00f3n que tuvo la argentina retenida en Brasil por gestos racistas\"},{\"@type\":\"BreadcrumbList\",\"@id\":\"https:\/\/lobosnews.com.ar\/index.php\/2026\/01\/23\/se-conocio-un-nuevo-video-de-la-discusion-que-tuvo-la-argentina-retenida-en-brasil-por-gestos-racistas\/#breadcrumb\",\"itemListElement\":[{\"@type\":\"ListItem\",\"position\":1,\"name\":\"Portada\",\"item\":\"https:\/\/lobosnews.com.ar\/\"},{\"@type\":\"ListItem\",\"position\":2,\"name\":\"Se conoci\u00f3 un nuevo video de la discusi\u00f3n que tuvo la argentina retenida en Brasil por gestos racistas\"}]},{\"@type\":\"WebSite\",\"@id\":\"https:\/\/lobosnews.com.ar\/#website\",\"url\":\"https:\/\/lobosnews.com.ar\/\",\"name\":\"Lobos News\",\"description\":\"Informaci\u00f3n a cada instante\",\"publisher\":{\"@id\":\"https:\/\/lobosnews.com.ar\/#organization\"},\"potentialAction\":[{\"@type\":\"SearchAction\",\"target\":{\"@type\":\"EntryPoint\",\"urlTemplate\":\"https:\/\/lobosnews.com.ar\/?s={search_term_string}\"},\"query-input\":{\"@type\":\"PropertyValueSpecification\",\"valueRequired\":true,\"valueName\":\"search_term_string\"}}],\"inLanguage\":\"es\"},{\"@type\":\"Organization\",\"@id\":\"https:\/\/lobosnews.com.ar\/#organization\",\"name\":\"Lobos News\",\"url\":\"https:\/\/lobosnews.com.ar\/\",\"logo\":{\"@type\":\"ImageObject\",\"inLanguage\":\"es\",\"@id\":\"https:\/\/lobosnews.com.ar\/#\/schema\/logo\/image\/\",\"url\":\"https:\/\/lobosnews.com.ar\/wp-content\/uploads\/2026\/01\/logo-lobosnews.png\",\"contentUrl\":\"https:\/\/lobosnews.com.ar\/wp-content\/uploads\/2026\/01\/logo-lobosnews.png\",\"width\":500,\"height\":200,\"caption\":\"Lobos News\"},\"image\":{\"@id\":\"https:\/\/lobosnews.com.ar\/#\/schema\/logo\/image\/\"}},{\"@type\":\"Person\",\"@id\":\"https:\/\/lobosnews.com.ar\/#\/schema\/person\/232422a593d5c541dd9aef6aaed10943\",\"name\":\"admin\",\"image\":{\"@type\":\"ImageObject\",\"inLanguage\":\"es\",\"@id\":\"https:\/\/lobosnews.com.ar\/#\/schema\/person\/image\/\",\"url\":\"https:\/\/secure.gravatar.com\/avatar\/76e419471a2083bc3ceab22a763dbbf9b0c1bd15a6214cf3280e2c2dde4580f9?s=96&d=mm&r=g\",\"contentUrl\":\"https:\/\/secure.gravatar.com\/avatar\/76e419471a2083bc3ceab22a763dbbf9b0c1bd15a6214cf3280e2c2dde4580f9?s=96&d=mm&r=g\",\"caption\":\"admin\"},\"sameAs\":[\"https:\/\/lobosnews.com.ar\"],\"url\":\"https:\/\/lobosnews.com.ar\/index.php\/author\/lobos-news\/\"}]}<\/script>\n<!-- \/ Yoast SEO plugin. -->","yoast_head_json":{"title":"Se conoci\u00f3 un nuevo video de la discusi\u00f3n que tuvo la argentina retenida en Brasil por gestos racistas - Lobos News","robots":{"index":"index","follow":"follow","max-snippet":"max-snippet:-1","max-image-preview":"max-image-preview:large","max-video-preview":"max-video-preview:-1"},"canonical":"https:\/\/lobosnews.com.ar\/index.php\/2026\/01\/23\/se-conocio-un-nuevo-video-de-la-discusion-que-tuvo-la-argentina-retenida-en-brasil-por-gestos-racistas\/","og_locale":"es_ES","og_type":"article","og_title":"Se conoci\u00f3 un nuevo video de la discusi\u00f3n que tuvo la argentina retenida en Brasil por gestos racistas - Lobos News","og_description":"Un nuevo video fue incorporado a la causa judicial que se abri\u00f3 Brasil e investiga el caso de Agostina P\u00e1ez, la abogada argentina de 29 a\u00f1os que realiz\u00f3 gestos racistas en un bar de R\u00edo de Janeiro. La secuencia, capturada por c\u00e1maras de seguridad, revela escenas in\u00e9ditas que hasta ahora no formaban parte del expediente...","og_url":"https:\/\/lobosnews.com.ar\/index.php\/2026\/01\/23\/se-conocio-un-nuevo-video-de-la-discusion-que-tuvo-la-argentina-retenida-en-brasil-por-gestos-racistas\/","og_site_name":"Lobos News","article_published_time":"2026-01-23T00:30:28+00:00","article_modified_time":"2026-01-23T02:42:44+00:00","og_image":[{"url":"https:\/\/lobosnews.com.ar\/wp-content\/uploads\/2026\/01\/se-conocio-un-nuevo-video-de-la-discusion-que-tuvo-la-argentina-retenida-en-brasil-por-gestos-racistas.jpg","type":"","width":"","height":""}],"author":"admin","twitter_card":"summary_large_image","twitter_misc":{"Escrito por":"admin","Tiempo de lectura":"5 minutos"},"schema":{"@context":"https:\/\/schema.org","@graph":[{"@type":"Article","@id":"https:\/\/lobosnews.com.ar\/index.php\/2026\/01\/23\/se-conocio-un-nuevo-video-de-la-discusion-que-tuvo-la-argentina-retenida-en-brasil-por-gestos-racistas\/#article","isPartOf":{"@id":"https:\/\/lobosnews.com.ar\/index.php\/2026\/01\/23\/se-conocio-un-nuevo-video-de-la-discusion-que-tuvo-la-argentina-retenida-en-brasil-por-gestos-racistas\/"},"author":{"name":"admin","@id":"https:\/\/lobosnews.com.ar\/#\/schema\/person\/232422a593d5c541dd9aef6aaed10943"},"headline":"Se conoci\u00f3 un nuevo video de la discusi\u00f3n que tuvo la argentina retenida en Brasil por gestos racistas","datePublished":"2026-01-23T00:30:28+00:00","dateModified":"2026-01-23T02:42:44+00:00","mainEntityOfPage":{"@id":"https:\/\/lobosnews.com.ar\/index.php\/2026\/01\/23\/se-conocio-un-nuevo-video-de-la-discusion-que-tuvo-la-argentina-retenida-en-brasil-por-gestos-racistas\/"},"wordCount":927,"commentCount":0,"publisher":{"@id":"https:\/\/lobosnews.com.ar\/#organization"},"image":{"@id":"https:\/\/lobosnews.com.ar\/index.php\/2026\/01\/23\/se-conocio-un-nuevo-video-de-la-discusion-que-tuvo-la-argentina-retenida-en-brasil-por-gestos-racistas\/#primaryimage"},"thumbnailUrl":"https:\/\/lobosnews.com.ar\/wp-content\/uploads\/2026\/01\/se-conocio-un-nuevo-video-de-la-discusion-que-tuvo-la-argentina-retenida-en-brasil-por-gestos-racistas-4.jpg","articleSection":["Actualidad","Argentina","econom\u00eda","inseguridad","masradios.com","nacionales","seguridad","sociedad"],"inLanguage":"es","potentialAction":[{"@type":"CommentAction","name":"Comment","target":["https:\/\/lobosnews.com.ar\/index.php\/2026\/01\/23\/se-conocio-un-nuevo-video-de-la-discusion-que-tuvo-la-argentina-retenida-en-brasil-por-gestos-racistas\/#respond"]}]},{"@type":"WebPage","@id":"https:\/\/lobosnews.com.ar\/index.php\/2026\/01\/23\/se-conocio-un-nuevo-video-de-la-discusion-que-tuvo-la-argentina-retenida-en-brasil-por-gestos-racistas\/","url":"https:\/\/lobosnews.com.ar\/index.php\/2026\/01\/23\/se-conocio-un-nuevo-video-de-la-discusion-que-tuvo-la-argentina-retenida-en-brasil-por-gestos-racistas\/","name":"Se conoci\u00f3 un nuevo video de la discusi\u00f3n que tuvo la argentina retenida en Brasil por gestos racistas - Lobos News","isPartOf":{"@id":"https:\/\/lobosnews.com.ar\/#website"},"primaryImageOfPage":{"@id":"https:\/\/lobosnews.com.ar\/index.php\/2026\/01\/23\/se-conocio-un-nuevo-video-de-la-discusion-que-tuvo-la-argentina-retenida-en-brasil-por-gestos-racistas\/#primaryimage"},"image":{"@id":"https:\/\/lobosnews.com.ar\/index.php\/2026\/01\/23\/se-conocio-un-nuevo-video-de-la-discusion-que-tuvo-la-argentina-retenida-en-brasil-por-gestos-racistas\/#primaryimage"},"thumbnailUrl":"https:\/\/lobosnews.com.ar\/wp-content\/uploads\/2026\/01\/se-conocio-un-nuevo-video-de-la-discusion-que-tuvo-la-argentina-retenida-en-brasil-por-gestos-racistas-4.jpg","datePublished":"2026-01-23T00:30:28+00:00","dateModified":"2026-01-23T02:42:44+00:00","breadcrumb":{"@id":"https:\/\/lobosnews.com.ar\/index.php\/2026\/01\/23\/se-conocio-un-nuevo-video-de-la-discusion-que-tuvo-la-argentina-retenida-en-brasil-por-gestos-racistas\/#breadcrumb"},"inLanguage":"es","potentialAction":[{"@type":"ReadAction","target":["https:\/\/lobosnews.com.ar\/index.php\/2026\/01\/23\/se-conocio-un-nuevo-video-de-la-discusion-que-tuvo-la-argentina-retenida-en-brasil-por-gestos-racistas\/"]}]},{"@type":"ImageObject","inLanguage":"es","@id":"https:\/\/lobosnews.com.ar\/index.php\/2026\/01\/23\/se-conocio-un-nuevo-video-de-la-discusion-que-tuvo-la-argentina-retenida-en-brasil-por-gestos-racistas\/#primaryimage","url":"https:\/\/lobosnews.com.ar\/wp-content\/uploads\/2026\/01\/se-conocio-un-nuevo-video-de-la-discusion-que-tuvo-la-argentina-retenida-en-brasil-por-gestos-racistas-4.jpg","contentUrl":"https:\/\/lobosnews.com.ar\/wp-content\/uploads\/2026\/01\/se-conocio-un-nuevo-video-de-la-discusion-que-tuvo-la-argentina-retenida-en-brasil-por-gestos-racistas-4.jpg","width":1920,"height":1080,"caption":"Se conoci\u00f3 un nuevo video de la discusi\u00f3n que tuvo la argentina retenida en Brasil por gestos racistas"},{"@type":"BreadcrumbList","@id":"https:\/\/lobosnews.com.ar\/index.php\/2026\/01\/23\/se-conocio-un-nuevo-video-de-la-discusion-que-tuvo-la-argentina-retenida-en-brasil-por-gestos-racistas\/#breadcrumb","itemListElement":[{"@type":"ListItem","position":1,"name":"Portada","item":"https:\/\/lobosnews.com.ar\/"},{"@type":"ListItem","position":2,"name":"Se conoci\u00f3 un nuevo video de la discusi\u00f3n que tuvo la argentina retenida en Brasil por gestos racistas"}]},{"@type":"WebSite","@id":"https:\/\/lobosnews.com.ar\/#website","url":"https:\/\/lobosnews.com.ar\/","name":"Lobos News","description":"Informaci\u00f3n a cada instante","publisher":{"@id":"https:\/\/lobosnews.com.ar\/#organization"},"potentialAction":[{"@type":"SearchAction","target":{"@type":"EntryPoint","urlTemplate":"https:\/\/lobosnews.com.ar\/?s={search_term_string}"},"query-input":{"@type":"PropertyValueSpecification","valueRequired":true,"valueName":"search_term_string"}}],"inLanguage":"es"},{"@type":"Organization","@id":"https:\/\/lobosnews.com.ar\/#organization","name":"Lobos News","url":"https:\/\/lobosnews.com.ar\/","logo":{"@type":"ImageObject","inLanguage":"es","@id":"https:\/\/lobosnews.com.ar\/#\/schema\/logo\/image\/","url":"https:\/\/lobosnews.com.ar\/wp-content\/uploads\/2026\/01\/logo-lobosnews.png","contentUrl":"https:\/\/lobosnews.com.ar\/wp-content\/uploads\/2026\/01\/logo-lobosnews.png","width":500,"height":200,"caption":"Lobos News"},"image":{"@id":"https:\/\/lobosnews.com.ar\/#\/schema\/logo\/image\/"}},{"@type":"Person","@id":"https:\/\/lobosnews.com.ar\/#\/schema\/person\/232422a593d5c541dd9aef6aaed10943","name":"admin","image":{"@type":"ImageObject","inLanguage":"es","@id":"https:\/\/lobosnews.com.ar\/#\/schema\/person\/image\/","url":"https:\/\/secure.gravatar.com\/avatar\/76e419471a2083bc3ceab22a763dbbf9b0c1bd15a6214cf3280e2c2dde4580f9?s=96&d=mm&r=g","contentUrl":"https:\/\/secure.gravatar.com\/avatar\/76e419471a2083bc3ceab22a763dbbf9b0c1bd15a6214cf3280e2c2dde4580f9?s=96&d=mm&r=g","caption":"admin"},"sameAs":["https:\/\/lobosnews.com.ar"],"url":"https:\/\/lobosnews.com.ar\/index.php\/author\/lobos-news\/"}]}},"jetpack_featured_media_url":"https:\/\/lobosnews.com.ar\/wp-content\/uploads\/2026\/01\/se-conocio-un-nuevo-video-de-la-discusion-que-tuvo-la-argentina-retenida-en-brasil-por-gestos-racistas-4.jpg","jetpack_sharing_enabled":true,"_links":{"self":[{"href":"https:\/\/lobosnews.com.ar\/index.php\/wp-json\/wp\/v2\/posts\/10318","targetHints":{"allow":["GET"]}}],"collection":[{"href":"https:\/\/lobosnews.com.ar\/index.php\/wp-json\/wp\/v2\/posts"}],"about":[{"href":"https:\/\/lobosnews.com.ar\/index.php\/wp-json\/wp\/v2\/types\/post"}],"author":[{"embeddable":true,"href":"https:\/\/lobosnews.com.ar\/index.php\/wp-json\/wp\/v2\/users\/1"}],"replies":[{"embeddable":true,"href":"https:\/\/lobosnews.com.ar\/index.php\/wp-json\/wp\/v2\/comments?post=10318"}],"version-history":[{"count":1,"href":"https:\/\/lobosnews.com.ar\/index.php\/wp-json\/wp\/v2\/posts\/10318\/revisions"}],"predecessor-version":[{"id":10322,"href":"https:\/\/lobosnews.com.ar\/index.php\/wp-json\/wp\/v2\/posts\/10318\/revisions\/10322"}],"wp:featuredmedia":[{"embeddable":true,"href":"https:\/\/lobosnews.com.ar\/index.php\/wp-json\/wp\/v2\/media\/10323"}],"wp:attachment":[{"href":"https:\/\/lobosnews.com.ar\/index.php\/wp-json\/wp\/v2\/media?parent=10318"}],"wp:term":[{"taxonomy":"category","embeddable":true,"href":"https:\/\/lobosnews.com.ar\/index.php\/wp-json\/wp\/v2\/categories?post=10318"},{"taxonomy":"post_tag","embeddable":true,"href":"https:\/\/lobosnews.com.ar\/index.php\/wp-json\/wp\/v2\/tags?post=10318"}],"curies":[{"name":"wp","href":"https:\/\/api.w.org\/{rel}","templated":true}]}}