{"id":10295,"date":"2026-01-22T16:57:13","date_gmt":"2026-01-22T16:57:13","guid":{"rendered":"https:\/\/lobosnews.com.ar\/index.php\/2026\/01\/22\/como-ayuda-la-canela-a-mejorar-la-memoria\/"},"modified":"2026-01-22T23:13:02","modified_gmt":"2026-01-22T23:13:02","slug":"como-ayuda-la-canela-a-mejorar-la-memoria","status":"publish","type":"post","link":"https:\/\/lobosnews.com.ar\/index.php\/2026\/01\/22\/como-ayuda-la-canela-a-mejorar-la-memoria\/","title":{"rendered":"C\u00f3mo ayuda la canela a mejorar la memoria"},"content":{"rendered":"<p><img loading=\"lazy\" decoding=\"async\" src=\"https:\/\/lobosnews.com.ar\/wp-content\/uploads\/2026\/01\/como-ayuda-la-canela-a-mejorar-la-memoria.jpg\" alt=\"La canela act\u00faa como endulzante natural en infusiones, aportando sabor y bienestar sin a\u00f1adir az\u00facar refinada (Imagen Ilustrativa Infobae)\" height=\"816\" width=\"1456\"\/><\/p>\n<p>En la b\u00fasqueda de reemplazos naturales para el az\u00facar en las infusiones, la <span class=\"waslinkname\"><b>canela<\/b><\/span> ha pasado de ser solo un toque arom\u00e1tico a convertirse en una alternativa saludable y apreciada. Su sabor c\u00e1lido y su aroma inconfundible conquistan a <b>quienes desean cuidar su salud sin renunciar al placer de una bebida sabrosa. <\/b><\/p>\n<p>Avalada por la <i>Cleveland Clinic<\/i> y respaldada por estudios cient\u00edficos, la canela no solo endulza de forma natural, sino que tambi\u00e9n ofrece beneficios para la<b> memoria, la funci\u00f3n cerebral y el bienestar general.<\/b> Incorporarla en infusiones es una forma sencilla de sumar salud y sabor a la rutina diaria.<\/p>\n<h2>De qu\u00e9 manera ayuda la canela a mejorar la memoria<\/h2>\n<p>La relaci\u00f3n entre la <b>canela<\/b> y la funci\u00f3n cognitiva ha despertado el inter\u00e9s de la comunidad cient\u00edfica. Seg\u00fan expertos en nutrici\u00f3n de la <i>Cleveland Clinic<\/i>, la canela ayuda a <b>mantener niveles estables de az\u00facar en sangre<\/b>, lo que resulta fundamental para el funcionamiento \u00f3ptimo del cerebro. <\/p>\n<p>Esta estabilidad gluc\u00e9mica favorece la concentraci\u00f3n y protege la memoria, al reducir el impacto de las fluctuaciones energ\u00e9ticas que pueden afectar las capacidades cognitivas tanto a corto como a largo plazo.<\/p>\n<p><img loading=\"lazy\" decoding=\"async\" src=\"https:\/\/lobosnews.com.ar\/wp-content\/uploads\/2026\/01\/como-ayuda-la-canela-a-mejorar-la-memoria-1.jpg\" alt=\"Estudios de la Cleveland Clinic confirman que la canela ayuda a mantener niveles estables de az\u00facar en sangre y beneficia al cerebro (Imagen Ilustrativa Infobae)\" height=\"598\" width=\"1063\"\/><\/p>\n<p>El efecto antioxidante de la canela protege las neuronas del da\u00f1o causado por los radicales libres, reduciendo as\u00ed el riesgo de enfermedades neurodegenerativas como el Alzheimer. Seg\u00fan la <i>Cleveland Clinic<\/i>,<b> el consumo regular de canela estimula la neuroprotecci\u00f3n y puede potenciar el rendimiento intelectual.<\/b> Estos beneficios convierten a la canela en un complemento natural para quienes desean mantener su memoria activa y saludable con el paso de los a\u00f1os.<\/p>\n<h2>Otros beneficios para la salud de la canela<\/h2>\n<p>M\u00e1s all\u00e1 de su impacto en la memoria, la <b>canela<\/b> ofrece una amplia gama de propiedades que contribuyen al bienestar general. Entre sus compuestos activos destaca el cinamaldeh\u00eddo, responsable de sus<b> efectos antioxidantes y antiinflamatorios. <\/b>Estos componentes ayudan a combatir el <b>estr\u00e9s oxidativo<\/b>, proceso vinculado al envejecimiento prematuro y a la aparici\u00f3n de enfermedades cr\u00f3nicas.<\/p>\n<p><img loading=\"lazy\" decoding=\"async\" src=\"https:\/\/lobosnews.com.ar\/wp-content\/uploads\/2026\/01\/como-ayuda-la-canela-a-mejorar-la-memoria-2.jpg\" alt=\"Los antioxidantes presentes en la canela combaten el da\u00f1o de los radicales libres y reducen el riesgo de enfermedades neurodegenerativas como el Alzheimer (Imagen Ilustrativa Infobae)\" height=\"816\" width=\"1456\"\/><\/p>\n<p><b>La canela tambi\u00e9n posee cualidades antimicrobianas<\/b>. Seg\u00fan la nutricionista <b>Candace O\u2019Neill<\/b> de la <i>Cleveland Clinic<\/i>, los antioxidantes presentes en la canela ayudan al organismo a <b>reparar c\u00e9lulas da\u00f1adas y fortalecer el sistema inmunol\u00f3gico. <\/b>Su capacidad para actuar contra bacterias Gram-positivas y Gram-negativas la convierte en una aliada para la salud intestinal. <\/p>\n<p>Adem\u00e1s, mejora la circulaci\u00f3n sangu\u00ednea gracias a su efecto vasodilatador y puede contribuir a una mejor digesti\u00f3n, especialmente en personas que sufren trastornos digestivos relacionados con la inflamaci\u00f3n o la mala circulaci\u00f3n.<\/p>\n<h2>Los estudios cient\u00edficos que respaldan los beneficios de la canela<\/h2>\n<p>Recientes <b>estudios cient\u00edficos<\/b> han seguido profundizando en los efectos beneficiosos de la canela sobre la salud humana. Por ejemplo, una <span class=\"waslinkname\">revisi\u00f3n sistem\u00e1tica<\/span> publicada encontr\u00f3 que la suplementaci\u00f3n con canela puede <b>reducir significativamente los niveles de glucosa en ayunas, mejorar la resistencia a la insulina (HOMA-IR) y disminuir la hemoglobina A1C<\/b>, lo que respalda su potencial como coadyuvante en el manejo de la diabetes tipo 2 y el s\u00edndrome de ovario poliqu\u00edstico. <\/p>\n<p><img loading=\"lazy\" decoding=\"async\" src=\"https:\/\/lobosnews.com.ar\/wp-content\/uploads\/2026\/01\/como-ayuda-la-canela-a-mejorar-la-memoria-3.jpg\" alt=\"La suplementaci\u00f3n con canela reduce de forma notable los niveles de glucosa en ayunas, seg\u00fan una revisi\u00f3n sistem\u00e1tica citada (Imagen ilustrativa infobae)\" height=\"4024\" width=\"6048\"\/><\/p>\n<p>Un <span class=\"waslinkname\">estudio cient\u00edfico<\/span> reciente con ensayos cl\u00ednicos aleatorizados concluy\u00f3 que el consumo de canela se asocia con mejoras en marcadores cardiometab\u00f3licos, como la <b>presi\u00f3n arterial, la glucosa en ayunas y la capacidad antioxidante total. <\/b>Los resultados sugieren efectos favorables sobre el estr\u00e9s oxidativo y la inflamaci\u00f3n sist\u00e9mica.<\/p>\n<h2>C\u00f3mo se recomienda consumir canela para aprovechar sus propiedades<\/h2>\n<p>La forma m\u00e1s habitual de incorporar canela en la dieta es <b>como <\/b><span class=\"waslinkname\"><b>endulzante natural<\/b><\/span><b> en infusiones calientes o fr\u00edas.<\/b> Puede a\u00f1adirse en rama o en polvo a bebidas como <b>t\u00e9, caf\u00e9 y leche,<\/b> proporcionando un sabor agradable sin necesidad de az\u00facar ni miel. Tambi\u00e9n se puede espolvorear sobre frutas, yogures, cereales integrales o utilizar en preparaciones de reposter\u00eda saludable.<\/p>\n<p>Para obtener sus beneficios, se sugiere consumir hasta una cucharadita diaria de canela de Ceil\u00e1n, evitando exceder esta cantidad, especialmente en el caso de la variedad casia. La <b>moderaci\u00f3n y el equilibrio<\/b> son fundamentales para aprovechar sus propiedades sin riesgos para la salud.<\/p>\n<p><img loading=\"lazy\" decoding=\"async\" src=\"https:\/\/lobosnews.com.ar\/wp-content\/uploads\/2026\/01\/como-ayuda-la-canela-a-mejorar-la-memoria-4.jpg\" alt=\"Se recomienda consumir hasta una cucharadita de canela de Ceil\u00e1n al d\u00eda como parte de infusiones, postres o yogures para aprovechar sus beneficios sin riesgos para la salud (Imagen Ilustrativa Infobae)\" height=\"816\" width=\"1456\"\/><\/p>\n<p>Es importante consultar a un profesional de la salud antes de incorporar la canela como suplemento, sobre todo en personas con enfermedades preexistentes, mujeres embarazadas o en periodo de lactancia. As\u00ed, la canela se presenta como un recurso <b>vers\u00e1til y seguro<\/b>, capaz de mejorar la memoria, proteger la salud intestinal y aportar un toque natural y arom\u00e1tico a las infusiones del d\u00eda a d\u00eda.<\/p>\n","protected":false},"excerpt":{"rendered":"<p>En la b\u00fasqueda de reemplazos naturales para el az\u00facar en las infusiones, la canela ha pasado de ser solo un toque arom\u00e1tico a convertirse en una alternativa saludable y apreciada. Su sabor c\u00e1lido y su aroma inconfundible conquistan a quienes desean cuidar su salud sin renunciar al placer de una bebida sabrosa. Avalada por la&#8230;<\/p>\n","protected":false},"author":1,"featured_media":10302,"comment_status":"open","ping_status":"closed","sticky":false,"template":"","format":"standard","meta":{"_jetpack_memberships_contains_paid_content":false,"footnotes":""},"categories":[81],"tags":[],"class_list":["post-10295","post","type-post","status-publish","format-standard","has-post-thumbnail","hentry","category-salud"],"magazineBlocksPostFeaturedMedia":{"thumbnail":"https:\/\/lobosnews.com.ar\/wp-content\/uploads\/2026\/01\/como-ayuda-la-canela-a-mejorar-la-memoria-8-150x150.jpg","medium":"https:\/\/lobosnews.com.ar\/wp-content\/uploads\/2026\/01\/como-ayuda-la-canela-a-mejorar-la-memoria-8-300x168.jpg","medium_large":"https:\/\/lobosnews.com.ar\/wp-content\/uploads\/2026\/01\/como-ayuda-la-canela-a-mejorar-la-memoria-8-768x430.jpg","large":"https:\/\/lobosnews.com.ar\/wp-content\/uploads\/2026\/01\/como-ayuda-la-canela-a-mejorar-la-memoria-8-1024x574.jpg","1536x1536":"https:\/\/lobosnews.com.ar\/wp-content\/uploads\/2026\/01\/como-ayuda-la-canela-a-mejorar-la-memoria-8.jpg","2048x2048":"https:\/\/lobosnews.com.ar\/wp-content\/uploads\/2026\/01\/como-ayuda-la-canela-a-mejorar-la-memoria-8.jpg","newsmatic-featured":"https:\/\/lobosnews.com.ar\/wp-content\/uploads\/2026\/01\/como-ayuda-la-canela-a-mejorar-la-memoria-8-820x545.jpg","newsmatic-list":"https:\/\/lobosnews.com.ar\/wp-content\/uploads\/2026\/01\/como-ayuda-la-canela-a-mejorar-la-memoria-8-600x400.jpg","newsmatic-thumb":"https:\/\/lobosnews.com.ar\/wp-content\/uploads\/2026\/01\/como-ayuda-la-canela-a-mejorar-la-memoria-8-300x200.jpg","newsmatic-small":"https:\/\/lobosnews.com.ar\/wp-content\/uploads\/2026\/01\/como-ayuda-la-canela-a-mejorar-la-memoria-8-150x95.jpg","newsmatic-grid":"https:\/\/lobosnews.com.ar\/wp-content\/uploads\/2026\/01\/como-ayuda-la-canela-a-mejorar-la-memoria-8-400x250.jpg"},"magazineBlocksPostAuthor":{"name":"admin","avatar":"https:\/\/secure.gravatar.com\/avatar\/76e419471a2083bc3ceab22a763dbbf9b0c1bd15a6214cf3280e2c2dde4580f9?s=96&d=mm&r=g"},"magazineBlocksPostCommentsNumber":"0","magazineBlocksPostExcerpt":"En la b\u00fasqueda de reemplazos naturales para el az\u00facar en las infusiones, la canela ha pasado de ser solo un toque arom\u00e1tico a convertirse en una alternativa saludable y apreciada. Su sabor c\u00e1lido y su aroma inconfundible conquistan a quienes desean cuidar su salud sin renunciar al placer de una bebida sabrosa. Avalada por la...","magazineBlocksPostCategories":["Salud"],"magazineBlocksPostViewCount":104,"magazineBlocksPostReadTime":4,"magazine_blocks_featured_image_url":{"full":["https:\/\/lobosnews.com.ar\/wp-content\/uploads\/2026\/01\/como-ayuda-la-canela-a-mejorar-la-memoria-8.jpg",1456,816,false],"medium":["https:\/\/lobosnews.com.ar\/wp-content\/uploads\/2026\/01\/como-ayuda-la-canela-a-mejorar-la-memoria-8-300x168.jpg",300,168,true],"thumbnail":["https:\/\/lobosnews.com.ar\/wp-content\/uploads\/2026\/01\/como-ayuda-la-canela-a-mejorar-la-memoria-8-150x150.jpg",150,150,true]},"magazine_blocks_author":{"display_name":"admin","author_link":"https:\/\/lobosnews.com.ar\/index.php\/author\/lobos-news\/"},"magazine_blocks_comment":0,"magazine_blocks_author_image":"https:\/\/secure.gravatar.com\/avatar\/76e419471a2083bc3ceab22a763dbbf9b0c1bd15a6214cf3280e2c2dde4580f9?s=96&d=mm&r=g","magazine_blocks_category":"<a href=\"#\" class=\"category-link category-link-81\">Salud<\/a>","yoast_head":"<!-- This site is optimized with the Yoast SEO plugin v26.6 - https:\/\/yoast.com\/wordpress\/plugins\/seo\/ -->\n<title>C\u00f3mo ayuda la canela a mejorar la memoria - Lobos News<\/title>\n<meta name=\"robots\" content=\"index, follow, max-snippet:-1, max-image-preview:large, max-video-preview:-1\" \/>\n<link rel=\"canonical\" href=\"https:\/\/lobosnews.com.ar\/index.php\/2026\/01\/22\/como-ayuda-la-canela-a-mejorar-la-memoria\/\" \/>\n<meta property=\"og:locale\" content=\"es_ES\" \/>\n<meta property=\"og:type\" content=\"article\" \/>\n<meta property=\"og:title\" content=\"C\u00f3mo ayuda la canela a mejorar la memoria - Lobos News\" \/>\n<meta property=\"og:description\" content=\"En la b\u00fasqueda de reemplazos naturales para el az\u00facar en las infusiones, la canela ha pasado de ser solo un toque arom\u00e1tico a convertirse en una alternativa saludable y apreciada. Su sabor c\u00e1lido y su aroma inconfundible conquistan a quienes desean cuidar su salud sin renunciar al placer de una bebida sabrosa. Avalada por la...\" \/>\n<meta property=\"og:url\" content=\"https:\/\/lobosnews.com.ar\/index.php\/2026\/01\/22\/como-ayuda-la-canela-a-mejorar-la-memoria\/\" \/>\n<meta property=\"og:site_name\" content=\"Lobos News\" \/>\n<meta property=\"article:published_time\" content=\"2026-01-22T16:57:13+00:00\" \/>\n<meta property=\"article:modified_time\" content=\"2026-01-22T23:13:02+00:00\" \/>\n<meta property=\"og:image\" content=\"https:\/\/lobosnews.com.ar\/wp-content\/uploads\/2026\/01\/como-ayuda-la-canela-a-mejorar-la-memoria.jpg\" \/>\n<meta name=\"author\" content=\"admin\" \/>\n<meta name=\"twitter:card\" content=\"summary_large_image\" \/>\n<meta name=\"twitter:label1\" content=\"Escrito por\" \/>\n\t<meta name=\"twitter:data1\" content=\"admin\" \/>\n\t<meta name=\"twitter:label2\" content=\"Tiempo de lectura\" \/>\n\t<meta name=\"twitter:data2\" content=\"4 minutos\" \/>\n<script type=\"application\/ld+json\" class=\"yoast-schema-graph\">{\"@context\":\"https:\/\/schema.org\",\"@graph\":[{\"@type\":\"Article\",\"@id\":\"https:\/\/lobosnews.com.ar\/index.php\/2026\/01\/22\/como-ayuda-la-canela-a-mejorar-la-memoria\/#article\",\"isPartOf\":{\"@id\":\"https:\/\/lobosnews.com.ar\/index.php\/2026\/01\/22\/como-ayuda-la-canela-a-mejorar-la-memoria\/\"},\"author\":{\"name\":\"admin\",\"@id\":\"https:\/\/lobosnews.com.ar\/#\/schema\/person\/232422a593d5c541dd9aef6aaed10943\"},\"headline\":\"C\u00f3mo ayuda la canela a mejorar la memoria\",\"datePublished\":\"2026-01-22T16:57:13+00:00\",\"dateModified\":\"2026-01-22T23:13:02+00:00\",\"mainEntityOfPage\":{\"@id\":\"https:\/\/lobosnews.com.ar\/index.php\/2026\/01\/22\/como-ayuda-la-canela-a-mejorar-la-memoria\/\"},\"wordCount\":780,\"commentCount\":0,\"publisher\":{\"@id\":\"https:\/\/lobosnews.com.ar\/#organization\"},\"image\":{\"@id\":\"https:\/\/lobosnews.com.ar\/index.php\/2026\/01\/22\/como-ayuda-la-canela-a-mejorar-la-memoria\/#primaryimage\"},\"thumbnailUrl\":\"https:\/\/lobosnews.com.ar\/wp-content\/uploads\/2026\/01\/como-ayuda-la-canela-a-mejorar-la-memoria-8.jpg\",\"articleSection\":[\"Salud\"],\"inLanguage\":\"es\",\"potentialAction\":[{\"@type\":\"CommentAction\",\"name\":\"Comment\",\"target\":[\"https:\/\/lobosnews.com.ar\/index.php\/2026\/01\/22\/como-ayuda-la-canela-a-mejorar-la-memoria\/#respond\"]}]},{\"@type\":\"WebPage\",\"@id\":\"https:\/\/lobosnews.com.ar\/index.php\/2026\/01\/22\/como-ayuda-la-canela-a-mejorar-la-memoria\/\",\"url\":\"https:\/\/lobosnews.com.ar\/index.php\/2026\/01\/22\/como-ayuda-la-canela-a-mejorar-la-memoria\/\",\"name\":\"C\u00f3mo ayuda la canela a mejorar la memoria - Lobos News\",\"isPartOf\":{\"@id\":\"https:\/\/lobosnews.com.ar\/#website\"},\"primaryImageOfPage\":{\"@id\":\"https:\/\/lobosnews.com.ar\/index.php\/2026\/01\/22\/como-ayuda-la-canela-a-mejorar-la-memoria\/#primaryimage\"},\"image\":{\"@id\":\"https:\/\/lobosnews.com.ar\/index.php\/2026\/01\/22\/como-ayuda-la-canela-a-mejorar-la-memoria\/#primaryimage\"},\"thumbnailUrl\":\"https:\/\/lobosnews.com.ar\/wp-content\/uploads\/2026\/01\/como-ayuda-la-canela-a-mejorar-la-memoria-8.jpg\",\"datePublished\":\"2026-01-22T16:57:13+00:00\",\"dateModified\":\"2026-01-22T23:13:02+00:00\",\"breadcrumb\":{\"@id\":\"https:\/\/lobosnews.com.ar\/index.php\/2026\/01\/22\/como-ayuda-la-canela-a-mejorar-la-memoria\/#breadcrumb\"},\"inLanguage\":\"es\",\"potentialAction\":[{\"@type\":\"ReadAction\",\"target\":[\"https:\/\/lobosnews.com.ar\/index.php\/2026\/01\/22\/como-ayuda-la-canela-a-mejorar-la-memoria\/\"]}]},{\"@type\":\"ImageObject\",\"inLanguage\":\"es\",\"@id\":\"https:\/\/lobosnews.com.ar\/index.php\/2026\/01\/22\/como-ayuda-la-canela-a-mejorar-la-memoria\/#primaryimage\",\"url\":\"https:\/\/lobosnews.com.ar\/wp-content\/uploads\/2026\/01\/como-ayuda-la-canela-a-mejorar-la-memoria-8.jpg\",\"contentUrl\":\"https:\/\/lobosnews.com.ar\/wp-content\/uploads\/2026\/01\/como-ayuda-la-canela-a-mejorar-la-memoria-8.jpg\",\"width\":1456,\"height\":816,\"caption\":\"C\u00f3mo ayuda la canela a mejorar la memoria\"},{\"@type\":\"BreadcrumbList\",\"@id\":\"https:\/\/lobosnews.com.ar\/index.php\/2026\/01\/22\/como-ayuda-la-canela-a-mejorar-la-memoria\/#breadcrumb\",\"itemListElement\":[{\"@type\":\"ListItem\",\"position\":1,\"name\":\"Portada\",\"item\":\"https:\/\/lobosnews.com.ar\/\"},{\"@type\":\"ListItem\",\"position\":2,\"name\":\"C\u00f3mo ayuda la canela a mejorar la memoria\"}]},{\"@type\":\"WebSite\",\"@id\":\"https:\/\/lobosnews.com.ar\/#website\",\"url\":\"https:\/\/lobosnews.com.ar\/\",\"name\":\"Lobos News\",\"description\":\"Informaci\u00f3n a cada instante\",\"publisher\":{\"@id\":\"https:\/\/lobosnews.com.ar\/#organization\"},\"potentialAction\":[{\"@type\":\"SearchAction\",\"target\":{\"@type\":\"EntryPoint\",\"urlTemplate\":\"https:\/\/lobosnews.com.ar\/?s={search_term_string}\"},\"query-input\":{\"@type\":\"PropertyValueSpecification\",\"valueRequired\":true,\"valueName\":\"search_term_string\"}}],\"inLanguage\":\"es\"},{\"@type\":\"Organization\",\"@id\":\"https:\/\/lobosnews.com.ar\/#organization\",\"name\":\"Lobos News\",\"url\":\"https:\/\/lobosnews.com.ar\/\",\"logo\":{\"@type\":\"ImageObject\",\"inLanguage\":\"es\",\"@id\":\"https:\/\/lobosnews.com.ar\/#\/schema\/logo\/image\/\",\"url\":\"https:\/\/lobosnews.com.ar\/wp-content\/uploads\/2026\/01\/logo-lobosnews.png\",\"contentUrl\":\"https:\/\/lobosnews.com.ar\/wp-content\/uploads\/2026\/01\/logo-lobosnews.png\",\"width\":500,\"height\":200,\"caption\":\"Lobos News\"},\"image\":{\"@id\":\"https:\/\/lobosnews.com.ar\/#\/schema\/logo\/image\/\"}},{\"@type\":\"Person\",\"@id\":\"https:\/\/lobosnews.com.ar\/#\/schema\/person\/232422a593d5c541dd9aef6aaed10943\",\"name\":\"admin\",\"image\":{\"@type\":\"ImageObject\",\"inLanguage\":\"es\",\"@id\":\"https:\/\/lobosnews.com.ar\/#\/schema\/person\/image\/\",\"url\":\"https:\/\/secure.gravatar.com\/avatar\/76e419471a2083bc3ceab22a763dbbf9b0c1bd15a6214cf3280e2c2dde4580f9?s=96&d=mm&r=g\",\"contentUrl\":\"https:\/\/secure.gravatar.com\/avatar\/76e419471a2083bc3ceab22a763dbbf9b0c1bd15a6214cf3280e2c2dde4580f9?s=96&d=mm&r=g\",\"caption\":\"admin\"},\"sameAs\":[\"https:\/\/lobosnews.com.ar\"],\"url\":\"https:\/\/lobosnews.com.ar\/index.php\/author\/lobos-news\/\"}]}<\/script>\n<!-- \/ Yoast SEO plugin. -->","yoast_head_json":{"title":"C\u00f3mo ayuda la canela a mejorar la memoria - Lobos News","robots":{"index":"index","follow":"follow","max-snippet":"max-snippet:-1","max-image-preview":"max-image-preview:large","max-video-preview":"max-video-preview:-1"},"canonical":"https:\/\/lobosnews.com.ar\/index.php\/2026\/01\/22\/como-ayuda-la-canela-a-mejorar-la-memoria\/","og_locale":"es_ES","og_type":"article","og_title":"C\u00f3mo ayuda la canela a mejorar la memoria - Lobos News","og_description":"En la b\u00fasqueda de reemplazos naturales para el az\u00facar en las infusiones, la canela ha pasado de ser solo un toque arom\u00e1tico a convertirse en una alternativa saludable y apreciada. Su sabor c\u00e1lido y su aroma inconfundible conquistan a quienes desean cuidar su salud sin renunciar al placer de una bebida sabrosa. Avalada por la...","og_url":"https:\/\/lobosnews.com.ar\/index.php\/2026\/01\/22\/como-ayuda-la-canela-a-mejorar-la-memoria\/","og_site_name":"Lobos News","article_published_time":"2026-01-22T16:57:13+00:00","article_modified_time":"2026-01-22T23:13:02+00:00","og_image":[{"url":"https:\/\/lobosnews.com.ar\/wp-content\/uploads\/2026\/01\/como-ayuda-la-canela-a-mejorar-la-memoria.jpg","type":"","width":"","height":""}],"author":"admin","twitter_card":"summary_large_image","twitter_misc":{"Escrito por":"admin","Tiempo de lectura":"4 minutos"},"schema":{"@context":"https:\/\/schema.org","@graph":[{"@type":"Article","@id":"https:\/\/lobosnews.com.ar\/index.php\/2026\/01\/22\/como-ayuda-la-canela-a-mejorar-la-memoria\/#article","isPartOf":{"@id":"https:\/\/lobosnews.com.ar\/index.php\/2026\/01\/22\/como-ayuda-la-canela-a-mejorar-la-memoria\/"},"author":{"name":"admin","@id":"https:\/\/lobosnews.com.ar\/#\/schema\/person\/232422a593d5c541dd9aef6aaed10943"},"headline":"C\u00f3mo ayuda la canela a mejorar la memoria","datePublished":"2026-01-22T16:57:13+00:00","dateModified":"2026-01-22T23:13:02+00:00","mainEntityOfPage":{"@id":"https:\/\/lobosnews.com.ar\/index.php\/2026\/01\/22\/como-ayuda-la-canela-a-mejorar-la-memoria\/"},"wordCount":780,"commentCount":0,"publisher":{"@id":"https:\/\/lobosnews.com.ar\/#organization"},"image":{"@id":"https:\/\/lobosnews.com.ar\/index.php\/2026\/01\/22\/como-ayuda-la-canela-a-mejorar-la-memoria\/#primaryimage"},"thumbnailUrl":"https:\/\/lobosnews.com.ar\/wp-content\/uploads\/2026\/01\/como-ayuda-la-canela-a-mejorar-la-memoria-8.jpg","articleSection":["Salud"],"inLanguage":"es","potentialAction":[{"@type":"CommentAction","name":"Comment","target":["https:\/\/lobosnews.com.ar\/index.php\/2026\/01\/22\/como-ayuda-la-canela-a-mejorar-la-memoria\/#respond"]}]},{"@type":"WebPage","@id":"https:\/\/lobosnews.com.ar\/index.php\/2026\/01\/22\/como-ayuda-la-canela-a-mejorar-la-memoria\/","url":"https:\/\/lobosnews.com.ar\/index.php\/2026\/01\/22\/como-ayuda-la-canela-a-mejorar-la-memoria\/","name":"C\u00f3mo ayuda la canela a mejorar la memoria - Lobos News","isPartOf":{"@id":"https:\/\/lobosnews.com.ar\/#website"},"primaryImageOfPage":{"@id":"https:\/\/lobosnews.com.ar\/index.php\/2026\/01\/22\/como-ayuda-la-canela-a-mejorar-la-memoria\/#primaryimage"},"image":{"@id":"https:\/\/lobosnews.com.ar\/index.php\/2026\/01\/22\/como-ayuda-la-canela-a-mejorar-la-memoria\/#primaryimage"},"thumbnailUrl":"https:\/\/lobosnews.com.ar\/wp-content\/uploads\/2026\/01\/como-ayuda-la-canela-a-mejorar-la-memoria-8.jpg","datePublished":"2026-01-22T16:57:13+00:00","dateModified":"2026-01-22T23:13:02+00:00","breadcrumb":{"@id":"https:\/\/lobosnews.com.ar\/index.php\/2026\/01\/22\/como-ayuda-la-canela-a-mejorar-la-memoria\/#breadcrumb"},"inLanguage":"es","potentialAction":[{"@type":"ReadAction","target":["https:\/\/lobosnews.com.ar\/index.php\/2026\/01\/22\/como-ayuda-la-canela-a-mejorar-la-memoria\/"]}]},{"@type":"ImageObject","inLanguage":"es","@id":"https:\/\/lobosnews.com.ar\/index.php\/2026\/01\/22\/como-ayuda-la-canela-a-mejorar-la-memoria\/#primaryimage","url":"https:\/\/lobosnews.com.ar\/wp-content\/uploads\/2026\/01\/como-ayuda-la-canela-a-mejorar-la-memoria-8.jpg","contentUrl":"https:\/\/lobosnews.com.ar\/wp-content\/uploads\/2026\/01\/como-ayuda-la-canela-a-mejorar-la-memoria-8.jpg","width":1456,"height":816,"caption":"C\u00f3mo ayuda la canela a mejorar la memoria"},{"@type":"BreadcrumbList","@id":"https:\/\/lobosnews.com.ar\/index.php\/2026\/01\/22\/como-ayuda-la-canela-a-mejorar-la-memoria\/#breadcrumb","itemListElement":[{"@type":"ListItem","position":1,"name":"Portada","item":"https:\/\/lobosnews.com.ar\/"},{"@type":"ListItem","position":2,"name":"C\u00f3mo ayuda la canela a mejorar la memoria"}]},{"@type":"WebSite","@id":"https:\/\/lobosnews.com.ar\/#website","url":"https:\/\/lobosnews.com.ar\/","name":"Lobos News","description":"Informaci\u00f3n a cada instante","publisher":{"@id":"https:\/\/lobosnews.com.ar\/#organization"},"potentialAction":[{"@type":"SearchAction","target":{"@type":"EntryPoint","urlTemplate":"https:\/\/lobosnews.com.ar\/?s={search_term_string}"},"query-input":{"@type":"PropertyValueSpecification","valueRequired":true,"valueName":"search_term_string"}}],"inLanguage":"es"},{"@type":"Organization","@id":"https:\/\/lobosnews.com.ar\/#organization","name":"Lobos News","url":"https:\/\/lobosnews.com.ar\/","logo":{"@type":"ImageObject","inLanguage":"es","@id":"https:\/\/lobosnews.com.ar\/#\/schema\/logo\/image\/","url":"https:\/\/lobosnews.com.ar\/wp-content\/uploads\/2026\/01\/logo-lobosnews.png","contentUrl":"https:\/\/lobosnews.com.ar\/wp-content\/uploads\/2026\/01\/logo-lobosnews.png","width":500,"height":200,"caption":"Lobos News"},"image":{"@id":"https:\/\/lobosnews.com.ar\/#\/schema\/logo\/image\/"}},{"@type":"Person","@id":"https:\/\/lobosnews.com.ar\/#\/schema\/person\/232422a593d5c541dd9aef6aaed10943","name":"admin","image":{"@type":"ImageObject","inLanguage":"es","@id":"https:\/\/lobosnews.com.ar\/#\/schema\/person\/image\/","url":"https:\/\/secure.gravatar.com\/avatar\/76e419471a2083bc3ceab22a763dbbf9b0c1bd15a6214cf3280e2c2dde4580f9?s=96&d=mm&r=g","contentUrl":"https:\/\/secure.gravatar.com\/avatar\/76e419471a2083bc3ceab22a763dbbf9b0c1bd15a6214cf3280e2c2dde4580f9?s=96&d=mm&r=g","caption":"admin"},"sameAs":["https:\/\/lobosnews.com.ar"],"url":"https:\/\/lobosnews.com.ar\/index.php\/author\/lobos-news\/"}]}},"jetpack_featured_media_url":"https:\/\/lobosnews.com.ar\/wp-content\/uploads\/2026\/01\/como-ayuda-la-canela-a-mejorar-la-memoria-8.jpg","jetpack_sharing_enabled":true,"_links":{"self":[{"href":"https:\/\/lobosnews.com.ar\/index.php\/wp-json\/wp\/v2\/posts\/10295","targetHints":{"allow":["GET"]}}],"collection":[{"href":"https:\/\/lobosnews.com.ar\/index.php\/wp-json\/wp\/v2\/posts"}],"about":[{"href":"https:\/\/lobosnews.com.ar\/index.php\/wp-json\/wp\/v2\/types\/post"}],"author":[{"embeddable":true,"href":"https:\/\/lobosnews.com.ar\/index.php\/wp-json\/wp\/v2\/users\/1"}],"replies":[{"embeddable":true,"href":"https:\/\/lobosnews.com.ar\/index.php\/wp-json\/wp\/v2\/comments?post=10295"}],"version-history":[{"count":1,"href":"https:\/\/lobosnews.com.ar\/index.php\/wp-json\/wp\/v2\/posts\/10295\/revisions"}],"predecessor-version":[{"id":10301,"href":"https:\/\/lobosnews.com.ar\/index.php\/wp-json\/wp\/v2\/posts\/10295\/revisions\/10301"}],"wp:featuredmedia":[{"embeddable":true,"href":"https:\/\/lobosnews.com.ar\/index.php\/wp-json\/wp\/v2\/media\/10302"}],"wp:attachment":[{"href":"https:\/\/lobosnews.com.ar\/index.php\/wp-json\/wp\/v2\/media?parent=10295"}],"wp:term":[{"taxonomy":"category","embeddable":true,"href":"https:\/\/lobosnews.com.ar\/index.php\/wp-json\/wp\/v2\/categories?post=10295"},{"taxonomy":"post_tag","embeddable":true,"href":"https:\/\/lobosnews.com.ar\/index.php\/wp-json\/wp\/v2\/tags?post=10295"}],"curies":[{"name":"wp","href":"https:\/\/api.w.org\/{rel}","templated":true}]}}