{"id":10272,"date":"2026-01-22T22:28:29","date_gmt":"2026-01-22T22:28:29","guid":{"rendered":"https:\/\/lobosnews.com.ar\/index.php\/2026\/01\/22\/beto-casella-el-backstage-con-las-primeras-imagenes-del-conductor-y-los-exbendita-en-america-tv\/"},"modified":"2026-01-22T23:06:52","modified_gmt":"2026-01-22T23:06:52","slug":"beto-casella-el-backstage-con-las-primeras-imagenes-del-conductor-y-los-exbendita-en-america-tv","status":"publish","type":"post","link":"https:\/\/lobosnews.com.ar\/index.php\/2026\/01\/22\/beto-casella-el-backstage-con-las-primeras-imagenes-del-conductor-y-los-exbendita-en-america-tv\/","title":{"rendered":"Beto Casella: el backstage con las primeras im\u00e1genes del conductor y los exBendita en Am\u00e9rica TV"},"content":{"rendered":"<p>El <b>nuevo ciclo de <\/b><span class=\"waslinkname\"><b>Beto Casella<\/b><\/span> en <b>Am\u00e9rica TV<\/b> ya se perfila como uno de los lanzamientos m\u00e1s esperados de la temporada. Las primeras im\u00e1genes oficiales de su ciclo, del que todav\u00eda no se conoce el nombre, muestran al conductor acompa\u00f1ado del hist\u00f3rico equipo de <span class=\"waslinkname\"><b>Bendita<\/b><\/span>, consolidando as\u00ed una continuidad en la f\u00f3rmula que lo llev\u00f3 al \u00e9xito durante a\u00f1os.<\/p>\n<p>El canal present\u00f3 im\u00e1genes del <i>backstage <\/i>de las promociones que el programa prepara para su debut. All\u00ed se muestra al equipo en un ambiente descontracturado, entre risas y buena qu\u00edmica, mientras posan para las c\u00e1maras y ajustan los detalles de la producci\u00f3n.<\/p>\n<p>El panel, integrado por <b>Alejandra Maglietti<\/b>, <b>Any Ventura<\/b>, <b>Mariano Flax<\/b>, <b>An\u00edbal Pachano<\/b>, <b>Walter Queijeiro<\/b>, <b>Franco Casella<\/b>, <b>Enzo Aguilar<\/b>, <b>Joe Fern\u00e1ndez<\/b>, <b>Agust\u00edn Guardis<\/b>, <b>Mariela Fern\u00e1ndez, Gabriel Carta\u00f1a<\/b> y <b>Leo Raff<\/b>, mantiene la esencia del ciclo anterior. La reciente incorporaci\u00f3n de <b>Pachu Pe\u00f1a<\/b> promete sumar frescura y humor, en l\u00ednea con la apuesta de Casella por reforzar el costado l\u00fadico de su nuevo proyecto.<\/p>\n<p><img fetchpriority=\"high\" decoding=\"async\" src=\"https:\/\/lobosnews.com.ar\/wp-content\/uploads\/2026\/01\/beto-casella-el-backstage-con-las-primeras-imagenes-del-conductor-y-los-exbendita-en-america-tv.jpg\" alt=\"Beto Casella junto a su equipo de su programa en Am\u00e9rica TV: Alejandra Maglietti, Any Ventura, Mariano Flax, An\u00edbal Pachano, Enzo Aguilar, Joe Fern\u00e1ndez, Agust\u00edn Guardis, Mariela Fern\u00e1ndez, Gabriel Carta\u00f1a y Leo Raff (Am\u00e9rica TV)\" height=\"1084\" width=\"610\"\/><\/p>\n<p>En uno de los momentos m\u00e1s divertidos del backstage, los integrantes del ciclo, encabezados por Beto y Pachano, se animan a cantar \u201c<i>New York, New York<\/i>\u201d, el cl\u00e1sico de Frank Sinatra, dejando ver la complicidad y el buen humor que los caracteriza.<\/p>\n<p>El conductor encara el 2026 decidido a renovar energ\u00edas, aunque sin dejar atr\u00e1s la qu\u00edmica de su grupo laboral habitual. Las im\u00e1genes de la previa lo muestran distendido y concentrado, rodeado de colaboradores con quienes ya comparte una trayectoria extensa.<\/p>\n<p>La elecci\u00f3n de <b>Am\u00e9rica TV<\/b> marca un punto de inflexi\u00f3n para Casella, luego de casi 20 a\u00f1os en El Nueve. <b>\u201cMe tentaba hace rato cambiar de aire. Estaba agobiado, agotado, aburrido y destratado\u201d<\/b>, se sincer\u00f3 el conductor en una entrevista con \u00c1ngel de Brito en LAM (Am\u00e9rica TV). <\/p>\n<p><b>\u201cEleg\u00ed Am\u00e9rica por el respeto. Extra\u00f1aba este trato. Fueron muy c\u00e1lidos y generosos\u201d<\/b>, admiti\u00f3, para adelantar algunos detalles de c\u00f3mo ser\u00e1 su nuevo proyecto. \u201cHay un esquema de informes que un poco se mantiene, pero nos vamos a renovar\u201d, se\u00f1al\u00f3. <\/p>\n<p><img loading=\"lazy\" decoding=\"async\" src=\"https:\/\/lobosnews.com.ar\/wp-content\/uploads\/2026\/01\/beto-casella-el-backstage-con-las-primeras-imagenes-del-conductor-y-los-exbendita-en-america-tv-1.jpg\" alt=\"Las primeras promociones de Beto Casella en su arribo a Am\u00e9rica TV luego de su salida de Bendita y El Nueve despu\u00e9s de casi 20 a\u00f1os \" height=\"1280\" width=\"1024\"\/><\/p>\n<p>En cuanto al formato, el ciclo conservar\u00e1 algunos rasgos de <b>Bendita<\/b>, especialmente en la din\u00e1mica de informes y la rotaci\u00f3n del panel, pero con una impronta renovada. Casella remarc\u00f3 que el equipo \u201csale a la cancha de memoria\u201d, en alusi\u00f3n al rodaje y entendimiento que comparten.<\/p>\n<p>Por su parte, <b>Pachu Pe\u00f1a<\/b> celebr\u00f3 abiertamente su llegada: <b>\u201cPara m\u00ed es un placer que me hayan convocado a este programa nuevo que va a lanzar Beto, que sinceramente no s\u00e9 el nombre\u201d<\/b>, coment\u00f3 entre risas. Su presencia es una de las novedades que m\u00e1s entusiasma a los seguidores del ciclo.<\/p>\n<p>Durante la transici\u00f3n, Casella dej\u00f3 en claro que la invitaci\u00f3n al nuevo proyecto estuvo abierta para sus compa\u00f1eros de <b>Bendita desde el primer momento<\/b>: \u201cYo les avis\u00e9 a mis compa\u00f1eros y compa\u00f1eras: \u2018chicos, yo me voy a ir y la propuesta incluye si quiero llevar gente. Yo les aviso; a quien quiera venir, por supuesto, est\u00e1 invitad\u00edsimo\u2019\u201d.<\/p>\n<h3>Bendita sin Beto Casella: la reacci\u00f3n de Edith Hermida ante las cr\u00edticas<\/h3>\n<p>La salida de <b>Beto Casella<\/b> tras dos d\u00e9cadas al frente de <b>Bendita<\/b> dej\u00f3 al programa en un momento de transformaci\u00f3n profunda, con <b>Edith Hermida<\/b> como nueva conductora y un panel renovado que enfrenta tanto el desaf\u00edo de la continuidad como el peso de las comparaciones.<\/p>\n<p><b>Laura Ubfal<\/b> no dud\u00f3 en marcar diferencias tajantes con la etapa anterior. \u201cNo me gusta parte del panel. Me parece que tiene muchos personajes que no suman, que Beto sab\u00eda manejarlos de otra manera\u201d, se\u00f1al\u00f3 la periodista en<i> Intrusos<\/i> (Am\u00e9rica TV) e insisti\u00f3 en que \u201chay que buscar el camino que a la gente le gusta. Nada m\u00e1s, no es dram\u00e1tico, es la tele\u201d.<\/p>\n<p>Ante estos cuestionamientos, <span class=\"waslinkname\">Hermida adopt\u00f3 una postura reflexiva y reconoci\u00f3 las dificultades del recambio<\/span>. \u201cAl principio dije \u2018wow\u2019, y ahora digo \u2018est\u00e1 bien\u2019. Ella sabe del tema y es su opini\u00f3n, yo la respeto\u201d, respondi\u00f3 Edith al ser consultada por<i> <\/i>el mismo ciclo. La conductora acept\u00f3 la necesidad de ajustes: <b>\u201cEstamos todos a prueba. Seguramente va a haber cambios, es un programa que est\u00e1 en gestaci\u00f3n, todav\u00eda no lo parimos\u201d<\/b>, remarc\u00f3 al explicar la din\u00e1mica actual del ciclo.<\/p>\n<p>Hermida, lejos de evadir las cr\u00edticas, asumi\u00f3 el reto del presente: \u201cTiene raz\u00f3n con el panel, <b>algunos no tienen experiencia, pero tienen mucha motivaci\u00f3n<\/b>. Quieren cuidar su espacio\u201d. <\/p>\n","protected":false},"excerpt":{"rendered":"<p>El nuevo ciclo de Beto Casella en Am\u00e9rica TV ya se perfila como uno de los lanzamientos m\u00e1s esperados de la temporada. Las primeras im\u00e1genes oficiales de su ciclo, del que todav\u00eda no se conoce el nombre, muestran al conductor acompa\u00f1ado del hist\u00f3rico equipo de Bendita, consolidando as\u00ed una continuidad en la f\u00f3rmula que lo&#8230;<\/p>\n","protected":false},"author":1,"featured_media":10276,"comment_status":"open","ping_status":"closed","sticky":false,"template":"","format":"standard","meta":{"_jetpack_memberships_contains_paid_content":false,"footnotes":""},"categories":[79],"tags":[],"class_list":["post-10272","post","type-post","status-publish","format-standard","has-post-thumbnail","hentry","category-cine-y-series"],"magazineBlocksPostFeaturedMedia":{"thumbnail":"https:\/\/lobosnews.com.ar\/wp-content\/uploads\/2026\/01\/beto-casella-el-backstage-con-las-primeras-imagenes-del-conductor-y-los-exbendita-en-america-tv-2-150x150.jpg","medium":"https:\/\/lobosnews.com.ar\/wp-content\/uploads\/2026\/01\/beto-casella-el-backstage-con-las-primeras-imagenes-del-conductor-y-los-exbendita-en-america-tv-2-240x300.jpg","medium_large":"https:\/\/lobosnews.com.ar\/wp-content\/uploads\/2026\/01\/beto-casella-el-backstage-con-las-primeras-imagenes-del-conductor-y-los-exbendita-en-america-tv-2-768x960.jpg","large":"https:\/\/lobosnews.com.ar\/wp-content\/uploads\/2026\/01\/beto-casella-el-backstage-con-las-primeras-imagenes-del-conductor-y-los-exbendita-en-america-tv-2-819x1024.jpg","1536x1536":"https:\/\/lobosnews.com.ar\/wp-content\/uploads\/2026\/01\/beto-casella-el-backstage-con-las-primeras-imagenes-del-conductor-y-los-exbendita-en-america-tv-2.jpg","2048x2048":"https:\/\/lobosnews.com.ar\/wp-content\/uploads\/2026\/01\/beto-casella-el-backstage-con-las-primeras-imagenes-del-conductor-y-los-exbendita-en-america-tv-2.jpg","newsmatic-featured":"https:\/\/lobosnews.com.ar\/wp-content\/uploads\/2026\/01\/beto-casella-el-backstage-con-las-primeras-imagenes-del-conductor-y-los-exbendita-en-america-tv-2-820x545.jpg","newsmatic-list":"https:\/\/lobosnews.com.ar\/wp-content\/uploads\/2026\/01\/beto-casella-el-backstage-con-las-primeras-imagenes-del-conductor-y-los-exbendita-en-america-tv-2-600x400.jpg","newsmatic-thumb":"https:\/\/lobosnews.com.ar\/wp-content\/uploads\/2026\/01\/beto-casella-el-backstage-con-las-primeras-imagenes-del-conductor-y-los-exbendita-en-america-tv-2-300x200.jpg","newsmatic-small":"https:\/\/lobosnews.com.ar\/wp-content\/uploads\/2026\/01\/beto-casella-el-backstage-con-las-primeras-imagenes-del-conductor-y-los-exbendita-en-america-tv-2-150x95.jpg","newsmatic-grid":"https:\/\/lobosnews.com.ar\/wp-content\/uploads\/2026\/01\/beto-casella-el-backstage-con-las-primeras-imagenes-del-conductor-y-los-exbendita-en-america-tv-2-400x250.jpg"},"magazineBlocksPostAuthor":{"name":"admin","avatar":"https:\/\/secure.gravatar.com\/avatar\/76e419471a2083bc3ceab22a763dbbf9b0c1bd15a6214cf3280e2c2dde4580f9?s=96&d=mm&r=g"},"magazineBlocksPostCommentsNumber":"0","magazineBlocksPostExcerpt":"El nuevo ciclo de Beto Casella en Am\u00e9rica TV ya se perfila como uno de los lanzamientos m\u00e1s esperados de la temporada. Las primeras im\u00e1genes oficiales de su ciclo, del que todav\u00eda no se conoce el nombre, muestran al conductor acompa\u00f1ado del hist\u00f3rico equipo de Bendita, consolidando as\u00ed una continuidad en la f\u00f3rmula que lo...","magazineBlocksPostCategories":["Cine y Series"],"magazineBlocksPostViewCount":150,"magazineBlocksPostReadTime":4,"magazine_blocks_featured_image_url":{"full":["https:\/\/lobosnews.com.ar\/wp-content\/uploads\/2026\/01\/beto-casella-el-backstage-con-las-primeras-imagenes-del-conductor-y-los-exbendita-en-america-tv-2.jpg",1024,1280,false],"medium":["https:\/\/lobosnews.com.ar\/wp-content\/uploads\/2026\/01\/beto-casella-el-backstage-con-las-primeras-imagenes-del-conductor-y-los-exbendita-en-america-tv-2-240x300.jpg",240,300,true],"thumbnail":["https:\/\/lobosnews.com.ar\/wp-content\/uploads\/2026\/01\/beto-casella-el-backstage-con-las-primeras-imagenes-del-conductor-y-los-exbendita-en-america-tv-2-150x150.jpg",150,150,true]},"magazine_blocks_author":{"display_name":"admin","author_link":"https:\/\/lobosnews.com.ar\/index.php\/author\/lobos-news\/"},"magazine_blocks_comment":0,"magazine_blocks_author_image":"https:\/\/secure.gravatar.com\/avatar\/76e419471a2083bc3ceab22a763dbbf9b0c1bd15a6214cf3280e2c2dde4580f9?s=96&d=mm&r=g","magazine_blocks_category":"<a href=\"#\" class=\"category-link category-link-79\">Cine y Series<\/a>","yoast_head":"<!-- This site is optimized with the Yoast SEO plugin v26.6 - https:\/\/yoast.com\/wordpress\/plugins\/seo\/ -->\n<title>Beto Casella: el backstage con las primeras im\u00e1genes del conductor y los exBendita en Am\u00e9rica TV - Lobos News<\/title>\n<meta name=\"robots\" content=\"index, follow, max-snippet:-1, max-image-preview:large, max-video-preview:-1\" \/>\n<link rel=\"canonical\" href=\"https:\/\/lobosnews.com.ar\/index.php\/2026\/01\/22\/beto-casella-el-backstage-con-las-primeras-imagenes-del-conductor-y-los-exbendita-en-america-tv\/\" \/>\n<meta property=\"og:locale\" content=\"es_ES\" \/>\n<meta property=\"og:type\" content=\"article\" \/>\n<meta property=\"og:title\" content=\"Beto Casella: el backstage con las primeras im\u00e1genes del conductor y los exBendita en Am\u00e9rica TV - Lobos News\" \/>\n<meta property=\"og:description\" content=\"El nuevo ciclo de Beto Casella en Am\u00e9rica TV ya se perfila como uno de los lanzamientos m\u00e1s esperados de la temporada. Las primeras im\u00e1genes oficiales de su ciclo, del que todav\u00eda no se conoce el nombre, muestran al conductor acompa\u00f1ado del hist\u00f3rico equipo de Bendita, consolidando as\u00ed una continuidad en la f\u00f3rmula que lo...\" \/>\n<meta property=\"og:url\" content=\"https:\/\/lobosnews.com.ar\/index.php\/2026\/01\/22\/beto-casella-el-backstage-con-las-primeras-imagenes-del-conductor-y-los-exbendita-en-america-tv\/\" \/>\n<meta property=\"og:site_name\" content=\"Lobos News\" \/>\n<meta property=\"article:published_time\" content=\"2026-01-22T22:28:29+00:00\" \/>\n<meta property=\"article:modified_time\" content=\"2026-01-22T23:06:52+00:00\" \/>\n<meta property=\"og:image\" content=\"https:\/\/lobosnews.com.ar\/wp-content\/uploads\/2026\/01\/beto-casella-el-backstage-con-las-primeras-imagenes-del-conductor-y-los-exbendita-en-america-tv.jpg\" \/>\n<meta name=\"author\" content=\"admin\" \/>\n<meta name=\"twitter:card\" content=\"summary_large_image\" \/>\n<meta name=\"twitter:label1\" content=\"Escrito por\" \/>\n\t<meta name=\"twitter:data1\" content=\"admin\" \/>\n\t<meta name=\"twitter:label2\" content=\"Tiempo de lectura\" \/>\n\t<meta name=\"twitter:data2\" content=\"4 minutos\" \/>\n<script type=\"application\/ld+json\" class=\"yoast-schema-graph\">{\"@context\":\"https:\/\/schema.org\",\"@graph\":[{\"@type\":\"Article\",\"@id\":\"https:\/\/lobosnews.com.ar\/index.php\/2026\/01\/22\/beto-casella-el-backstage-con-las-primeras-imagenes-del-conductor-y-los-exbendita-en-america-tv\/#article\",\"isPartOf\":{\"@id\":\"https:\/\/lobosnews.com.ar\/index.php\/2026\/01\/22\/beto-casella-el-backstage-con-las-primeras-imagenes-del-conductor-y-los-exbendita-en-america-tv\/\"},\"author\":{\"name\":\"admin\",\"@id\":\"https:\/\/lobosnews.com.ar\/#\/schema\/person\/232422a593d5c541dd9aef6aaed10943\"},\"headline\":\"Beto Casella: el backstage con las primeras im\u00e1genes del conductor y los exBendita en Am\u00e9rica TV\",\"datePublished\":\"2026-01-22T22:28:29+00:00\",\"dateModified\":\"2026-01-22T23:06:52+00:00\",\"mainEntityOfPage\":{\"@id\":\"https:\/\/lobosnews.com.ar\/index.php\/2026\/01\/22\/beto-casella-el-backstage-con-las-primeras-imagenes-del-conductor-y-los-exbendita-en-america-tv\/\"},\"wordCount\":796,\"commentCount\":0,\"publisher\":{\"@id\":\"https:\/\/lobosnews.com.ar\/#organization\"},\"image\":{\"@id\":\"https:\/\/lobosnews.com.ar\/index.php\/2026\/01\/22\/beto-casella-el-backstage-con-las-primeras-imagenes-del-conductor-y-los-exbendita-en-america-tv\/#primaryimage\"},\"thumbnailUrl\":\"https:\/\/lobosnews.com.ar\/wp-content\/uploads\/2026\/01\/beto-casella-el-backstage-con-las-primeras-imagenes-del-conductor-y-los-exbendita-en-america-tv-2.jpg\",\"articleSection\":[\"Cine y Series\"],\"inLanguage\":\"es\",\"potentialAction\":[{\"@type\":\"CommentAction\",\"name\":\"Comment\",\"target\":[\"https:\/\/lobosnews.com.ar\/index.php\/2026\/01\/22\/beto-casella-el-backstage-con-las-primeras-imagenes-del-conductor-y-los-exbendita-en-america-tv\/#respond\"]}]},{\"@type\":\"WebPage\",\"@id\":\"https:\/\/lobosnews.com.ar\/index.php\/2026\/01\/22\/beto-casella-el-backstage-con-las-primeras-imagenes-del-conductor-y-los-exbendita-en-america-tv\/\",\"url\":\"https:\/\/lobosnews.com.ar\/index.php\/2026\/01\/22\/beto-casella-el-backstage-con-las-primeras-imagenes-del-conductor-y-los-exbendita-en-america-tv\/\",\"name\":\"Beto Casella: el backstage con las primeras im\u00e1genes del conductor y los exBendita en Am\u00e9rica TV - Lobos News\",\"isPartOf\":{\"@id\":\"https:\/\/lobosnews.com.ar\/#website\"},\"primaryImageOfPage\":{\"@id\":\"https:\/\/lobosnews.com.ar\/index.php\/2026\/01\/22\/beto-casella-el-backstage-con-las-primeras-imagenes-del-conductor-y-los-exbendita-en-america-tv\/#primaryimage\"},\"image\":{\"@id\":\"https:\/\/lobosnews.com.ar\/index.php\/2026\/01\/22\/beto-casella-el-backstage-con-las-primeras-imagenes-del-conductor-y-los-exbendita-en-america-tv\/#primaryimage\"},\"thumbnailUrl\":\"https:\/\/lobosnews.com.ar\/wp-content\/uploads\/2026\/01\/beto-casella-el-backstage-con-las-primeras-imagenes-del-conductor-y-los-exbendita-en-america-tv-2.jpg\",\"datePublished\":\"2026-01-22T22:28:29+00:00\",\"dateModified\":\"2026-01-22T23:06:52+00:00\",\"breadcrumb\":{\"@id\":\"https:\/\/lobosnews.com.ar\/index.php\/2026\/01\/22\/beto-casella-el-backstage-con-las-primeras-imagenes-del-conductor-y-los-exbendita-en-america-tv\/#breadcrumb\"},\"inLanguage\":\"es\",\"potentialAction\":[{\"@type\":\"ReadAction\",\"target\":[\"https:\/\/lobosnews.com.ar\/index.php\/2026\/01\/22\/beto-casella-el-backstage-con-las-primeras-imagenes-del-conductor-y-los-exbendita-en-america-tv\/\"]}]},{\"@type\":\"ImageObject\",\"inLanguage\":\"es\",\"@id\":\"https:\/\/lobosnews.com.ar\/index.php\/2026\/01\/22\/beto-casella-el-backstage-con-las-primeras-imagenes-del-conductor-y-los-exbendita-en-america-tv\/#primaryimage\",\"url\":\"https:\/\/lobosnews.com.ar\/wp-content\/uploads\/2026\/01\/beto-casella-el-backstage-con-las-primeras-imagenes-del-conductor-y-los-exbendita-en-america-tv-2.jpg\",\"contentUrl\":\"https:\/\/lobosnews.com.ar\/wp-content\/uploads\/2026\/01\/beto-casella-el-backstage-con-las-primeras-imagenes-del-conductor-y-los-exbendita-en-america-tv-2.jpg\",\"width\":1024,\"height\":1280,\"caption\":\"Beto Casella: el backstage con las primeras im\u00e1genes del conductor y los exBendita en Am\u00e9rica TV\"},{\"@type\":\"BreadcrumbList\",\"@id\":\"https:\/\/lobosnews.com.ar\/index.php\/2026\/01\/22\/beto-casella-el-backstage-con-las-primeras-imagenes-del-conductor-y-los-exbendita-en-america-tv\/#breadcrumb\",\"itemListElement\":[{\"@type\":\"ListItem\",\"position\":1,\"name\":\"Portada\",\"item\":\"https:\/\/lobosnews.com.ar\/\"},{\"@type\":\"ListItem\",\"position\":2,\"name\":\"Beto Casella: el backstage con las primeras im\u00e1genes del conductor y los exBendita en Am\u00e9rica TV\"}]},{\"@type\":\"WebSite\",\"@id\":\"https:\/\/lobosnews.com.ar\/#website\",\"url\":\"https:\/\/lobosnews.com.ar\/\",\"name\":\"Lobos News\",\"description\":\"Informaci\u00f3n a cada instante\",\"publisher\":{\"@id\":\"https:\/\/lobosnews.com.ar\/#organization\"},\"potentialAction\":[{\"@type\":\"SearchAction\",\"target\":{\"@type\":\"EntryPoint\",\"urlTemplate\":\"https:\/\/lobosnews.com.ar\/?s={search_term_string}\"},\"query-input\":{\"@type\":\"PropertyValueSpecification\",\"valueRequired\":true,\"valueName\":\"search_term_string\"}}],\"inLanguage\":\"es\"},{\"@type\":\"Organization\",\"@id\":\"https:\/\/lobosnews.com.ar\/#organization\",\"name\":\"Lobos News\",\"url\":\"https:\/\/lobosnews.com.ar\/\",\"logo\":{\"@type\":\"ImageObject\",\"inLanguage\":\"es\",\"@id\":\"https:\/\/lobosnews.com.ar\/#\/schema\/logo\/image\/\",\"url\":\"https:\/\/lobosnews.com.ar\/wp-content\/uploads\/2026\/01\/logo-lobosnews.png\",\"contentUrl\":\"https:\/\/lobosnews.com.ar\/wp-content\/uploads\/2026\/01\/logo-lobosnews.png\",\"width\":500,\"height\":200,\"caption\":\"Lobos News\"},\"image\":{\"@id\":\"https:\/\/lobosnews.com.ar\/#\/schema\/logo\/image\/\"}},{\"@type\":\"Person\",\"@id\":\"https:\/\/lobosnews.com.ar\/#\/schema\/person\/232422a593d5c541dd9aef6aaed10943\",\"name\":\"admin\",\"image\":{\"@type\":\"ImageObject\",\"inLanguage\":\"es\",\"@id\":\"https:\/\/lobosnews.com.ar\/#\/schema\/person\/image\/\",\"url\":\"https:\/\/secure.gravatar.com\/avatar\/76e419471a2083bc3ceab22a763dbbf9b0c1bd15a6214cf3280e2c2dde4580f9?s=96&d=mm&r=g\",\"contentUrl\":\"https:\/\/secure.gravatar.com\/avatar\/76e419471a2083bc3ceab22a763dbbf9b0c1bd15a6214cf3280e2c2dde4580f9?s=96&d=mm&r=g\",\"caption\":\"admin\"},\"sameAs\":[\"https:\/\/lobosnews.com.ar\"],\"url\":\"https:\/\/lobosnews.com.ar\/index.php\/author\/lobos-news\/\"}]}<\/script>\n<!-- \/ Yoast SEO plugin. -->","yoast_head_json":{"title":"Beto Casella: el backstage con las primeras im\u00e1genes del conductor y los exBendita en Am\u00e9rica TV - Lobos News","robots":{"index":"index","follow":"follow","max-snippet":"max-snippet:-1","max-image-preview":"max-image-preview:large","max-video-preview":"max-video-preview:-1"},"canonical":"https:\/\/lobosnews.com.ar\/index.php\/2026\/01\/22\/beto-casella-el-backstage-con-las-primeras-imagenes-del-conductor-y-los-exbendita-en-america-tv\/","og_locale":"es_ES","og_type":"article","og_title":"Beto Casella: el backstage con las primeras im\u00e1genes del conductor y los exBendita en Am\u00e9rica TV - Lobos News","og_description":"El nuevo ciclo de Beto Casella en Am\u00e9rica TV ya se perfila como uno de los lanzamientos m\u00e1s esperados de la temporada. Las primeras im\u00e1genes oficiales de su ciclo, del que todav\u00eda no se conoce el nombre, muestran al conductor acompa\u00f1ado del hist\u00f3rico equipo de Bendita, consolidando as\u00ed una continuidad en la f\u00f3rmula que lo...","og_url":"https:\/\/lobosnews.com.ar\/index.php\/2026\/01\/22\/beto-casella-el-backstage-con-las-primeras-imagenes-del-conductor-y-los-exbendita-en-america-tv\/","og_site_name":"Lobos News","article_published_time":"2026-01-22T22:28:29+00:00","article_modified_time":"2026-01-22T23:06:52+00:00","og_image":[{"url":"https:\/\/lobosnews.com.ar\/wp-content\/uploads\/2026\/01\/beto-casella-el-backstage-con-las-primeras-imagenes-del-conductor-y-los-exbendita-en-america-tv.jpg","type":"","width":"","height":""}],"author":"admin","twitter_card":"summary_large_image","twitter_misc":{"Escrito por":"admin","Tiempo de lectura":"4 minutos"},"schema":{"@context":"https:\/\/schema.org","@graph":[{"@type":"Article","@id":"https:\/\/lobosnews.com.ar\/index.php\/2026\/01\/22\/beto-casella-el-backstage-con-las-primeras-imagenes-del-conductor-y-los-exbendita-en-america-tv\/#article","isPartOf":{"@id":"https:\/\/lobosnews.com.ar\/index.php\/2026\/01\/22\/beto-casella-el-backstage-con-las-primeras-imagenes-del-conductor-y-los-exbendita-en-america-tv\/"},"author":{"name":"admin","@id":"https:\/\/lobosnews.com.ar\/#\/schema\/person\/232422a593d5c541dd9aef6aaed10943"},"headline":"Beto Casella: el backstage con las primeras im\u00e1genes del conductor y los exBendita en Am\u00e9rica TV","datePublished":"2026-01-22T22:28:29+00:00","dateModified":"2026-01-22T23:06:52+00:00","mainEntityOfPage":{"@id":"https:\/\/lobosnews.com.ar\/index.php\/2026\/01\/22\/beto-casella-el-backstage-con-las-primeras-imagenes-del-conductor-y-los-exbendita-en-america-tv\/"},"wordCount":796,"commentCount":0,"publisher":{"@id":"https:\/\/lobosnews.com.ar\/#organization"},"image":{"@id":"https:\/\/lobosnews.com.ar\/index.php\/2026\/01\/22\/beto-casella-el-backstage-con-las-primeras-imagenes-del-conductor-y-los-exbendita-en-america-tv\/#primaryimage"},"thumbnailUrl":"https:\/\/lobosnews.com.ar\/wp-content\/uploads\/2026\/01\/beto-casella-el-backstage-con-las-primeras-imagenes-del-conductor-y-los-exbendita-en-america-tv-2.jpg","articleSection":["Cine y Series"],"inLanguage":"es","potentialAction":[{"@type":"CommentAction","name":"Comment","target":["https:\/\/lobosnews.com.ar\/index.php\/2026\/01\/22\/beto-casella-el-backstage-con-las-primeras-imagenes-del-conductor-y-los-exbendita-en-america-tv\/#respond"]}]},{"@type":"WebPage","@id":"https:\/\/lobosnews.com.ar\/index.php\/2026\/01\/22\/beto-casella-el-backstage-con-las-primeras-imagenes-del-conductor-y-los-exbendita-en-america-tv\/","url":"https:\/\/lobosnews.com.ar\/index.php\/2026\/01\/22\/beto-casella-el-backstage-con-las-primeras-imagenes-del-conductor-y-los-exbendita-en-america-tv\/","name":"Beto Casella: el backstage con las primeras im\u00e1genes del conductor y los exBendita en Am\u00e9rica TV - Lobos News","isPartOf":{"@id":"https:\/\/lobosnews.com.ar\/#website"},"primaryImageOfPage":{"@id":"https:\/\/lobosnews.com.ar\/index.php\/2026\/01\/22\/beto-casella-el-backstage-con-las-primeras-imagenes-del-conductor-y-los-exbendita-en-america-tv\/#primaryimage"},"image":{"@id":"https:\/\/lobosnews.com.ar\/index.php\/2026\/01\/22\/beto-casella-el-backstage-con-las-primeras-imagenes-del-conductor-y-los-exbendita-en-america-tv\/#primaryimage"},"thumbnailUrl":"https:\/\/lobosnews.com.ar\/wp-content\/uploads\/2026\/01\/beto-casella-el-backstage-con-las-primeras-imagenes-del-conductor-y-los-exbendita-en-america-tv-2.jpg","datePublished":"2026-01-22T22:28:29+00:00","dateModified":"2026-01-22T23:06:52+00:00","breadcrumb":{"@id":"https:\/\/lobosnews.com.ar\/index.php\/2026\/01\/22\/beto-casella-el-backstage-con-las-primeras-imagenes-del-conductor-y-los-exbendita-en-america-tv\/#breadcrumb"},"inLanguage":"es","potentialAction":[{"@type":"ReadAction","target":["https:\/\/lobosnews.com.ar\/index.php\/2026\/01\/22\/beto-casella-el-backstage-con-las-primeras-imagenes-del-conductor-y-los-exbendita-en-america-tv\/"]}]},{"@type":"ImageObject","inLanguage":"es","@id":"https:\/\/lobosnews.com.ar\/index.php\/2026\/01\/22\/beto-casella-el-backstage-con-las-primeras-imagenes-del-conductor-y-los-exbendita-en-america-tv\/#primaryimage","url":"https:\/\/lobosnews.com.ar\/wp-content\/uploads\/2026\/01\/beto-casella-el-backstage-con-las-primeras-imagenes-del-conductor-y-los-exbendita-en-america-tv-2.jpg","contentUrl":"https:\/\/lobosnews.com.ar\/wp-content\/uploads\/2026\/01\/beto-casella-el-backstage-con-las-primeras-imagenes-del-conductor-y-los-exbendita-en-america-tv-2.jpg","width":1024,"height":1280,"caption":"Beto Casella: el backstage con las primeras im\u00e1genes del conductor y los exBendita en Am\u00e9rica TV"},{"@type":"BreadcrumbList","@id":"https:\/\/lobosnews.com.ar\/index.php\/2026\/01\/22\/beto-casella-el-backstage-con-las-primeras-imagenes-del-conductor-y-los-exbendita-en-america-tv\/#breadcrumb","itemListElement":[{"@type":"ListItem","position":1,"name":"Portada","item":"https:\/\/lobosnews.com.ar\/"},{"@type":"ListItem","position":2,"name":"Beto Casella: el backstage con las primeras im\u00e1genes del conductor y los exBendita en Am\u00e9rica TV"}]},{"@type":"WebSite","@id":"https:\/\/lobosnews.com.ar\/#website","url":"https:\/\/lobosnews.com.ar\/","name":"Lobos News","description":"Informaci\u00f3n a cada instante","publisher":{"@id":"https:\/\/lobosnews.com.ar\/#organization"},"potentialAction":[{"@type":"SearchAction","target":{"@type":"EntryPoint","urlTemplate":"https:\/\/lobosnews.com.ar\/?s={search_term_string}"},"query-input":{"@type":"PropertyValueSpecification","valueRequired":true,"valueName":"search_term_string"}}],"inLanguage":"es"},{"@type":"Organization","@id":"https:\/\/lobosnews.com.ar\/#organization","name":"Lobos News","url":"https:\/\/lobosnews.com.ar\/","logo":{"@type":"ImageObject","inLanguage":"es","@id":"https:\/\/lobosnews.com.ar\/#\/schema\/logo\/image\/","url":"https:\/\/lobosnews.com.ar\/wp-content\/uploads\/2026\/01\/logo-lobosnews.png","contentUrl":"https:\/\/lobosnews.com.ar\/wp-content\/uploads\/2026\/01\/logo-lobosnews.png","width":500,"height":200,"caption":"Lobos News"},"image":{"@id":"https:\/\/lobosnews.com.ar\/#\/schema\/logo\/image\/"}},{"@type":"Person","@id":"https:\/\/lobosnews.com.ar\/#\/schema\/person\/232422a593d5c541dd9aef6aaed10943","name":"admin","image":{"@type":"ImageObject","inLanguage":"es","@id":"https:\/\/lobosnews.com.ar\/#\/schema\/person\/image\/","url":"https:\/\/secure.gravatar.com\/avatar\/76e419471a2083bc3ceab22a763dbbf9b0c1bd15a6214cf3280e2c2dde4580f9?s=96&d=mm&r=g","contentUrl":"https:\/\/secure.gravatar.com\/avatar\/76e419471a2083bc3ceab22a763dbbf9b0c1bd15a6214cf3280e2c2dde4580f9?s=96&d=mm&r=g","caption":"admin"},"sameAs":["https:\/\/lobosnews.com.ar"],"url":"https:\/\/lobosnews.com.ar\/index.php\/author\/lobos-news\/"}]}},"jetpack_featured_media_url":"https:\/\/lobosnews.com.ar\/wp-content\/uploads\/2026\/01\/beto-casella-el-backstage-con-las-primeras-imagenes-del-conductor-y-los-exbendita-en-america-tv-2.jpg","jetpack_sharing_enabled":true,"_links":{"self":[{"href":"https:\/\/lobosnews.com.ar\/index.php\/wp-json\/wp\/v2\/posts\/10272","targetHints":{"allow":["GET"]}}],"collection":[{"href":"https:\/\/lobosnews.com.ar\/index.php\/wp-json\/wp\/v2\/posts"}],"about":[{"href":"https:\/\/lobosnews.com.ar\/index.php\/wp-json\/wp\/v2\/types\/post"}],"author":[{"embeddable":true,"href":"https:\/\/lobosnews.com.ar\/index.php\/wp-json\/wp\/v2\/users\/1"}],"replies":[{"embeddable":true,"href":"https:\/\/lobosnews.com.ar\/index.php\/wp-json\/wp\/v2\/comments?post=10272"}],"version-history":[{"count":1,"href":"https:\/\/lobosnews.com.ar\/index.php\/wp-json\/wp\/v2\/posts\/10272\/revisions"}],"predecessor-version":[{"id":10275,"href":"https:\/\/lobosnews.com.ar\/index.php\/wp-json\/wp\/v2\/posts\/10272\/revisions\/10275"}],"wp:featuredmedia":[{"embeddable":true,"href":"https:\/\/lobosnews.com.ar\/index.php\/wp-json\/wp\/v2\/media\/10276"}],"wp:attachment":[{"href":"https:\/\/lobosnews.com.ar\/index.php\/wp-json\/wp\/v2\/media?parent=10272"}],"wp:term":[{"taxonomy":"category","embeddable":true,"href":"https:\/\/lobosnews.com.ar\/index.php\/wp-json\/wp\/v2\/categories?post=10272"},{"taxonomy":"post_tag","embeddable":true,"href":"https:\/\/lobosnews.com.ar\/index.php\/wp-json\/wp\/v2\/tags?post=10272"}],"curies":[{"name":"wp","href":"https:\/\/api.w.org\/{rel}","templated":true}]}}