{"id":10247,"date":"2026-01-22T22:36:27","date_gmt":"2026-01-22T22:36:27","guid":{"rendered":"https:\/\/lobosnews.com.ar\/index.php\/2026\/01\/22\/un-enfermero-aleman-condenado-por-10-asesinatos-podria-estar-vinculado-a-mas-de-100-muertes-adicionales\/"},"modified":"2026-01-22T23:00:44","modified_gmt":"2026-01-22T23:00:44","slug":"un-enfermero-aleman-condenado-por-10-asesinatos-podria-estar-vinculado-a-mas-de-100-muertes-adicionales","status":"publish","type":"post","link":"https:\/\/lobosnews.com.ar\/index.php\/2026\/01\/22\/un-enfermero-aleman-condenado-por-10-asesinatos-podria-estar-vinculado-a-mas-de-100-muertes-adicionales\/","title":{"rendered":"Un enfermero alem\u00e1n condenado por 10 asesinatos podr\u00eda estar vinculado a m\u00e1s de 100 muertes adicionales"},"content":{"rendered":"<p><img fetchpriority=\"high\" decoding=\"async\" src=\"https:\/\/lobosnews.com.ar\/wp-content\/uploads\/2026\/01\/un-enfermero-aleman-condenado-por-10-asesinatos-podria-estar-vinculado-a-mas-de-100-muertes-adicionales.jpg\" alt=\"FOTO DE ARCHIVO: Pacientes de COVID-19 en una unidad de cuidados intensivos en una cl\u00ednia de Darmstadt, Alemania, el 12 de diciembre de 2021 (REUTERS\/Kai Pfaffenbach)\" height=\"500\" width=\"800\"\/><\/p>\n<p>Un enfermero de cuidados paliativos condenado en noviembre pasado por <span class=\"waslinkname\">asesinar a 10 pacientes<\/span> y por intentar matar a otros 27 en Alemania podr\u00eda estar <b>vinculado a m\u00e1s de 100 muertes adicionales<\/b>. La fiscal\u00eda de Aquisgr\u00e1n revel\u00f3 que existe un n\u00famero elevado de casos sospechosos bajo revisi\u00f3n, aunque advirti\u00f3 que se trata de sospechas preliminares que podr\u00edan descartarse tras los ex\u00e1menes forenses. La investigaci\u00f3n ampliada se centra en per\u00edodos anteriores a los cr\u00edmenes por los cuales el enfermero ya fue condenado.<\/p>\n<p>El tribunal regional de Aquisgr\u00e1n lo <b>conden\u00f3 a cadena perpetua<\/b> por 10 asesinatos y 27 intentos de asesinato cometidos entre diciembre de 2023 y mayo de 2024. Los jueces determinaron que el hombre, de 44 a\u00f1os, <b>administr\u00f3 dosis excesivas de sedantes y analg\u00e9sicos<\/b> a pacientes gravemente enfermos sin justificaci\u00f3n m\u00e9dica durante turnos nocturnos en el hospital Rhein-Maas de W\u00fcrselen, cerca de Aquisgr\u00e1n. El enfermero <b>suministr\u00f3 morfina y midazolam a pacientes ancianos<\/b>, en su mayor\u00eda, con el prop\u00f3sito de reducir su carga laboral nocturna.<\/p>\n<p>La fiscal\u00eda estableci\u00f3 que las drogas fueron administradas de forma reiterada y que <b>el acusado era plenamente consciente de las consecuencias potencialmente fatales<\/b>. El enfermero mostraba irritaci\u00f3n y carencia de empat\u00eda hacia pacientes que requer\u00edan un nivel superior de atenci\u00f3n, comport\u00e1ndose como \u201camo de la vida y la muerte\u201d, seg\u00fan los fiscales. Durante el juicio iniciado en marzo, el acusado neg\u00f3 los cargos y aleg\u00f3 que su intenci\u00f3n era ayudar a los pacientes a dormir.<\/p>\n<p>La sentencia incluy\u00f3 la determinaci\u00f3n de <b>\u201cparticular gravedad de culpa\u201d<\/b>, una figura legal alemana que impide la liberaci\u00f3n anticipada tras 15 a\u00f1os de prisi\u00f3n, el per\u00edodo m\u00ednimo habitual para condenas a cadena perpetua en el pa\u00eds. Los jueces concluyeron que las acciones estuvieron motivadas por incomodidad personal y el deseo de imponer orden durante sus turnos nocturnos.<\/p>\n<p><img loading=\"lazy\" decoding=\"async\" src=\"https:\/\/lobosnews.com.ar\/wp-content\/uploads\/2026\/01\/un-enfermero-aleman-condenado-por-10-asesinatos-podria-estar-vinculado-a-mas-de-100-muertes-adicionales-1.jpg\" alt=\"FOTO DE ILUSTRACI\u00d3N: Un residente de la residencia de ancianos Haus an der Linde recibe la vacuna contra la COVID-19 en Lichtenstein, Sajonia, Alemania, el 27 de diciembre de 2020, el d\u00eda en que el pa\u00eds inicia su programa de vacunaci\u00f3n (Robert Michael\/Pool v\u00eda Reuters\/Foto de archivo)\" height=\"1658\" width=\"2460\"\/><\/p>\n<p>Como parte de la investigaci\u00f3n ampliada, <b>las autoridades han ordenado alrededor de 60 exhumaciones<\/b>. Veintisiete ya fueron completadas y aproximadamente 30 permanecen pendientes. Los resultados de autopsia a\u00fan no est\u00e1n disponibles en muchos casos y determinar\u00e1n si pueden presentarse cargos adicionales.<\/p>\n<p>La fiscal\u00eda de Colonia tambi\u00e9n examina muertes vinculadas a hospitales donde el enfermero trabaj\u00f3 antes de su traslado a W\u00fcrselen, ubicado a 65 kil\u00f3metros de distancia. Hasta el momento se <b>han realizado dos exhumaciones<\/b> en esa jurisdicci\u00f3n: los restos de una mujer de 94 a\u00f1os fallecida en 2018 y de un paciente de 78 a\u00f1os que muri\u00f3 en 2015. Las autoridades de ambas fiscal\u00edas confirmaron que se est\u00e1n preparando potenciales nuevos cargos, aunque advirtieron que cualquier proceso judicial adicional es improbable que comience antes de 2027.<\/p>\n<p>El enfermero hab\u00eda trabajado en el hospital Rhein-Maas desde 2020. El caso sali\u00f3 a la luz en julio de 2024, cuando <b>la direcci\u00f3n del hospital not\u00f3 una ca\u00edda pronunciada en las muertes de pacientes durante las vacaciones del enfermero<\/b>. Sospechando un patr\u00f3n, el hospital alert\u00f3 a las autoridades. Las v\u00edctimas inclu\u00edan tanto pacientes terminales como otros que se preparaban para recibir el alta, evidenciando la naturaleza indiscriminada de los cr\u00edmenes.<\/p>\n<p><img loading=\"lazy\" decoding=\"async\" src=\"https:\/\/lobosnews.com.ar\/wp-content\/uploads\/2026\/01\/un-enfermero-aleman-condenado-por-10-asesinatos-podria-estar-vinculado-a-mas-de-100-muertes-adicionales-2.jpg\" alt=\"FOTO DE ILUSTRACI\u00d3N: Una enfermera prepara una dosis de refuerzo de la vacuna Moderna contra la COVID-19, Spikevax, contra la enfermedad del coronavirus en un centro de vacunaci\u00f3n en Berl\u00edn, Alemania, el 1 de enero de 2022 (REUTERS\/Michele Tantussi\/Foto de archivo)\" height=\"3668\" width=\"5500\"\/><\/p>\n<p>El caso evoca inquietantes similitudes con el del ex enfermero Niels H\u00f6gel, quien recibi\u00f3 cadena perpetua en 2019 tras ser condenado por asesinar a 85 pacientes en dos hospitales del norte de Alemania. H\u00f6gel es considerado el <b>asesino serial m\u00e1s prol\u00edfico de la historia moderna alemana<\/b>. Entre 2000 y 2005, administr\u00f3 drogas card\u00edacas letales a pacientes con el prop\u00f3sito de intentar reanimarlos posteriormente y recibir elogios de sus colegas.<\/p>\n<p>Los psiquiatras determinaron que <b>sufr\u00eda un trastorno narcisista severo<\/b>. La investigaci\u00f3n de aquel caso llev\u00f3 a la exhumaci\u00f3n de 134 cuerpos y revel\u00f3 que las tasas de muertes y reanimaciones se hab\u00edan m\u00e1s que duplicado cuando H\u00f6gel estaba de turno. La polic\u00eda estima que podr\u00eda haber asesinado a m\u00e1s de 200 personas, aunque la cremaci\u00f3n de muchos cuerpos destruy\u00f3 evidencia crucial.<\/p>\n<p>Los casos de enfermeros asesinos en Alemania han expuesto fallos sist\u00e9micos graves en la supervisi\u00f3n hospitalaria. En el caso de H\u00f6gel, colegas en el hospital de Delmenhorst admitieron haber tenido <b>sospechas sobre su comportamiento irregular<\/b>, y algunos empleados fueron acusados de homicidio negligente por no actuar de manera decisiva. M\u00e1s recientemente, en julio de 2024, un especialista en cuidados paliativos de 40 a\u00f1os fue llevado a juicio en Berl\u00edn, acusado de matar a 15 pacientes con inyecciones letales entre 2021 y 2024.<\/p>\n","protected":false},"excerpt":{"rendered":"<p>Un enfermero de cuidados paliativos condenado en noviembre pasado por asesinar a 10 pacientes y por intentar matar a otros 27 en Alemania podr\u00eda estar vinculado a m\u00e1s de 100 muertes adicionales. La fiscal\u00eda de Aquisgr\u00e1n revel\u00f3 que existe un n\u00famero elevado de casos sospechosos bajo revisi\u00f3n, aunque advirti\u00f3 que se trata de sospechas preliminares&#8230;<\/p>\n","protected":false},"author":1,"featured_media":10252,"comment_status":"open","ping_status":"closed","sticky":false,"template":"","format":"standard","meta":{"_jetpack_memberships_contains_paid_content":false,"footnotes":""},"categories":[31],"tags":[],"class_list":["post-10247","post","type-post","status-publish","format-standard","has-post-thumbnail","hentry","category-actualidad"],"magazineBlocksPostFeaturedMedia":{"thumbnail":"https:\/\/lobosnews.com.ar\/wp-content\/uploads\/2026\/01\/un-enfermero-aleman-condenado-por-10-asesinatos-podria-estar-vinculado-a-mas-de-100-muertes-adicionales-4-150x150.jpg","medium":"https:\/\/lobosnews.com.ar\/wp-content\/uploads\/2026\/01\/un-enfermero-aleman-condenado-por-10-asesinatos-podria-estar-vinculado-a-mas-de-100-muertes-adicionales-4-300x200.jpg","medium_large":"https:\/\/lobosnews.com.ar\/wp-content\/uploads\/2026\/01\/un-enfermero-aleman-condenado-por-10-asesinatos-podria-estar-vinculado-a-mas-de-100-muertes-adicionales-4-768x512.jpg","large":"https:\/\/lobosnews.com.ar\/wp-content\/uploads\/2026\/01\/un-enfermero-aleman-condenado-por-10-asesinatos-podria-estar-vinculado-a-mas-de-100-muertes-adicionales-4-1024x683.jpg","1536x1536":"https:\/\/lobosnews.com.ar\/wp-content\/uploads\/2026\/01\/un-enfermero-aleman-condenado-por-10-asesinatos-podria-estar-vinculado-a-mas-de-100-muertes-adicionales-4-1536x1025.jpg","2048x2048":"https:\/\/lobosnews.com.ar\/wp-content\/uploads\/2026\/01\/un-enfermero-aleman-condenado-por-10-asesinatos-podria-estar-vinculado-a-mas-de-100-muertes-adicionales-4-2048x1366.jpg","newsmatic-featured":"https:\/\/lobosnews.com.ar\/wp-content\/uploads\/2026\/01\/un-enfermero-aleman-condenado-por-10-asesinatos-podria-estar-vinculado-a-mas-de-100-muertes-adicionales-4-820x545.jpg","newsmatic-list":"https:\/\/lobosnews.com.ar\/wp-content\/uploads\/2026\/01\/un-enfermero-aleman-condenado-por-10-asesinatos-podria-estar-vinculado-a-mas-de-100-muertes-adicionales-4-600x400.jpg","newsmatic-thumb":"https:\/\/lobosnews.com.ar\/wp-content\/uploads\/2026\/01\/un-enfermero-aleman-condenado-por-10-asesinatos-podria-estar-vinculado-a-mas-de-100-muertes-adicionales-4-300x200.jpg","newsmatic-small":"https:\/\/lobosnews.com.ar\/wp-content\/uploads\/2026\/01\/un-enfermero-aleman-condenado-por-10-asesinatos-podria-estar-vinculado-a-mas-de-100-muertes-adicionales-4-150x95.jpg","newsmatic-grid":"https:\/\/lobosnews.com.ar\/wp-content\/uploads\/2026\/01\/un-enfermero-aleman-condenado-por-10-asesinatos-podria-estar-vinculado-a-mas-de-100-muertes-adicionales-4-400x250.jpg"},"magazineBlocksPostAuthor":{"name":"admin","avatar":"https:\/\/secure.gravatar.com\/avatar\/76e419471a2083bc3ceab22a763dbbf9b0c1bd15a6214cf3280e2c2dde4580f9?s=96&d=mm&r=g"},"magazineBlocksPostCommentsNumber":"0","magazineBlocksPostExcerpt":"Un enfermero de cuidados paliativos condenado en noviembre pasado por asesinar a 10 pacientes y por intentar matar a otros 27 en Alemania podr\u00eda estar vinculado a m\u00e1s de 100 muertes adicionales. La fiscal\u00eda de Aquisgr\u00e1n revel\u00f3 que existe un n\u00famero elevado de casos sospechosos bajo revisi\u00f3n, aunque advirti\u00f3 que se trata de sospechas preliminares...","magazineBlocksPostCategories":["Actualidad"],"magazineBlocksPostViewCount":152,"magazineBlocksPostReadTime":4,"magazine_blocks_featured_image_url":{"full":["https:\/\/lobosnews.com.ar\/wp-content\/uploads\/2026\/01\/un-enfermero-aleman-condenado-por-10-asesinatos-podria-estar-vinculado-a-mas-de-100-muertes-adicionales-4-scaled.jpg",2560,1708,false],"medium":["https:\/\/lobosnews.com.ar\/wp-content\/uploads\/2026\/01\/un-enfermero-aleman-condenado-por-10-asesinatos-podria-estar-vinculado-a-mas-de-100-muertes-adicionales-4-300x200.jpg",300,200,true],"thumbnail":["https:\/\/lobosnews.com.ar\/wp-content\/uploads\/2026\/01\/un-enfermero-aleman-condenado-por-10-asesinatos-podria-estar-vinculado-a-mas-de-100-muertes-adicionales-4-150x150.jpg",150,150,true]},"magazine_blocks_author":{"display_name":"admin","author_link":"https:\/\/lobosnews.com.ar\/index.php\/author\/lobos-news\/"},"magazine_blocks_comment":0,"magazine_blocks_author_image":"https:\/\/secure.gravatar.com\/avatar\/76e419471a2083bc3ceab22a763dbbf9b0c1bd15a6214cf3280e2c2dde4580f9?s=96&d=mm&r=g","magazine_blocks_category":"<a href=\"#\" class=\"category-link category-link-31\">Actualidad<\/a>","yoast_head":"<!-- This site is optimized with the Yoast SEO plugin v26.6 - https:\/\/yoast.com\/wordpress\/plugins\/seo\/ -->\n<title>Un enfermero alem\u00e1n condenado por 10 asesinatos podr\u00eda estar vinculado a m\u00e1s de 100 muertes adicionales - Lobos News<\/title>\n<meta name=\"robots\" content=\"index, follow, max-snippet:-1, max-image-preview:large, max-video-preview:-1\" \/>\n<link rel=\"canonical\" href=\"https:\/\/lobosnews.com.ar\/index.php\/2026\/01\/22\/un-enfermero-aleman-condenado-por-10-asesinatos-podria-estar-vinculado-a-mas-de-100-muertes-adicionales\/\" \/>\n<meta property=\"og:locale\" content=\"es_ES\" \/>\n<meta property=\"og:type\" content=\"article\" \/>\n<meta property=\"og:title\" content=\"Un enfermero alem\u00e1n condenado por 10 asesinatos podr\u00eda estar vinculado a m\u00e1s de 100 muertes adicionales - Lobos News\" \/>\n<meta property=\"og:description\" content=\"Un enfermero de cuidados paliativos condenado en noviembre pasado por asesinar a 10 pacientes y por intentar matar a otros 27 en Alemania podr\u00eda estar vinculado a m\u00e1s de 100 muertes adicionales. La fiscal\u00eda de Aquisgr\u00e1n revel\u00f3 que existe un n\u00famero elevado de casos sospechosos bajo revisi\u00f3n, aunque advirti\u00f3 que se trata de sospechas preliminares...\" \/>\n<meta property=\"og:url\" content=\"https:\/\/lobosnews.com.ar\/index.php\/2026\/01\/22\/un-enfermero-aleman-condenado-por-10-asesinatos-podria-estar-vinculado-a-mas-de-100-muertes-adicionales\/\" \/>\n<meta property=\"og:site_name\" content=\"Lobos News\" \/>\n<meta property=\"article:published_time\" content=\"2026-01-22T22:36:27+00:00\" \/>\n<meta property=\"article:modified_time\" content=\"2026-01-22T23:00:44+00:00\" \/>\n<meta property=\"og:image\" content=\"https:\/\/lobosnews.com.ar\/wp-content\/uploads\/2026\/01\/un-enfermero-aleman-condenado-por-10-asesinatos-podria-estar-vinculado-a-mas-de-100-muertes-adicionales.jpg\" \/>\n<meta name=\"author\" content=\"admin\" \/>\n<meta name=\"twitter:card\" content=\"summary_large_image\" \/>\n<meta name=\"twitter:label1\" content=\"Escrito por\" \/>\n\t<meta name=\"twitter:data1\" content=\"admin\" \/>\n\t<meta name=\"twitter:label2\" content=\"Tiempo de lectura\" \/>\n\t<meta name=\"twitter:data2\" content=\"4 minutos\" \/>\n<script type=\"application\/ld+json\" class=\"yoast-schema-graph\">{\"@context\":\"https:\/\/schema.org\",\"@graph\":[{\"@type\":\"Article\",\"@id\":\"https:\/\/lobosnews.com.ar\/index.php\/2026\/01\/22\/un-enfermero-aleman-condenado-por-10-asesinatos-podria-estar-vinculado-a-mas-de-100-muertes-adicionales\/#article\",\"isPartOf\":{\"@id\":\"https:\/\/lobosnews.com.ar\/index.php\/2026\/01\/22\/un-enfermero-aleman-condenado-por-10-asesinatos-podria-estar-vinculado-a-mas-de-100-muertes-adicionales\/\"},\"author\":{\"name\":\"admin\",\"@id\":\"https:\/\/lobosnews.com.ar\/#\/schema\/person\/232422a593d5c541dd9aef6aaed10943\"},\"headline\":\"Un enfermero alem\u00e1n condenado por 10 asesinatos podr\u00eda estar vinculado a m\u00e1s de 100 muertes adicionales\",\"datePublished\":\"2026-01-22T22:36:27+00:00\",\"dateModified\":\"2026-01-22T23:00:44+00:00\",\"mainEntityOfPage\":{\"@id\":\"https:\/\/lobosnews.com.ar\/index.php\/2026\/01\/22\/un-enfermero-aleman-condenado-por-10-asesinatos-podria-estar-vinculado-a-mas-de-100-muertes-adicionales\/\"},\"wordCount\":769,\"commentCount\":0,\"publisher\":{\"@id\":\"https:\/\/lobosnews.com.ar\/#organization\"},\"image\":{\"@id\":\"https:\/\/lobosnews.com.ar\/index.php\/2026\/01\/22\/un-enfermero-aleman-condenado-por-10-asesinatos-podria-estar-vinculado-a-mas-de-100-muertes-adicionales\/#primaryimage\"},\"thumbnailUrl\":\"https:\/\/lobosnews.com.ar\/wp-content\/uploads\/2026\/01\/un-enfermero-aleman-condenado-por-10-asesinatos-podria-estar-vinculado-a-mas-de-100-muertes-adicionales-4-scaled.jpg\",\"articleSection\":[\"Actualidad\"],\"inLanguage\":\"es\",\"potentialAction\":[{\"@type\":\"CommentAction\",\"name\":\"Comment\",\"target\":[\"https:\/\/lobosnews.com.ar\/index.php\/2026\/01\/22\/un-enfermero-aleman-condenado-por-10-asesinatos-podria-estar-vinculado-a-mas-de-100-muertes-adicionales\/#respond\"]}]},{\"@type\":\"WebPage\",\"@id\":\"https:\/\/lobosnews.com.ar\/index.php\/2026\/01\/22\/un-enfermero-aleman-condenado-por-10-asesinatos-podria-estar-vinculado-a-mas-de-100-muertes-adicionales\/\",\"url\":\"https:\/\/lobosnews.com.ar\/index.php\/2026\/01\/22\/un-enfermero-aleman-condenado-por-10-asesinatos-podria-estar-vinculado-a-mas-de-100-muertes-adicionales\/\",\"name\":\"Un enfermero alem\u00e1n condenado por 10 asesinatos podr\u00eda estar vinculado a m\u00e1s de 100 muertes adicionales - Lobos News\",\"isPartOf\":{\"@id\":\"https:\/\/lobosnews.com.ar\/#website\"},\"primaryImageOfPage\":{\"@id\":\"https:\/\/lobosnews.com.ar\/index.php\/2026\/01\/22\/un-enfermero-aleman-condenado-por-10-asesinatos-podria-estar-vinculado-a-mas-de-100-muertes-adicionales\/#primaryimage\"},\"image\":{\"@id\":\"https:\/\/lobosnews.com.ar\/index.php\/2026\/01\/22\/un-enfermero-aleman-condenado-por-10-asesinatos-podria-estar-vinculado-a-mas-de-100-muertes-adicionales\/#primaryimage\"},\"thumbnailUrl\":\"https:\/\/lobosnews.com.ar\/wp-content\/uploads\/2026\/01\/un-enfermero-aleman-condenado-por-10-asesinatos-podria-estar-vinculado-a-mas-de-100-muertes-adicionales-4-scaled.jpg\",\"datePublished\":\"2026-01-22T22:36:27+00:00\",\"dateModified\":\"2026-01-22T23:00:44+00:00\",\"breadcrumb\":{\"@id\":\"https:\/\/lobosnews.com.ar\/index.php\/2026\/01\/22\/un-enfermero-aleman-condenado-por-10-asesinatos-podria-estar-vinculado-a-mas-de-100-muertes-adicionales\/#breadcrumb\"},\"inLanguage\":\"es\",\"potentialAction\":[{\"@type\":\"ReadAction\",\"target\":[\"https:\/\/lobosnews.com.ar\/index.php\/2026\/01\/22\/un-enfermero-aleman-condenado-por-10-asesinatos-podria-estar-vinculado-a-mas-de-100-muertes-adicionales\/\"]}]},{\"@type\":\"ImageObject\",\"inLanguage\":\"es\",\"@id\":\"https:\/\/lobosnews.com.ar\/index.php\/2026\/01\/22\/un-enfermero-aleman-condenado-por-10-asesinatos-podria-estar-vinculado-a-mas-de-100-muertes-adicionales\/#primaryimage\",\"url\":\"https:\/\/lobosnews.com.ar\/wp-content\/uploads\/2026\/01\/un-enfermero-aleman-condenado-por-10-asesinatos-podria-estar-vinculado-a-mas-de-100-muertes-adicionales-4-scaled.jpg\",\"contentUrl\":\"https:\/\/lobosnews.com.ar\/wp-content\/uploads\/2026\/01\/un-enfermero-aleman-condenado-por-10-asesinatos-podria-estar-vinculado-a-mas-de-100-muertes-adicionales-4-scaled.jpg\",\"width\":2560,\"height\":1708,\"caption\":\"Un enfermero alem\u00e1n condenado por 10 asesinatos podr\u00eda estar vinculado a m\u00e1s de 100 muertes adicionales\"},{\"@type\":\"BreadcrumbList\",\"@id\":\"https:\/\/lobosnews.com.ar\/index.php\/2026\/01\/22\/un-enfermero-aleman-condenado-por-10-asesinatos-podria-estar-vinculado-a-mas-de-100-muertes-adicionales\/#breadcrumb\",\"itemListElement\":[{\"@type\":\"ListItem\",\"position\":1,\"name\":\"Portada\",\"item\":\"https:\/\/lobosnews.com.ar\/\"},{\"@type\":\"ListItem\",\"position\":2,\"name\":\"Un enfermero alem\u00e1n condenado por 10 asesinatos podr\u00eda estar vinculado a m\u00e1s de 100 muertes adicionales\"}]},{\"@type\":\"WebSite\",\"@id\":\"https:\/\/lobosnews.com.ar\/#website\",\"url\":\"https:\/\/lobosnews.com.ar\/\",\"name\":\"Lobos News\",\"description\":\"Informaci\u00f3n a cada instante\",\"publisher\":{\"@id\":\"https:\/\/lobosnews.com.ar\/#organization\"},\"potentialAction\":[{\"@type\":\"SearchAction\",\"target\":{\"@type\":\"EntryPoint\",\"urlTemplate\":\"https:\/\/lobosnews.com.ar\/?s={search_term_string}\"},\"query-input\":{\"@type\":\"PropertyValueSpecification\",\"valueRequired\":true,\"valueName\":\"search_term_string\"}}],\"inLanguage\":\"es\"},{\"@type\":\"Organization\",\"@id\":\"https:\/\/lobosnews.com.ar\/#organization\",\"name\":\"Lobos News\",\"url\":\"https:\/\/lobosnews.com.ar\/\",\"logo\":{\"@type\":\"ImageObject\",\"inLanguage\":\"es\",\"@id\":\"https:\/\/lobosnews.com.ar\/#\/schema\/logo\/image\/\",\"url\":\"https:\/\/lobosnews.com.ar\/wp-content\/uploads\/2026\/01\/logo-lobosnews.png\",\"contentUrl\":\"https:\/\/lobosnews.com.ar\/wp-content\/uploads\/2026\/01\/logo-lobosnews.png\",\"width\":500,\"height\":200,\"caption\":\"Lobos News\"},\"image\":{\"@id\":\"https:\/\/lobosnews.com.ar\/#\/schema\/logo\/image\/\"}},{\"@type\":\"Person\",\"@id\":\"https:\/\/lobosnews.com.ar\/#\/schema\/person\/232422a593d5c541dd9aef6aaed10943\",\"name\":\"admin\",\"image\":{\"@type\":\"ImageObject\",\"inLanguage\":\"es\",\"@id\":\"https:\/\/lobosnews.com.ar\/#\/schema\/person\/image\/\",\"url\":\"https:\/\/secure.gravatar.com\/avatar\/76e419471a2083bc3ceab22a763dbbf9b0c1bd15a6214cf3280e2c2dde4580f9?s=96&d=mm&r=g\",\"contentUrl\":\"https:\/\/secure.gravatar.com\/avatar\/76e419471a2083bc3ceab22a763dbbf9b0c1bd15a6214cf3280e2c2dde4580f9?s=96&d=mm&r=g\",\"caption\":\"admin\"},\"sameAs\":[\"https:\/\/lobosnews.com.ar\"],\"url\":\"https:\/\/lobosnews.com.ar\/index.php\/author\/lobos-news\/\"}]}<\/script>\n<!-- \/ Yoast SEO plugin. -->","yoast_head_json":{"title":"Un enfermero alem\u00e1n condenado por 10 asesinatos podr\u00eda estar vinculado a m\u00e1s de 100 muertes adicionales - Lobos News","robots":{"index":"index","follow":"follow","max-snippet":"max-snippet:-1","max-image-preview":"max-image-preview:large","max-video-preview":"max-video-preview:-1"},"canonical":"https:\/\/lobosnews.com.ar\/index.php\/2026\/01\/22\/un-enfermero-aleman-condenado-por-10-asesinatos-podria-estar-vinculado-a-mas-de-100-muertes-adicionales\/","og_locale":"es_ES","og_type":"article","og_title":"Un enfermero alem\u00e1n condenado por 10 asesinatos podr\u00eda estar vinculado a m\u00e1s de 100 muertes adicionales - Lobos News","og_description":"Un enfermero de cuidados paliativos condenado en noviembre pasado por asesinar a 10 pacientes y por intentar matar a otros 27 en Alemania podr\u00eda estar vinculado a m\u00e1s de 100 muertes adicionales. La fiscal\u00eda de Aquisgr\u00e1n revel\u00f3 que existe un n\u00famero elevado de casos sospechosos bajo revisi\u00f3n, aunque advirti\u00f3 que se trata de sospechas preliminares...","og_url":"https:\/\/lobosnews.com.ar\/index.php\/2026\/01\/22\/un-enfermero-aleman-condenado-por-10-asesinatos-podria-estar-vinculado-a-mas-de-100-muertes-adicionales\/","og_site_name":"Lobos News","article_published_time":"2026-01-22T22:36:27+00:00","article_modified_time":"2026-01-22T23:00:44+00:00","og_image":[{"url":"https:\/\/lobosnews.com.ar\/wp-content\/uploads\/2026\/01\/un-enfermero-aleman-condenado-por-10-asesinatos-podria-estar-vinculado-a-mas-de-100-muertes-adicionales.jpg","type":"","width":"","height":""}],"author":"admin","twitter_card":"summary_large_image","twitter_misc":{"Escrito por":"admin","Tiempo de lectura":"4 minutos"},"schema":{"@context":"https:\/\/schema.org","@graph":[{"@type":"Article","@id":"https:\/\/lobosnews.com.ar\/index.php\/2026\/01\/22\/un-enfermero-aleman-condenado-por-10-asesinatos-podria-estar-vinculado-a-mas-de-100-muertes-adicionales\/#article","isPartOf":{"@id":"https:\/\/lobosnews.com.ar\/index.php\/2026\/01\/22\/un-enfermero-aleman-condenado-por-10-asesinatos-podria-estar-vinculado-a-mas-de-100-muertes-adicionales\/"},"author":{"name":"admin","@id":"https:\/\/lobosnews.com.ar\/#\/schema\/person\/232422a593d5c541dd9aef6aaed10943"},"headline":"Un enfermero alem\u00e1n condenado por 10 asesinatos podr\u00eda estar vinculado a m\u00e1s de 100 muertes adicionales","datePublished":"2026-01-22T22:36:27+00:00","dateModified":"2026-01-22T23:00:44+00:00","mainEntityOfPage":{"@id":"https:\/\/lobosnews.com.ar\/index.php\/2026\/01\/22\/un-enfermero-aleman-condenado-por-10-asesinatos-podria-estar-vinculado-a-mas-de-100-muertes-adicionales\/"},"wordCount":769,"commentCount":0,"publisher":{"@id":"https:\/\/lobosnews.com.ar\/#organization"},"image":{"@id":"https:\/\/lobosnews.com.ar\/index.php\/2026\/01\/22\/un-enfermero-aleman-condenado-por-10-asesinatos-podria-estar-vinculado-a-mas-de-100-muertes-adicionales\/#primaryimage"},"thumbnailUrl":"https:\/\/lobosnews.com.ar\/wp-content\/uploads\/2026\/01\/un-enfermero-aleman-condenado-por-10-asesinatos-podria-estar-vinculado-a-mas-de-100-muertes-adicionales-4-scaled.jpg","articleSection":["Actualidad"],"inLanguage":"es","potentialAction":[{"@type":"CommentAction","name":"Comment","target":["https:\/\/lobosnews.com.ar\/index.php\/2026\/01\/22\/un-enfermero-aleman-condenado-por-10-asesinatos-podria-estar-vinculado-a-mas-de-100-muertes-adicionales\/#respond"]}]},{"@type":"WebPage","@id":"https:\/\/lobosnews.com.ar\/index.php\/2026\/01\/22\/un-enfermero-aleman-condenado-por-10-asesinatos-podria-estar-vinculado-a-mas-de-100-muertes-adicionales\/","url":"https:\/\/lobosnews.com.ar\/index.php\/2026\/01\/22\/un-enfermero-aleman-condenado-por-10-asesinatos-podria-estar-vinculado-a-mas-de-100-muertes-adicionales\/","name":"Un enfermero alem\u00e1n condenado por 10 asesinatos podr\u00eda estar vinculado a m\u00e1s de 100 muertes adicionales - Lobos News","isPartOf":{"@id":"https:\/\/lobosnews.com.ar\/#website"},"primaryImageOfPage":{"@id":"https:\/\/lobosnews.com.ar\/index.php\/2026\/01\/22\/un-enfermero-aleman-condenado-por-10-asesinatos-podria-estar-vinculado-a-mas-de-100-muertes-adicionales\/#primaryimage"},"image":{"@id":"https:\/\/lobosnews.com.ar\/index.php\/2026\/01\/22\/un-enfermero-aleman-condenado-por-10-asesinatos-podria-estar-vinculado-a-mas-de-100-muertes-adicionales\/#primaryimage"},"thumbnailUrl":"https:\/\/lobosnews.com.ar\/wp-content\/uploads\/2026\/01\/un-enfermero-aleman-condenado-por-10-asesinatos-podria-estar-vinculado-a-mas-de-100-muertes-adicionales-4-scaled.jpg","datePublished":"2026-01-22T22:36:27+00:00","dateModified":"2026-01-22T23:00:44+00:00","breadcrumb":{"@id":"https:\/\/lobosnews.com.ar\/index.php\/2026\/01\/22\/un-enfermero-aleman-condenado-por-10-asesinatos-podria-estar-vinculado-a-mas-de-100-muertes-adicionales\/#breadcrumb"},"inLanguage":"es","potentialAction":[{"@type":"ReadAction","target":["https:\/\/lobosnews.com.ar\/index.php\/2026\/01\/22\/un-enfermero-aleman-condenado-por-10-asesinatos-podria-estar-vinculado-a-mas-de-100-muertes-adicionales\/"]}]},{"@type":"ImageObject","inLanguage":"es","@id":"https:\/\/lobosnews.com.ar\/index.php\/2026\/01\/22\/un-enfermero-aleman-condenado-por-10-asesinatos-podria-estar-vinculado-a-mas-de-100-muertes-adicionales\/#primaryimage","url":"https:\/\/lobosnews.com.ar\/wp-content\/uploads\/2026\/01\/un-enfermero-aleman-condenado-por-10-asesinatos-podria-estar-vinculado-a-mas-de-100-muertes-adicionales-4-scaled.jpg","contentUrl":"https:\/\/lobosnews.com.ar\/wp-content\/uploads\/2026\/01\/un-enfermero-aleman-condenado-por-10-asesinatos-podria-estar-vinculado-a-mas-de-100-muertes-adicionales-4-scaled.jpg","width":2560,"height":1708,"caption":"Un enfermero alem\u00e1n condenado por 10 asesinatos podr\u00eda estar vinculado a m\u00e1s de 100 muertes adicionales"},{"@type":"BreadcrumbList","@id":"https:\/\/lobosnews.com.ar\/index.php\/2026\/01\/22\/un-enfermero-aleman-condenado-por-10-asesinatos-podria-estar-vinculado-a-mas-de-100-muertes-adicionales\/#breadcrumb","itemListElement":[{"@type":"ListItem","position":1,"name":"Portada","item":"https:\/\/lobosnews.com.ar\/"},{"@type":"ListItem","position":2,"name":"Un enfermero alem\u00e1n condenado por 10 asesinatos podr\u00eda estar vinculado a m\u00e1s de 100 muertes adicionales"}]},{"@type":"WebSite","@id":"https:\/\/lobosnews.com.ar\/#website","url":"https:\/\/lobosnews.com.ar\/","name":"Lobos News","description":"Informaci\u00f3n a cada instante","publisher":{"@id":"https:\/\/lobosnews.com.ar\/#organization"},"potentialAction":[{"@type":"SearchAction","target":{"@type":"EntryPoint","urlTemplate":"https:\/\/lobosnews.com.ar\/?s={search_term_string}"},"query-input":{"@type":"PropertyValueSpecification","valueRequired":true,"valueName":"search_term_string"}}],"inLanguage":"es"},{"@type":"Organization","@id":"https:\/\/lobosnews.com.ar\/#organization","name":"Lobos News","url":"https:\/\/lobosnews.com.ar\/","logo":{"@type":"ImageObject","inLanguage":"es","@id":"https:\/\/lobosnews.com.ar\/#\/schema\/logo\/image\/","url":"https:\/\/lobosnews.com.ar\/wp-content\/uploads\/2026\/01\/logo-lobosnews.png","contentUrl":"https:\/\/lobosnews.com.ar\/wp-content\/uploads\/2026\/01\/logo-lobosnews.png","width":500,"height":200,"caption":"Lobos News"},"image":{"@id":"https:\/\/lobosnews.com.ar\/#\/schema\/logo\/image\/"}},{"@type":"Person","@id":"https:\/\/lobosnews.com.ar\/#\/schema\/person\/232422a593d5c541dd9aef6aaed10943","name":"admin","image":{"@type":"ImageObject","inLanguage":"es","@id":"https:\/\/lobosnews.com.ar\/#\/schema\/person\/image\/","url":"https:\/\/secure.gravatar.com\/avatar\/76e419471a2083bc3ceab22a763dbbf9b0c1bd15a6214cf3280e2c2dde4580f9?s=96&d=mm&r=g","contentUrl":"https:\/\/secure.gravatar.com\/avatar\/76e419471a2083bc3ceab22a763dbbf9b0c1bd15a6214cf3280e2c2dde4580f9?s=96&d=mm&r=g","caption":"admin"},"sameAs":["https:\/\/lobosnews.com.ar"],"url":"https:\/\/lobosnews.com.ar\/index.php\/author\/lobos-news\/"}]}},"jetpack_featured_media_url":"https:\/\/lobosnews.com.ar\/wp-content\/uploads\/2026\/01\/un-enfermero-aleman-condenado-por-10-asesinatos-podria-estar-vinculado-a-mas-de-100-muertes-adicionales-4-scaled.jpg","jetpack_sharing_enabled":true,"_links":{"self":[{"href":"https:\/\/lobosnews.com.ar\/index.php\/wp-json\/wp\/v2\/posts\/10247","targetHints":{"allow":["GET"]}}],"collection":[{"href":"https:\/\/lobosnews.com.ar\/index.php\/wp-json\/wp\/v2\/posts"}],"about":[{"href":"https:\/\/lobosnews.com.ar\/index.php\/wp-json\/wp\/v2\/types\/post"}],"author":[{"embeddable":true,"href":"https:\/\/lobosnews.com.ar\/index.php\/wp-json\/wp\/v2\/users\/1"}],"replies":[{"embeddable":true,"href":"https:\/\/lobosnews.com.ar\/index.php\/wp-json\/wp\/v2\/comments?post=10247"}],"version-history":[{"count":1,"href":"https:\/\/lobosnews.com.ar\/index.php\/wp-json\/wp\/v2\/posts\/10247\/revisions"}],"predecessor-version":[{"id":10251,"href":"https:\/\/lobosnews.com.ar\/index.php\/wp-json\/wp\/v2\/posts\/10247\/revisions\/10251"}],"wp:featuredmedia":[{"embeddable":true,"href":"https:\/\/lobosnews.com.ar\/index.php\/wp-json\/wp\/v2\/media\/10252"}],"wp:attachment":[{"href":"https:\/\/lobosnews.com.ar\/index.php\/wp-json\/wp\/v2\/media?parent=10247"}],"wp:term":[{"taxonomy":"category","embeddable":true,"href":"https:\/\/lobosnews.com.ar\/index.php\/wp-json\/wp\/v2\/categories?post=10247"},{"taxonomy":"post_tag","embeddable":true,"href":"https:\/\/lobosnews.com.ar\/index.php\/wp-json\/wp\/v2\/tags?post=10247"}],"curies":[{"name":"wp","href":"https:\/\/api.w.org\/{rel}","templated":true}]}}