{"id":10218,"date":"2026-01-22T18:20:29","date_gmt":"2026-01-22T18:20:29","guid":{"rendered":"https:\/\/lobosnews.com.ar\/index.php\/2026\/01\/22\/me-gustan-los-pibes-que-saben-cuando-callarse-la-frase-que-complica-al-empresario-acusado-de-abusar-alumnos-del-palermo-chico\/"},"modified":"2026-01-22T20:42:54","modified_gmt":"2026-01-22T20:42:54","slug":"me-gustan-los-pibes-que-saben-cuando-callarse-la-frase-que-complica-al-empresario-acusado-de-abusar-alumnos-del-palermo-chico","status":"publish","type":"post","link":"https:\/\/lobosnews.com.ar\/index.php\/2026\/01\/22\/me-gustan-los-pibes-que-saben-cuando-callarse-la-frase-que-complica-al-empresario-acusado-de-abusar-alumnos-del-palermo-chico\/","title":{"rendered":"\u201cMe gustan los pibes que saben cuando callarse\u201d: la frase que complica al empresario acusado de abusar alumnos del Palermo Chico"},"content":{"rendered":"<p><img loading=\"lazy\" decoding=\"async\" src=\"https:\/\/lobosnews.com.ar\/wp-content\/uploads\/2026\/01\/me-gustan-los-pibes-que-saben-cuando-callarse-la-frase-que-complica-al-empresario-acusado-de-abusar-alumnos-del-palermo-chico.jpg\" alt=\"Marcelo Porcel, el empresario denunciado\" height=\"1073\" width=\"1920\"\/><\/p>\n<p>Tres nuevos testimonios de menores se sumaron esta semana a la causa contra el empresario <span class=\"waslinkname\">Marcelo Porcel<\/span>, <span class=\"waslinkname\">acusado de abusar de alumnos del colegio Palermo Chico<\/span>. Las declaraciones se tomaron en C\u00e1mara Gesell durante la feria judicial.<\/p>\n<p>Con la incorporaci\u00f3n de estos relatos, la investigaci\u00f3n ya cuenta con las voces de <b>10 chicos vinculados al expediente<\/b>, provenientes de nueve familias denunciantes. El expediente est\u00e1 a cargo del fiscal <b>Pablo Turano<\/b>, de la Fiscal\u00eda Nacional en lo Criminal y Correccional N\u00b01, y del Juzgado Nacional en lo Criminal y Correccional N\u00b050, que conduce el juez <b>Carlos Bruniard<\/b>.<\/p>\n<p>Las \u00faltimas tres declaraciones se concretaron entre el lunes y ayer, e, informaron fuentes del caso a <b>Infobae<\/b>, <b>los testimonios presentaron coincidencias<\/b> sobre la gravedad de los hechos denunciados: <b>toqueteos, masajes, manoseos y contacto con las partes \u00edntimas<\/b> cuando los denunciantes eran menores,<b> adem\u00e1s de la provisi\u00f3n de alcohol.<\/b><\/p>\n<p>De acuerdo a las fuentes consultadas, uno de los chicos que declar\u00f3 esta semana asegur\u00f3 que Porcel, en el marco de esas situaciones, sol\u00eda decirles: <b>\u201cA m\u00ed me gustan los pibes que tienen c\u00f3digos, los que saben cuando callarse\u201d<\/b>.<\/p>\n<p>Tal como ocurre en este tipo de causas en las que hay menores involucrados, las declaraciones se realizaron mediante el mecanismo de C\u00e1mara Gesell y, en cada caso, deb\u00eda realizarse a continuaci\u00f3n una pericia psicol\u00f3gica.<\/p>\n<p>Sin embargo, seg\u00fan pudo saber este medio, tras la declaraci\u00f3n del primer chico, la perito de la defensa no se present\u00f3 al <b>peritaje psicol\u00f3gico<\/b> programado, lo que motiv\u00f3 que <b>la evaluaci\u00f3n se postergara para febrero.<\/b><\/p>\n<p><img loading=\"lazy\" decoding=\"async\" src=\"https:\/\/lobosnews.com.ar\/wp-content\/uploads\/2026\/01\/me-gustan-los-pibes-que-saben-cuando-callarse-la-frase-que-complica-al-empresario-acusado-de-abusar-alumnos-del-palermo-chico-1.jpg\" alt=\"Los chicos presuntamente abusados eran compa\u00f1eros de los hijos del acusado en el Colegio Palermo Chico\" height=\"1080\" width=\"1920\"\/><\/p>\n<p>Uno de los chicos que declar\u00f3 esta semana pudo romper el silencio reci\u00e9n tres a\u00f1os despu\u00e9s de los hechos que denunci\u00f3. Seg\u00fan explicaron desde el entorno de las familias, ese chico <b>atraves\u00f3 un cuadro complejo<\/b> y hab\u00eda tenido dificultades para relatar lo sucedido antes de este momento.<\/p>\n<p>Fuentes del caso detallaron que, una vez que se conozcan los resultados de los informes psicol\u00f3gicos, la fiscal\u00eda, la querella y los defensores de menores presentar\u00e1n los escritos correspondientes. Despu\u00e9s de eso, en un plazo estimado de 20 a 25 d\u00edas,<b> el juez podr\u00eda convocar a Porcel a indagatoria.<\/b><\/p>\n<h2>El origen de la causa<\/h2>\n<p>El expediente judicial investiga hechos que, de acuerdo a la denuncia, ocurrieron entre 2022 y 2024. En las presentaciones judiciales se indic\u00f3 que Porcel organizaba reuniones y fiestas en su domicilio de la calle Godoy Cruz y en su oficina de Avenida del Libertador, donde, siempre seg\u00fan los testimonios, los chicos -compa\u00f1eros de los hijos del acusado- recib\u00edan alcohol y participaban de juegos y desaf\u00edos que inclu\u00edan premios en dinero.<\/p>\n<p><img loading=\"lazy\" decoding=\"async\" src=\"https:\/\/lobosnews.com.ar\/wp-content\/uploads\/2026\/01\/me-gustan-los-pibes-que-saben-cuando-callarse-la-frase-que-complica-al-empresario-acusado-de-abusar-alumnos-del-palermo-chico-2.jpg\" alt=\"El comunicado del Colegio Palermo Chico\" height=\"2223\" width=\"1920\"\/><\/p>\n<p>Porcel permanece en libertad, imputado y obligado a notificar a la Justicia cada vez que realiza un movimiento: un paso en falso podr\u00eda constituir una falta a los requisitos impuestos como condici\u00f3n de su libertad y <b>ya lleva dos errores<\/b>.<\/p>\n<p><b>El primer incumplimiento <\/b>lo descubri\u00f3 la querella: <b>el imputado hab\u00eda dejado su departamento de la calle Godoy Cruz<\/b>, domicilio que hab\u00eda fijado ante la Justicia, para mudarse a otro en la calle Demar\u00eda y no hab\u00eda avisado. El segundo fue a ra\u00edz de un viaje a Uruguay para el casamiento de su sobrina. Hab\u00eda dicho que regresaba el 5 de enero. Lo hizo el 19 de diciembre y no avis\u00f3.<\/p>\n<p>Desde el inicio de la causa, el juez Bruniard le impuso una <b>restricci\u00f3n de 300 metros con las v\u00edctimas<\/b>, con el Colegio Palermo Chico y con el club GEBA, donde los menores hacen deporte, adem\u00e1s de ordenar el secuestro y peritaje de computadoras y celulares.<b> En dos tel\u00e9fonos los peritos hallaron im\u00e1genes clave<\/b>.<\/p>\n<p>Fuentes del caso dijeron a <b>Infobae <\/b>que se trata de <b>dos celulares<\/b> marca XIAOMI que fueron secuestrados durante los procedimientos en el domicilio del imputado de la avenida Godoy Cruz al 3000, en el barrio porte\u00f1o de Palermo, en septiembre de 2024.<\/p>\n<p>Todo fue peritado por un especialista de la Divisi\u00f3n An\u00e1lisis y Pericias Tecnol\u00f3gicas (DAPT) que dej\u00f3 en claro que<b> se qued\u00f3 con \u201ccinco\u201d im\u00e1genes<\/b> que pod\u00edan estar vinculadas a la causa contra el empresario.<\/p>\n<p><img loading=\"lazy\" decoding=\"async\" src=\"https:\/\/lobosnews.com.ar\/wp-content\/uploads\/2026\/01\/me-gustan-los-pibes-que-saben-cuando-callarse-la-frase-que-complica-al-empresario-acusado-de-abusar-alumnos-del-palermo-chico-3.jpg\" alt=\"Porcel no fue indagado a\u00fan\" height=\"1080\" width=\"1920\"\/><\/p>\n<p>En ese pack de cinco fotos se ve a un adolescente <b>\u201cdesnudo de frente y de cuerpo entero bajo la ducha\u201d<\/b> en lo que \u201caparenta ser una captura de pantalla\u201d de una <b>c\u00e1mara oculta<\/b>. Luego, en otra imagen, se ve a un chico visti\u00e9ndose: <b>\u201cPoni\u00e9ndose un calzoncillo al lado de una cama, totalmente desnudo\u201d, detallaron las fuentes.<\/b><\/p>\n<p>\u201cDe las cinco im\u00e1genes hay <b>dos capturas de video de un mismo menor desnudo<\/b>, de frente, en el interior de una ba\u00f1era de doble puerta de vidrio trasl\u00facido\u201d, ampliaron las fuentes del caso y destacaron que<b> fueron reconocidas por una de las v\u00edctimas<\/b> y por sus padres, que son uno los siete querellantes del caso.<\/p>\n<p>Y continuaron: \u201c(La v\u00edctima) Identific\u00f3 con exactitud que <b>el lugar era el ba\u00f1o que usaban los menores cuando iban a quedarse a dormir <\/b>en el departamento de la familia Porcel\u201d. De ese domicilio de la calle Godoy Cruz, el acusado se mud\u00f3 tras el esc\u00e1ndalo.<\/p>\n<p>En tanto, en el otro celular peritado, el especialista constat\u00f3 la existencia de \u201ctres im\u00e1genes de personas presuntamente menores de posible inter\u00e9s para la causa\u201d.<\/p>\n","protected":false},"excerpt":{"rendered":"<p>Tres nuevos testimonios de menores se sumaron esta semana a la causa contra el empresario Marcelo Porcel, acusado de abusar de alumnos del colegio Palermo Chico. Las declaraciones se tomaron en C\u00e1mara Gesell durante la feria judicial. Con la incorporaci\u00f3n de estos relatos, la investigaci\u00f3n ya cuenta con las voces de 10 chicos vinculados al&#8230;<\/p>\n","protected":false},"author":1,"featured_media":10224,"comment_status":"open","ping_status":"closed","sticky":false,"template":"","format":"standard","meta":{"_jetpack_memberships_contains_paid_content":false,"footnotes":""},"categories":[31,30,32,77,84,35,36,37],"tags":[],"class_list":["post-10218","post","type-post","status-publish","format-standard","has-post-thumbnail","hentry","category-actualidad","category-argentina","category-economia","category-inseguridad","category-masradios-com","category-nacionales","category-seguridad","category-sociedad"],"magazineBlocksPostFeaturedMedia":{"thumbnail":"https:\/\/lobosnews.com.ar\/wp-content\/uploads\/2026\/01\/me-gustan-los-pibes-que-saben-cuando-callarse-la-frase-que-complica-al-empresario-acusado-de-abusar-alumnos-del-palermo-chico-6-150x150.jpg","medium":"https:\/\/lobosnews.com.ar\/wp-content\/uploads\/2026\/01\/me-gustan-los-pibes-que-saben-cuando-callarse-la-frase-que-complica-al-empresario-acusado-de-abusar-alumnos-del-palermo-chico-6-300x169.jpg","medium_large":"https:\/\/lobosnews.com.ar\/wp-content\/uploads\/2026\/01\/me-gustan-los-pibes-que-saben-cuando-callarse-la-frase-que-complica-al-empresario-acusado-de-abusar-alumnos-del-palermo-chico-6-768x432.jpg","large":"https:\/\/lobosnews.com.ar\/wp-content\/uploads\/2026\/01\/me-gustan-los-pibes-que-saben-cuando-callarse-la-frase-que-complica-al-empresario-acusado-de-abusar-alumnos-del-palermo-chico-6-1024x576.jpg","1536x1536":"https:\/\/lobosnews.com.ar\/wp-content\/uploads\/2026\/01\/me-gustan-los-pibes-que-saben-cuando-callarse-la-frase-que-complica-al-empresario-acusado-de-abusar-alumnos-del-palermo-chico-6-1536x864.jpg","2048x2048":"https:\/\/lobosnews.com.ar\/wp-content\/uploads\/2026\/01\/me-gustan-los-pibes-que-saben-cuando-callarse-la-frase-que-complica-al-empresario-acusado-de-abusar-alumnos-del-palermo-chico-6.jpg","newsmatic-featured":"https:\/\/lobosnews.com.ar\/wp-content\/uploads\/2026\/01\/me-gustan-los-pibes-que-saben-cuando-callarse-la-frase-que-complica-al-empresario-acusado-de-abusar-alumnos-del-palermo-chico-6-820x545.jpg","newsmatic-list":"https:\/\/lobosnews.com.ar\/wp-content\/uploads\/2026\/01\/me-gustan-los-pibes-que-saben-cuando-callarse-la-frase-que-complica-al-empresario-acusado-de-abusar-alumnos-del-palermo-chico-6-600x400.jpg","newsmatic-thumb":"https:\/\/lobosnews.com.ar\/wp-content\/uploads\/2026\/01\/me-gustan-los-pibes-que-saben-cuando-callarse-la-frase-que-complica-al-empresario-acusado-de-abusar-alumnos-del-palermo-chico-6-300x200.jpg","newsmatic-small":"https:\/\/lobosnews.com.ar\/wp-content\/uploads\/2026\/01\/me-gustan-los-pibes-que-saben-cuando-callarse-la-frase-que-complica-al-empresario-acusado-de-abusar-alumnos-del-palermo-chico-6-150x95.jpg","newsmatic-grid":"https:\/\/lobosnews.com.ar\/wp-content\/uploads\/2026\/01\/me-gustan-los-pibes-que-saben-cuando-callarse-la-frase-que-complica-al-empresario-acusado-de-abusar-alumnos-del-palermo-chico-6-400x250.jpg"},"magazineBlocksPostAuthor":{"name":"admin","avatar":"https:\/\/secure.gravatar.com\/avatar\/76e419471a2083bc3ceab22a763dbbf9b0c1bd15a6214cf3280e2c2dde4580f9?s=96&d=mm&r=g"},"magazineBlocksPostCommentsNumber":"0","magazineBlocksPostExcerpt":"Tres nuevos testimonios de menores se sumaron esta semana a la causa contra el empresario Marcelo Porcel, acusado de abusar de alumnos del colegio Palermo Chico. Las declaraciones se tomaron en C\u00e1mara Gesell durante la feria judicial. Con la incorporaci\u00f3n de estos relatos, la investigaci\u00f3n ya cuenta con las voces de 10 chicos vinculados al...","magazineBlocksPostCategories":["Actualidad","Argentina","econom\u00eda","inseguridad","masradios.com","nacionales","seguridad","sociedad"],"magazineBlocksPostViewCount":106,"magazineBlocksPostReadTime":5,"magazine_blocks_featured_image_url":{"full":["https:\/\/lobosnews.com.ar\/wp-content\/uploads\/2026\/01\/me-gustan-los-pibes-que-saben-cuando-callarse-la-frase-que-complica-al-empresario-acusado-de-abusar-alumnos-del-palermo-chico-6.jpg",1920,1080,false],"medium":["https:\/\/lobosnews.com.ar\/wp-content\/uploads\/2026\/01\/me-gustan-los-pibes-que-saben-cuando-callarse-la-frase-que-complica-al-empresario-acusado-de-abusar-alumnos-del-palermo-chico-6-300x169.jpg",300,169,true],"thumbnail":["https:\/\/lobosnews.com.ar\/wp-content\/uploads\/2026\/01\/me-gustan-los-pibes-que-saben-cuando-callarse-la-frase-que-complica-al-empresario-acusado-de-abusar-alumnos-del-palermo-chico-6-150x150.jpg",150,150,true]},"magazine_blocks_author":{"display_name":"admin","author_link":"https:\/\/lobosnews.com.ar\/index.php\/author\/lobos-news\/"},"magazine_blocks_comment":0,"magazine_blocks_author_image":"https:\/\/secure.gravatar.com\/avatar\/76e419471a2083bc3ceab22a763dbbf9b0c1bd15a6214cf3280e2c2dde4580f9?s=96&d=mm&r=g","magazine_blocks_category":"<a href=\"#\" class=\"category-link category-link-31\">Actualidad<\/a> <a href=\"#\" class=\"category-link category-link-30\">Argentina<\/a> <a href=\"#\" class=\"category-link category-link-32\">econom\u00eda<\/a> <a href=\"#\" class=\"category-link category-link-77\">inseguridad<\/a> <a href=\"#\" class=\"category-link category-link-84\">masradios.com<\/a> <a href=\"#\" class=\"category-link category-link-35\">nacionales<\/a> <a href=\"#\" class=\"category-link category-link-36\">seguridad<\/a> <a href=\"#\" class=\"category-link category-link-37\">sociedad<\/a>","yoast_head":"<!-- This site is optimized with the Yoast SEO plugin v26.6 - https:\/\/yoast.com\/wordpress\/plugins\/seo\/ -->\n<title>\u201cMe gustan los pibes que saben cuando callarse\u201d: la frase que complica al empresario acusado de abusar alumnos del Palermo Chico - Lobos News<\/title>\n<meta name=\"robots\" content=\"index, follow, max-snippet:-1, max-image-preview:large, max-video-preview:-1\" \/>\n<link rel=\"canonical\" href=\"https:\/\/lobosnews.com.ar\/index.php\/2026\/01\/22\/me-gustan-los-pibes-que-saben-cuando-callarse-la-frase-que-complica-al-empresario-acusado-de-abusar-alumnos-del-palermo-chico\/\" \/>\n<meta property=\"og:locale\" content=\"es_ES\" \/>\n<meta property=\"og:type\" content=\"article\" \/>\n<meta property=\"og:title\" content=\"\u201cMe gustan los pibes que saben cuando callarse\u201d: la frase que complica al empresario acusado de abusar alumnos del Palermo Chico - Lobos News\" \/>\n<meta property=\"og:description\" content=\"Tres nuevos testimonios de menores se sumaron esta semana a la causa contra el empresario Marcelo Porcel, acusado de abusar de alumnos del colegio Palermo Chico. Las declaraciones se tomaron en C\u00e1mara Gesell durante la feria judicial. Con la incorporaci\u00f3n de estos relatos, la investigaci\u00f3n ya cuenta con las voces de 10 chicos vinculados al...\" \/>\n<meta property=\"og:url\" content=\"https:\/\/lobosnews.com.ar\/index.php\/2026\/01\/22\/me-gustan-los-pibes-que-saben-cuando-callarse-la-frase-que-complica-al-empresario-acusado-de-abusar-alumnos-del-palermo-chico\/\" \/>\n<meta property=\"og:site_name\" content=\"Lobos News\" \/>\n<meta property=\"article:published_time\" content=\"2026-01-22T18:20:29+00:00\" \/>\n<meta property=\"article:modified_time\" content=\"2026-01-22T20:42:54+00:00\" \/>\n<meta property=\"og:image\" content=\"https:\/\/lobosnews.com.ar\/wp-content\/uploads\/2026\/01\/me-gustan-los-pibes-que-saben-cuando-callarse-la-frase-que-complica-al-empresario-acusado-de-abusar-alumnos-del-palermo-chico.jpg\" \/>\n<meta name=\"author\" content=\"admin\" \/>\n<meta name=\"twitter:card\" content=\"summary_large_image\" \/>\n<meta name=\"twitter:label1\" content=\"Escrito por\" \/>\n\t<meta name=\"twitter:data1\" content=\"admin\" \/>\n\t<meta name=\"twitter:label2\" content=\"Tiempo de lectura\" \/>\n\t<meta name=\"twitter:data2\" content=\"4 minutos\" \/>\n<script type=\"application\/ld+json\" class=\"yoast-schema-graph\">{\"@context\":\"https:\/\/schema.org\",\"@graph\":[{\"@type\":\"Article\",\"@id\":\"https:\/\/lobosnews.com.ar\/index.php\/2026\/01\/22\/me-gustan-los-pibes-que-saben-cuando-callarse-la-frase-que-complica-al-empresario-acusado-de-abusar-alumnos-del-palermo-chico\/#article\",\"isPartOf\":{\"@id\":\"https:\/\/lobosnews.com.ar\/index.php\/2026\/01\/22\/me-gustan-los-pibes-que-saben-cuando-callarse-la-frase-que-complica-al-empresario-acusado-de-abusar-alumnos-del-palermo-chico\/\"},\"author\":{\"name\":\"admin\",\"@id\":\"https:\/\/lobosnews.com.ar\/#\/schema\/person\/232422a593d5c541dd9aef6aaed10943\"},\"headline\":\"\u201cMe gustan los pibes que saben cuando callarse\u201d: la frase que complica al empresario acusado de abusar alumnos del Palermo Chico\",\"datePublished\":\"2026-01-22T18:20:29+00:00\",\"dateModified\":\"2026-01-22T20:42:54+00:00\",\"mainEntityOfPage\":{\"@id\":\"https:\/\/lobosnews.com.ar\/index.php\/2026\/01\/22\/me-gustan-los-pibes-que-saben-cuando-callarse-la-frase-que-complica-al-empresario-acusado-de-abusar-alumnos-del-palermo-chico\/\"},\"wordCount\":920,\"commentCount\":0,\"publisher\":{\"@id\":\"https:\/\/lobosnews.com.ar\/#organization\"},\"image\":{\"@id\":\"https:\/\/lobosnews.com.ar\/index.php\/2026\/01\/22\/me-gustan-los-pibes-que-saben-cuando-callarse-la-frase-que-complica-al-empresario-acusado-de-abusar-alumnos-del-palermo-chico\/#primaryimage\"},\"thumbnailUrl\":\"https:\/\/lobosnews.com.ar\/wp-content\/uploads\/2026\/01\/me-gustan-los-pibes-que-saben-cuando-callarse-la-frase-que-complica-al-empresario-acusado-de-abusar-alumnos-del-palermo-chico-6.jpg\",\"articleSection\":[\"Actualidad\",\"Argentina\",\"econom\u00eda\",\"inseguridad\",\"masradios.com\",\"nacionales\",\"seguridad\",\"sociedad\"],\"inLanguage\":\"es\",\"potentialAction\":[{\"@type\":\"CommentAction\",\"name\":\"Comment\",\"target\":[\"https:\/\/lobosnews.com.ar\/index.php\/2026\/01\/22\/me-gustan-los-pibes-que-saben-cuando-callarse-la-frase-que-complica-al-empresario-acusado-de-abusar-alumnos-del-palermo-chico\/#respond\"]}]},{\"@type\":\"WebPage\",\"@id\":\"https:\/\/lobosnews.com.ar\/index.php\/2026\/01\/22\/me-gustan-los-pibes-que-saben-cuando-callarse-la-frase-que-complica-al-empresario-acusado-de-abusar-alumnos-del-palermo-chico\/\",\"url\":\"https:\/\/lobosnews.com.ar\/index.php\/2026\/01\/22\/me-gustan-los-pibes-que-saben-cuando-callarse-la-frase-que-complica-al-empresario-acusado-de-abusar-alumnos-del-palermo-chico\/\",\"name\":\"\u201cMe gustan los pibes que saben cuando callarse\u201d: la frase que complica al empresario acusado de abusar alumnos del Palermo Chico - Lobos News\",\"isPartOf\":{\"@id\":\"https:\/\/lobosnews.com.ar\/#website\"},\"primaryImageOfPage\":{\"@id\":\"https:\/\/lobosnews.com.ar\/index.php\/2026\/01\/22\/me-gustan-los-pibes-que-saben-cuando-callarse-la-frase-que-complica-al-empresario-acusado-de-abusar-alumnos-del-palermo-chico\/#primaryimage\"},\"image\":{\"@id\":\"https:\/\/lobosnews.com.ar\/index.php\/2026\/01\/22\/me-gustan-los-pibes-que-saben-cuando-callarse-la-frase-que-complica-al-empresario-acusado-de-abusar-alumnos-del-palermo-chico\/#primaryimage\"},\"thumbnailUrl\":\"https:\/\/lobosnews.com.ar\/wp-content\/uploads\/2026\/01\/me-gustan-los-pibes-que-saben-cuando-callarse-la-frase-que-complica-al-empresario-acusado-de-abusar-alumnos-del-palermo-chico-6.jpg\",\"datePublished\":\"2026-01-22T18:20:29+00:00\",\"dateModified\":\"2026-01-22T20:42:54+00:00\",\"breadcrumb\":{\"@id\":\"https:\/\/lobosnews.com.ar\/index.php\/2026\/01\/22\/me-gustan-los-pibes-que-saben-cuando-callarse-la-frase-que-complica-al-empresario-acusado-de-abusar-alumnos-del-palermo-chico\/#breadcrumb\"},\"inLanguage\":\"es\",\"potentialAction\":[{\"@type\":\"ReadAction\",\"target\":[\"https:\/\/lobosnews.com.ar\/index.php\/2026\/01\/22\/me-gustan-los-pibes-que-saben-cuando-callarse-la-frase-que-complica-al-empresario-acusado-de-abusar-alumnos-del-palermo-chico\/\"]}]},{\"@type\":\"ImageObject\",\"inLanguage\":\"es\",\"@id\":\"https:\/\/lobosnews.com.ar\/index.php\/2026\/01\/22\/me-gustan-los-pibes-que-saben-cuando-callarse-la-frase-que-complica-al-empresario-acusado-de-abusar-alumnos-del-palermo-chico\/#primaryimage\",\"url\":\"https:\/\/lobosnews.com.ar\/wp-content\/uploads\/2026\/01\/me-gustan-los-pibes-que-saben-cuando-callarse-la-frase-que-complica-al-empresario-acusado-de-abusar-alumnos-del-palermo-chico-6.jpg\",\"contentUrl\":\"https:\/\/lobosnews.com.ar\/wp-content\/uploads\/2026\/01\/me-gustan-los-pibes-que-saben-cuando-callarse-la-frase-que-complica-al-empresario-acusado-de-abusar-alumnos-del-palermo-chico-6.jpg\",\"width\":1920,\"height\":1080,\"caption\":\"\u201cMe gustan los pibes que saben cuando callarse\u201d: la frase que complica al empresario acusado de abusar alumnos del Palermo Chico\"},{\"@type\":\"BreadcrumbList\",\"@id\":\"https:\/\/lobosnews.com.ar\/index.php\/2026\/01\/22\/me-gustan-los-pibes-que-saben-cuando-callarse-la-frase-que-complica-al-empresario-acusado-de-abusar-alumnos-del-palermo-chico\/#breadcrumb\",\"itemListElement\":[{\"@type\":\"ListItem\",\"position\":1,\"name\":\"Portada\",\"item\":\"https:\/\/lobosnews.com.ar\/\"},{\"@type\":\"ListItem\",\"position\":2,\"name\":\"\u201cMe gustan los pibes que saben cuando callarse\u201d: la frase que complica al empresario acusado de abusar alumnos del Palermo Chico\"}]},{\"@type\":\"WebSite\",\"@id\":\"https:\/\/lobosnews.com.ar\/#website\",\"url\":\"https:\/\/lobosnews.com.ar\/\",\"name\":\"Lobos News\",\"description\":\"Informaci\u00f3n a cada instante\",\"publisher\":{\"@id\":\"https:\/\/lobosnews.com.ar\/#organization\"},\"potentialAction\":[{\"@type\":\"SearchAction\",\"target\":{\"@type\":\"EntryPoint\",\"urlTemplate\":\"https:\/\/lobosnews.com.ar\/?s={search_term_string}\"},\"query-input\":{\"@type\":\"PropertyValueSpecification\",\"valueRequired\":true,\"valueName\":\"search_term_string\"}}],\"inLanguage\":\"es\"},{\"@type\":\"Organization\",\"@id\":\"https:\/\/lobosnews.com.ar\/#organization\",\"name\":\"Lobos News\",\"url\":\"https:\/\/lobosnews.com.ar\/\",\"logo\":{\"@type\":\"ImageObject\",\"inLanguage\":\"es\",\"@id\":\"https:\/\/lobosnews.com.ar\/#\/schema\/logo\/image\/\",\"url\":\"https:\/\/lobosnews.com.ar\/wp-content\/uploads\/2026\/01\/logo-lobosnews.png\",\"contentUrl\":\"https:\/\/lobosnews.com.ar\/wp-content\/uploads\/2026\/01\/logo-lobosnews.png\",\"width\":500,\"height\":200,\"caption\":\"Lobos News\"},\"image\":{\"@id\":\"https:\/\/lobosnews.com.ar\/#\/schema\/logo\/image\/\"}},{\"@type\":\"Person\",\"@id\":\"https:\/\/lobosnews.com.ar\/#\/schema\/person\/232422a593d5c541dd9aef6aaed10943\",\"name\":\"admin\",\"image\":{\"@type\":\"ImageObject\",\"inLanguage\":\"es\",\"@id\":\"https:\/\/lobosnews.com.ar\/#\/schema\/person\/image\/\",\"url\":\"https:\/\/secure.gravatar.com\/avatar\/76e419471a2083bc3ceab22a763dbbf9b0c1bd15a6214cf3280e2c2dde4580f9?s=96&d=mm&r=g\",\"contentUrl\":\"https:\/\/secure.gravatar.com\/avatar\/76e419471a2083bc3ceab22a763dbbf9b0c1bd15a6214cf3280e2c2dde4580f9?s=96&d=mm&r=g\",\"caption\":\"admin\"},\"sameAs\":[\"https:\/\/lobosnews.com.ar\"],\"url\":\"https:\/\/lobosnews.com.ar\/index.php\/author\/lobos-news\/\"}]}<\/script>\n<!-- \/ Yoast SEO plugin. -->","yoast_head_json":{"title":"\u201cMe gustan los pibes que saben cuando callarse\u201d: la frase que complica al empresario acusado de abusar alumnos del Palermo Chico - Lobos News","robots":{"index":"index","follow":"follow","max-snippet":"max-snippet:-1","max-image-preview":"max-image-preview:large","max-video-preview":"max-video-preview:-1"},"canonical":"https:\/\/lobosnews.com.ar\/index.php\/2026\/01\/22\/me-gustan-los-pibes-que-saben-cuando-callarse-la-frase-que-complica-al-empresario-acusado-de-abusar-alumnos-del-palermo-chico\/","og_locale":"es_ES","og_type":"article","og_title":"\u201cMe gustan los pibes que saben cuando callarse\u201d: la frase que complica al empresario acusado de abusar alumnos del Palermo Chico - Lobos News","og_description":"Tres nuevos testimonios de menores se sumaron esta semana a la causa contra el empresario Marcelo Porcel, acusado de abusar de alumnos del colegio Palermo Chico. Las declaraciones se tomaron en C\u00e1mara Gesell durante la feria judicial. Con la incorporaci\u00f3n de estos relatos, la investigaci\u00f3n ya cuenta con las voces de 10 chicos vinculados al...","og_url":"https:\/\/lobosnews.com.ar\/index.php\/2026\/01\/22\/me-gustan-los-pibes-que-saben-cuando-callarse-la-frase-que-complica-al-empresario-acusado-de-abusar-alumnos-del-palermo-chico\/","og_site_name":"Lobos News","article_published_time":"2026-01-22T18:20:29+00:00","article_modified_time":"2026-01-22T20:42:54+00:00","og_image":[{"url":"https:\/\/lobosnews.com.ar\/wp-content\/uploads\/2026\/01\/me-gustan-los-pibes-que-saben-cuando-callarse-la-frase-que-complica-al-empresario-acusado-de-abusar-alumnos-del-palermo-chico.jpg","type":"","width":"","height":""}],"author":"admin","twitter_card":"summary_large_image","twitter_misc":{"Escrito por":"admin","Tiempo de lectura":"4 minutos"},"schema":{"@context":"https:\/\/schema.org","@graph":[{"@type":"Article","@id":"https:\/\/lobosnews.com.ar\/index.php\/2026\/01\/22\/me-gustan-los-pibes-que-saben-cuando-callarse-la-frase-que-complica-al-empresario-acusado-de-abusar-alumnos-del-palermo-chico\/#article","isPartOf":{"@id":"https:\/\/lobosnews.com.ar\/index.php\/2026\/01\/22\/me-gustan-los-pibes-que-saben-cuando-callarse-la-frase-que-complica-al-empresario-acusado-de-abusar-alumnos-del-palermo-chico\/"},"author":{"name":"admin","@id":"https:\/\/lobosnews.com.ar\/#\/schema\/person\/232422a593d5c541dd9aef6aaed10943"},"headline":"\u201cMe gustan los pibes que saben cuando callarse\u201d: la frase que complica al empresario acusado de abusar alumnos del Palermo Chico","datePublished":"2026-01-22T18:20:29+00:00","dateModified":"2026-01-22T20:42:54+00:00","mainEntityOfPage":{"@id":"https:\/\/lobosnews.com.ar\/index.php\/2026\/01\/22\/me-gustan-los-pibes-que-saben-cuando-callarse-la-frase-que-complica-al-empresario-acusado-de-abusar-alumnos-del-palermo-chico\/"},"wordCount":920,"commentCount":0,"publisher":{"@id":"https:\/\/lobosnews.com.ar\/#organization"},"image":{"@id":"https:\/\/lobosnews.com.ar\/index.php\/2026\/01\/22\/me-gustan-los-pibes-que-saben-cuando-callarse-la-frase-que-complica-al-empresario-acusado-de-abusar-alumnos-del-palermo-chico\/#primaryimage"},"thumbnailUrl":"https:\/\/lobosnews.com.ar\/wp-content\/uploads\/2026\/01\/me-gustan-los-pibes-que-saben-cuando-callarse-la-frase-que-complica-al-empresario-acusado-de-abusar-alumnos-del-palermo-chico-6.jpg","articleSection":["Actualidad","Argentina","econom\u00eda","inseguridad","masradios.com","nacionales","seguridad","sociedad"],"inLanguage":"es","potentialAction":[{"@type":"CommentAction","name":"Comment","target":["https:\/\/lobosnews.com.ar\/index.php\/2026\/01\/22\/me-gustan-los-pibes-que-saben-cuando-callarse-la-frase-que-complica-al-empresario-acusado-de-abusar-alumnos-del-palermo-chico\/#respond"]}]},{"@type":"WebPage","@id":"https:\/\/lobosnews.com.ar\/index.php\/2026\/01\/22\/me-gustan-los-pibes-que-saben-cuando-callarse-la-frase-que-complica-al-empresario-acusado-de-abusar-alumnos-del-palermo-chico\/","url":"https:\/\/lobosnews.com.ar\/index.php\/2026\/01\/22\/me-gustan-los-pibes-que-saben-cuando-callarse-la-frase-que-complica-al-empresario-acusado-de-abusar-alumnos-del-palermo-chico\/","name":"\u201cMe gustan los pibes que saben cuando callarse\u201d: la frase que complica al empresario acusado de abusar alumnos del Palermo Chico - Lobos News","isPartOf":{"@id":"https:\/\/lobosnews.com.ar\/#website"},"primaryImageOfPage":{"@id":"https:\/\/lobosnews.com.ar\/index.php\/2026\/01\/22\/me-gustan-los-pibes-que-saben-cuando-callarse-la-frase-que-complica-al-empresario-acusado-de-abusar-alumnos-del-palermo-chico\/#primaryimage"},"image":{"@id":"https:\/\/lobosnews.com.ar\/index.php\/2026\/01\/22\/me-gustan-los-pibes-que-saben-cuando-callarse-la-frase-que-complica-al-empresario-acusado-de-abusar-alumnos-del-palermo-chico\/#primaryimage"},"thumbnailUrl":"https:\/\/lobosnews.com.ar\/wp-content\/uploads\/2026\/01\/me-gustan-los-pibes-que-saben-cuando-callarse-la-frase-que-complica-al-empresario-acusado-de-abusar-alumnos-del-palermo-chico-6.jpg","datePublished":"2026-01-22T18:20:29+00:00","dateModified":"2026-01-22T20:42:54+00:00","breadcrumb":{"@id":"https:\/\/lobosnews.com.ar\/index.php\/2026\/01\/22\/me-gustan-los-pibes-que-saben-cuando-callarse-la-frase-que-complica-al-empresario-acusado-de-abusar-alumnos-del-palermo-chico\/#breadcrumb"},"inLanguage":"es","potentialAction":[{"@type":"ReadAction","target":["https:\/\/lobosnews.com.ar\/index.php\/2026\/01\/22\/me-gustan-los-pibes-que-saben-cuando-callarse-la-frase-que-complica-al-empresario-acusado-de-abusar-alumnos-del-palermo-chico\/"]}]},{"@type":"ImageObject","inLanguage":"es","@id":"https:\/\/lobosnews.com.ar\/index.php\/2026\/01\/22\/me-gustan-los-pibes-que-saben-cuando-callarse-la-frase-que-complica-al-empresario-acusado-de-abusar-alumnos-del-palermo-chico\/#primaryimage","url":"https:\/\/lobosnews.com.ar\/wp-content\/uploads\/2026\/01\/me-gustan-los-pibes-que-saben-cuando-callarse-la-frase-que-complica-al-empresario-acusado-de-abusar-alumnos-del-palermo-chico-6.jpg","contentUrl":"https:\/\/lobosnews.com.ar\/wp-content\/uploads\/2026\/01\/me-gustan-los-pibes-que-saben-cuando-callarse-la-frase-que-complica-al-empresario-acusado-de-abusar-alumnos-del-palermo-chico-6.jpg","width":1920,"height":1080,"caption":"\u201cMe gustan los pibes que saben cuando callarse\u201d: la frase que complica al empresario acusado de abusar alumnos del Palermo Chico"},{"@type":"BreadcrumbList","@id":"https:\/\/lobosnews.com.ar\/index.php\/2026\/01\/22\/me-gustan-los-pibes-que-saben-cuando-callarse-la-frase-que-complica-al-empresario-acusado-de-abusar-alumnos-del-palermo-chico\/#breadcrumb","itemListElement":[{"@type":"ListItem","position":1,"name":"Portada","item":"https:\/\/lobosnews.com.ar\/"},{"@type":"ListItem","position":2,"name":"\u201cMe gustan los pibes que saben cuando callarse\u201d: la frase que complica al empresario acusado de abusar alumnos del Palermo Chico"}]},{"@type":"WebSite","@id":"https:\/\/lobosnews.com.ar\/#website","url":"https:\/\/lobosnews.com.ar\/","name":"Lobos News","description":"Informaci\u00f3n a cada instante","publisher":{"@id":"https:\/\/lobosnews.com.ar\/#organization"},"potentialAction":[{"@type":"SearchAction","target":{"@type":"EntryPoint","urlTemplate":"https:\/\/lobosnews.com.ar\/?s={search_term_string}"},"query-input":{"@type":"PropertyValueSpecification","valueRequired":true,"valueName":"search_term_string"}}],"inLanguage":"es"},{"@type":"Organization","@id":"https:\/\/lobosnews.com.ar\/#organization","name":"Lobos News","url":"https:\/\/lobosnews.com.ar\/","logo":{"@type":"ImageObject","inLanguage":"es","@id":"https:\/\/lobosnews.com.ar\/#\/schema\/logo\/image\/","url":"https:\/\/lobosnews.com.ar\/wp-content\/uploads\/2026\/01\/logo-lobosnews.png","contentUrl":"https:\/\/lobosnews.com.ar\/wp-content\/uploads\/2026\/01\/logo-lobosnews.png","width":500,"height":200,"caption":"Lobos News"},"image":{"@id":"https:\/\/lobosnews.com.ar\/#\/schema\/logo\/image\/"}},{"@type":"Person","@id":"https:\/\/lobosnews.com.ar\/#\/schema\/person\/232422a593d5c541dd9aef6aaed10943","name":"admin","image":{"@type":"ImageObject","inLanguage":"es","@id":"https:\/\/lobosnews.com.ar\/#\/schema\/person\/image\/","url":"https:\/\/secure.gravatar.com\/avatar\/76e419471a2083bc3ceab22a763dbbf9b0c1bd15a6214cf3280e2c2dde4580f9?s=96&d=mm&r=g","contentUrl":"https:\/\/secure.gravatar.com\/avatar\/76e419471a2083bc3ceab22a763dbbf9b0c1bd15a6214cf3280e2c2dde4580f9?s=96&d=mm&r=g","caption":"admin"},"sameAs":["https:\/\/lobosnews.com.ar"],"url":"https:\/\/lobosnews.com.ar\/index.php\/author\/lobos-news\/"}]}},"jetpack_featured_media_url":"https:\/\/lobosnews.com.ar\/wp-content\/uploads\/2026\/01\/me-gustan-los-pibes-que-saben-cuando-callarse-la-frase-que-complica-al-empresario-acusado-de-abusar-alumnos-del-palermo-chico-6.jpg","jetpack_sharing_enabled":true,"_links":{"self":[{"href":"https:\/\/lobosnews.com.ar\/index.php\/wp-json\/wp\/v2\/posts\/10218","targetHints":{"allow":["GET"]}}],"collection":[{"href":"https:\/\/lobosnews.com.ar\/index.php\/wp-json\/wp\/v2\/posts"}],"about":[{"href":"https:\/\/lobosnews.com.ar\/index.php\/wp-json\/wp\/v2\/types\/post"}],"author":[{"embeddable":true,"href":"https:\/\/lobosnews.com.ar\/index.php\/wp-json\/wp\/v2\/users\/1"}],"replies":[{"embeddable":true,"href":"https:\/\/lobosnews.com.ar\/index.php\/wp-json\/wp\/v2\/comments?post=10218"}],"version-history":[{"count":1,"href":"https:\/\/lobosnews.com.ar\/index.php\/wp-json\/wp\/v2\/posts\/10218\/revisions"}],"predecessor-version":[{"id":10223,"href":"https:\/\/lobosnews.com.ar\/index.php\/wp-json\/wp\/v2\/posts\/10218\/revisions\/10223"}],"wp:featuredmedia":[{"embeddable":true,"href":"https:\/\/lobosnews.com.ar\/index.php\/wp-json\/wp\/v2\/media\/10224"}],"wp:attachment":[{"href":"https:\/\/lobosnews.com.ar\/index.php\/wp-json\/wp\/v2\/media?parent=10218"}],"wp:term":[{"taxonomy":"category","embeddable":true,"href":"https:\/\/lobosnews.com.ar\/index.php\/wp-json\/wp\/v2\/categories?post=10218"},{"taxonomy":"post_tag","embeddable":true,"href":"https:\/\/lobosnews.com.ar\/index.php\/wp-json\/wp\/v2\/tags?post=10218"}],"curies":[{"name":"wp","href":"https:\/\/api.w.org\/{rel}","templated":true}]}}