{"id":10164,"date":"2026-01-22T12:29:24","date_gmt":"2026-01-22T12:29:24","guid":{"rendered":"https:\/\/lobosnews.com.ar\/index.php\/2026\/01\/22\/despidieron-a-la-mesera-del-escandaloso-affaire-con-luciano-castro-en-espana-los-detalles\/"},"modified":"2026-01-22T17:05:10","modified_gmt":"2026-01-22T17:05:10","slug":"despidieron-a-la-mesera-del-escandaloso-affaire-con-luciano-castro-en-espana-los-detalles","status":"publish","type":"post","link":"https:\/\/lobosnews.com.ar\/index.php\/2026\/01\/22\/despidieron-a-la-mesera-del-escandaloso-affaire-con-luciano-castro-en-espana-los-detalles\/","title":{"rendered":"Despidieron a la mesera del escandaloso affaire con Luciano Castro en Espa\u00f1a: los detalles"},"content":{"rendered":"<p>El esc\u00e1ndalo que rode\u00f3 <span class=\"waslinkname\">la relaci\u00f3n fugaz entre<\/span> <span class=\"waslinkname\"><b>Luciano Castro <\/b><\/span>y <span class=\"waslinkname\"><b>Sarah Borrell<\/b> <\/span>en Madrid contin\u00faa sumando cap\u00edtulos y consecuencias inesperadas. A quince d\u00edas de que los audios y mensajes entre la joven danesa y el actor argentino se viralizaran y desataran una crisis medi\u00e1tica en la pareja de Castro y <span class=\"waslinkname\"><b>Griselda Siciliani<\/b><\/span>, <b>la repercusi\u00f3n cruz\u00f3 fronteras y termin\u00f3 afectando el d\u00eda a d\u00eda de Borrell: la bailarina fue desvinculada de su trabajo en Madrid<\/b> tras la exposici\u00f3n p\u00fablica de su affaire con el gal\u00e1n argentino.<\/p>\n<p><b>La noticia fue confirmada por <\/b><span class=\"waslinkname\"><b>Juan Etchegoyen <\/b><\/span><b>en <\/b><i><b>Mitre Live<\/b><\/i>, quien cit\u00f3 informaci\u00f3n obtenida por su colega espa\u00f1ol <b>Roberto Antol\u00edn<\/b>. Seg\u00fan los reportes, <b>Sarah se desempe\u00f1aba en el bar Brunch and Cake, un reconocido local gastron\u00f3mico en la capital espa\u00f1ola<\/b>, el mismo sitio donde, de acuerdo a los trascendidos, habr\u00eda tenido lugar el primer encuentro con Castro. La viralizaci\u00f3n del v\u00ednculo y la llegada de la pol\u00e9mica a los medios espa\u00f1oles habr\u00edan sido determinantes para que el local decidiera prescindir de sus servicios.<\/p>\n<p>Etchegoyen detall\u00f3: \u201c<b>Echaron de su trabajo a Sarah despu\u00e9s del esc\u00e1ndalo que se vivi\u00f3 con el actor<\/b> <b>y Griselda, y los audios que salieron a la luz<\/b>. Esa es la data que tengo para contar. <b>Despu\u00e9s de lo que pas\u00f3, el bar donde trabajaba Sarah decidi\u00f3 despedirla<\/b>\u201d. De esta manera, la joven que hasta hace poco tiempo se manten\u00eda alejada del mundo del espect\u00e1culo, se vio envuelta en una situaci\u00f3n que la dej\u00f3 sin empleo y bajo el ojo p\u00fablico.<\/p>\n<p><img loading=\"lazy\" decoding=\"async\" src=\"https:\/\/lobosnews.com.ar\/wp-content\/uploads\/2026\/01\/despidieron-a-la-mesera-del-escandaloso-affaire-con-luciano-castro-en-espana-los-detalles.jpg\" alt=\"Seg\u00fan cont\u00f3 el propio Etchegoyen, la joven fue desvinculada de su trabajo luego del esc\u00e1ndalo con el actor (Instagram)\" height=\"1440\" width=\"1080\"\/><\/p>\n<p>Por su parte, Antol\u00edn, desde Madrid, se traslad\u00f3 al bar para corroborar la informaci\u00f3n de primera mano. \u201cJuan, ac\u00e1 estoy en el lugar donde Luciano Castro conoci\u00f3 a Sarah, esta mujer danesa que reside en Madrid\u201d, relat\u00f3 en vivo. El corresponsal incluso mostr\u00f3 la mesa donde, <b>seg\u00fan lo que coment\u00f3 la propia Borrell,<\/b> <b>se habr\u00eda producido el primer encuentro entre el actor y la bailarina<\/b>. Seg\u00fan los testimonios recogidos por el periodista espa\u00f1ol, la incomodidad generada por la constante atenci\u00f3n medi\u00e1tica sobre el bar y la presencia de curiosos habr\u00eda sido un factor clave para la dr\u00e1stica decisi\u00f3n de los due\u00f1os del local.<\/p>\n<p>La situaci\u00f3n de Sarah pone de manifiesto el efecto colateral que pueden tener los esc\u00e1ndalos medi\u00e1ticos en la vida cotidiana de personas ajenas al espect\u00e1culo. Desde el anonimato y la vida com\u00fan en Madrid, la joven pas\u00f3 en cuesti\u00f3n de d\u00edas a ser identificada en la prensa internacional, perder su fuente de ingresos y ver su intimidad expuesta y debatida por usuarios y panelistas. Mientras tanto, contin\u00faa con sus proyectos art\u00edsticos y sus redes sociales se mantienen ajenas al esc\u00e1ndalo.<\/p>\n<p>Mientras Borrell enfrenta este momento complicado, el trasfondo del esc\u00e1ndalo que involucra a Castro y Siciliani sigue generando repercusi\u00f3n en la Argentina. <span class=\"waslinkname\">En <i>A la Barbarossa<\/i> (Telefe), la periodista <b>P\u00eda Shaw<\/b><\/span> cont\u00f3 detalles de una conversaci\u00f3n privada que mantuvo con el actor, quien reconoci\u00f3 estar \u201cs\u00faper arrepentid\u00edsimo de lo que viene pasando dentro de esta situaci\u00f3n\u201d y admiti\u00f3: \u201c<b>Perd\u00ed al amor de mi vida, me mand\u00e9 una gran cag&#8230;<\/b>\u201d. Si bien Castro le dio permiso para compartir el contenido de la charla, le pidi\u00f3 no dar m\u00e1s detalles ni hablar m\u00e1s del tema en p\u00fablico.<\/p>\n<p>La periodista fue categ\u00f3rica al describir el presente de la pareja: \u201c<b>Interpreto, porque tengo informaci\u00f3n, que no est\u00e1 nada bien entre los dos<\/b>. No s\u00e9 qu\u00e9 puede llegar a pasar el d\u00eda de ma\u00f1ana, pero hoy es muy dif\u00edcil la situaci\u00f3n entre ambos y la relaci\u00f3n\u201d. <\/p>\n<p>La historia de Borrell y Castro es un ejemplo de c\u00f3mo la exposici\u00f3n medi\u00e1tica puede modificar el rumbo de la vida de personas ajenas al mundo del espect\u00e1culo. De la barra de un bar en Madrid al centro de la pol\u00e9mica internacional, la joven danesa ahora enfrenta la dif\u00edcil tarea de reconstruir su privacidad y su vida laboral tras una tormenta medi\u00e1tica que, lejos de apaciguarse, sigue sumando cap\u00edtulos y repercusiones. Mientras tanto, la crisis en la pareja de Castro y Siciliani se intensifica, y el esc\u00e1ndalo parece lejos de llegar a su fin.<\/p>\n","protected":false},"excerpt":{"rendered":"<p>El esc\u00e1ndalo que rode\u00f3 la relaci\u00f3n fugaz entre Luciano Castro y Sarah Borrell en Madrid contin\u00faa sumando cap\u00edtulos y consecuencias inesperadas. A quince d\u00edas de que los audios y mensajes entre la joven danesa y el actor argentino se viralizaran y desataran una crisis medi\u00e1tica en la pareja de Castro y Griselda Siciliani, la repercusi\u00f3n&#8230;<\/p>\n","protected":false},"author":1,"featured_media":10167,"comment_status":"open","ping_status":"closed","sticky":false,"template":"","format":"standard","meta":{"_jetpack_memberships_contains_paid_content":false,"footnotes":""},"categories":[79],"tags":[],"class_list":["post-10164","post","type-post","status-publish","format-standard","has-post-thumbnail","hentry","category-cine-y-series"],"magazineBlocksPostFeaturedMedia":{"thumbnail":"https:\/\/lobosnews.com.ar\/wp-content\/uploads\/2026\/01\/despidieron-a-la-mesera-del-escandaloso-affaire-con-luciano-castro-en-espana-los-detalles-150x150.jpg","medium":"https:\/\/lobosnews.com.ar\/wp-content\/uploads\/2026\/01\/despidieron-a-la-mesera-del-escandaloso-affaire-con-luciano-castro-en-espana-los-detalles-225x300.jpg","medium_large":"https:\/\/lobosnews.com.ar\/wp-content\/uploads\/2026\/01\/despidieron-a-la-mesera-del-escandaloso-affaire-con-luciano-castro-en-espana-los-detalles-768x1024.jpg","large":"https:\/\/lobosnews.com.ar\/wp-content\/uploads\/2026\/01\/despidieron-a-la-mesera-del-escandaloso-affaire-con-luciano-castro-en-espana-los-detalles-768x1024.jpg","1536x1536":"https:\/\/lobosnews.com.ar\/wp-content\/uploads\/2026\/01\/despidieron-a-la-mesera-del-escandaloso-affaire-con-luciano-castro-en-espana-los-detalles.jpg","2048x2048":"https:\/\/lobosnews.com.ar\/wp-content\/uploads\/2026\/01\/despidieron-a-la-mesera-del-escandaloso-affaire-con-luciano-castro-en-espana-los-detalles.jpg","newsmatic-featured":"https:\/\/lobosnews.com.ar\/wp-content\/uploads\/2026\/01\/despidieron-a-la-mesera-del-escandaloso-affaire-con-luciano-castro-en-espana-los-detalles-820x545.jpg","newsmatic-list":"https:\/\/lobosnews.com.ar\/wp-content\/uploads\/2026\/01\/despidieron-a-la-mesera-del-escandaloso-affaire-con-luciano-castro-en-espana-los-detalles-600x400.jpg","newsmatic-thumb":"https:\/\/lobosnews.com.ar\/wp-content\/uploads\/2026\/01\/despidieron-a-la-mesera-del-escandaloso-affaire-con-luciano-castro-en-espana-los-detalles-300x200.jpg","newsmatic-small":"https:\/\/lobosnews.com.ar\/wp-content\/uploads\/2026\/01\/despidieron-a-la-mesera-del-escandaloso-affaire-con-luciano-castro-en-espana-los-detalles-150x95.jpg","newsmatic-grid":"https:\/\/lobosnews.com.ar\/wp-content\/uploads\/2026\/01\/despidieron-a-la-mesera-del-escandaloso-affaire-con-luciano-castro-en-espana-los-detalles-400x250.jpg"},"magazineBlocksPostAuthor":{"name":"admin","avatar":"https:\/\/secure.gravatar.com\/avatar\/76e419471a2083bc3ceab22a763dbbf9b0c1bd15a6214cf3280e2c2dde4580f9?s=96&d=mm&r=g"},"magazineBlocksPostCommentsNumber":"0","magazineBlocksPostExcerpt":"El esc\u00e1ndalo que rode\u00f3 la relaci\u00f3n fugaz entre Luciano Castro y Sarah Borrell en Madrid contin\u00faa sumando cap\u00edtulos y consecuencias inesperadas. A quince d\u00edas de que los audios y mensajes entre la joven danesa y el actor argentino se viralizaran y desataran una crisis medi\u00e1tica en la pareja de Castro y Griselda Siciliani, la repercusi\u00f3n...","magazineBlocksPostCategories":["Cine y Series"],"magazineBlocksPostViewCount":103,"magazineBlocksPostReadTime":4,"magazine_blocks_featured_image_url":{"full":["https:\/\/lobosnews.com.ar\/wp-content\/uploads\/2026\/01\/despidieron-a-la-mesera-del-escandaloso-affaire-con-luciano-castro-en-espana-los-detalles.jpg",1080,1440,false],"medium":["https:\/\/lobosnews.com.ar\/wp-content\/uploads\/2026\/01\/despidieron-a-la-mesera-del-escandaloso-affaire-con-luciano-castro-en-espana-los-detalles-225x300.jpg",225,300,true],"thumbnail":["https:\/\/lobosnews.com.ar\/wp-content\/uploads\/2026\/01\/despidieron-a-la-mesera-del-escandaloso-affaire-con-luciano-castro-en-espana-los-detalles-150x150.jpg",150,150,true]},"magazine_blocks_author":{"display_name":"admin","author_link":"https:\/\/lobosnews.com.ar\/index.php\/author\/lobos-news\/"},"magazine_blocks_comment":0,"magazine_blocks_author_image":"https:\/\/secure.gravatar.com\/avatar\/76e419471a2083bc3ceab22a763dbbf9b0c1bd15a6214cf3280e2c2dde4580f9?s=96&d=mm&r=g","magazine_blocks_category":"<a href=\"#\" class=\"category-link category-link-79\">Cine y Series<\/a>","yoast_head":"<!-- This site is optimized with the Yoast SEO plugin v26.6 - https:\/\/yoast.com\/wordpress\/plugins\/seo\/ -->\n<title>Despidieron a la mesera del escandaloso affaire con Luciano Castro en Espa\u00f1a: los detalles - Lobos News<\/title>\n<meta name=\"robots\" content=\"index, follow, max-snippet:-1, max-image-preview:large, max-video-preview:-1\" \/>\n<link rel=\"canonical\" href=\"https:\/\/lobosnews.com.ar\/index.php\/2026\/01\/22\/despidieron-a-la-mesera-del-escandaloso-affaire-con-luciano-castro-en-espana-los-detalles\/\" \/>\n<meta property=\"og:locale\" content=\"es_ES\" \/>\n<meta property=\"og:type\" content=\"article\" \/>\n<meta property=\"og:title\" content=\"Despidieron a la mesera del escandaloso affaire con Luciano Castro en Espa\u00f1a: los detalles - Lobos News\" \/>\n<meta property=\"og:description\" content=\"El esc\u00e1ndalo que rode\u00f3 la relaci\u00f3n fugaz entre Luciano Castro y Sarah Borrell en Madrid contin\u00faa sumando cap\u00edtulos y consecuencias inesperadas. A quince d\u00edas de que los audios y mensajes entre la joven danesa y el actor argentino se viralizaran y desataran una crisis medi\u00e1tica en la pareja de Castro y Griselda Siciliani, la repercusi\u00f3n...\" \/>\n<meta property=\"og:url\" content=\"https:\/\/lobosnews.com.ar\/index.php\/2026\/01\/22\/despidieron-a-la-mesera-del-escandaloso-affaire-con-luciano-castro-en-espana-los-detalles\/\" \/>\n<meta property=\"og:site_name\" content=\"Lobos News\" \/>\n<meta property=\"article:published_time\" content=\"2026-01-22T12:29:24+00:00\" \/>\n<meta property=\"article:modified_time\" content=\"2026-01-22T17:05:10+00:00\" \/>\n<meta property=\"og:image\" content=\"https:\/\/lobosnews.com.ar\/wp-content\/uploads\/2026\/01\/despidieron-a-la-mesera-del-escandaloso-affaire-con-luciano-castro-en-espana-los-detalles.jpg\" \/>\n<meta name=\"author\" content=\"admin\" \/>\n<meta name=\"twitter:card\" content=\"summary_large_image\" \/>\n<meta name=\"twitter:label1\" content=\"Escrito por\" \/>\n\t<meta name=\"twitter:data1\" content=\"admin\" \/>\n\t<meta name=\"twitter:label2\" content=\"Tiempo de lectura\" \/>\n\t<meta name=\"twitter:data2\" content=\"4 minutos\" \/>\n<script type=\"application\/ld+json\" class=\"yoast-schema-graph\">{\"@context\":\"https:\/\/schema.org\",\"@graph\":[{\"@type\":\"Article\",\"@id\":\"https:\/\/lobosnews.com.ar\/index.php\/2026\/01\/22\/despidieron-a-la-mesera-del-escandaloso-affaire-con-luciano-castro-en-espana-los-detalles\/#article\",\"isPartOf\":{\"@id\":\"https:\/\/lobosnews.com.ar\/index.php\/2026\/01\/22\/despidieron-a-la-mesera-del-escandaloso-affaire-con-luciano-castro-en-espana-los-detalles\/\"},\"author\":{\"name\":\"admin\",\"@id\":\"https:\/\/lobosnews.com.ar\/#\/schema\/person\/232422a593d5c541dd9aef6aaed10943\"},\"headline\":\"Despidieron a la mesera del escandaloso affaire con Luciano Castro en Espa\u00f1a: los detalles\",\"datePublished\":\"2026-01-22T12:29:24+00:00\",\"dateModified\":\"2026-01-22T17:05:10+00:00\",\"mainEntityOfPage\":{\"@id\":\"https:\/\/lobosnews.com.ar\/index.php\/2026\/01\/22\/despidieron-a-la-mesera-del-escandaloso-affaire-con-luciano-castro-en-espana-los-detalles\/\"},\"wordCount\":762,\"commentCount\":0,\"publisher\":{\"@id\":\"https:\/\/lobosnews.com.ar\/#organization\"},\"image\":{\"@id\":\"https:\/\/lobosnews.com.ar\/index.php\/2026\/01\/22\/despidieron-a-la-mesera-del-escandaloso-affaire-con-luciano-castro-en-espana-los-detalles\/#primaryimage\"},\"thumbnailUrl\":\"https:\/\/lobosnews.com.ar\/wp-content\/uploads\/2026\/01\/despidieron-a-la-mesera-del-escandaloso-affaire-con-luciano-castro-en-espana-los-detalles.jpg\",\"articleSection\":[\"Cine y Series\"],\"inLanguage\":\"es\",\"potentialAction\":[{\"@type\":\"CommentAction\",\"name\":\"Comment\",\"target\":[\"https:\/\/lobosnews.com.ar\/index.php\/2026\/01\/22\/despidieron-a-la-mesera-del-escandaloso-affaire-con-luciano-castro-en-espana-los-detalles\/#respond\"]}]},{\"@type\":\"WebPage\",\"@id\":\"https:\/\/lobosnews.com.ar\/index.php\/2026\/01\/22\/despidieron-a-la-mesera-del-escandaloso-affaire-con-luciano-castro-en-espana-los-detalles\/\",\"url\":\"https:\/\/lobosnews.com.ar\/index.php\/2026\/01\/22\/despidieron-a-la-mesera-del-escandaloso-affaire-con-luciano-castro-en-espana-los-detalles\/\",\"name\":\"Despidieron a la mesera del escandaloso affaire con Luciano Castro en Espa\u00f1a: los detalles - Lobos News\",\"isPartOf\":{\"@id\":\"https:\/\/lobosnews.com.ar\/#website\"},\"primaryImageOfPage\":{\"@id\":\"https:\/\/lobosnews.com.ar\/index.php\/2026\/01\/22\/despidieron-a-la-mesera-del-escandaloso-affaire-con-luciano-castro-en-espana-los-detalles\/#primaryimage\"},\"image\":{\"@id\":\"https:\/\/lobosnews.com.ar\/index.php\/2026\/01\/22\/despidieron-a-la-mesera-del-escandaloso-affaire-con-luciano-castro-en-espana-los-detalles\/#primaryimage\"},\"thumbnailUrl\":\"https:\/\/lobosnews.com.ar\/wp-content\/uploads\/2026\/01\/despidieron-a-la-mesera-del-escandaloso-affaire-con-luciano-castro-en-espana-los-detalles.jpg\",\"datePublished\":\"2026-01-22T12:29:24+00:00\",\"dateModified\":\"2026-01-22T17:05:10+00:00\",\"breadcrumb\":{\"@id\":\"https:\/\/lobosnews.com.ar\/index.php\/2026\/01\/22\/despidieron-a-la-mesera-del-escandaloso-affaire-con-luciano-castro-en-espana-los-detalles\/#breadcrumb\"},\"inLanguage\":\"es\",\"potentialAction\":[{\"@type\":\"ReadAction\",\"target\":[\"https:\/\/lobosnews.com.ar\/index.php\/2026\/01\/22\/despidieron-a-la-mesera-del-escandaloso-affaire-con-luciano-castro-en-espana-los-detalles\/\"]}]},{\"@type\":\"ImageObject\",\"inLanguage\":\"es\",\"@id\":\"https:\/\/lobosnews.com.ar\/index.php\/2026\/01\/22\/despidieron-a-la-mesera-del-escandaloso-affaire-con-luciano-castro-en-espana-los-detalles\/#primaryimage\",\"url\":\"https:\/\/lobosnews.com.ar\/wp-content\/uploads\/2026\/01\/despidieron-a-la-mesera-del-escandaloso-affaire-con-luciano-castro-en-espana-los-detalles.jpg\",\"contentUrl\":\"https:\/\/lobosnews.com.ar\/wp-content\/uploads\/2026\/01\/despidieron-a-la-mesera-del-escandaloso-affaire-con-luciano-castro-en-espana-los-detalles.jpg\",\"width\":1080,\"height\":1440,\"caption\":\"Despidieron a la mesera del escandaloso affaire con Luciano Castro en Espa\u00f1a: los detalles\"},{\"@type\":\"BreadcrumbList\",\"@id\":\"https:\/\/lobosnews.com.ar\/index.php\/2026\/01\/22\/despidieron-a-la-mesera-del-escandaloso-affaire-con-luciano-castro-en-espana-los-detalles\/#breadcrumb\",\"itemListElement\":[{\"@type\":\"ListItem\",\"position\":1,\"name\":\"Portada\",\"item\":\"https:\/\/lobosnews.com.ar\/\"},{\"@type\":\"ListItem\",\"position\":2,\"name\":\"Despidieron a la mesera del escandaloso affaire con Luciano Castro en Espa\u00f1a: los detalles\"}]},{\"@type\":\"WebSite\",\"@id\":\"https:\/\/lobosnews.com.ar\/#website\",\"url\":\"https:\/\/lobosnews.com.ar\/\",\"name\":\"Lobos News\",\"description\":\"Informaci\u00f3n a cada instante\",\"publisher\":{\"@id\":\"https:\/\/lobosnews.com.ar\/#organization\"},\"potentialAction\":[{\"@type\":\"SearchAction\",\"target\":{\"@type\":\"EntryPoint\",\"urlTemplate\":\"https:\/\/lobosnews.com.ar\/?s={search_term_string}\"},\"query-input\":{\"@type\":\"PropertyValueSpecification\",\"valueRequired\":true,\"valueName\":\"search_term_string\"}}],\"inLanguage\":\"es\"},{\"@type\":\"Organization\",\"@id\":\"https:\/\/lobosnews.com.ar\/#organization\",\"name\":\"Lobos News\",\"url\":\"https:\/\/lobosnews.com.ar\/\",\"logo\":{\"@type\":\"ImageObject\",\"inLanguage\":\"es\",\"@id\":\"https:\/\/lobosnews.com.ar\/#\/schema\/logo\/image\/\",\"url\":\"https:\/\/lobosnews.com.ar\/wp-content\/uploads\/2026\/01\/logo-lobosnews.png\",\"contentUrl\":\"https:\/\/lobosnews.com.ar\/wp-content\/uploads\/2026\/01\/logo-lobosnews.png\",\"width\":500,\"height\":200,\"caption\":\"Lobos News\"},\"image\":{\"@id\":\"https:\/\/lobosnews.com.ar\/#\/schema\/logo\/image\/\"}},{\"@type\":\"Person\",\"@id\":\"https:\/\/lobosnews.com.ar\/#\/schema\/person\/232422a593d5c541dd9aef6aaed10943\",\"name\":\"admin\",\"image\":{\"@type\":\"ImageObject\",\"inLanguage\":\"es\",\"@id\":\"https:\/\/lobosnews.com.ar\/#\/schema\/person\/image\/\",\"url\":\"https:\/\/secure.gravatar.com\/avatar\/76e419471a2083bc3ceab22a763dbbf9b0c1bd15a6214cf3280e2c2dde4580f9?s=96&d=mm&r=g\",\"contentUrl\":\"https:\/\/secure.gravatar.com\/avatar\/76e419471a2083bc3ceab22a763dbbf9b0c1bd15a6214cf3280e2c2dde4580f9?s=96&d=mm&r=g\",\"caption\":\"admin\"},\"sameAs\":[\"https:\/\/lobosnews.com.ar\"],\"url\":\"https:\/\/lobosnews.com.ar\/index.php\/author\/lobos-news\/\"}]}<\/script>\n<!-- \/ Yoast SEO plugin. -->","yoast_head_json":{"title":"Despidieron a la mesera del escandaloso affaire con Luciano Castro en Espa\u00f1a: los detalles - Lobos News","robots":{"index":"index","follow":"follow","max-snippet":"max-snippet:-1","max-image-preview":"max-image-preview:large","max-video-preview":"max-video-preview:-1"},"canonical":"https:\/\/lobosnews.com.ar\/index.php\/2026\/01\/22\/despidieron-a-la-mesera-del-escandaloso-affaire-con-luciano-castro-en-espana-los-detalles\/","og_locale":"es_ES","og_type":"article","og_title":"Despidieron a la mesera del escandaloso affaire con Luciano Castro en Espa\u00f1a: los detalles - Lobos News","og_description":"El esc\u00e1ndalo que rode\u00f3 la relaci\u00f3n fugaz entre Luciano Castro y Sarah Borrell en Madrid contin\u00faa sumando cap\u00edtulos y consecuencias inesperadas. A quince d\u00edas de que los audios y mensajes entre la joven danesa y el actor argentino se viralizaran y desataran una crisis medi\u00e1tica en la pareja de Castro y Griselda Siciliani, la repercusi\u00f3n...","og_url":"https:\/\/lobosnews.com.ar\/index.php\/2026\/01\/22\/despidieron-a-la-mesera-del-escandaloso-affaire-con-luciano-castro-en-espana-los-detalles\/","og_site_name":"Lobos News","article_published_time":"2026-01-22T12:29:24+00:00","article_modified_time":"2026-01-22T17:05:10+00:00","og_image":[{"url":"https:\/\/lobosnews.com.ar\/wp-content\/uploads\/2026\/01\/despidieron-a-la-mesera-del-escandaloso-affaire-con-luciano-castro-en-espana-los-detalles.jpg","type":"","width":"","height":""}],"author":"admin","twitter_card":"summary_large_image","twitter_misc":{"Escrito por":"admin","Tiempo de lectura":"4 minutos"},"schema":{"@context":"https:\/\/schema.org","@graph":[{"@type":"Article","@id":"https:\/\/lobosnews.com.ar\/index.php\/2026\/01\/22\/despidieron-a-la-mesera-del-escandaloso-affaire-con-luciano-castro-en-espana-los-detalles\/#article","isPartOf":{"@id":"https:\/\/lobosnews.com.ar\/index.php\/2026\/01\/22\/despidieron-a-la-mesera-del-escandaloso-affaire-con-luciano-castro-en-espana-los-detalles\/"},"author":{"name":"admin","@id":"https:\/\/lobosnews.com.ar\/#\/schema\/person\/232422a593d5c541dd9aef6aaed10943"},"headline":"Despidieron a la mesera del escandaloso affaire con Luciano Castro en Espa\u00f1a: los detalles","datePublished":"2026-01-22T12:29:24+00:00","dateModified":"2026-01-22T17:05:10+00:00","mainEntityOfPage":{"@id":"https:\/\/lobosnews.com.ar\/index.php\/2026\/01\/22\/despidieron-a-la-mesera-del-escandaloso-affaire-con-luciano-castro-en-espana-los-detalles\/"},"wordCount":762,"commentCount":0,"publisher":{"@id":"https:\/\/lobosnews.com.ar\/#organization"},"image":{"@id":"https:\/\/lobosnews.com.ar\/index.php\/2026\/01\/22\/despidieron-a-la-mesera-del-escandaloso-affaire-con-luciano-castro-en-espana-los-detalles\/#primaryimage"},"thumbnailUrl":"https:\/\/lobosnews.com.ar\/wp-content\/uploads\/2026\/01\/despidieron-a-la-mesera-del-escandaloso-affaire-con-luciano-castro-en-espana-los-detalles.jpg","articleSection":["Cine y Series"],"inLanguage":"es","potentialAction":[{"@type":"CommentAction","name":"Comment","target":["https:\/\/lobosnews.com.ar\/index.php\/2026\/01\/22\/despidieron-a-la-mesera-del-escandaloso-affaire-con-luciano-castro-en-espana-los-detalles\/#respond"]}]},{"@type":"WebPage","@id":"https:\/\/lobosnews.com.ar\/index.php\/2026\/01\/22\/despidieron-a-la-mesera-del-escandaloso-affaire-con-luciano-castro-en-espana-los-detalles\/","url":"https:\/\/lobosnews.com.ar\/index.php\/2026\/01\/22\/despidieron-a-la-mesera-del-escandaloso-affaire-con-luciano-castro-en-espana-los-detalles\/","name":"Despidieron a la mesera del escandaloso affaire con Luciano Castro en Espa\u00f1a: los detalles - Lobos News","isPartOf":{"@id":"https:\/\/lobosnews.com.ar\/#website"},"primaryImageOfPage":{"@id":"https:\/\/lobosnews.com.ar\/index.php\/2026\/01\/22\/despidieron-a-la-mesera-del-escandaloso-affaire-con-luciano-castro-en-espana-los-detalles\/#primaryimage"},"image":{"@id":"https:\/\/lobosnews.com.ar\/index.php\/2026\/01\/22\/despidieron-a-la-mesera-del-escandaloso-affaire-con-luciano-castro-en-espana-los-detalles\/#primaryimage"},"thumbnailUrl":"https:\/\/lobosnews.com.ar\/wp-content\/uploads\/2026\/01\/despidieron-a-la-mesera-del-escandaloso-affaire-con-luciano-castro-en-espana-los-detalles.jpg","datePublished":"2026-01-22T12:29:24+00:00","dateModified":"2026-01-22T17:05:10+00:00","breadcrumb":{"@id":"https:\/\/lobosnews.com.ar\/index.php\/2026\/01\/22\/despidieron-a-la-mesera-del-escandaloso-affaire-con-luciano-castro-en-espana-los-detalles\/#breadcrumb"},"inLanguage":"es","potentialAction":[{"@type":"ReadAction","target":["https:\/\/lobosnews.com.ar\/index.php\/2026\/01\/22\/despidieron-a-la-mesera-del-escandaloso-affaire-con-luciano-castro-en-espana-los-detalles\/"]}]},{"@type":"ImageObject","inLanguage":"es","@id":"https:\/\/lobosnews.com.ar\/index.php\/2026\/01\/22\/despidieron-a-la-mesera-del-escandaloso-affaire-con-luciano-castro-en-espana-los-detalles\/#primaryimage","url":"https:\/\/lobosnews.com.ar\/wp-content\/uploads\/2026\/01\/despidieron-a-la-mesera-del-escandaloso-affaire-con-luciano-castro-en-espana-los-detalles.jpg","contentUrl":"https:\/\/lobosnews.com.ar\/wp-content\/uploads\/2026\/01\/despidieron-a-la-mesera-del-escandaloso-affaire-con-luciano-castro-en-espana-los-detalles.jpg","width":1080,"height":1440,"caption":"Despidieron a la mesera del escandaloso affaire con Luciano Castro en Espa\u00f1a: los detalles"},{"@type":"BreadcrumbList","@id":"https:\/\/lobosnews.com.ar\/index.php\/2026\/01\/22\/despidieron-a-la-mesera-del-escandaloso-affaire-con-luciano-castro-en-espana-los-detalles\/#breadcrumb","itemListElement":[{"@type":"ListItem","position":1,"name":"Portada","item":"https:\/\/lobosnews.com.ar\/"},{"@type":"ListItem","position":2,"name":"Despidieron a la mesera del escandaloso affaire con Luciano Castro en Espa\u00f1a: los detalles"}]},{"@type":"WebSite","@id":"https:\/\/lobosnews.com.ar\/#website","url":"https:\/\/lobosnews.com.ar\/","name":"Lobos News","description":"Informaci\u00f3n a cada instante","publisher":{"@id":"https:\/\/lobosnews.com.ar\/#organization"},"potentialAction":[{"@type":"SearchAction","target":{"@type":"EntryPoint","urlTemplate":"https:\/\/lobosnews.com.ar\/?s={search_term_string}"},"query-input":{"@type":"PropertyValueSpecification","valueRequired":true,"valueName":"search_term_string"}}],"inLanguage":"es"},{"@type":"Organization","@id":"https:\/\/lobosnews.com.ar\/#organization","name":"Lobos News","url":"https:\/\/lobosnews.com.ar\/","logo":{"@type":"ImageObject","inLanguage":"es","@id":"https:\/\/lobosnews.com.ar\/#\/schema\/logo\/image\/","url":"https:\/\/lobosnews.com.ar\/wp-content\/uploads\/2026\/01\/logo-lobosnews.png","contentUrl":"https:\/\/lobosnews.com.ar\/wp-content\/uploads\/2026\/01\/logo-lobosnews.png","width":500,"height":200,"caption":"Lobos News"},"image":{"@id":"https:\/\/lobosnews.com.ar\/#\/schema\/logo\/image\/"}},{"@type":"Person","@id":"https:\/\/lobosnews.com.ar\/#\/schema\/person\/232422a593d5c541dd9aef6aaed10943","name":"admin","image":{"@type":"ImageObject","inLanguage":"es","@id":"https:\/\/lobosnews.com.ar\/#\/schema\/person\/image\/","url":"https:\/\/secure.gravatar.com\/avatar\/76e419471a2083bc3ceab22a763dbbf9b0c1bd15a6214cf3280e2c2dde4580f9?s=96&d=mm&r=g","contentUrl":"https:\/\/secure.gravatar.com\/avatar\/76e419471a2083bc3ceab22a763dbbf9b0c1bd15a6214cf3280e2c2dde4580f9?s=96&d=mm&r=g","caption":"admin"},"sameAs":["https:\/\/lobosnews.com.ar"],"url":"https:\/\/lobosnews.com.ar\/index.php\/author\/lobos-news\/"}]}},"jetpack_featured_media_url":"https:\/\/lobosnews.com.ar\/wp-content\/uploads\/2026\/01\/despidieron-a-la-mesera-del-escandaloso-affaire-con-luciano-castro-en-espana-los-detalles.jpg","jetpack_sharing_enabled":true,"_links":{"self":[{"href":"https:\/\/lobosnews.com.ar\/index.php\/wp-json\/wp\/v2\/posts\/10164","targetHints":{"allow":["GET"]}}],"collection":[{"href":"https:\/\/lobosnews.com.ar\/index.php\/wp-json\/wp\/v2\/posts"}],"about":[{"href":"https:\/\/lobosnews.com.ar\/index.php\/wp-json\/wp\/v2\/types\/post"}],"author":[{"embeddable":true,"href":"https:\/\/lobosnews.com.ar\/index.php\/wp-json\/wp\/v2\/users\/1"}],"replies":[{"embeddable":true,"href":"https:\/\/lobosnews.com.ar\/index.php\/wp-json\/wp\/v2\/comments?post=10164"}],"version-history":[{"count":1,"href":"https:\/\/lobosnews.com.ar\/index.php\/wp-json\/wp\/v2\/posts\/10164\/revisions"}],"predecessor-version":[{"id":10166,"href":"https:\/\/lobosnews.com.ar\/index.php\/wp-json\/wp\/v2\/posts\/10164\/revisions\/10166"}],"wp:featuredmedia":[{"embeddable":true,"href":"https:\/\/lobosnews.com.ar\/index.php\/wp-json\/wp\/v2\/media\/10167"}],"wp:attachment":[{"href":"https:\/\/lobosnews.com.ar\/index.php\/wp-json\/wp\/v2\/media?parent=10164"}],"wp:term":[{"taxonomy":"category","embeddable":true,"href":"https:\/\/lobosnews.com.ar\/index.php\/wp-json\/wp\/v2\/categories?post=10164"},{"taxonomy":"post_tag","embeddable":true,"href":"https:\/\/lobosnews.com.ar\/index.php\/wp-json\/wp\/v2\/tags?post=10164"}],"curies":[{"name":"wp","href":"https:\/\/api.w.org\/{rel}","templated":true}]}}