{"id":10095,"date":"2026-01-22T12:46:51","date_gmt":"2026-01-22T12:46:51","guid":{"rendered":"https:\/\/lobosnews.com.ar\/index.php\/2026\/01\/22\/murio-raul-guglielminetti-uno-de-los-represores-condenados-por-delitos-de-lesa-humanidad\/"},"modified":"2026-01-22T14:41:20","modified_gmt":"2026-01-22T14:41:20","slug":"murio-raul-guglielminetti-uno-de-los-represores-condenados-por-delitos-de-lesa-humanidad","status":"publish","type":"post","link":"https:\/\/lobosnews.com.ar\/index.php\/2026\/01\/22\/murio-raul-guglielminetti-uno-de-los-represores-condenados-por-delitos-de-lesa-humanidad\/","title":{"rendered":"Muri\u00f3 Ra\u00fal Guglielminetti, uno de los represores condenados por delitos de lesa humanidad"},"content":{"rendered":"<p><img loading=\"lazy\" decoding=\"async\" src=\"https:\/\/lobosnews.com.ar\/wp-content\/uploads\/2026\/01\/murio-raul-guglielminetti-uno-de-los-represores-condenados-por-delitos-de-lesa-humanidad.jpg\" alt=\"Guglielminetti, el agente de inteligencia y torturador infiltrado en el gobierno de Alfons\u00edn.\" height=\"1080\" width=\"1920\"\/><\/p>\n<p>A los 84 a\u00f1os y meses despu\u00e9s de haber conseguido la prisi\u00f3n domiciliaria, falleci\u00f3 el represor de la \u00faltima dictadura militar <b>Ra\u00fal Guglielminetti.<\/b> Hab\u00eda sido condenado a perpetua por cr\u00edmenes de lesa humanidad en 2010.<\/p>\n<p>Conocido por su alias <b>\u201cMayor Guastavino\u201d<\/b>, su muerte fue confirmada este mi\u00e9rcoles por la noche por la agrupaci\u00f3n <b>HIJOS Capital<\/b>, que lo inform\u00f3 a trav\u00e9s de un posteo publicado en la red social X.<\/p>\n<p><b>\u201cNunca dijo d\u00f3nde est\u00e1n los cuerpos desaparecidos ni nuestras hermanas y hermanos. <\/b>Ni olvido ni perd\u00f3n\u201d, sostuvieron desde la organizaci\u00f3n, al respecto. <\/p>\n<p>El represor hab\u00eda estado detenido en el penal de Ezeiza y en Campo de Mayo por sus delitos; sin embargo, a fines de septiembre del a\u00f1o pasado una jueza orden\u00f3 su prisi\u00f3n domiciliaria debido a su importante deterioro de salud. <\/p>\n<h2>Sus condenas <\/h2>\n<p><b>Guglielminetti<\/b> recibi\u00f3 una serie de condenas por su participaci\u00f3n en cr\u00edmenes de lesa humanidad perpetrados en pleno gobierno militar, como los 25 casos de privaci\u00f3n ilegal de la libertad agravada y los 21 hechos de imposici\u00f3n agravada de tormentos cometidos en el centro clandestino de detenci\u00f3n conocido como <b>\u201cAutomotores Orletti\u201d<\/b>.<\/p>\n<p>Tambi\u00e9n result\u00f3 culpable de encabezar detenciones y torturas dentro del circuito represivo <b>\u201cABO\u201d<\/b> y en el centro clandestino conocido como <b>La Escuelita<\/b>, en el <b>Batall\u00f3n de Ingenieros 188<\/b>.<\/p>\n<p>En ese marco, se acredit\u00f3 que, durante el golpe de Estado del 24 de marzo de 1976, el ex esp\u00eda y agente de tareas detuvo al maestro <b>Orlando Balbo<\/b>, quien sobrevivi\u00f3 a los tormentos pero qued\u00f3 sordo. Aquel entonces estaba destinado en la delegaci\u00f3n <b>Neuqu\u00e9n<\/b> de la <b>Polic\u00eda Federal<\/b> en representaci\u00f3n del <b>Servicio de Inteligencia del Ej\u00e9rcito<\/b>. Adem\u00e1s, se lo vincul\u00f3 con <b>An\u00edbal Gordon<\/b>, quien fuera el jefe del grupo parapolicial denominado <b>Alianza Anticomunista Argentina (Triple A)<\/b>.<\/p>\n<p><img loading=\"lazy\" decoding=\"async\" src=\"https:\/\/lobosnews.com.ar\/wp-content\/uploads\/2026\/01\/murio-raul-guglielminetti-uno-de-los-represores-condenados-por-delitos-de-lesa-humanidad-1.jpg\" alt=\"Guglielminetti integr\u00f3 la SIDE, fue torturador, y se \u201crecicl\u00f3\u201d como parte de la custodia de Ra\u00fal Alfons\u00f3n.\" height=\"1080\" width=\"1920\"\/><\/p>\n<h2>Qui\u00e9n era el Mayor Guastavino<\/h2>\n<p>Ra\u00fal Guglielminetti se hac\u00eda pasar por locutor y periodista deportivo. A lo largo de su supuesta \u201ccarrera\u201d, se desempe\u00f1\u00f3 como cronista en LU5 de Neuqu\u00e9n y tambi\u00e9n pose\u00eda un carn\u00e9 del diario <i>Sur Argentino<\/i>, medio perteneciente a la familia Sapag.<\/p>\n<p><b>\u201cNo hab\u00eda dudas de que era servicio.<\/b> Al punto tal de que cuando gana C\u00e1mpora (las elecciones fueron en marzo de 1973), lo que hace la JP es tomar la radio y echarlo\u201c, asegur\u00f3 <b>Orlando Nano Balbo<\/b>, militante por los derechos humanos detenido por un Grupo de Tareas dirigido por el represor, en una entrevista de 2019. <\/p>\n<p>Balbo, quien falleci\u00f3 en 2023, hab\u00eda quedado totalmente sordo debido a las torturas ocurridas el 24 de marzo de 1976, de las que particip\u00f3 personalmente Guglielminetti. <\/p>\n<p><b>En abril de 2012, Balbo fue el primer testigo citado por el tribunal que enjuici\u00f3 a Guglielminetti. Meses despu\u00e9s, en noviembre, cuando se dict\u00f3 la sentencia, Candela Balbo, la hija del maestro, estaba sentada a su lado para escribirle en una peque\u00f1a pizarra las palabras del tribunal<\/b>. Guglielminetti fue condenado.<b> <\/b><\/p>\n<p>Ya durante el gobierno de Ra\u00fal Alfons\u00edn, el entonces subsecretario general de la Presidencia, Dante Giadone, arm\u00f3 un grupo que actu\u00f3 como un servicio de inteligencia paralelo a la SIDE. Seg\u00fan el propio Giadone, ni Alfons\u00edn ni el ministro de Defensa, Ra\u00fal Borr\u00e1s, confiaban en los servicios de inteligencia y por eso decidieron contar con un equipo que les aportara informaci\u00f3n de primera mano.<\/p>\n<p>En ese contexto, algunos militares sugirieron mantener a Guglielminetti en el \u00e1mbito de la Casa Militar, nombre que recibe la oficina de las Fuerzas Armadas en la Casa Rosada. De ese modo, Guglielminetti \u2014que por entonces se hac\u00eda llamar mayor Guastavino\u2014 qued\u00f3 al frente de un grupo de inteligencia que reportaba a la Subsecretar\u00eda General de la Presidencia.<\/p>\n<p><b>Al cabo de un tiempo, llegaron al despacho de Alfons\u00edn informes confidenciales con la trayectoria criminal de Guglielminetti, que tambi\u00e9n inclu\u00edan los secuestros extorsivos de empresarios para quedarse con dinero y propiedades.<\/b><\/p>\n<p>Fue por esos d\u00edas, tambi\u00e9n, que f<b>ue identificado en una foto que lo mostraba muy cerca del presidente<\/b>. <b>Y ah\u00ed surgi\u00f3 la noticia, confusa, de que era uno de sus custodios. La realidad era mucho m\u00e1s grave: Ra\u00fal Guglielminetti nunca fue un simple miembro de la custodia presidencial sino un agente de inteligencia de pasado oscuro enquistado en el entorno de Alfons\u00edn para intoxicar la informaci\u00f3n.<\/b><\/p>\n<p>Por entonces, <b>nadie orden\u00f3 su detenci\u00f3n<\/b>. El agente segu\u00eda con contactos y destrezas suficientes como para no dar cuentas ante la Justicia.<\/p>\n<p>Tard\u00f3 mucho en llegar, pero ocurri\u00f3: fue una tarde de agosto de 2006, cuando ya hab\u00eda ca\u00eddo el sol.<b> El juez Daniel Rafecas orden\u00f3 a un grupo de agentes de la Polic\u00eda Federal que dieran con su paradero. No result\u00f3 dif\u00edcil: estaba en su campo de Mercedes, provincia de Buenos Aires. De all\u00ed lo llevaron detenido y desde entonces fue condenado por varias causas.<\/b><\/p>\n","protected":false},"excerpt":{"rendered":"<p>A los 84 a\u00f1os y meses despu\u00e9s de haber conseguido la prisi\u00f3n domiciliaria, falleci\u00f3 el represor de la \u00faltima dictadura militar Ra\u00fal Guglielminetti. Hab\u00eda sido condenado a perpetua por cr\u00edmenes de lesa humanidad en 2010. Conocido por su alias \u201cMayor Guastavino\u201d, su muerte fue confirmada este mi\u00e9rcoles por la noche por la agrupaci\u00f3n HIJOS Capital,&#8230;<\/p>\n","protected":false},"author":1,"featured_media":10099,"comment_status":"open","ping_status":"closed","sticky":false,"template":"","format":"standard","meta":{"_jetpack_memberships_contains_paid_content":false,"footnotes":""},"categories":[31,30,32,77,84,35,36,37],"tags":[],"class_list":["post-10095","post","type-post","status-publish","format-standard","has-post-thumbnail","hentry","category-actualidad","category-argentina","category-economia","category-inseguridad","category-masradios-com","category-nacionales","category-seguridad","category-sociedad"],"magazineBlocksPostFeaturedMedia":{"thumbnail":"https:\/\/lobosnews.com.ar\/wp-content\/uploads\/2026\/01\/murio-raul-guglielminetti-uno-de-los-represores-condenados-por-delitos-de-lesa-humanidad-2-150x150.jpg","medium":"https:\/\/lobosnews.com.ar\/wp-content\/uploads\/2026\/01\/murio-raul-guglielminetti-uno-de-los-represores-condenados-por-delitos-de-lesa-humanidad-2-300x169.jpg","medium_large":"https:\/\/lobosnews.com.ar\/wp-content\/uploads\/2026\/01\/murio-raul-guglielminetti-uno-de-los-represores-condenados-por-delitos-de-lesa-humanidad-2-768x432.jpg","large":"https:\/\/lobosnews.com.ar\/wp-content\/uploads\/2026\/01\/murio-raul-guglielminetti-uno-de-los-represores-condenados-por-delitos-de-lesa-humanidad-2-1024x576.jpg","1536x1536":"https:\/\/lobosnews.com.ar\/wp-content\/uploads\/2026\/01\/murio-raul-guglielminetti-uno-de-los-represores-condenados-por-delitos-de-lesa-humanidad-2-1536x864.jpg","2048x2048":"https:\/\/lobosnews.com.ar\/wp-content\/uploads\/2026\/01\/murio-raul-guglielminetti-uno-de-los-represores-condenados-por-delitos-de-lesa-humanidad-2.jpg","newsmatic-featured":"https:\/\/lobosnews.com.ar\/wp-content\/uploads\/2026\/01\/murio-raul-guglielminetti-uno-de-los-represores-condenados-por-delitos-de-lesa-humanidad-2-820x545.jpg","newsmatic-list":"https:\/\/lobosnews.com.ar\/wp-content\/uploads\/2026\/01\/murio-raul-guglielminetti-uno-de-los-represores-condenados-por-delitos-de-lesa-humanidad-2-600x400.jpg","newsmatic-thumb":"https:\/\/lobosnews.com.ar\/wp-content\/uploads\/2026\/01\/murio-raul-guglielminetti-uno-de-los-represores-condenados-por-delitos-de-lesa-humanidad-2-300x200.jpg","newsmatic-small":"https:\/\/lobosnews.com.ar\/wp-content\/uploads\/2026\/01\/murio-raul-guglielminetti-uno-de-los-represores-condenados-por-delitos-de-lesa-humanidad-2-150x95.jpg","newsmatic-grid":"https:\/\/lobosnews.com.ar\/wp-content\/uploads\/2026\/01\/murio-raul-guglielminetti-uno-de-los-represores-condenados-por-delitos-de-lesa-humanidad-2-400x250.jpg"},"magazineBlocksPostAuthor":{"name":"admin","avatar":"https:\/\/secure.gravatar.com\/avatar\/76e419471a2083bc3ceab22a763dbbf9b0c1bd15a6214cf3280e2c2dde4580f9?s=96&d=mm&r=g"},"magazineBlocksPostCommentsNumber":"0","magazineBlocksPostExcerpt":"A los 84 a\u00f1os y meses despu\u00e9s de haber conseguido la prisi\u00f3n domiciliaria, falleci\u00f3 el represor de la \u00faltima dictadura militar Ra\u00fal Guglielminetti. Hab\u00eda sido condenado a perpetua por cr\u00edmenes de lesa humanidad en 2010. Conocido por su alias \u201cMayor Guastavino\u201d, su muerte fue confirmada este mi\u00e9rcoles por la noche por la agrupaci\u00f3n HIJOS Capital,...","magazineBlocksPostCategories":["Actualidad","Argentina","econom\u00eda","inseguridad","masradios.com","nacionales","seguridad","sociedad"],"magazineBlocksPostViewCount":127,"magazineBlocksPostReadTime":5,"magazine_blocks_featured_image_url":{"full":["https:\/\/lobosnews.com.ar\/wp-content\/uploads\/2026\/01\/murio-raul-guglielminetti-uno-de-los-represores-condenados-por-delitos-de-lesa-humanidad-2.jpg",1920,1080,false],"medium":["https:\/\/lobosnews.com.ar\/wp-content\/uploads\/2026\/01\/murio-raul-guglielminetti-uno-de-los-represores-condenados-por-delitos-de-lesa-humanidad-2-300x169.jpg",300,169,true],"thumbnail":["https:\/\/lobosnews.com.ar\/wp-content\/uploads\/2026\/01\/murio-raul-guglielminetti-uno-de-los-represores-condenados-por-delitos-de-lesa-humanidad-2-150x150.jpg",150,150,true]},"magazine_blocks_author":{"display_name":"admin","author_link":"https:\/\/lobosnews.com.ar\/index.php\/author\/lobos-news\/"},"magazine_blocks_comment":0,"magazine_blocks_author_image":"https:\/\/secure.gravatar.com\/avatar\/76e419471a2083bc3ceab22a763dbbf9b0c1bd15a6214cf3280e2c2dde4580f9?s=96&d=mm&r=g","magazine_blocks_category":"<a href=\"#\" class=\"category-link category-link-31\">Actualidad<\/a> <a href=\"#\" class=\"category-link category-link-30\">Argentina<\/a> <a href=\"#\" class=\"category-link category-link-32\">econom\u00eda<\/a> <a href=\"#\" class=\"category-link category-link-77\">inseguridad<\/a> <a href=\"#\" class=\"category-link category-link-84\">masradios.com<\/a> <a href=\"#\" class=\"category-link category-link-35\">nacionales<\/a> <a href=\"#\" class=\"category-link category-link-36\">seguridad<\/a> <a href=\"#\" class=\"category-link category-link-37\">sociedad<\/a>","yoast_head":"<!-- This site is optimized with the Yoast SEO plugin v26.6 - https:\/\/yoast.com\/wordpress\/plugins\/seo\/ -->\n<title>Muri\u00f3 Ra\u00fal Guglielminetti, uno de los represores condenados por delitos de lesa humanidad - Lobos News<\/title>\n<meta name=\"robots\" content=\"index, follow, max-snippet:-1, max-image-preview:large, max-video-preview:-1\" \/>\n<link rel=\"canonical\" href=\"https:\/\/lobosnews.com.ar\/index.php\/2026\/01\/22\/murio-raul-guglielminetti-uno-de-los-represores-condenados-por-delitos-de-lesa-humanidad\/\" \/>\n<meta property=\"og:locale\" content=\"es_ES\" \/>\n<meta property=\"og:type\" content=\"article\" \/>\n<meta property=\"og:title\" content=\"Muri\u00f3 Ra\u00fal Guglielminetti, uno de los represores condenados por delitos de lesa humanidad - Lobos News\" \/>\n<meta property=\"og:description\" content=\"A los 84 a\u00f1os y meses despu\u00e9s de haber conseguido la prisi\u00f3n domiciliaria, falleci\u00f3 el represor de la \u00faltima dictadura militar Ra\u00fal Guglielminetti. Hab\u00eda sido condenado a perpetua por cr\u00edmenes de lesa humanidad en 2010. Conocido por su alias \u201cMayor Guastavino\u201d, su muerte fue confirmada este mi\u00e9rcoles por la noche por la agrupaci\u00f3n HIJOS Capital,...\" \/>\n<meta property=\"og:url\" content=\"https:\/\/lobosnews.com.ar\/index.php\/2026\/01\/22\/murio-raul-guglielminetti-uno-de-los-represores-condenados-por-delitos-de-lesa-humanidad\/\" \/>\n<meta property=\"og:site_name\" content=\"Lobos News\" \/>\n<meta property=\"article:published_time\" content=\"2026-01-22T12:46:51+00:00\" \/>\n<meta property=\"article:modified_time\" content=\"2026-01-22T14:41:20+00:00\" \/>\n<meta property=\"og:image\" content=\"https:\/\/lobosnews.com.ar\/wp-content\/uploads\/2026\/01\/murio-raul-guglielminetti-uno-de-los-represores-condenados-por-delitos-de-lesa-humanidad.jpg\" \/>\n<meta name=\"author\" content=\"admin\" \/>\n<meta name=\"twitter:card\" content=\"summary_large_image\" \/>\n<meta name=\"twitter:label1\" content=\"Escrito por\" \/>\n\t<meta name=\"twitter:data1\" content=\"admin\" \/>\n\t<meta name=\"twitter:label2\" content=\"Tiempo de lectura\" \/>\n\t<meta name=\"twitter:data2\" content=\"4 minutos\" \/>\n<script type=\"application\/ld+json\" class=\"yoast-schema-graph\">{\"@context\":\"https:\/\/schema.org\",\"@graph\":[{\"@type\":\"Article\",\"@id\":\"https:\/\/lobosnews.com.ar\/index.php\/2026\/01\/22\/murio-raul-guglielminetti-uno-de-los-represores-condenados-por-delitos-de-lesa-humanidad\/#article\",\"isPartOf\":{\"@id\":\"https:\/\/lobosnews.com.ar\/index.php\/2026\/01\/22\/murio-raul-guglielminetti-uno-de-los-represores-condenados-por-delitos-de-lesa-humanidad\/\"},\"author\":{\"name\":\"admin\",\"@id\":\"https:\/\/lobosnews.com.ar\/#\/schema\/person\/232422a593d5c541dd9aef6aaed10943\"},\"headline\":\"Muri\u00f3 Ra\u00fal Guglielminetti, uno de los represores condenados por delitos de lesa humanidad\",\"datePublished\":\"2026-01-22T12:46:51+00:00\",\"dateModified\":\"2026-01-22T14:41:20+00:00\",\"mainEntityOfPage\":{\"@id\":\"https:\/\/lobosnews.com.ar\/index.php\/2026\/01\/22\/murio-raul-guglielminetti-uno-de-los-represores-condenados-por-delitos-de-lesa-humanidad\/\"},\"wordCount\":838,\"commentCount\":0,\"publisher\":{\"@id\":\"https:\/\/lobosnews.com.ar\/#organization\"},\"image\":{\"@id\":\"https:\/\/lobosnews.com.ar\/index.php\/2026\/01\/22\/murio-raul-guglielminetti-uno-de-los-represores-condenados-por-delitos-de-lesa-humanidad\/#primaryimage\"},\"thumbnailUrl\":\"https:\/\/lobosnews.com.ar\/wp-content\/uploads\/2026\/01\/murio-raul-guglielminetti-uno-de-los-represores-condenados-por-delitos-de-lesa-humanidad-2.jpg\",\"articleSection\":[\"Actualidad\",\"Argentina\",\"econom\u00eda\",\"inseguridad\",\"masradios.com\",\"nacionales\",\"seguridad\",\"sociedad\"],\"inLanguage\":\"es\",\"potentialAction\":[{\"@type\":\"CommentAction\",\"name\":\"Comment\",\"target\":[\"https:\/\/lobosnews.com.ar\/index.php\/2026\/01\/22\/murio-raul-guglielminetti-uno-de-los-represores-condenados-por-delitos-de-lesa-humanidad\/#respond\"]}]},{\"@type\":\"WebPage\",\"@id\":\"https:\/\/lobosnews.com.ar\/index.php\/2026\/01\/22\/murio-raul-guglielminetti-uno-de-los-represores-condenados-por-delitos-de-lesa-humanidad\/\",\"url\":\"https:\/\/lobosnews.com.ar\/index.php\/2026\/01\/22\/murio-raul-guglielminetti-uno-de-los-represores-condenados-por-delitos-de-lesa-humanidad\/\",\"name\":\"Muri\u00f3 Ra\u00fal Guglielminetti, uno de los represores condenados por delitos de lesa humanidad - Lobos News\",\"isPartOf\":{\"@id\":\"https:\/\/lobosnews.com.ar\/#website\"},\"primaryImageOfPage\":{\"@id\":\"https:\/\/lobosnews.com.ar\/index.php\/2026\/01\/22\/murio-raul-guglielminetti-uno-de-los-represores-condenados-por-delitos-de-lesa-humanidad\/#primaryimage\"},\"image\":{\"@id\":\"https:\/\/lobosnews.com.ar\/index.php\/2026\/01\/22\/murio-raul-guglielminetti-uno-de-los-represores-condenados-por-delitos-de-lesa-humanidad\/#primaryimage\"},\"thumbnailUrl\":\"https:\/\/lobosnews.com.ar\/wp-content\/uploads\/2026\/01\/murio-raul-guglielminetti-uno-de-los-represores-condenados-por-delitos-de-lesa-humanidad-2.jpg\",\"datePublished\":\"2026-01-22T12:46:51+00:00\",\"dateModified\":\"2026-01-22T14:41:20+00:00\",\"breadcrumb\":{\"@id\":\"https:\/\/lobosnews.com.ar\/index.php\/2026\/01\/22\/murio-raul-guglielminetti-uno-de-los-represores-condenados-por-delitos-de-lesa-humanidad\/#breadcrumb\"},\"inLanguage\":\"es\",\"potentialAction\":[{\"@type\":\"ReadAction\",\"target\":[\"https:\/\/lobosnews.com.ar\/index.php\/2026\/01\/22\/murio-raul-guglielminetti-uno-de-los-represores-condenados-por-delitos-de-lesa-humanidad\/\"]}]},{\"@type\":\"ImageObject\",\"inLanguage\":\"es\",\"@id\":\"https:\/\/lobosnews.com.ar\/index.php\/2026\/01\/22\/murio-raul-guglielminetti-uno-de-los-represores-condenados-por-delitos-de-lesa-humanidad\/#primaryimage\",\"url\":\"https:\/\/lobosnews.com.ar\/wp-content\/uploads\/2026\/01\/murio-raul-guglielminetti-uno-de-los-represores-condenados-por-delitos-de-lesa-humanidad-2.jpg\",\"contentUrl\":\"https:\/\/lobosnews.com.ar\/wp-content\/uploads\/2026\/01\/murio-raul-guglielminetti-uno-de-los-represores-condenados-por-delitos-de-lesa-humanidad-2.jpg\",\"width\":1920,\"height\":1080,\"caption\":\"Muri\u00f3 Ra\u00fal Guglielminetti, uno de los represores condenados por delitos de lesa humanidad\"},{\"@type\":\"BreadcrumbList\",\"@id\":\"https:\/\/lobosnews.com.ar\/index.php\/2026\/01\/22\/murio-raul-guglielminetti-uno-de-los-represores-condenados-por-delitos-de-lesa-humanidad\/#breadcrumb\",\"itemListElement\":[{\"@type\":\"ListItem\",\"position\":1,\"name\":\"Portada\",\"item\":\"https:\/\/lobosnews.com.ar\/\"},{\"@type\":\"ListItem\",\"position\":2,\"name\":\"Muri\u00f3 Ra\u00fal Guglielminetti, uno de los represores condenados por delitos de lesa humanidad\"}]},{\"@type\":\"WebSite\",\"@id\":\"https:\/\/lobosnews.com.ar\/#website\",\"url\":\"https:\/\/lobosnews.com.ar\/\",\"name\":\"Lobos News\",\"description\":\"Informaci\u00f3n a cada instante\",\"publisher\":{\"@id\":\"https:\/\/lobosnews.com.ar\/#organization\"},\"potentialAction\":[{\"@type\":\"SearchAction\",\"target\":{\"@type\":\"EntryPoint\",\"urlTemplate\":\"https:\/\/lobosnews.com.ar\/?s={search_term_string}\"},\"query-input\":{\"@type\":\"PropertyValueSpecification\",\"valueRequired\":true,\"valueName\":\"search_term_string\"}}],\"inLanguage\":\"es\"},{\"@type\":\"Organization\",\"@id\":\"https:\/\/lobosnews.com.ar\/#organization\",\"name\":\"Lobos News\",\"url\":\"https:\/\/lobosnews.com.ar\/\",\"logo\":{\"@type\":\"ImageObject\",\"inLanguage\":\"es\",\"@id\":\"https:\/\/lobosnews.com.ar\/#\/schema\/logo\/image\/\",\"url\":\"https:\/\/lobosnews.com.ar\/wp-content\/uploads\/2026\/01\/logo-lobosnews.png\",\"contentUrl\":\"https:\/\/lobosnews.com.ar\/wp-content\/uploads\/2026\/01\/logo-lobosnews.png\",\"width\":500,\"height\":200,\"caption\":\"Lobos News\"},\"image\":{\"@id\":\"https:\/\/lobosnews.com.ar\/#\/schema\/logo\/image\/\"}},{\"@type\":\"Person\",\"@id\":\"https:\/\/lobosnews.com.ar\/#\/schema\/person\/232422a593d5c541dd9aef6aaed10943\",\"name\":\"admin\",\"image\":{\"@type\":\"ImageObject\",\"inLanguage\":\"es\",\"@id\":\"https:\/\/lobosnews.com.ar\/#\/schema\/person\/image\/\",\"url\":\"https:\/\/secure.gravatar.com\/avatar\/76e419471a2083bc3ceab22a763dbbf9b0c1bd15a6214cf3280e2c2dde4580f9?s=96&d=mm&r=g\",\"contentUrl\":\"https:\/\/secure.gravatar.com\/avatar\/76e419471a2083bc3ceab22a763dbbf9b0c1bd15a6214cf3280e2c2dde4580f9?s=96&d=mm&r=g\",\"caption\":\"admin\"},\"sameAs\":[\"https:\/\/lobosnews.com.ar\"],\"url\":\"https:\/\/lobosnews.com.ar\/index.php\/author\/lobos-news\/\"}]}<\/script>\n<!-- \/ Yoast SEO plugin. -->","yoast_head_json":{"title":"Muri\u00f3 Ra\u00fal Guglielminetti, uno de los represores condenados por delitos de lesa humanidad - Lobos News","robots":{"index":"index","follow":"follow","max-snippet":"max-snippet:-1","max-image-preview":"max-image-preview:large","max-video-preview":"max-video-preview:-1"},"canonical":"https:\/\/lobosnews.com.ar\/index.php\/2026\/01\/22\/murio-raul-guglielminetti-uno-de-los-represores-condenados-por-delitos-de-lesa-humanidad\/","og_locale":"es_ES","og_type":"article","og_title":"Muri\u00f3 Ra\u00fal Guglielminetti, uno de los represores condenados por delitos de lesa humanidad - Lobos News","og_description":"A los 84 a\u00f1os y meses despu\u00e9s de haber conseguido la prisi\u00f3n domiciliaria, falleci\u00f3 el represor de la \u00faltima dictadura militar Ra\u00fal Guglielminetti. Hab\u00eda sido condenado a perpetua por cr\u00edmenes de lesa humanidad en 2010. Conocido por su alias \u201cMayor Guastavino\u201d, su muerte fue confirmada este mi\u00e9rcoles por la noche por la agrupaci\u00f3n HIJOS Capital,...","og_url":"https:\/\/lobosnews.com.ar\/index.php\/2026\/01\/22\/murio-raul-guglielminetti-uno-de-los-represores-condenados-por-delitos-de-lesa-humanidad\/","og_site_name":"Lobos News","article_published_time":"2026-01-22T12:46:51+00:00","article_modified_time":"2026-01-22T14:41:20+00:00","og_image":[{"url":"https:\/\/lobosnews.com.ar\/wp-content\/uploads\/2026\/01\/murio-raul-guglielminetti-uno-de-los-represores-condenados-por-delitos-de-lesa-humanidad.jpg","type":"","width":"","height":""}],"author":"admin","twitter_card":"summary_large_image","twitter_misc":{"Escrito por":"admin","Tiempo de lectura":"4 minutos"},"schema":{"@context":"https:\/\/schema.org","@graph":[{"@type":"Article","@id":"https:\/\/lobosnews.com.ar\/index.php\/2026\/01\/22\/murio-raul-guglielminetti-uno-de-los-represores-condenados-por-delitos-de-lesa-humanidad\/#article","isPartOf":{"@id":"https:\/\/lobosnews.com.ar\/index.php\/2026\/01\/22\/murio-raul-guglielminetti-uno-de-los-represores-condenados-por-delitos-de-lesa-humanidad\/"},"author":{"name":"admin","@id":"https:\/\/lobosnews.com.ar\/#\/schema\/person\/232422a593d5c541dd9aef6aaed10943"},"headline":"Muri\u00f3 Ra\u00fal Guglielminetti, uno de los represores condenados por delitos de lesa humanidad","datePublished":"2026-01-22T12:46:51+00:00","dateModified":"2026-01-22T14:41:20+00:00","mainEntityOfPage":{"@id":"https:\/\/lobosnews.com.ar\/index.php\/2026\/01\/22\/murio-raul-guglielminetti-uno-de-los-represores-condenados-por-delitos-de-lesa-humanidad\/"},"wordCount":838,"commentCount":0,"publisher":{"@id":"https:\/\/lobosnews.com.ar\/#organization"},"image":{"@id":"https:\/\/lobosnews.com.ar\/index.php\/2026\/01\/22\/murio-raul-guglielminetti-uno-de-los-represores-condenados-por-delitos-de-lesa-humanidad\/#primaryimage"},"thumbnailUrl":"https:\/\/lobosnews.com.ar\/wp-content\/uploads\/2026\/01\/murio-raul-guglielminetti-uno-de-los-represores-condenados-por-delitos-de-lesa-humanidad-2.jpg","articleSection":["Actualidad","Argentina","econom\u00eda","inseguridad","masradios.com","nacionales","seguridad","sociedad"],"inLanguage":"es","potentialAction":[{"@type":"CommentAction","name":"Comment","target":["https:\/\/lobosnews.com.ar\/index.php\/2026\/01\/22\/murio-raul-guglielminetti-uno-de-los-represores-condenados-por-delitos-de-lesa-humanidad\/#respond"]}]},{"@type":"WebPage","@id":"https:\/\/lobosnews.com.ar\/index.php\/2026\/01\/22\/murio-raul-guglielminetti-uno-de-los-represores-condenados-por-delitos-de-lesa-humanidad\/","url":"https:\/\/lobosnews.com.ar\/index.php\/2026\/01\/22\/murio-raul-guglielminetti-uno-de-los-represores-condenados-por-delitos-de-lesa-humanidad\/","name":"Muri\u00f3 Ra\u00fal Guglielminetti, uno de los represores condenados por delitos de lesa humanidad - Lobos News","isPartOf":{"@id":"https:\/\/lobosnews.com.ar\/#website"},"primaryImageOfPage":{"@id":"https:\/\/lobosnews.com.ar\/index.php\/2026\/01\/22\/murio-raul-guglielminetti-uno-de-los-represores-condenados-por-delitos-de-lesa-humanidad\/#primaryimage"},"image":{"@id":"https:\/\/lobosnews.com.ar\/index.php\/2026\/01\/22\/murio-raul-guglielminetti-uno-de-los-represores-condenados-por-delitos-de-lesa-humanidad\/#primaryimage"},"thumbnailUrl":"https:\/\/lobosnews.com.ar\/wp-content\/uploads\/2026\/01\/murio-raul-guglielminetti-uno-de-los-represores-condenados-por-delitos-de-lesa-humanidad-2.jpg","datePublished":"2026-01-22T12:46:51+00:00","dateModified":"2026-01-22T14:41:20+00:00","breadcrumb":{"@id":"https:\/\/lobosnews.com.ar\/index.php\/2026\/01\/22\/murio-raul-guglielminetti-uno-de-los-represores-condenados-por-delitos-de-lesa-humanidad\/#breadcrumb"},"inLanguage":"es","potentialAction":[{"@type":"ReadAction","target":["https:\/\/lobosnews.com.ar\/index.php\/2026\/01\/22\/murio-raul-guglielminetti-uno-de-los-represores-condenados-por-delitos-de-lesa-humanidad\/"]}]},{"@type":"ImageObject","inLanguage":"es","@id":"https:\/\/lobosnews.com.ar\/index.php\/2026\/01\/22\/murio-raul-guglielminetti-uno-de-los-represores-condenados-por-delitos-de-lesa-humanidad\/#primaryimage","url":"https:\/\/lobosnews.com.ar\/wp-content\/uploads\/2026\/01\/murio-raul-guglielminetti-uno-de-los-represores-condenados-por-delitos-de-lesa-humanidad-2.jpg","contentUrl":"https:\/\/lobosnews.com.ar\/wp-content\/uploads\/2026\/01\/murio-raul-guglielminetti-uno-de-los-represores-condenados-por-delitos-de-lesa-humanidad-2.jpg","width":1920,"height":1080,"caption":"Muri\u00f3 Ra\u00fal Guglielminetti, uno de los represores condenados por delitos de lesa humanidad"},{"@type":"BreadcrumbList","@id":"https:\/\/lobosnews.com.ar\/index.php\/2026\/01\/22\/murio-raul-guglielminetti-uno-de-los-represores-condenados-por-delitos-de-lesa-humanidad\/#breadcrumb","itemListElement":[{"@type":"ListItem","position":1,"name":"Portada","item":"https:\/\/lobosnews.com.ar\/"},{"@type":"ListItem","position":2,"name":"Muri\u00f3 Ra\u00fal Guglielminetti, uno de los represores condenados por delitos de lesa humanidad"}]},{"@type":"WebSite","@id":"https:\/\/lobosnews.com.ar\/#website","url":"https:\/\/lobosnews.com.ar\/","name":"Lobos News","description":"Informaci\u00f3n a cada instante","publisher":{"@id":"https:\/\/lobosnews.com.ar\/#organization"},"potentialAction":[{"@type":"SearchAction","target":{"@type":"EntryPoint","urlTemplate":"https:\/\/lobosnews.com.ar\/?s={search_term_string}"},"query-input":{"@type":"PropertyValueSpecification","valueRequired":true,"valueName":"search_term_string"}}],"inLanguage":"es"},{"@type":"Organization","@id":"https:\/\/lobosnews.com.ar\/#organization","name":"Lobos News","url":"https:\/\/lobosnews.com.ar\/","logo":{"@type":"ImageObject","inLanguage":"es","@id":"https:\/\/lobosnews.com.ar\/#\/schema\/logo\/image\/","url":"https:\/\/lobosnews.com.ar\/wp-content\/uploads\/2026\/01\/logo-lobosnews.png","contentUrl":"https:\/\/lobosnews.com.ar\/wp-content\/uploads\/2026\/01\/logo-lobosnews.png","width":500,"height":200,"caption":"Lobos News"},"image":{"@id":"https:\/\/lobosnews.com.ar\/#\/schema\/logo\/image\/"}},{"@type":"Person","@id":"https:\/\/lobosnews.com.ar\/#\/schema\/person\/232422a593d5c541dd9aef6aaed10943","name":"admin","image":{"@type":"ImageObject","inLanguage":"es","@id":"https:\/\/lobosnews.com.ar\/#\/schema\/person\/image\/","url":"https:\/\/secure.gravatar.com\/avatar\/76e419471a2083bc3ceab22a763dbbf9b0c1bd15a6214cf3280e2c2dde4580f9?s=96&d=mm&r=g","contentUrl":"https:\/\/secure.gravatar.com\/avatar\/76e419471a2083bc3ceab22a763dbbf9b0c1bd15a6214cf3280e2c2dde4580f9?s=96&d=mm&r=g","caption":"admin"},"sameAs":["https:\/\/lobosnews.com.ar"],"url":"https:\/\/lobosnews.com.ar\/index.php\/author\/lobos-news\/"}]}},"jetpack_featured_media_url":"https:\/\/lobosnews.com.ar\/wp-content\/uploads\/2026\/01\/murio-raul-guglielminetti-uno-de-los-represores-condenados-por-delitos-de-lesa-humanidad-2.jpg","jetpack_sharing_enabled":true,"_links":{"self":[{"href":"https:\/\/lobosnews.com.ar\/index.php\/wp-json\/wp\/v2\/posts\/10095","targetHints":{"allow":["GET"]}}],"collection":[{"href":"https:\/\/lobosnews.com.ar\/index.php\/wp-json\/wp\/v2\/posts"}],"about":[{"href":"https:\/\/lobosnews.com.ar\/index.php\/wp-json\/wp\/v2\/types\/post"}],"author":[{"embeddable":true,"href":"https:\/\/lobosnews.com.ar\/index.php\/wp-json\/wp\/v2\/users\/1"}],"replies":[{"embeddable":true,"href":"https:\/\/lobosnews.com.ar\/index.php\/wp-json\/wp\/v2\/comments?post=10095"}],"version-history":[{"count":1,"href":"https:\/\/lobosnews.com.ar\/index.php\/wp-json\/wp\/v2\/posts\/10095\/revisions"}],"predecessor-version":[{"id":10098,"href":"https:\/\/lobosnews.com.ar\/index.php\/wp-json\/wp\/v2\/posts\/10095\/revisions\/10098"}],"wp:featuredmedia":[{"embeddable":true,"href":"https:\/\/lobosnews.com.ar\/index.php\/wp-json\/wp\/v2\/media\/10099"}],"wp:attachment":[{"href":"https:\/\/lobosnews.com.ar\/index.php\/wp-json\/wp\/v2\/media?parent=10095"}],"wp:term":[{"taxonomy":"category","embeddable":true,"href":"https:\/\/lobosnews.com.ar\/index.php\/wp-json\/wp\/v2\/categories?post=10095"},{"taxonomy":"post_tag","embeddable":true,"href":"https:\/\/lobosnews.com.ar\/index.php\/wp-json\/wp\/v2\/tags?post=10095"}],"curies":[{"name":"wp","href":"https:\/\/api.w.org\/{rel}","templated":true}]}}