{"id":10052,"date":"2026-01-22T09:00:01","date_gmt":"2026-01-22T09:00:01","guid":{"rendered":"https:\/\/lobosnews.com.ar\/index.php\/2026\/01\/22\/que-son-los-nodulos-pulmonares-y-cuando-pueden-generar-preocupacion\/"},"modified":"2026-01-22T11:09:11","modified_gmt":"2026-01-22T11:09:11","slug":"que-son-los-nodulos-pulmonares-y-cuando-pueden-generar-preocupacion","status":"publish","type":"post","link":"https:\/\/lobosnews.com.ar\/index.php\/2026\/01\/22\/que-son-los-nodulos-pulmonares-y-cuando-pueden-generar-preocupacion\/","title":{"rendered":"Qu\u00e9 son los n\u00f3dulos pulmonares y cu\u00e1ndo pueden generar preocupaci\u00f3n"},"content":{"rendered":"<p><img fetchpriority=\"high\" decoding=\"async\" src=\"https:\/\/lobosnews.com.ar\/wp-content\/uploads\/2026\/01\/que-son-los-nodulos-pulmonares-y-cuando-pueden-generar-preocupacion.jpg\" alt=\"Los n\u00f3dulos pulmonares, frecuentes en estudios de im\u00e1genes, suelen ser benignos y no representan peligro grave para la salud (Imagen Ilustrativa Infobae)\" height=\"768\" width=\"1408\"\/><\/p>\n<p>En la actualidad, el avance de la <span class=\"waslinkname\">tecnolog\u00eda m\u00e9dica<\/span> ha permitido detectar con mayor frecuencia hallazgos inesperados en estudios de rutina. <b>Uno de los m\u00e1s comunes en personas adultas es la presencia de n\u00f3dulos pulmonares<\/b>. Aunque su aparici\u00f3n suele generar inquietud, la gran mayor\u00eda de estos n\u00f3dulos no representa un riesgo grave para la salud. <\/p>\n<p>Comprender sus causas, factores de riesgo y el enfoque m\u00e9dico adecuado resulta fundamental para <b>evitar preocupaciones innecesarias y garantizar un seguimiento apropiado.<\/b><\/p>\n<h2>\u00bfQu\u00e9 son los n\u00f3dulos pulmonares y cu\u00e1n frecuentes son?<\/h2>\n<p>Los <b>n\u00f3dulos pulmonares<\/b> <b>son peque\u00f1as masas que suelen visualizarse en estudios de imagen<\/b>, como la tomograf\u00eda de t\u00f3rax. Estos hallazgos son frecuentes en la poblaci\u00f3n adulta. De acuerdo con <i>Mayo Clinic<\/i>, al menos la mitad de las personas mayores de 50 a\u00f1os puede presentar uno o m\u00e1s n\u00f3dulos, aunque la mayor\u00eda no implica un peligro considerable para la salud.<\/p>\n<p>Especialistas de <i>Mayo Clinic<\/i> afirman que entre el <b>96% y el 98% de los n\u00f3dulos pulmonares son benignos, incluso en quienes presentan factores de alto riesgo, como el tabaquismo.<\/b> El <b>Dr. David E. Midthun<\/b>, neum\u00f3logo de la instituci\u00f3n, explica: \u201cLa gran mayor\u00eda de estos n\u00f3dulos corresponde a tejido cicatricial de infecciones pulmonares previas y suele no causar s\u00edntomas\u201d.<\/p>\n<p><img loading=\"lazy\" decoding=\"async\" src=\"https:\/\/lobosnews.com.ar\/wp-content\/uploads\/2026\/01\/que-son-los-nodulos-pulmonares-y-cuando-pueden-generar-preocupacion-1.jpg\" alt=\"El tama\u00f1o del n\u00f3dulo, el tabaquismo, la edad y antecedentes de c\u00e1ncer influyen en la evaluaci\u00f3n m\u00e9dica de los n\u00f3dulos pulmonares (Imagen Ilustrativa Infobae)\" height=\"768\" width=\"1408\"\/><\/p>\n<p>La preocupaci\u00f3n m\u00e9dica surge cuando se cumplen ciertos <b>criterios cl\u00ednicos espec\u00edficos<\/b>. El equipo m\u00e9dico eval\u00faa el tama\u00f1o y la apariencia del n\u00f3dulo, la edad del paciente, los antecedentes de tabaquismo, la presencia de varios n\u00f3dulos y si existen antecedentes de c\u00e1ncer o exposici\u00f3n a asbesto. Adem\u00e1s, <b>comparar im\u00e1genes previas<\/b> puede ser clave para analizar la evoluci\u00f3n del n\u00f3dulo. El Dr. Midthun se\u00f1ala: \u201cEstas im\u00e1genes suelen ser muy valiosas para determinar si un n\u00f3dulo es canceroso\u201d.<\/p>\n<h2>Estrategias de control y seguimiento<\/h2>\n<p>Las recomendaciones de control var\u00edan seg\u00fan cada situaci\u00f3n. Cuando el n\u00f3dulo mide menos de seis mil\u00edmetros y el paciente nunca ha fumado, habitualmente no se solicitan estudios adicionales, ya que el riesgo de c\u00e1ncer es <b>excepcionalmente bajo<\/b>. Seg\u00fan la <i>Mayo Clinic<\/i>, en estos casos la exposici\u00f3n innecesaria a la radiaci\u00f3n puede suponer un riesgo mayor que el beneficio de nuevas pruebas.<\/p>\n<p><b>Si la persona fuma o fum\u00f3 en el pasado, se suele recomendar repetir la tomograf\u00eda computarizada despu\u00e9s de un a\u00f1o.<\/b> Para n\u00f3dulos de seis mil\u00edmetros o m\u00e1s, o cuando existen factores de riesgo, los m\u00e9dicos pueden optar por nuevos controles en pocos meses o al a\u00f1o para observar posibles cambios. En ocasiones, se indica una tomograf\u00eda por emisi\u00f3n de positrones (PET-TC) para obtener informaci\u00f3n adicional sobre la naturaleza del n\u00f3dulo.<\/p>\n<p><img loading=\"lazy\" decoding=\"async\" src=\"https:\/\/lobosnews.com.ar\/wp-content\/uploads\/2026\/01\/que-son-los-nodulos-pulmonares-y-cuando-pueden-generar-preocupacion-2.jpg\" alt=\"Para fumadores o exfumadores, la repetici\u00f3n de la tomograf\u00eda computarizada suele recomendarse despu\u00e9s de un a\u00f1o\" height=\"5792\" width=\"8688\"\/><\/p>\n<p>Cuando el n\u00f3dulo permanece sin cambios durante dos a\u00f1os, habitualmente se descarta la necesidad de nuevos estudios. Si el n\u00f3dulo aumenta de tama\u00f1o, el equipo m\u00e9dico puede sugerir una biopsia o, si corresponde, la extirpaci\u00f3n quir\u00fargica para confirmar la presencia de c\u00e9lulas cancerosas.<\/p>\n<p>La <b>vigilancia activa<\/b> es esencial en estos casos. Si un posible c\u00e1ncer de pulm\u00f3n se detecta en una etapa temprana, las probabilidades de \u00e9xito del tratamiento aumentan. Esta estrategia evita procedimientos invasivos innecesarios, ya que muchos tumores pulmonares peque\u00f1os crecen a un ritmo muy lento.<\/p>\n<h2>Causas frecuentes y el caso de la fiebre del valle<\/h2>\n<p>Entre las causas m\u00e1s habituales de los n\u00f3dulos se encuentran infecciones como la<span class=\"waslinkname\"> <b>fiebre del valle<\/b><\/span>, com\u00fan en el suroeste de <b>Estados Unidos<\/b>. La <b>Dra. Janis E. Blair<\/b>, especialista en enfermedades infecciosas de la <i>Mayo Clinic<\/i>, explica:<b> \u201cLa fiebre del valle es una infecci\u00f3n causada por el hongo Coccidioides, que habita en suelos des\u00e9rticos de la regi\u00f3n\u201d. <\/b><\/p>\n<p>Inhalar sus esporas puede provocar infecciones y dejar una marca pulmonar permanente, generalmente sin s\u00edntomas visibles. La doctora Blair indica que cerca del 60% de quienes contraen la infecci\u00f3n no presentan s\u00edntomas y desconocen que tienen una mancha en el pulm\u00f3n. <b>Existen an\u00e1lisis de sangre para detectar la respuesta inmunitaria al Coccidioides<\/b>, aunque estos estudios no determinan si esa fue la causa directa del n\u00f3dulo.<\/p>\n<p><img loading=\"lazy\" decoding=\"async\" src=\"https:\/\/lobosnews.com.ar\/wp-content\/uploads\/2026\/01\/que-son-los-nodulos-pulmonares-y-cuando-pueden-generar-preocupacion-3.jpg\" alt=\"Asistir a las consultas m\u00e9dicas programadas permite la detecci\u00f3n precoz de n\u00f3dulos pulmonares y mejora las posibilidades de tratamiento eficaz (Imagen Ilustrativa Infobae)\" height=\"768\" width=\"1408\"\/><\/p>\n<p>Desde <i>Mayo Clinic<\/i> enfatizan que, incluso si el origen del n\u00f3dulo es infeccioso, las indicaciones de seguimiento no cambian. El acompa\u00f1amiento m\u00e9dico y los controles peri\u00f3dicos son <b>fundamentales para observar la evoluci\u00f3n<\/b> y actuar si resulta necesario. <\/p>\n<p>Asistir a las consultas programadas permite detectar precozmente un posible n\u00f3dulo pulmonar canceroso y mejora las posibilidades de un tratamiento eficaz. <b>La detecci\u00f3n temprana y la vigilancia adecuada<\/b> son esenciales para afrontar este hallazgo con tranquilidad y seguridad.<\/p>\n","protected":false},"excerpt":{"rendered":"<p>En la actualidad, el avance de la tecnolog\u00eda m\u00e9dica ha permitido detectar con mayor frecuencia hallazgos inesperados en estudios de rutina. Uno de los m\u00e1s comunes en personas adultas es la presencia de n\u00f3dulos pulmonares. Aunque su aparici\u00f3n suele generar inquietud, la gran mayor\u00eda de estos n\u00f3dulos no representa un riesgo grave para la salud&#8230;.<\/p>\n","protected":false},"author":1,"featured_media":10058,"comment_status":"open","ping_status":"closed","sticky":false,"template":"","format":"standard","meta":{"_jetpack_memberships_contains_paid_content":false,"footnotes":""},"categories":[81],"tags":[],"class_list":["post-10052","post","type-post","status-publish","format-standard","has-post-thumbnail","hentry","category-salud"],"magazineBlocksPostFeaturedMedia":{"thumbnail":"https:\/\/lobosnews.com.ar\/wp-content\/uploads\/2026\/01\/que-son-los-nodulos-pulmonares-y-cuando-pueden-generar-preocupacion-6-150x150.jpg","medium":"https:\/\/lobosnews.com.ar\/wp-content\/uploads\/2026\/01\/que-son-los-nodulos-pulmonares-y-cuando-pueden-generar-preocupacion-6-300x164.jpg","medium_large":"https:\/\/lobosnews.com.ar\/wp-content\/uploads\/2026\/01\/que-son-los-nodulos-pulmonares-y-cuando-pueden-generar-preocupacion-6-768x419.jpg","large":"https:\/\/lobosnews.com.ar\/wp-content\/uploads\/2026\/01\/que-son-los-nodulos-pulmonares-y-cuando-pueden-generar-preocupacion-6-1024x559.jpg","1536x1536":"https:\/\/lobosnews.com.ar\/wp-content\/uploads\/2026\/01\/que-son-los-nodulos-pulmonares-y-cuando-pueden-generar-preocupacion-6.jpg","2048x2048":"https:\/\/lobosnews.com.ar\/wp-content\/uploads\/2026\/01\/que-son-los-nodulos-pulmonares-y-cuando-pueden-generar-preocupacion-6.jpg","newsmatic-featured":"https:\/\/lobosnews.com.ar\/wp-content\/uploads\/2026\/01\/que-son-los-nodulos-pulmonares-y-cuando-pueden-generar-preocupacion-6-820x545.jpg","newsmatic-list":"https:\/\/lobosnews.com.ar\/wp-content\/uploads\/2026\/01\/que-son-los-nodulos-pulmonares-y-cuando-pueden-generar-preocupacion-6-600x400.jpg","newsmatic-thumb":"https:\/\/lobosnews.com.ar\/wp-content\/uploads\/2026\/01\/que-son-los-nodulos-pulmonares-y-cuando-pueden-generar-preocupacion-6-300x200.jpg","newsmatic-small":"https:\/\/lobosnews.com.ar\/wp-content\/uploads\/2026\/01\/que-son-los-nodulos-pulmonares-y-cuando-pueden-generar-preocupacion-6-150x95.jpg","newsmatic-grid":"https:\/\/lobosnews.com.ar\/wp-content\/uploads\/2026\/01\/que-son-los-nodulos-pulmonares-y-cuando-pueden-generar-preocupacion-6-400x250.jpg"},"magazineBlocksPostAuthor":{"name":"admin","avatar":"https:\/\/secure.gravatar.com\/avatar\/76e419471a2083bc3ceab22a763dbbf9b0c1bd15a6214cf3280e2c2dde4580f9?s=96&d=mm&r=g"},"magazineBlocksPostCommentsNumber":"0","magazineBlocksPostExcerpt":"En la actualidad, el avance de la tecnolog\u00eda m\u00e9dica ha permitido detectar con mayor frecuencia hallazgos inesperados en estudios de rutina. Uno de los m\u00e1s comunes en personas adultas es la presencia de n\u00f3dulos pulmonares. Aunque su aparici\u00f3n suele generar inquietud, la gran mayor\u00eda de estos n\u00f3dulos no representa un riesgo grave para la salud....","magazineBlocksPostCategories":["Salud"],"magazineBlocksPostViewCount":158,"magazineBlocksPostReadTime":4,"magazine_blocks_featured_image_url":{"full":["https:\/\/lobosnews.com.ar\/wp-content\/uploads\/2026\/01\/que-son-los-nodulos-pulmonares-y-cuando-pueden-generar-preocupacion-6.jpg",1408,768,false],"medium":["https:\/\/lobosnews.com.ar\/wp-content\/uploads\/2026\/01\/que-son-los-nodulos-pulmonares-y-cuando-pueden-generar-preocupacion-6-300x164.jpg",300,164,true],"thumbnail":["https:\/\/lobosnews.com.ar\/wp-content\/uploads\/2026\/01\/que-son-los-nodulos-pulmonares-y-cuando-pueden-generar-preocupacion-6-150x150.jpg",150,150,true]},"magazine_blocks_author":{"display_name":"admin","author_link":"https:\/\/lobosnews.com.ar\/index.php\/author\/lobos-news\/"},"magazine_blocks_comment":0,"magazine_blocks_author_image":"https:\/\/secure.gravatar.com\/avatar\/76e419471a2083bc3ceab22a763dbbf9b0c1bd15a6214cf3280e2c2dde4580f9?s=96&d=mm&r=g","magazine_blocks_category":"<a href=\"#\" class=\"category-link category-link-81\">Salud<\/a>","yoast_head":"<!-- This site is optimized with the Yoast SEO plugin v26.6 - https:\/\/yoast.com\/wordpress\/plugins\/seo\/ -->\n<title>Qu\u00e9 son los n\u00f3dulos pulmonares y cu\u00e1ndo pueden generar preocupaci\u00f3n - Lobos News<\/title>\n<meta name=\"robots\" content=\"index, follow, max-snippet:-1, max-image-preview:large, max-video-preview:-1\" \/>\n<link rel=\"canonical\" href=\"https:\/\/lobosnews.com.ar\/index.php\/2026\/01\/22\/que-son-los-nodulos-pulmonares-y-cuando-pueden-generar-preocupacion\/\" \/>\n<meta property=\"og:locale\" content=\"es_ES\" \/>\n<meta property=\"og:type\" content=\"article\" \/>\n<meta property=\"og:title\" content=\"Qu\u00e9 son los n\u00f3dulos pulmonares y cu\u00e1ndo pueden generar preocupaci\u00f3n - Lobos News\" \/>\n<meta property=\"og:description\" content=\"En la actualidad, el avance de la tecnolog\u00eda m\u00e9dica ha permitido detectar con mayor frecuencia hallazgos inesperados en estudios de rutina. Uno de los m\u00e1s comunes en personas adultas es la presencia de n\u00f3dulos pulmonares. Aunque su aparici\u00f3n suele generar inquietud, la gran mayor\u00eda de estos n\u00f3dulos no representa un riesgo grave para la salud....\" \/>\n<meta property=\"og:url\" content=\"https:\/\/lobosnews.com.ar\/index.php\/2026\/01\/22\/que-son-los-nodulos-pulmonares-y-cuando-pueden-generar-preocupacion\/\" \/>\n<meta property=\"og:site_name\" content=\"Lobos News\" \/>\n<meta property=\"article:published_time\" content=\"2026-01-22T09:00:01+00:00\" \/>\n<meta property=\"article:modified_time\" content=\"2026-01-22T11:09:11+00:00\" \/>\n<meta property=\"og:image\" content=\"https:\/\/lobosnews.com.ar\/wp-content\/uploads\/2026\/01\/que-son-los-nodulos-pulmonares-y-cuando-pueden-generar-preocupacion.jpg\" \/>\n<meta name=\"author\" content=\"admin\" \/>\n<meta name=\"twitter:card\" content=\"summary_large_image\" \/>\n<meta name=\"twitter:label1\" content=\"Escrito por\" \/>\n\t<meta name=\"twitter:data1\" content=\"admin\" \/>\n\t<meta name=\"twitter:label2\" content=\"Tiempo de lectura\" \/>\n\t<meta name=\"twitter:data2\" content=\"4 minutos\" \/>\n<script type=\"application\/ld+json\" class=\"yoast-schema-graph\">{\"@context\":\"https:\/\/schema.org\",\"@graph\":[{\"@type\":\"Article\",\"@id\":\"https:\/\/lobosnews.com.ar\/index.php\/2026\/01\/22\/que-son-los-nodulos-pulmonares-y-cuando-pueden-generar-preocupacion\/#article\",\"isPartOf\":{\"@id\":\"https:\/\/lobosnews.com.ar\/index.php\/2026\/01\/22\/que-son-los-nodulos-pulmonares-y-cuando-pueden-generar-preocupacion\/\"},\"author\":{\"name\":\"admin\",\"@id\":\"https:\/\/lobosnews.com.ar\/#\/schema\/person\/232422a593d5c541dd9aef6aaed10943\"},\"headline\":\"Qu\u00e9 son los n\u00f3dulos pulmonares y cu\u00e1ndo pueden generar preocupaci\u00f3n\",\"datePublished\":\"2026-01-22T09:00:01+00:00\",\"dateModified\":\"2026-01-22T11:09:11+00:00\",\"mainEntityOfPage\":{\"@id\":\"https:\/\/lobosnews.com.ar\/index.php\/2026\/01\/22\/que-son-los-nodulos-pulmonares-y-cuando-pueden-generar-preocupacion\/\"},\"wordCount\":812,\"commentCount\":0,\"publisher\":{\"@id\":\"https:\/\/lobosnews.com.ar\/#organization\"},\"image\":{\"@id\":\"https:\/\/lobosnews.com.ar\/index.php\/2026\/01\/22\/que-son-los-nodulos-pulmonares-y-cuando-pueden-generar-preocupacion\/#primaryimage\"},\"thumbnailUrl\":\"https:\/\/lobosnews.com.ar\/wp-content\/uploads\/2026\/01\/que-son-los-nodulos-pulmonares-y-cuando-pueden-generar-preocupacion-6.jpg\",\"articleSection\":[\"Salud\"],\"inLanguage\":\"es\",\"potentialAction\":[{\"@type\":\"CommentAction\",\"name\":\"Comment\",\"target\":[\"https:\/\/lobosnews.com.ar\/index.php\/2026\/01\/22\/que-son-los-nodulos-pulmonares-y-cuando-pueden-generar-preocupacion\/#respond\"]}]},{\"@type\":\"WebPage\",\"@id\":\"https:\/\/lobosnews.com.ar\/index.php\/2026\/01\/22\/que-son-los-nodulos-pulmonares-y-cuando-pueden-generar-preocupacion\/\",\"url\":\"https:\/\/lobosnews.com.ar\/index.php\/2026\/01\/22\/que-son-los-nodulos-pulmonares-y-cuando-pueden-generar-preocupacion\/\",\"name\":\"Qu\u00e9 son los n\u00f3dulos pulmonares y cu\u00e1ndo pueden generar preocupaci\u00f3n - Lobos News\",\"isPartOf\":{\"@id\":\"https:\/\/lobosnews.com.ar\/#website\"},\"primaryImageOfPage\":{\"@id\":\"https:\/\/lobosnews.com.ar\/index.php\/2026\/01\/22\/que-son-los-nodulos-pulmonares-y-cuando-pueden-generar-preocupacion\/#primaryimage\"},\"image\":{\"@id\":\"https:\/\/lobosnews.com.ar\/index.php\/2026\/01\/22\/que-son-los-nodulos-pulmonares-y-cuando-pueden-generar-preocupacion\/#primaryimage\"},\"thumbnailUrl\":\"https:\/\/lobosnews.com.ar\/wp-content\/uploads\/2026\/01\/que-son-los-nodulos-pulmonares-y-cuando-pueden-generar-preocupacion-6.jpg\",\"datePublished\":\"2026-01-22T09:00:01+00:00\",\"dateModified\":\"2026-01-22T11:09:11+00:00\",\"breadcrumb\":{\"@id\":\"https:\/\/lobosnews.com.ar\/index.php\/2026\/01\/22\/que-son-los-nodulos-pulmonares-y-cuando-pueden-generar-preocupacion\/#breadcrumb\"},\"inLanguage\":\"es\",\"potentialAction\":[{\"@type\":\"ReadAction\",\"target\":[\"https:\/\/lobosnews.com.ar\/index.php\/2026\/01\/22\/que-son-los-nodulos-pulmonares-y-cuando-pueden-generar-preocupacion\/\"]}]},{\"@type\":\"ImageObject\",\"inLanguage\":\"es\",\"@id\":\"https:\/\/lobosnews.com.ar\/index.php\/2026\/01\/22\/que-son-los-nodulos-pulmonares-y-cuando-pueden-generar-preocupacion\/#primaryimage\",\"url\":\"https:\/\/lobosnews.com.ar\/wp-content\/uploads\/2026\/01\/que-son-los-nodulos-pulmonares-y-cuando-pueden-generar-preocupacion-6.jpg\",\"contentUrl\":\"https:\/\/lobosnews.com.ar\/wp-content\/uploads\/2026\/01\/que-son-los-nodulos-pulmonares-y-cuando-pueden-generar-preocupacion-6.jpg\",\"width\":1408,\"height\":768,\"caption\":\"Qu\u00e9 son los n\u00f3dulos pulmonares y cu\u00e1ndo pueden generar preocupaci\u00f3n\"},{\"@type\":\"BreadcrumbList\",\"@id\":\"https:\/\/lobosnews.com.ar\/index.php\/2026\/01\/22\/que-son-los-nodulos-pulmonares-y-cuando-pueden-generar-preocupacion\/#breadcrumb\",\"itemListElement\":[{\"@type\":\"ListItem\",\"position\":1,\"name\":\"Portada\",\"item\":\"https:\/\/lobosnews.com.ar\/\"},{\"@type\":\"ListItem\",\"position\":2,\"name\":\"Qu\u00e9 son los n\u00f3dulos pulmonares y cu\u00e1ndo pueden generar preocupaci\u00f3n\"}]},{\"@type\":\"WebSite\",\"@id\":\"https:\/\/lobosnews.com.ar\/#website\",\"url\":\"https:\/\/lobosnews.com.ar\/\",\"name\":\"Lobos News\",\"description\":\"Informaci\u00f3n a cada instante\",\"publisher\":{\"@id\":\"https:\/\/lobosnews.com.ar\/#organization\"},\"potentialAction\":[{\"@type\":\"SearchAction\",\"target\":{\"@type\":\"EntryPoint\",\"urlTemplate\":\"https:\/\/lobosnews.com.ar\/?s={search_term_string}\"},\"query-input\":{\"@type\":\"PropertyValueSpecification\",\"valueRequired\":true,\"valueName\":\"search_term_string\"}}],\"inLanguage\":\"es\"},{\"@type\":\"Organization\",\"@id\":\"https:\/\/lobosnews.com.ar\/#organization\",\"name\":\"Lobos News\",\"url\":\"https:\/\/lobosnews.com.ar\/\",\"logo\":{\"@type\":\"ImageObject\",\"inLanguage\":\"es\",\"@id\":\"https:\/\/lobosnews.com.ar\/#\/schema\/logo\/image\/\",\"url\":\"https:\/\/lobosnews.com.ar\/wp-content\/uploads\/2026\/01\/logo-lobosnews.png\",\"contentUrl\":\"https:\/\/lobosnews.com.ar\/wp-content\/uploads\/2026\/01\/logo-lobosnews.png\",\"width\":500,\"height\":200,\"caption\":\"Lobos News\"},\"image\":{\"@id\":\"https:\/\/lobosnews.com.ar\/#\/schema\/logo\/image\/\"}},{\"@type\":\"Person\",\"@id\":\"https:\/\/lobosnews.com.ar\/#\/schema\/person\/232422a593d5c541dd9aef6aaed10943\",\"name\":\"admin\",\"image\":{\"@type\":\"ImageObject\",\"inLanguage\":\"es\",\"@id\":\"https:\/\/lobosnews.com.ar\/#\/schema\/person\/image\/\",\"url\":\"https:\/\/secure.gravatar.com\/avatar\/76e419471a2083bc3ceab22a763dbbf9b0c1bd15a6214cf3280e2c2dde4580f9?s=96&d=mm&r=g\",\"contentUrl\":\"https:\/\/secure.gravatar.com\/avatar\/76e419471a2083bc3ceab22a763dbbf9b0c1bd15a6214cf3280e2c2dde4580f9?s=96&d=mm&r=g\",\"caption\":\"admin\"},\"sameAs\":[\"https:\/\/lobosnews.com.ar\"],\"url\":\"https:\/\/lobosnews.com.ar\/index.php\/author\/lobos-news\/\"}]}<\/script>\n<!-- \/ Yoast SEO plugin. -->","yoast_head_json":{"title":"Qu\u00e9 son los n\u00f3dulos pulmonares y cu\u00e1ndo pueden generar preocupaci\u00f3n - Lobos News","robots":{"index":"index","follow":"follow","max-snippet":"max-snippet:-1","max-image-preview":"max-image-preview:large","max-video-preview":"max-video-preview:-1"},"canonical":"https:\/\/lobosnews.com.ar\/index.php\/2026\/01\/22\/que-son-los-nodulos-pulmonares-y-cuando-pueden-generar-preocupacion\/","og_locale":"es_ES","og_type":"article","og_title":"Qu\u00e9 son los n\u00f3dulos pulmonares y cu\u00e1ndo pueden generar preocupaci\u00f3n - Lobos News","og_description":"En la actualidad, el avance de la tecnolog\u00eda m\u00e9dica ha permitido detectar con mayor frecuencia hallazgos inesperados en estudios de rutina. Uno de los m\u00e1s comunes en personas adultas es la presencia de n\u00f3dulos pulmonares. Aunque su aparici\u00f3n suele generar inquietud, la gran mayor\u00eda de estos n\u00f3dulos no representa un riesgo grave para la salud....","og_url":"https:\/\/lobosnews.com.ar\/index.php\/2026\/01\/22\/que-son-los-nodulos-pulmonares-y-cuando-pueden-generar-preocupacion\/","og_site_name":"Lobos News","article_published_time":"2026-01-22T09:00:01+00:00","article_modified_time":"2026-01-22T11:09:11+00:00","og_image":[{"url":"https:\/\/lobosnews.com.ar\/wp-content\/uploads\/2026\/01\/que-son-los-nodulos-pulmonares-y-cuando-pueden-generar-preocupacion.jpg","type":"","width":"","height":""}],"author":"admin","twitter_card":"summary_large_image","twitter_misc":{"Escrito por":"admin","Tiempo de lectura":"4 minutos"},"schema":{"@context":"https:\/\/schema.org","@graph":[{"@type":"Article","@id":"https:\/\/lobosnews.com.ar\/index.php\/2026\/01\/22\/que-son-los-nodulos-pulmonares-y-cuando-pueden-generar-preocupacion\/#article","isPartOf":{"@id":"https:\/\/lobosnews.com.ar\/index.php\/2026\/01\/22\/que-son-los-nodulos-pulmonares-y-cuando-pueden-generar-preocupacion\/"},"author":{"name":"admin","@id":"https:\/\/lobosnews.com.ar\/#\/schema\/person\/232422a593d5c541dd9aef6aaed10943"},"headline":"Qu\u00e9 son los n\u00f3dulos pulmonares y cu\u00e1ndo pueden generar preocupaci\u00f3n","datePublished":"2026-01-22T09:00:01+00:00","dateModified":"2026-01-22T11:09:11+00:00","mainEntityOfPage":{"@id":"https:\/\/lobosnews.com.ar\/index.php\/2026\/01\/22\/que-son-los-nodulos-pulmonares-y-cuando-pueden-generar-preocupacion\/"},"wordCount":812,"commentCount":0,"publisher":{"@id":"https:\/\/lobosnews.com.ar\/#organization"},"image":{"@id":"https:\/\/lobosnews.com.ar\/index.php\/2026\/01\/22\/que-son-los-nodulos-pulmonares-y-cuando-pueden-generar-preocupacion\/#primaryimage"},"thumbnailUrl":"https:\/\/lobosnews.com.ar\/wp-content\/uploads\/2026\/01\/que-son-los-nodulos-pulmonares-y-cuando-pueden-generar-preocupacion-6.jpg","articleSection":["Salud"],"inLanguage":"es","potentialAction":[{"@type":"CommentAction","name":"Comment","target":["https:\/\/lobosnews.com.ar\/index.php\/2026\/01\/22\/que-son-los-nodulos-pulmonares-y-cuando-pueden-generar-preocupacion\/#respond"]}]},{"@type":"WebPage","@id":"https:\/\/lobosnews.com.ar\/index.php\/2026\/01\/22\/que-son-los-nodulos-pulmonares-y-cuando-pueden-generar-preocupacion\/","url":"https:\/\/lobosnews.com.ar\/index.php\/2026\/01\/22\/que-son-los-nodulos-pulmonares-y-cuando-pueden-generar-preocupacion\/","name":"Qu\u00e9 son los n\u00f3dulos pulmonares y cu\u00e1ndo pueden generar preocupaci\u00f3n - Lobos News","isPartOf":{"@id":"https:\/\/lobosnews.com.ar\/#website"},"primaryImageOfPage":{"@id":"https:\/\/lobosnews.com.ar\/index.php\/2026\/01\/22\/que-son-los-nodulos-pulmonares-y-cuando-pueden-generar-preocupacion\/#primaryimage"},"image":{"@id":"https:\/\/lobosnews.com.ar\/index.php\/2026\/01\/22\/que-son-los-nodulos-pulmonares-y-cuando-pueden-generar-preocupacion\/#primaryimage"},"thumbnailUrl":"https:\/\/lobosnews.com.ar\/wp-content\/uploads\/2026\/01\/que-son-los-nodulos-pulmonares-y-cuando-pueden-generar-preocupacion-6.jpg","datePublished":"2026-01-22T09:00:01+00:00","dateModified":"2026-01-22T11:09:11+00:00","breadcrumb":{"@id":"https:\/\/lobosnews.com.ar\/index.php\/2026\/01\/22\/que-son-los-nodulos-pulmonares-y-cuando-pueden-generar-preocupacion\/#breadcrumb"},"inLanguage":"es","potentialAction":[{"@type":"ReadAction","target":["https:\/\/lobosnews.com.ar\/index.php\/2026\/01\/22\/que-son-los-nodulos-pulmonares-y-cuando-pueden-generar-preocupacion\/"]}]},{"@type":"ImageObject","inLanguage":"es","@id":"https:\/\/lobosnews.com.ar\/index.php\/2026\/01\/22\/que-son-los-nodulos-pulmonares-y-cuando-pueden-generar-preocupacion\/#primaryimage","url":"https:\/\/lobosnews.com.ar\/wp-content\/uploads\/2026\/01\/que-son-los-nodulos-pulmonares-y-cuando-pueden-generar-preocupacion-6.jpg","contentUrl":"https:\/\/lobosnews.com.ar\/wp-content\/uploads\/2026\/01\/que-son-los-nodulos-pulmonares-y-cuando-pueden-generar-preocupacion-6.jpg","width":1408,"height":768,"caption":"Qu\u00e9 son los n\u00f3dulos pulmonares y cu\u00e1ndo pueden generar preocupaci\u00f3n"},{"@type":"BreadcrumbList","@id":"https:\/\/lobosnews.com.ar\/index.php\/2026\/01\/22\/que-son-los-nodulos-pulmonares-y-cuando-pueden-generar-preocupacion\/#breadcrumb","itemListElement":[{"@type":"ListItem","position":1,"name":"Portada","item":"https:\/\/lobosnews.com.ar\/"},{"@type":"ListItem","position":2,"name":"Qu\u00e9 son los n\u00f3dulos pulmonares y cu\u00e1ndo pueden generar preocupaci\u00f3n"}]},{"@type":"WebSite","@id":"https:\/\/lobosnews.com.ar\/#website","url":"https:\/\/lobosnews.com.ar\/","name":"Lobos News","description":"Informaci\u00f3n a cada instante","publisher":{"@id":"https:\/\/lobosnews.com.ar\/#organization"},"potentialAction":[{"@type":"SearchAction","target":{"@type":"EntryPoint","urlTemplate":"https:\/\/lobosnews.com.ar\/?s={search_term_string}"},"query-input":{"@type":"PropertyValueSpecification","valueRequired":true,"valueName":"search_term_string"}}],"inLanguage":"es"},{"@type":"Organization","@id":"https:\/\/lobosnews.com.ar\/#organization","name":"Lobos News","url":"https:\/\/lobosnews.com.ar\/","logo":{"@type":"ImageObject","inLanguage":"es","@id":"https:\/\/lobosnews.com.ar\/#\/schema\/logo\/image\/","url":"https:\/\/lobosnews.com.ar\/wp-content\/uploads\/2026\/01\/logo-lobosnews.png","contentUrl":"https:\/\/lobosnews.com.ar\/wp-content\/uploads\/2026\/01\/logo-lobosnews.png","width":500,"height":200,"caption":"Lobos News"},"image":{"@id":"https:\/\/lobosnews.com.ar\/#\/schema\/logo\/image\/"}},{"@type":"Person","@id":"https:\/\/lobosnews.com.ar\/#\/schema\/person\/232422a593d5c541dd9aef6aaed10943","name":"admin","image":{"@type":"ImageObject","inLanguage":"es","@id":"https:\/\/lobosnews.com.ar\/#\/schema\/person\/image\/","url":"https:\/\/secure.gravatar.com\/avatar\/76e419471a2083bc3ceab22a763dbbf9b0c1bd15a6214cf3280e2c2dde4580f9?s=96&d=mm&r=g","contentUrl":"https:\/\/secure.gravatar.com\/avatar\/76e419471a2083bc3ceab22a763dbbf9b0c1bd15a6214cf3280e2c2dde4580f9?s=96&d=mm&r=g","caption":"admin"},"sameAs":["https:\/\/lobosnews.com.ar"],"url":"https:\/\/lobosnews.com.ar\/index.php\/author\/lobos-news\/"}]}},"jetpack_featured_media_url":"https:\/\/lobosnews.com.ar\/wp-content\/uploads\/2026\/01\/que-son-los-nodulos-pulmonares-y-cuando-pueden-generar-preocupacion-6.jpg","jetpack_sharing_enabled":true,"_links":{"self":[{"href":"https:\/\/lobosnews.com.ar\/index.php\/wp-json\/wp\/v2\/posts\/10052","targetHints":{"allow":["GET"]}}],"collection":[{"href":"https:\/\/lobosnews.com.ar\/index.php\/wp-json\/wp\/v2\/posts"}],"about":[{"href":"https:\/\/lobosnews.com.ar\/index.php\/wp-json\/wp\/v2\/types\/post"}],"author":[{"embeddable":true,"href":"https:\/\/lobosnews.com.ar\/index.php\/wp-json\/wp\/v2\/users\/1"}],"replies":[{"embeddable":true,"href":"https:\/\/lobosnews.com.ar\/index.php\/wp-json\/wp\/v2\/comments?post=10052"}],"version-history":[{"count":1,"href":"https:\/\/lobosnews.com.ar\/index.php\/wp-json\/wp\/v2\/posts\/10052\/revisions"}],"predecessor-version":[{"id":10057,"href":"https:\/\/lobosnews.com.ar\/index.php\/wp-json\/wp\/v2\/posts\/10052\/revisions\/10057"}],"wp:featuredmedia":[{"embeddable":true,"href":"https:\/\/lobosnews.com.ar\/index.php\/wp-json\/wp\/v2\/media\/10058"}],"wp:attachment":[{"href":"https:\/\/lobosnews.com.ar\/index.php\/wp-json\/wp\/v2\/media?parent=10052"}],"wp:term":[{"taxonomy":"category","embeddable":true,"href":"https:\/\/lobosnews.com.ar\/index.php\/wp-json\/wp\/v2\/categories?post=10052"},{"taxonomy":"post_tag","embeddable":true,"href":"https:\/\/lobosnews.com.ar\/index.php\/wp-json\/wp\/v2\/tags?post=10052"}],"curies":[{"name":"wp","href":"https:\/\/api.w.org\/{rel}","templated":true}]}}