{"id":10015,"date":"2026-01-22T07:59:29","date_gmt":"2026-01-22T07:59:29","guid":{"rendered":"https:\/\/lobosnews.com.ar\/index.php\/2026\/01\/22\/el-regimen-de-nicaragua-excarcelo-a-38-presos-politicos-que-habian-sido-arrestados-por-celebrar-la-detencion-de-maduro\/"},"modified":"2026-01-22T10:59:05","modified_gmt":"2026-01-22T10:59:05","slug":"el-regimen-de-nicaragua-excarcelo-a-38-presos-politicos-que-habian-sido-arrestados-por-celebrar-la-detencion-de-maduro","status":"publish","type":"post","link":"https:\/\/lobosnews.com.ar\/index.php\/2026\/01\/22\/el-regimen-de-nicaragua-excarcelo-a-38-presos-politicos-que-habian-sido-arrestados-por-celebrar-la-detencion-de-maduro\/","title":{"rendered":"El r\u00e9gimen de Nicaragua excarcel\u00f3 a 38 presos pol\u00edticos que hab\u00edan sido arrestados por celebrar la detenci\u00f3n de Maduro"},"content":{"rendered":"<p><img loading=\"lazy\" decoding=\"async\" src=\"https:\/\/lobosnews.com.ar\/wp-content\/uploads\/2026\/01\/el-regimen-de-nicaragua-excarcelo-a-38-presos-politicos-que-habian-sido-arrestados-por-celebrar-la-detencion-de-maduro.jpg\" alt=\"El r\u00e9gimen nicarag\u00fcense liber\u00f3 a 38 presos pol\u00edticos\" height=\"960\" width=\"1440\"\/><\/p>\n<p>El r\u00e9gimen de <b>Nicaragua<\/b>, liderado por <b>Daniel Ortega<\/b> y <b>Rosario Murillo<\/b>, excarcel\u00f3 a <b>38 <\/b>presos pol\u00edticos que hab\u00edan sido detenidos por celebrar en redes sociales la captura del ex dictador venezolano <b>Nicol\u00e1s Maduro<\/b>.<\/p>\n<p>Seg\u00fan inform\u00f3 el mi\u00e9rcoles la ONG <b>Monitoreo Azul y Blanco<\/b>, con sede en el exilio, entre el 3 y 8 de enero fueron arrestadas al menos <b>71 personas<\/b> por manifestar su respaldo o alegr\u00eda ante la detenci\u00f3n de Maduro, aliado pol\u00edtico de Ortega y Murillo, durante una operaci\u00f3n militar estadounidense en Caracas.<\/p>\n<p>Claudia Pineda, vocera de la ONG, confirm\u00f3 al medio digital <i>100% Noticias<\/i> que \u201c38 personas de ese grupo fueron excarceladas\u201d, aunque no precis\u00f3 las fechas concretas de las liberaciones.<\/p>\n<p><b>Las personas que obtuvieron su libertad quedaron sujetas a un r\u00e9gimen de \u201creporte y control\u201d<\/b>, por el cual deben informar previamente cualquier movimiento que realicen, explic\u00f3 Pineda.<\/p>\n<p>Hasta ahora, la dictadura nicarag\u00fcense no emiti\u00f3 declaraciones sobre estas excarcelaciones, a diferencia de lo ocurrido a principios de enero, cuando s\u00ed anunci\u00f3 la liberaci\u00f3n de \u201cdecenas\u201d de opositores y cr\u00edticos encarcelados, tras presiones de <b>Estados Unidos <\/b>(EEUU).<\/p>\n<p><img loading=\"lazy\" decoding=\"async\" src=\"https:\/\/lobosnews.com.ar\/wp-content\/uploads\/2026\/01\/el-regimen-de-nicaragua-excarcelo-a-38-presos-politicos-que-habian-sido-arrestados-por-celebrar-la-detencion-de-maduro-1.jpg\" alt=\"El dictador de Nicaragua, Daniel Ortega, y su esposa y vicepresidenta del r\u00e9gimen, Rosario Murillo, asisten a un mitin en Managua, Nicaragua, el 5 de septiembre de 2018 (AP Foto\/Alfredo Zuniga, Archivo)\" height=\"1741\" width=\"2421\"\/><\/p>\n<p>La <b>Oficina de Asuntos para el Hemisferio Occidental de EEUU<\/b> critic\u00f3 recientemente al \u201cr\u00e9gimen ileg\u00edtimo de Murillo y Ortega\u201d por arrestar a ciudadanos por dar \u201cme gusta\u201d a publicaciones en redes sociales y exigi\u00f3 la liberaci\u00f3n de todos los presos pol\u00edticos.<\/p>\n<p>\u201cDetener a nicarag\u00fcenses por \u2018darles me gusta\u2019 a publicaciones en internet muestra lo paranoico que es el <b>r\u00e9gimen ileg\u00edtimo de Murillo y Ortega<\/b>. Exigimos la liberaci\u00f3n incondicional de todos los presos pol\u00edticos: sin excepciones, sin arresto domiciliario, sin nuevos arrestos. La libertad significa poner fin al ciclo de represi\u00f3n del r\u00e9gimen\u201d, demand\u00f3 la cartera en <i>X<\/i>.<\/p>\n<p>La portavoz de la ONG atribuy\u00f3 la excarcelaci\u00f3n de los 38 detenidos en <b>Nicaragua<\/b> a la presi\u00f3n internacional, especialmente al pronunciamiento de EEUU. Pineda se\u00f1al\u00f3 que algunos de los liberados recuperaron la libertad \u201ccasi inmediatamente\u201d, lo que sugiere que el objetivo inicial pudo haber sido amedrentar y que la campa\u00f1a internacional motiv\u00f3 su liberaci\u00f3n en los d\u00edas siguientes.<\/p>\n<p>Hasta diciembre de 2025, el <b>Mecanismo para el Reconocimiento de Personas Presas Pol\u00edticas<\/b> contabilizaba 62 personas encarceladas por motivos pol\u00edticos en el pa\u00eds. Sin embargo, Pineda advirti\u00f3 que la cifra real es superior, ya que muchas familias optan por no autorizar la publicaci\u00f3n de los nombres de los detenidos.<\/p>\n<p><img loading=\"lazy\" decoding=\"async\" src=\"https:\/\/lobosnews.com.ar\/wp-content\/uploads\/2026\/01\/el-regimen-de-nicaragua-excarcelo-a-38-presos-politicos-que-habian-sido-arrestados-por-celebrar-la-detencion-de-maduro-2.jpg\" alt=\"Daniel Ortega, y Rosario Murillo lideran la dictadura en Nicaragua (AP Foto\/Alfredo Zuniga, Archivo)\" height=\"1879\" width=\"2901\"\/><\/p>\n<p>La organizaci\u00f3n funciona como una iniciativa de monitoreo que documenta nombres, condiciones y patrones de detenci\u00f3n motivados por razones pol\u00edticas en Nicaragua, contrastando informaci\u00f3n con familiares, defensores y redes de verificaci\u00f3n.<\/p>\n<p>El pasado 10 de enero, el r\u00e9gimen de <b>Ortega<\/b> y Murillo liber\u00f3 a <b>24 presos pol\u00edticos<\/b> dentro de un grupo mayor presentado oficialmente como liberaciones por \u201cconvivencia familiar\u201d. Esta acci\u00f3n fue interpretada como un gesto hacia EEUU tras su misi\u00f3n en <b>Venezuela.<\/b><\/p>\n<p><i>(Con informaci\u00f3n de AFP)<\/i><\/p>\n","protected":false},"excerpt":{"rendered":"<p>El r\u00e9gimen de Nicaragua, liderado por Daniel Ortega y Rosario Murillo, excarcel\u00f3 a 38 presos pol\u00edticos que hab\u00edan sido detenidos por celebrar en redes sociales la captura del ex dictador venezolano Nicol\u00e1s Maduro. Seg\u00fan inform\u00f3 el mi\u00e9rcoles la ONG Monitoreo Azul y Blanco, con sede en el exilio, entre el 3 y 8 de enero&#8230;<\/p>\n","protected":false},"author":1,"featured_media":10020,"comment_status":"open","ping_status":"closed","sticky":false,"template":"","format":"standard","meta":{"_jetpack_memberships_contains_paid_content":false,"footnotes":""},"categories":[31],"tags":[],"class_list":["post-10015","post","type-post","status-publish","format-standard","has-post-thumbnail","hentry","category-actualidad"],"magazineBlocksPostFeaturedMedia":{"thumbnail":"https:\/\/lobosnews.com.ar\/wp-content\/uploads\/2026\/01\/el-regimen-de-nicaragua-excarcelo-a-38-presos-politicos-que-habian-sido-arrestados-por-celebrar-la-detencion-de-maduro-4-150x150.jpg","medium":"https:\/\/lobosnews.com.ar\/wp-content\/uploads\/2026\/01\/el-regimen-de-nicaragua-excarcelo-a-38-presos-politicos-que-habian-sido-arrestados-por-celebrar-la-detencion-de-maduro-4-300x194.jpg","medium_large":"https:\/\/lobosnews.com.ar\/wp-content\/uploads\/2026\/01\/el-regimen-de-nicaragua-excarcelo-a-38-presos-politicos-que-habian-sido-arrestados-por-celebrar-la-detencion-de-maduro-4-768x497.jpg","large":"https:\/\/lobosnews.com.ar\/wp-content\/uploads\/2026\/01\/el-regimen-de-nicaragua-excarcelo-a-38-presos-politicos-que-habian-sido-arrestados-por-celebrar-la-detencion-de-maduro-4-1024x663.jpg","1536x1536":"https:\/\/lobosnews.com.ar\/wp-content\/uploads\/2026\/01\/el-regimen-de-nicaragua-excarcelo-a-38-presos-politicos-que-habian-sido-arrestados-por-celebrar-la-detencion-de-maduro-4-1536x995.jpg","2048x2048":"https:\/\/lobosnews.com.ar\/wp-content\/uploads\/2026\/01\/el-regimen-de-nicaragua-excarcelo-a-38-presos-politicos-que-habian-sido-arrestados-por-celebrar-la-detencion-de-maduro-4-2048x1327.jpg","newsmatic-featured":"https:\/\/lobosnews.com.ar\/wp-content\/uploads\/2026\/01\/el-regimen-de-nicaragua-excarcelo-a-38-presos-politicos-que-habian-sido-arrestados-por-celebrar-la-detencion-de-maduro-4-820x545.jpg","newsmatic-list":"https:\/\/lobosnews.com.ar\/wp-content\/uploads\/2026\/01\/el-regimen-de-nicaragua-excarcelo-a-38-presos-politicos-que-habian-sido-arrestados-por-celebrar-la-detencion-de-maduro-4-600x400.jpg","newsmatic-thumb":"https:\/\/lobosnews.com.ar\/wp-content\/uploads\/2026\/01\/el-regimen-de-nicaragua-excarcelo-a-38-presos-politicos-que-habian-sido-arrestados-por-celebrar-la-detencion-de-maduro-4-300x200.jpg","newsmatic-small":"https:\/\/lobosnews.com.ar\/wp-content\/uploads\/2026\/01\/el-regimen-de-nicaragua-excarcelo-a-38-presos-politicos-que-habian-sido-arrestados-por-celebrar-la-detencion-de-maduro-4-150x95.jpg","newsmatic-grid":"https:\/\/lobosnews.com.ar\/wp-content\/uploads\/2026\/01\/el-regimen-de-nicaragua-excarcelo-a-38-presos-politicos-que-habian-sido-arrestados-por-celebrar-la-detencion-de-maduro-4-400x250.jpg"},"magazineBlocksPostAuthor":{"name":"admin","avatar":"https:\/\/secure.gravatar.com\/avatar\/76e419471a2083bc3ceab22a763dbbf9b0c1bd15a6214cf3280e2c2dde4580f9?s=96&d=mm&r=g"},"magazineBlocksPostCommentsNumber":"0","magazineBlocksPostExcerpt":"El r\u00e9gimen de Nicaragua, liderado por Daniel Ortega y Rosario Murillo, excarcel\u00f3 a 38 presos pol\u00edticos que hab\u00edan sido detenidos por celebrar en redes sociales la captura del ex dictador venezolano Nicol\u00e1s Maduro. Seg\u00fan inform\u00f3 el mi\u00e9rcoles la ONG Monitoreo Azul y Blanco, con sede en el exilio, entre el 3 y 8 de enero...","magazineBlocksPostCategories":["Actualidad"],"magazineBlocksPostViewCount":168,"magazineBlocksPostReadTime":3,"magazine_blocks_featured_image_url":{"full":["https:\/\/lobosnews.com.ar\/wp-content\/uploads\/2026\/01\/el-regimen-de-nicaragua-excarcelo-a-38-presos-politicos-que-habian-sido-arrestados-por-celebrar-la-detencion-de-maduro-4-scaled.jpg",2560,1658,false],"medium":["https:\/\/lobosnews.com.ar\/wp-content\/uploads\/2026\/01\/el-regimen-de-nicaragua-excarcelo-a-38-presos-politicos-que-habian-sido-arrestados-por-celebrar-la-detencion-de-maduro-4-300x194.jpg",300,194,true],"thumbnail":["https:\/\/lobosnews.com.ar\/wp-content\/uploads\/2026\/01\/el-regimen-de-nicaragua-excarcelo-a-38-presos-politicos-que-habian-sido-arrestados-por-celebrar-la-detencion-de-maduro-4-150x150.jpg",150,150,true]},"magazine_blocks_author":{"display_name":"admin","author_link":"https:\/\/lobosnews.com.ar\/index.php\/author\/lobos-news\/"},"magazine_blocks_comment":0,"magazine_blocks_author_image":"https:\/\/secure.gravatar.com\/avatar\/76e419471a2083bc3ceab22a763dbbf9b0c1bd15a6214cf3280e2c2dde4580f9?s=96&d=mm&r=g","magazine_blocks_category":"<a href=\"#\" class=\"category-link category-link-31\">Actualidad<\/a>","yoast_head":"<!-- This site is optimized with the Yoast SEO plugin v26.6 - https:\/\/yoast.com\/wordpress\/plugins\/seo\/ -->\n<title>El r\u00e9gimen de Nicaragua excarcel\u00f3 a 38 presos pol\u00edticos que hab\u00edan sido arrestados por celebrar la detenci\u00f3n de Maduro - Lobos News<\/title>\n<meta name=\"robots\" content=\"index, follow, max-snippet:-1, max-image-preview:large, max-video-preview:-1\" \/>\n<link rel=\"canonical\" href=\"https:\/\/lobosnews.com.ar\/index.php\/2026\/01\/22\/el-regimen-de-nicaragua-excarcelo-a-38-presos-politicos-que-habian-sido-arrestados-por-celebrar-la-detencion-de-maduro\/\" \/>\n<meta property=\"og:locale\" content=\"es_ES\" \/>\n<meta property=\"og:type\" content=\"article\" \/>\n<meta property=\"og:title\" content=\"El r\u00e9gimen de Nicaragua excarcel\u00f3 a 38 presos pol\u00edticos que hab\u00edan sido arrestados por celebrar la detenci\u00f3n de Maduro - Lobos News\" \/>\n<meta property=\"og:description\" content=\"El r\u00e9gimen de Nicaragua, liderado por Daniel Ortega y Rosario Murillo, excarcel\u00f3 a 38 presos pol\u00edticos que hab\u00edan sido detenidos por celebrar en redes sociales la captura del ex dictador venezolano Nicol\u00e1s Maduro. Seg\u00fan inform\u00f3 el mi\u00e9rcoles la ONG Monitoreo Azul y Blanco, con sede en el exilio, entre el 3 y 8 de enero...\" \/>\n<meta property=\"og:url\" content=\"https:\/\/lobosnews.com.ar\/index.php\/2026\/01\/22\/el-regimen-de-nicaragua-excarcelo-a-38-presos-politicos-que-habian-sido-arrestados-por-celebrar-la-detencion-de-maduro\/\" \/>\n<meta property=\"og:site_name\" content=\"Lobos News\" \/>\n<meta property=\"article:published_time\" content=\"2026-01-22T07:59:29+00:00\" \/>\n<meta property=\"article:modified_time\" content=\"2026-01-22T10:59:05+00:00\" \/>\n<meta property=\"og:image\" content=\"https:\/\/lobosnews.com.ar\/wp-content\/uploads\/2026\/01\/el-regimen-de-nicaragua-excarcelo-a-38-presos-politicos-que-habian-sido-arrestados-por-celebrar-la-detencion-de-maduro.jpg\" \/>\n<meta name=\"author\" content=\"admin\" \/>\n<meta name=\"twitter:card\" content=\"summary_large_image\" \/>\n<meta name=\"twitter:label1\" content=\"Escrito por\" \/>\n\t<meta name=\"twitter:data1\" content=\"admin\" \/>\n\t<meta name=\"twitter:label2\" content=\"Tiempo de lectura\" \/>\n\t<meta name=\"twitter:data2\" content=\"2 minutos\" \/>\n<script type=\"application\/ld+json\" class=\"yoast-schema-graph\">{\"@context\":\"https:\/\/schema.org\",\"@graph\":[{\"@type\":\"Article\",\"@id\":\"https:\/\/lobosnews.com.ar\/index.php\/2026\/01\/22\/el-regimen-de-nicaragua-excarcelo-a-38-presos-politicos-que-habian-sido-arrestados-por-celebrar-la-detencion-de-maduro\/#article\",\"isPartOf\":{\"@id\":\"https:\/\/lobosnews.com.ar\/index.php\/2026\/01\/22\/el-regimen-de-nicaragua-excarcelo-a-38-presos-politicos-que-habian-sido-arrestados-por-celebrar-la-detencion-de-maduro\/\"},\"author\":{\"name\":\"admin\",\"@id\":\"https:\/\/lobosnews.com.ar\/#\/schema\/person\/232422a593d5c541dd9aef6aaed10943\"},\"headline\":\"El r\u00e9gimen de Nicaragua excarcel\u00f3 a 38 presos pol\u00edticos que hab\u00edan sido arrestados por celebrar la detenci\u00f3n de Maduro\",\"datePublished\":\"2026-01-22T07:59:29+00:00\",\"dateModified\":\"2026-01-22T10:59:05+00:00\",\"mainEntityOfPage\":{\"@id\":\"https:\/\/lobosnews.com.ar\/index.php\/2026\/01\/22\/el-regimen-de-nicaragua-excarcelo-a-38-presos-politicos-que-habian-sido-arrestados-por-celebrar-la-detencion-de-maduro\/\"},\"wordCount\":516,\"commentCount\":0,\"publisher\":{\"@id\":\"https:\/\/lobosnews.com.ar\/#organization\"},\"image\":{\"@id\":\"https:\/\/lobosnews.com.ar\/index.php\/2026\/01\/22\/el-regimen-de-nicaragua-excarcelo-a-38-presos-politicos-que-habian-sido-arrestados-por-celebrar-la-detencion-de-maduro\/#primaryimage\"},\"thumbnailUrl\":\"https:\/\/lobosnews.com.ar\/wp-content\/uploads\/2026\/01\/el-regimen-de-nicaragua-excarcelo-a-38-presos-politicos-que-habian-sido-arrestados-por-celebrar-la-detencion-de-maduro-4-scaled.jpg\",\"articleSection\":[\"Actualidad\"],\"inLanguage\":\"es\",\"potentialAction\":[{\"@type\":\"CommentAction\",\"name\":\"Comment\",\"target\":[\"https:\/\/lobosnews.com.ar\/index.php\/2026\/01\/22\/el-regimen-de-nicaragua-excarcelo-a-38-presos-politicos-que-habian-sido-arrestados-por-celebrar-la-detencion-de-maduro\/#respond\"]}]},{\"@type\":\"WebPage\",\"@id\":\"https:\/\/lobosnews.com.ar\/index.php\/2026\/01\/22\/el-regimen-de-nicaragua-excarcelo-a-38-presos-politicos-que-habian-sido-arrestados-por-celebrar-la-detencion-de-maduro\/\",\"url\":\"https:\/\/lobosnews.com.ar\/index.php\/2026\/01\/22\/el-regimen-de-nicaragua-excarcelo-a-38-presos-politicos-que-habian-sido-arrestados-por-celebrar-la-detencion-de-maduro\/\",\"name\":\"El r\u00e9gimen de Nicaragua excarcel\u00f3 a 38 presos pol\u00edticos que hab\u00edan sido arrestados por celebrar la detenci\u00f3n de Maduro - Lobos News\",\"isPartOf\":{\"@id\":\"https:\/\/lobosnews.com.ar\/#website\"},\"primaryImageOfPage\":{\"@id\":\"https:\/\/lobosnews.com.ar\/index.php\/2026\/01\/22\/el-regimen-de-nicaragua-excarcelo-a-38-presos-politicos-que-habian-sido-arrestados-por-celebrar-la-detencion-de-maduro\/#primaryimage\"},\"image\":{\"@id\":\"https:\/\/lobosnews.com.ar\/index.php\/2026\/01\/22\/el-regimen-de-nicaragua-excarcelo-a-38-presos-politicos-que-habian-sido-arrestados-por-celebrar-la-detencion-de-maduro\/#primaryimage\"},\"thumbnailUrl\":\"https:\/\/lobosnews.com.ar\/wp-content\/uploads\/2026\/01\/el-regimen-de-nicaragua-excarcelo-a-38-presos-politicos-que-habian-sido-arrestados-por-celebrar-la-detencion-de-maduro-4-scaled.jpg\",\"datePublished\":\"2026-01-22T07:59:29+00:00\",\"dateModified\":\"2026-01-22T10:59:05+00:00\",\"breadcrumb\":{\"@id\":\"https:\/\/lobosnews.com.ar\/index.php\/2026\/01\/22\/el-regimen-de-nicaragua-excarcelo-a-38-presos-politicos-que-habian-sido-arrestados-por-celebrar-la-detencion-de-maduro\/#breadcrumb\"},\"inLanguage\":\"es\",\"potentialAction\":[{\"@type\":\"ReadAction\",\"target\":[\"https:\/\/lobosnews.com.ar\/index.php\/2026\/01\/22\/el-regimen-de-nicaragua-excarcelo-a-38-presos-politicos-que-habian-sido-arrestados-por-celebrar-la-detencion-de-maduro\/\"]}]},{\"@type\":\"ImageObject\",\"inLanguage\":\"es\",\"@id\":\"https:\/\/lobosnews.com.ar\/index.php\/2026\/01\/22\/el-regimen-de-nicaragua-excarcelo-a-38-presos-politicos-que-habian-sido-arrestados-por-celebrar-la-detencion-de-maduro\/#primaryimage\",\"url\":\"https:\/\/lobosnews.com.ar\/wp-content\/uploads\/2026\/01\/el-regimen-de-nicaragua-excarcelo-a-38-presos-politicos-que-habian-sido-arrestados-por-celebrar-la-detencion-de-maduro-4-scaled.jpg\",\"contentUrl\":\"https:\/\/lobosnews.com.ar\/wp-content\/uploads\/2026\/01\/el-regimen-de-nicaragua-excarcelo-a-38-presos-politicos-que-habian-sido-arrestados-por-celebrar-la-detencion-de-maduro-4-scaled.jpg\",\"width\":2560,\"height\":1658,\"caption\":\"El r\u00e9gimen de Nicaragua excarcel\u00f3 a 38 presos pol\u00edticos que hab\u00edan sido arrestados por celebrar la detenci\u00f3n de Maduro\"},{\"@type\":\"BreadcrumbList\",\"@id\":\"https:\/\/lobosnews.com.ar\/index.php\/2026\/01\/22\/el-regimen-de-nicaragua-excarcelo-a-38-presos-politicos-que-habian-sido-arrestados-por-celebrar-la-detencion-de-maduro\/#breadcrumb\",\"itemListElement\":[{\"@type\":\"ListItem\",\"position\":1,\"name\":\"Portada\",\"item\":\"https:\/\/lobosnews.com.ar\/\"},{\"@type\":\"ListItem\",\"position\":2,\"name\":\"El r\u00e9gimen de Nicaragua excarcel\u00f3 a 38 presos pol\u00edticos que hab\u00edan sido arrestados por celebrar la detenci\u00f3n de Maduro\"}]},{\"@type\":\"WebSite\",\"@id\":\"https:\/\/lobosnews.com.ar\/#website\",\"url\":\"https:\/\/lobosnews.com.ar\/\",\"name\":\"Lobos News\",\"description\":\"Informaci\u00f3n a cada instante\",\"publisher\":{\"@id\":\"https:\/\/lobosnews.com.ar\/#organization\"},\"potentialAction\":[{\"@type\":\"SearchAction\",\"target\":{\"@type\":\"EntryPoint\",\"urlTemplate\":\"https:\/\/lobosnews.com.ar\/?s={search_term_string}\"},\"query-input\":{\"@type\":\"PropertyValueSpecification\",\"valueRequired\":true,\"valueName\":\"search_term_string\"}}],\"inLanguage\":\"es\"},{\"@type\":\"Organization\",\"@id\":\"https:\/\/lobosnews.com.ar\/#organization\",\"name\":\"Lobos News\",\"url\":\"https:\/\/lobosnews.com.ar\/\",\"logo\":{\"@type\":\"ImageObject\",\"inLanguage\":\"es\",\"@id\":\"https:\/\/lobosnews.com.ar\/#\/schema\/logo\/image\/\",\"url\":\"https:\/\/lobosnews.com.ar\/wp-content\/uploads\/2026\/01\/logo-lobosnews.png\",\"contentUrl\":\"https:\/\/lobosnews.com.ar\/wp-content\/uploads\/2026\/01\/logo-lobosnews.png\",\"width\":500,\"height\":200,\"caption\":\"Lobos News\"},\"image\":{\"@id\":\"https:\/\/lobosnews.com.ar\/#\/schema\/logo\/image\/\"}},{\"@type\":\"Person\",\"@id\":\"https:\/\/lobosnews.com.ar\/#\/schema\/person\/232422a593d5c541dd9aef6aaed10943\",\"name\":\"admin\",\"image\":{\"@type\":\"ImageObject\",\"inLanguage\":\"es\",\"@id\":\"https:\/\/lobosnews.com.ar\/#\/schema\/person\/image\/\",\"url\":\"https:\/\/secure.gravatar.com\/avatar\/76e419471a2083bc3ceab22a763dbbf9b0c1bd15a6214cf3280e2c2dde4580f9?s=96&d=mm&r=g\",\"contentUrl\":\"https:\/\/secure.gravatar.com\/avatar\/76e419471a2083bc3ceab22a763dbbf9b0c1bd15a6214cf3280e2c2dde4580f9?s=96&d=mm&r=g\",\"caption\":\"admin\"},\"sameAs\":[\"https:\/\/lobosnews.com.ar\"],\"url\":\"https:\/\/lobosnews.com.ar\/index.php\/author\/lobos-news\/\"}]}<\/script>\n<!-- \/ Yoast SEO plugin. -->","yoast_head_json":{"title":"El r\u00e9gimen de Nicaragua excarcel\u00f3 a 38 presos pol\u00edticos que hab\u00edan sido arrestados por celebrar la detenci\u00f3n de Maduro - Lobos News","robots":{"index":"index","follow":"follow","max-snippet":"max-snippet:-1","max-image-preview":"max-image-preview:large","max-video-preview":"max-video-preview:-1"},"canonical":"https:\/\/lobosnews.com.ar\/index.php\/2026\/01\/22\/el-regimen-de-nicaragua-excarcelo-a-38-presos-politicos-que-habian-sido-arrestados-por-celebrar-la-detencion-de-maduro\/","og_locale":"es_ES","og_type":"article","og_title":"El r\u00e9gimen de Nicaragua excarcel\u00f3 a 38 presos pol\u00edticos que hab\u00edan sido arrestados por celebrar la detenci\u00f3n de Maduro - Lobos News","og_description":"El r\u00e9gimen de Nicaragua, liderado por Daniel Ortega y Rosario Murillo, excarcel\u00f3 a 38 presos pol\u00edticos que hab\u00edan sido detenidos por celebrar en redes sociales la captura del ex dictador venezolano Nicol\u00e1s Maduro. Seg\u00fan inform\u00f3 el mi\u00e9rcoles la ONG Monitoreo Azul y Blanco, con sede en el exilio, entre el 3 y 8 de enero...","og_url":"https:\/\/lobosnews.com.ar\/index.php\/2026\/01\/22\/el-regimen-de-nicaragua-excarcelo-a-38-presos-politicos-que-habian-sido-arrestados-por-celebrar-la-detencion-de-maduro\/","og_site_name":"Lobos News","article_published_time":"2026-01-22T07:59:29+00:00","article_modified_time":"2026-01-22T10:59:05+00:00","og_image":[{"url":"https:\/\/lobosnews.com.ar\/wp-content\/uploads\/2026\/01\/el-regimen-de-nicaragua-excarcelo-a-38-presos-politicos-que-habian-sido-arrestados-por-celebrar-la-detencion-de-maduro.jpg","type":"","width":"","height":""}],"author":"admin","twitter_card":"summary_large_image","twitter_misc":{"Escrito por":"admin","Tiempo de lectura":"2 minutos"},"schema":{"@context":"https:\/\/schema.org","@graph":[{"@type":"Article","@id":"https:\/\/lobosnews.com.ar\/index.php\/2026\/01\/22\/el-regimen-de-nicaragua-excarcelo-a-38-presos-politicos-que-habian-sido-arrestados-por-celebrar-la-detencion-de-maduro\/#article","isPartOf":{"@id":"https:\/\/lobosnews.com.ar\/index.php\/2026\/01\/22\/el-regimen-de-nicaragua-excarcelo-a-38-presos-politicos-que-habian-sido-arrestados-por-celebrar-la-detencion-de-maduro\/"},"author":{"name":"admin","@id":"https:\/\/lobosnews.com.ar\/#\/schema\/person\/232422a593d5c541dd9aef6aaed10943"},"headline":"El r\u00e9gimen de Nicaragua excarcel\u00f3 a 38 presos pol\u00edticos que hab\u00edan sido arrestados por celebrar la detenci\u00f3n de Maduro","datePublished":"2026-01-22T07:59:29+00:00","dateModified":"2026-01-22T10:59:05+00:00","mainEntityOfPage":{"@id":"https:\/\/lobosnews.com.ar\/index.php\/2026\/01\/22\/el-regimen-de-nicaragua-excarcelo-a-38-presos-politicos-que-habian-sido-arrestados-por-celebrar-la-detencion-de-maduro\/"},"wordCount":516,"commentCount":0,"publisher":{"@id":"https:\/\/lobosnews.com.ar\/#organization"},"image":{"@id":"https:\/\/lobosnews.com.ar\/index.php\/2026\/01\/22\/el-regimen-de-nicaragua-excarcelo-a-38-presos-politicos-que-habian-sido-arrestados-por-celebrar-la-detencion-de-maduro\/#primaryimage"},"thumbnailUrl":"https:\/\/lobosnews.com.ar\/wp-content\/uploads\/2026\/01\/el-regimen-de-nicaragua-excarcelo-a-38-presos-politicos-que-habian-sido-arrestados-por-celebrar-la-detencion-de-maduro-4-scaled.jpg","articleSection":["Actualidad"],"inLanguage":"es","potentialAction":[{"@type":"CommentAction","name":"Comment","target":["https:\/\/lobosnews.com.ar\/index.php\/2026\/01\/22\/el-regimen-de-nicaragua-excarcelo-a-38-presos-politicos-que-habian-sido-arrestados-por-celebrar-la-detencion-de-maduro\/#respond"]}]},{"@type":"WebPage","@id":"https:\/\/lobosnews.com.ar\/index.php\/2026\/01\/22\/el-regimen-de-nicaragua-excarcelo-a-38-presos-politicos-que-habian-sido-arrestados-por-celebrar-la-detencion-de-maduro\/","url":"https:\/\/lobosnews.com.ar\/index.php\/2026\/01\/22\/el-regimen-de-nicaragua-excarcelo-a-38-presos-politicos-que-habian-sido-arrestados-por-celebrar-la-detencion-de-maduro\/","name":"El r\u00e9gimen de Nicaragua excarcel\u00f3 a 38 presos pol\u00edticos que hab\u00edan sido arrestados por celebrar la detenci\u00f3n de Maduro - Lobos News","isPartOf":{"@id":"https:\/\/lobosnews.com.ar\/#website"},"primaryImageOfPage":{"@id":"https:\/\/lobosnews.com.ar\/index.php\/2026\/01\/22\/el-regimen-de-nicaragua-excarcelo-a-38-presos-politicos-que-habian-sido-arrestados-por-celebrar-la-detencion-de-maduro\/#primaryimage"},"image":{"@id":"https:\/\/lobosnews.com.ar\/index.php\/2026\/01\/22\/el-regimen-de-nicaragua-excarcelo-a-38-presos-politicos-que-habian-sido-arrestados-por-celebrar-la-detencion-de-maduro\/#primaryimage"},"thumbnailUrl":"https:\/\/lobosnews.com.ar\/wp-content\/uploads\/2026\/01\/el-regimen-de-nicaragua-excarcelo-a-38-presos-politicos-que-habian-sido-arrestados-por-celebrar-la-detencion-de-maduro-4-scaled.jpg","datePublished":"2026-01-22T07:59:29+00:00","dateModified":"2026-01-22T10:59:05+00:00","breadcrumb":{"@id":"https:\/\/lobosnews.com.ar\/index.php\/2026\/01\/22\/el-regimen-de-nicaragua-excarcelo-a-38-presos-politicos-que-habian-sido-arrestados-por-celebrar-la-detencion-de-maduro\/#breadcrumb"},"inLanguage":"es","potentialAction":[{"@type":"ReadAction","target":["https:\/\/lobosnews.com.ar\/index.php\/2026\/01\/22\/el-regimen-de-nicaragua-excarcelo-a-38-presos-politicos-que-habian-sido-arrestados-por-celebrar-la-detencion-de-maduro\/"]}]},{"@type":"ImageObject","inLanguage":"es","@id":"https:\/\/lobosnews.com.ar\/index.php\/2026\/01\/22\/el-regimen-de-nicaragua-excarcelo-a-38-presos-politicos-que-habian-sido-arrestados-por-celebrar-la-detencion-de-maduro\/#primaryimage","url":"https:\/\/lobosnews.com.ar\/wp-content\/uploads\/2026\/01\/el-regimen-de-nicaragua-excarcelo-a-38-presos-politicos-que-habian-sido-arrestados-por-celebrar-la-detencion-de-maduro-4-scaled.jpg","contentUrl":"https:\/\/lobosnews.com.ar\/wp-content\/uploads\/2026\/01\/el-regimen-de-nicaragua-excarcelo-a-38-presos-politicos-que-habian-sido-arrestados-por-celebrar-la-detencion-de-maduro-4-scaled.jpg","width":2560,"height":1658,"caption":"El r\u00e9gimen de Nicaragua excarcel\u00f3 a 38 presos pol\u00edticos que hab\u00edan sido arrestados por celebrar la detenci\u00f3n de Maduro"},{"@type":"BreadcrumbList","@id":"https:\/\/lobosnews.com.ar\/index.php\/2026\/01\/22\/el-regimen-de-nicaragua-excarcelo-a-38-presos-politicos-que-habian-sido-arrestados-por-celebrar-la-detencion-de-maduro\/#breadcrumb","itemListElement":[{"@type":"ListItem","position":1,"name":"Portada","item":"https:\/\/lobosnews.com.ar\/"},{"@type":"ListItem","position":2,"name":"El r\u00e9gimen de Nicaragua excarcel\u00f3 a 38 presos pol\u00edticos que hab\u00edan sido arrestados por celebrar la detenci\u00f3n de Maduro"}]},{"@type":"WebSite","@id":"https:\/\/lobosnews.com.ar\/#website","url":"https:\/\/lobosnews.com.ar\/","name":"Lobos News","description":"Informaci\u00f3n a cada instante","publisher":{"@id":"https:\/\/lobosnews.com.ar\/#organization"},"potentialAction":[{"@type":"SearchAction","target":{"@type":"EntryPoint","urlTemplate":"https:\/\/lobosnews.com.ar\/?s={search_term_string}"},"query-input":{"@type":"PropertyValueSpecification","valueRequired":true,"valueName":"search_term_string"}}],"inLanguage":"es"},{"@type":"Organization","@id":"https:\/\/lobosnews.com.ar\/#organization","name":"Lobos News","url":"https:\/\/lobosnews.com.ar\/","logo":{"@type":"ImageObject","inLanguage":"es","@id":"https:\/\/lobosnews.com.ar\/#\/schema\/logo\/image\/","url":"https:\/\/lobosnews.com.ar\/wp-content\/uploads\/2026\/01\/logo-lobosnews.png","contentUrl":"https:\/\/lobosnews.com.ar\/wp-content\/uploads\/2026\/01\/logo-lobosnews.png","width":500,"height":200,"caption":"Lobos News"},"image":{"@id":"https:\/\/lobosnews.com.ar\/#\/schema\/logo\/image\/"}},{"@type":"Person","@id":"https:\/\/lobosnews.com.ar\/#\/schema\/person\/232422a593d5c541dd9aef6aaed10943","name":"admin","image":{"@type":"ImageObject","inLanguage":"es","@id":"https:\/\/lobosnews.com.ar\/#\/schema\/person\/image\/","url":"https:\/\/secure.gravatar.com\/avatar\/76e419471a2083bc3ceab22a763dbbf9b0c1bd15a6214cf3280e2c2dde4580f9?s=96&d=mm&r=g","contentUrl":"https:\/\/secure.gravatar.com\/avatar\/76e419471a2083bc3ceab22a763dbbf9b0c1bd15a6214cf3280e2c2dde4580f9?s=96&d=mm&r=g","caption":"admin"},"sameAs":["https:\/\/lobosnews.com.ar"],"url":"https:\/\/lobosnews.com.ar\/index.php\/author\/lobos-news\/"}]}},"jetpack_featured_media_url":"https:\/\/lobosnews.com.ar\/wp-content\/uploads\/2026\/01\/el-regimen-de-nicaragua-excarcelo-a-38-presos-politicos-que-habian-sido-arrestados-por-celebrar-la-detencion-de-maduro-4-scaled.jpg","jetpack_sharing_enabled":true,"_links":{"self":[{"href":"https:\/\/lobosnews.com.ar\/index.php\/wp-json\/wp\/v2\/posts\/10015","targetHints":{"allow":["GET"]}}],"collection":[{"href":"https:\/\/lobosnews.com.ar\/index.php\/wp-json\/wp\/v2\/posts"}],"about":[{"href":"https:\/\/lobosnews.com.ar\/index.php\/wp-json\/wp\/v2\/types\/post"}],"author":[{"embeddable":true,"href":"https:\/\/lobosnews.com.ar\/index.php\/wp-json\/wp\/v2\/users\/1"}],"replies":[{"embeddable":true,"href":"https:\/\/lobosnews.com.ar\/index.php\/wp-json\/wp\/v2\/comments?post=10015"}],"version-history":[{"count":1,"href":"https:\/\/lobosnews.com.ar\/index.php\/wp-json\/wp\/v2\/posts\/10015\/revisions"}],"predecessor-version":[{"id":10019,"href":"https:\/\/lobosnews.com.ar\/index.php\/wp-json\/wp\/v2\/posts\/10015\/revisions\/10019"}],"wp:featuredmedia":[{"embeddable":true,"href":"https:\/\/lobosnews.com.ar\/index.php\/wp-json\/wp\/v2\/media\/10020"}],"wp:attachment":[{"href":"https:\/\/lobosnews.com.ar\/index.php\/wp-json\/wp\/v2\/media?parent=10015"}],"wp:term":[{"taxonomy":"category","embeddable":true,"href":"https:\/\/lobosnews.com.ar\/index.php\/wp-json\/wp\/v2\/categories?post=10015"},{"taxonomy":"post_tag","embeddable":true,"href":"https:\/\/lobosnews.com.ar\/index.php\/wp-json\/wp\/v2\/tags?post=10015"}],"curies":[{"name":"wp","href":"https:\/\/api.w.org\/{rel}","templated":true}]}}