{"id":10002,"date":"2026-01-22T10:46:12","date_gmt":"2026-01-22T10:46:12","guid":{"rendered":"https:\/\/lobosnews.com.ar\/index.php\/2026\/01\/22\/en-vivo-se-instala-en-davos-el-consejo-de-paz-impulsado-por-donald-trump\/"},"modified":"2026-01-22T10:58:51","modified_gmt":"2026-01-22T10:58:51","slug":"en-vivo-se-instala-en-davos-el-consejo-de-paz-impulsado-por-donald-trump","status":"publish","type":"post","link":"https:\/\/lobosnews.com.ar\/index.php\/2026\/01\/22\/en-vivo-se-instala-en-davos-el-consejo-de-paz-impulsado-por-donald-trump\/","title":{"rendered":"EN VIVO: se instala en Davos el Consejo de Paz impulsado por Donald Trump"},"content":{"rendered":"<p><html><\/p>\n<div class=\"video-container\"> <iframe src=\"https:\/\/www.youtube.com\/embed\/S0uSK9MaCdA?si=K5hAJbs46gRlnc9T\" allowfullscreen><\/iframe>\n<\/div>\n<style>\n.video-container { overflow: hidden; position: relative; width:100%;\n}\n.video-container::after { padding-top: 56.25%; display: block; content: '';\n}\n.video-container iframe { position: absolute; top: 0; left: 0; width: 100%; height: 100%;\n}\n<\/style>\n<p><\/html><\/p>\n<p>El <b>Consejo de Paz<\/b> se instala este jueves bajo la promoci\u00f3n del presidente <b>Donald Trump<\/b> en el marco del <b>Foro Econ\u00f3mico Mundial<\/b> en <b>Davos<\/b>, enmarcado por los cuestionamientos al alcance de sus funciones. El organismo surge con el objetivo declarado de <b>\u201casegurar una paz duradera en \u00e1reas amenazadas por conflictos\u201d,<\/b> consolidando el liderazgo global de Estados Unidos fuera de las estructuras internacionales tradicionales.<\/p>\n<p>El comit\u00e9 ejecutivo fundador est\u00e1 integrado por figuras clave como el secretario de Estado <b>Marco Rubio, Jared Kushner,<\/b> el enviado especial <b>Steve Witkoff <\/b>y el ex primer ministro brit\u00e1nico <b>Tony Blair.<\/b><\/p>\n<p><img fetchpriority=\"high\" decoding=\"async\" src=\"https:\/\/lobosnews.com.ar\/wp-content\/uploads\/2026\/01\/en-vivo-se-instala-en-davos-el-consejo-de-paz-impulsado-por-donald-trump.jpg\" alt=\"\" height=\"657\" width=\"1289\"\/><\/p>\n<p>\u201cMucha gente no sab\u00eda en 2020 que algunas de esas guerras estaban ocurriendo. Y algunas de ellas llevaban, en un caso, 32 a\u00f1os, en otro caso, 35 a\u00f1os, y en otro, 37 a\u00f1os. Nos alegr\u00f3 mucho detener la guerra que hab\u00eda comenzado entre India y Pakist\u00e1n, dos naciones nucleares. Y me sent\u00ed muy honrado cuando el primer ministro de Pakist\u00e1n dijo que el presidente Trump salv\u00f3 10 y quiz\u00e1 20 millones de vidas al lograr que eso se detuviera justo antes de que ocurrieran cosas malas. Como presidente, puse fin a esas ocho guerras en nueve meses, incluyendo Camboya y Tailandia. Y, por cierto, muchos de los l\u00edderes est\u00e1n aqu\u00ed. Kosovo y Serbia, la Rep\u00fablica Democr\u00e1tica del Congo y Ruanda, Pakist\u00e1n e India, Israel e Ir\u00e1n, Egipto y Etiop\u00eda. Estamos trabajando en eso ahora mismo\u201d, asegur\u00f3 Trump durante su discurso de presentaci\u00f3n.<\/p>\n<p><img loading=\"lazy\" decoding=\"async\" src=\"https:\/\/lobosnews.com.ar\/wp-content\/uploads\/2026\/01\/en-vivo-se-instala-en-davos-el-consejo-de-paz-impulsado-por-donald-trump-1.jpg\" alt=\"Aproximadamente 35 dirigentes ya acordaron respaldar la iniciativa cuya carta entrar\u00e1 en vigor una vez que al menos tres Estados la hayan firmado\" height=\"1080\" width=\"1920\"\/><\/p>\n<p>La nueva <b>Junta de Paz<\/b> fue concebida inicialmente como parte del plan de 20 puntos impulsado por Trump para poner fin a la guerra entre <b>Israel<\/b> y <b>Hamas<\/b>, con un enfoque particular en la reconstrucci\u00f3n y administraci\u00f3n civil de la <b>Franja de Gaza<\/b>. Seg\u00fan el estatuto fundacional, el consejo supervisar\u00e1 un comit\u00e9 tecnocr\u00e1tico palestino encargado de la gobernanza transitoria del enclave y coordinar\u00e1 el despliegue de una <b>Fuerza Internacional de Estabilizaci\u00f3n<\/b> (ISF, por sus siglas en ingl\u00e9s) para mantener el alto el fuego y desarmar a los grupos insurgentes.<\/p>\n<p>Presidentes latinoamericanos como el argentino <b>Javier Milei<\/b> y el brasile\u00f1o <b>Luiz In\u00e1cio Lula da Silva<\/b> han dicho que tambi\u00e9n fueron convocados. \u201cCreo que es el mejor consejo que se ha formado jam\u00e1s\u201d, dijo Trump el mi\u00e9rcoles al reunirse con el presidente egipcio, Abdel Fatah al Sisi, otro de los l\u00edderes que acept\u00f3 integrar el organismo.<\/p>\n<p><img loading=\"lazy\" decoding=\"async\" src=\"https:\/\/lobosnews.com.ar\/wp-content\/uploads\/2026\/01\/en-vivo-se-instala-en-davos-el-consejo-de-paz-impulsado-por-donald-trump-2.jpg\" alt=\"El presidente argentino, Javier Milei, fue el primero en sumarse al Consejo de Paz de Trump\" height=\"451\" width=\"813\"\/><\/p>\n<p>Su puesta en marcha se produce en un contexto de frustraci\u00f3n por parte del presidente estadounidense al no haber conseguido el <b>Premio Nobel de la Paz<\/b>, pese a su afirmaci\u00f3n de haber puesto fin a ocho conflictos. El galard\u00f3n recay\u00f3, en cambio, en la l\u00edder opositora venezolana <b>Mar\u00eda Corina Machado<\/b>, quien incluso le regal\u00f3 su medalla.<\/p>\n<p>El liderazgo del organismo recae en el propio Trump, quien ostenta poder de veto sobre las decisiones y la agenda del consejo. La membres\u00eda est\u00e1 abierta a todos los pa\u00edses, que pueden sumarse de manera gratuita durante los primeros tres a\u00f1os, aunque se ha establecido la opci\u00f3n de un \u201casiento permanente\u201d mediante un pago de 1.000 millones de d\u00f3lares (USD1.000 millones).<\/p>\n<p><img loading=\"lazy\" decoding=\"async\" src=\"https:\/\/lobosnews.com.ar\/wp-content\/uploads\/2026\/01\/en-vivo-se-instala-en-davos-el-consejo-de-paz-impulsado-por-donald-trump-3.jpg\" alt=\"\"El Consejo de Paz es una organizaci\u00f3n internacional que busca promover la estabilidad, restablecer una gobernanza fiable y leg\u00edtima, y garantizar una paz duradera en las regiones afectadas o amenazadas por conflictos\", afirma el pre\u00e1mbulo de sus estatutos \" height=\"1080\" width=\"1920\"\/><\/p>\n<p>El <b>Consejo de Seguridad de las Naciones Unidas<\/b> (ONU), mediante la Resoluci\u00f3n 2803 aprobada en noviembre de 2025, respald\u00f3 formalmente la existencia del Board of Peace, limitando su mandato para la situaci\u00f3n en Gaza hasta finales de 2027.<\/p>\n<p><i>Noticia en desarrollo&#8230;<\/i><\/p>\n","protected":false},"excerpt":{"rendered":"<p>El Consejo de Paz se instala este jueves bajo la promoci\u00f3n del presidente Donald Trump en el marco del Foro Econ\u00f3mico Mundial en Davos, enmarcado por los cuestionamientos al alcance de sus funciones. El organismo surge con el objetivo declarado de \u201casegurar una paz duradera en \u00e1reas amenazadas por conflictos\u201d, consolidando el liderazgo global de&#8230;<\/p>\n","protected":false},"author":1,"featured_media":10008,"comment_status":"open","ping_status":"closed","sticky":false,"template":"","format":"standard","meta":{"_jetpack_memberships_contains_paid_content":false,"footnotes":""},"categories":[31],"tags":[],"class_list":["post-10002","post","type-post","status-publish","format-standard","has-post-thumbnail","hentry","category-actualidad"],"magazineBlocksPostFeaturedMedia":{"thumbnail":"https:\/\/lobosnews.com.ar\/wp-content\/uploads\/2026\/01\/en-vivo-se-instala-en-davos-el-consejo-de-paz-impulsado-por-donald-trump-6-150x150.jpg","medium":"https:\/\/lobosnews.com.ar\/wp-content\/uploads\/2026\/01\/en-vivo-se-instala-en-davos-el-consejo-de-paz-impulsado-por-donald-trump-6-300x169.jpg","medium_large":"https:\/\/lobosnews.com.ar\/wp-content\/uploads\/2026\/01\/en-vivo-se-instala-en-davos-el-consejo-de-paz-impulsado-por-donald-trump-6-768x432.jpg","large":"https:\/\/lobosnews.com.ar\/wp-content\/uploads\/2026\/01\/en-vivo-se-instala-en-davos-el-consejo-de-paz-impulsado-por-donald-trump-6-1024x576.jpg","1536x1536":"https:\/\/lobosnews.com.ar\/wp-content\/uploads\/2026\/01\/en-vivo-se-instala-en-davos-el-consejo-de-paz-impulsado-por-donald-trump-6-1536x864.jpg","2048x2048":"https:\/\/lobosnews.com.ar\/wp-content\/uploads\/2026\/01\/en-vivo-se-instala-en-davos-el-consejo-de-paz-impulsado-por-donald-trump-6.jpg","newsmatic-featured":"https:\/\/lobosnews.com.ar\/wp-content\/uploads\/2026\/01\/en-vivo-se-instala-en-davos-el-consejo-de-paz-impulsado-por-donald-trump-6-820x545.jpg","newsmatic-list":"https:\/\/lobosnews.com.ar\/wp-content\/uploads\/2026\/01\/en-vivo-se-instala-en-davos-el-consejo-de-paz-impulsado-por-donald-trump-6-600x400.jpg","newsmatic-thumb":"https:\/\/lobosnews.com.ar\/wp-content\/uploads\/2026\/01\/en-vivo-se-instala-en-davos-el-consejo-de-paz-impulsado-por-donald-trump-6-300x200.jpg","newsmatic-small":"https:\/\/lobosnews.com.ar\/wp-content\/uploads\/2026\/01\/en-vivo-se-instala-en-davos-el-consejo-de-paz-impulsado-por-donald-trump-6-150x95.jpg","newsmatic-grid":"https:\/\/lobosnews.com.ar\/wp-content\/uploads\/2026\/01\/en-vivo-se-instala-en-davos-el-consejo-de-paz-impulsado-por-donald-trump-6-400x250.jpg"},"magazineBlocksPostAuthor":{"name":"admin","avatar":"https:\/\/secure.gravatar.com\/avatar\/76e419471a2083bc3ceab22a763dbbf9b0c1bd15a6214cf3280e2c2dde4580f9?s=96&d=mm&r=g"},"magazineBlocksPostCommentsNumber":"0","magazineBlocksPostExcerpt":"El Consejo de Paz se instala este jueves bajo la promoci\u00f3n del presidente Donald Trump en el marco del Foro Econ\u00f3mico Mundial en Davos, enmarcado por los cuestionamientos al alcance de sus funciones. El organismo surge con el objetivo declarado de \u201casegurar una paz duradera en \u00e1reas amenazadas por conflictos\u201d, consolidando el liderazgo global de...","magazineBlocksPostCategories":["Actualidad"],"magazineBlocksPostViewCount":178,"magazineBlocksPostReadTime":3,"magazine_blocks_featured_image_url":{"full":["https:\/\/lobosnews.com.ar\/wp-content\/uploads\/2026\/01\/en-vivo-se-instala-en-davos-el-consejo-de-paz-impulsado-por-donald-trump-6.jpg",1920,1080,false],"medium":["https:\/\/lobosnews.com.ar\/wp-content\/uploads\/2026\/01\/en-vivo-se-instala-en-davos-el-consejo-de-paz-impulsado-por-donald-trump-6-300x169.jpg",300,169,true],"thumbnail":["https:\/\/lobosnews.com.ar\/wp-content\/uploads\/2026\/01\/en-vivo-se-instala-en-davos-el-consejo-de-paz-impulsado-por-donald-trump-6-150x150.jpg",150,150,true]},"magazine_blocks_author":{"display_name":"admin","author_link":"https:\/\/lobosnews.com.ar\/index.php\/author\/lobos-news\/"},"magazine_blocks_comment":0,"magazine_blocks_author_image":"https:\/\/secure.gravatar.com\/avatar\/76e419471a2083bc3ceab22a763dbbf9b0c1bd15a6214cf3280e2c2dde4580f9?s=96&d=mm&r=g","magazine_blocks_category":"<a href=\"#\" class=\"category-link category-link-31\">Actualidad<\/a>","yoast_head":"<!-- This site is optimized with the Yoast SEO plugin v26.6 - https:\/\/yoast.com\/wordpress\/plugins\/seo\/ -->\n<title>EN VIVO: se instala en Davos el Consejo de Paz impulsado por Donald Trump - Lobos News<\/title>\n<meta name=\"robots\" content=\"index, follow, max-snippet:-1, max-image-preview:large, max-video-preview:-1\" \/>\n<link rel=\"canonical\" href=\"https:\/\/lobosnews.com.ar\/index.php\/2026\/01\/22\/en-vivo-se-instala-en-davos-el-consejo-de-paz-impulsado-por-donald-trump\/\" \/>\n<meta property=\"og:locale\" content=\"es_ES\" \/>\n<meta property=\"og:type\" content=\"article\" \/>\n<meta property=\"og:title\" content=\"EN VIVO: se instala en Davos el Consejo de Paz impulsado por Donald Trump - Lobos News\" \/>\n<meta property=\"og:description\" content=\"El Consejo de Paz se instala este jueves bajo la promoci\u00f3n del presidente Donald Trump en el marco del Foro Econ\u00f3mico Mundial en Davos, enmarcado por los cuestionamientos al alcance de sus funciones. El organismo surge con el objetivo declarado de \u201casegurar una paz duradera en \u00e1reas amenazadas por conflictos\u201d, consolidando el liderazgo global de...\" \/>\n<meta property=\"og:url\" content=\"https:\/\/lobosnews.com.ar\/index.php\/2026\/01\/22\/en-vivo-se-instala-en-davos-el-consejo-de-paz-impulsado-por-donald-trump\/\" \/>\n<meta property=\"og:site_name\" content=\"Lobos News\" \/>\n<meta property=\"article:published_time\" content=\"2026-01-22T10:46:12+00:00\" \/>\n<meta property=\"article:modified_time\" content=\"2026-01-22T10:58:51+00:00\" \/>\n<meta property=\"og:image\" content=\"https:\/\/lobosnews.com.ar\/wp-content\/uploads\/2026\/01\/en-vivo-se-instala-en-davos-el-consejo-de-paz-impulsado-por-donald-trump.jpg\" \/>\n<meta name=\"author\" content=\"admin\" \/>\n<meta name=\"twitter:card\" content=\"summary_large_image\" \/>\n<meta name=\"twitter:label1\" content=\"Escrito por\" \/>\n\t<meta name=\"twitter:data1\" content=\"admin\" \/>\n\t<meta name=\"twitter:label2\" content=\"Tiempo de lectura\" \/>\n\t<meta name=\"twitter:data2\" content=\"3 minutos\" \/>\n<script type=\"application\/ld+json\" class=\"yoast-schema-graph\">{\"@context\":\"https:\/\/schema.org\",\"@graph\":[{\"@type\":\"Article\",\"@id\":\"https:\/\/lobosnews.com.ar\/index.php\/2026\/01\/22\/en-vivo-se-instala-en-davos-el-consejo-de-paz-impulsado-por-donald-trump\/#article\",\"isPartOf\":{\"@id\":\"https:\/\/lobosnews.com.ar\/index.php\/2026\/01\/22\/en-vivo-se-instala-en-davos-el-consejo-de-paz-impulsado-por-donald-trump\/\"},\"author\":{\"name\":\"admin\",\"@id\":\"https:\/\/lobosnews.com.ar\/#\/schema\/person\/232422a593d5c541dd9aef6aaed10943\"},\"headline\":\"EN VIVO: se instala en Davos el Consejo de Paz impulsado por Donald Trump\",\"datePublished\":\"2026-01-22T10:46:12+00:00\",\"dateModified\":\"2026-01-22T10:58:51+00:00\",\"mainEntityOfPage\":{\"@id\":\"https:\/\/lobosnews.com.ar\/index.php\/2026\/01\/22\/en-vivo-se-instala-en-davos-el-consejo-de-paz-impulsado-por-donald-trump\/\"},\"wordCount\":583,\"commentCount\":0,\"publisher\":{\"@id\":\"https:\/\/lobosnews.com.ar\/#organization\"},\"image\":{\"@id\":\"https:\/\/lobosnews.com.ar\/index.php\/2026\/01\/22\/en-vivo-se-instala-en-davos-el-consejo-de-paz-impulsado-por-donald-trump\/#primaryimage\"},\"thumbnailUrl\":\"https:\/\/lobosnews.com.ar\/wp-content\/uploads\/2026\/01\/en-vivo-se-instala-en-davos-el-consejo-de-paz-impulsado-por-donald-trump-6.jpg\",\"articleSection\":[\"Actualidad\"],\"inLanguage\":\"es\",\"potentialAction\":[{\"@type\":\"CommentAction\",\"name\":\"Comment\",\"target\":[\"https:\/\/lobosnews.com.ar\/index.php\/2026\/01\/22\/en-vivo-se-instala-en-davos-el-consejo-de-paz-impulsado-por-donald-trump\/#respond\"]}]},{\"@type\":\"WebPage\",\"@id\":\"https:\/\/lobosnews.com.ar\/index.php\/2026\/01\/22\/en-vivo-se-instala-en-davos-el-consejo-de-paz-impulsado-por-donald-trump\/\",\"url\":\"https:\/\/lobosnews.com.ar\/index.php\/2026\/01\/22\/en-vivo-se-instala-en-davos-el-consejo-de-paz-impulsado-por-donald-trump\/\",\"name\":\"EN VIVO: se instala en Davos el Consejo de Paz impulsado por Donald Trump - Lobos News\",\"isPartOf\":{\"@id\":\"https:\/\/lobosnews.com.ar\/#website\"},\"primaryImageOfPage\":{\"@id\":\"https:\/\/lobosnews.com.ar\/index.php\/2026\/01\/22\/en-vivo-se-instala-en-davos-el-consejo-de-paz-impulsado-por-donald-trump\/#primaryimage\"},\"image\":{\"@id\":\"https:\/\/lobosnews.com.ar\/index.php\/2026\/01\/22\/en-vivo-se-instala-en-davos-el-consejo-de-paz-impulsado-por-donald-trump\/#primaryimage\"},\"thumbnailUrl\":\"https:\/\/lobosnews.com.ar\/wp-content\/uploads\/2026\/01\/en-vivo-se-instala-en-davos-el-consejo-de-paz-impulsado-por-donald-trump-6.jpg\",\"datePublished\":\"2026-01-22T10:46:12+00:00\",\"dateModified\":\"2026-01-22T10:58:51+00:00\",\"breadcrumb\":{\"@id\":\"https:\/\/lobosnews.com.ar\/index.php\/2026\/01\/22\/en-vivo-se-instala-en-davos-el-consejo-de-paz-impulsado-por-donald-trump\/#breadcrumb\"},\"inLanguage\":\"es\",\"potentialAction\":[{\"@type\":\"ReadAction\",\"target\":[\"https:\/\/lobosnews.com.ar\/index.php\/2026\/01\/22\/en-vivo-se-instala-en-davos-el-consejo-de-paz-impulsado-por-donald-trump\/\"]}]},{\"@type\":\"ImageObject\",\"inLanguage\":\"es\",\"@id\":\"https:\/\/lobosnews.com.ar\/index.php\/2026\/01\/22\/en-vivo-se-instala-en-davos-el-consejo-de-paz-impulsado-por-donald-trump\/#primaryimage\",\"url\":\"https:\/\/lobosnews.com.ar\/wp-content\/uploads\/2026\/01\/en-vivo-se-instala-en-davos-el-consejo-de-paz-impulsado-por-donald-trump-6.jpg\",\"contentUrl\":\"https:\/\/lobosnews.com.ar\/wp-content\/uploads\/2026\/01\/en-vivo-se-instala-en-davos-el-consejo-de-paz-impulsado-por-donald-trump-6.jpg\",\"width\":1920,\"height\":1080,\"caption\":\"EN VIVO: se instala en Davos el Consejo de Paz impulsado por Donald Trump\"},{\"@type\":\"BreadcrumbList\",\"@id\":\"https:\/\/lobosnews.com.ar\/index.php\/2026\/01\/22\/en-vivo-se-instala-en-davos-el-consejo-de-paz-impulsado-por-donald-trump\/#breadcrumb\",\"itemListElement\":[{\"@type\":\"ListItem\",\"position\":1,\"name\":\"Portada\",\"item\":\"https:\/\/lobosnews.com.ar\/\"},{\"@type\":\"ListItem\",\"position\":2,\"name\":\"EN VIVO: se instala en Davos el Consejo de Paz impulsado por Donald Trump\"}]},{\"@type\":\"WebSite\",\"@id\":\"https:\/\/lobosnews.com.ar\/#website\",\"url\":\"https:\/\/lobosnews.com.ar\/\",\"name\":\"Lobos News\",\"description\":\"Informaci\u00f3n a cada instante\",\"publisher\":{\"@id\":\"https:\/\/lobosnews.com.ar\/#organization\"},\"potentialAction\":[{\"@type\":\"SearchAction\",\"target\":{\"@type\":\"EntryPoint\",\"urlTemplate\":\"https:\/\/lobosnews.com.ar\/?s={search_term_string}\"},\"query-input\":{\"@type\":\"PropertyValueSpecification\",\"valueRequired\":true,\"valueName\":\"search_term_string\"}}],\"inLanguage\":\"es\"},{\"@type\":\"Organization\",\"@id\":\"https:\/\/lobosnews.com.ar\/#organization\",\"name\":\"Lobos News\",\"url\":\"https:\/\/lobosnews.com.ar\/\",\"logo\":{\"@type\":\"ImageObject\",\"inLanguage\":\"es\",\"@id\":\"https:\/\/lobosnews.com.ar\/#\/schema\/logo\/image\/\",\"url\":\"https:\/\/lobosnews.com.ar\/wp-content\/uploads\/2026\/01\/logo-lobosnews.png\",\"contentUrl\":\"https:\/\/lobosnews.com.ar\/wp-content\/uploads\/2026\/01\/logo-lobosnews.png\",\"width\":500,\"height\":200,\"caption\":\"Lobos News\"},\"image\":{\"@id\":\"https:\/\/lobosnews.com.ar\/#\/schema\/logo\/image\/\"}},{\"@type\":\"Person\",\"@id\":\"https:\/\/lobosnews.com.ar\/#\/schema\/person\/232422a593d5c541dd9aef6aaed10943\",\"name\":\"admin\",\"image\":{\"@type\":\"ImageObject\",\"inLanguage\":\"es\",\"@id\":\"https:\/\/lobosnews.com.ar\/#\/schema\/person\/image\/\",\"url\":\"https:\/\/secure.gravatar.com\/avatar\/76e419471a2083bc3ceab22a763dbbf9b0c1bd15a6214cf3280e2c2dde4580f9?s=96&d=mm&r=g\",\"contentUrl\":\"https:\/\/secure.gravatar.com\/avatar\/76e419471a2083bc3ceab22a763dbbf9b0c1bd15a6214cf3280e2c2dde4580f9?s=96&d=mm&r=g\",\"caption\":\"admin\"},\"sameAs\":[\"https:\/\/lobosnews.com.ar\"],\"url\":\"https:\/\/lobosnews.com.ar\/index.php\/author\/lobos-news\/\"}]}<\/script>\n<!-- \/ Yoast SEO plugin. -->","yoast_head_json":{"title":"EN VIVO: se instala en Davos el Consejo de Paz impulsado por Donald Trump - Lobos News","robots":{"index":"index","follow":"follow","max-snippet":"max-snippet:-1","max-image-preview":"max-image-preview:large","max-video-preview":"max-video-preview:-1"},"canonical":"https:\/\/lobosnews.com.ar\/index.php\/2026\/01\/22\/en-vivo-se-instala-en-davos-el-consejo-de-paz-impulsado-por-donald-trump\/","og_locale":"es_ES","og_type":"article","og_title":"EN VIVO: se instala en Davos el Consejo de Paz impulsado por Donald Trump - Lobos News","og_description":"El Consejo de Paz se instala este jueves bajo la promoci\u00f3n del presidente Donald Trump en el marco del Foro Econ\u00f3mico Mundial en Davos, enmarcado por los cuestionamientos al alcance de sus funciones. El organismo surge con el objetivo declarado de \u201casegurar una paz duradera en \u00e1reas amenazadas por conflictos\u201d, consolidando el liderazgo global de...","og_url":"https:\/\/lobosnews.com.ar\/index.php\/2026\/01\/22\/en-vivo-se-instala-en-davos-el-consejo-de-paz-impulsado-por-donald-trump\/","og_site_name":"Lobos News","article_published_time":"2026-01-22T10:46:12+00:00","article_modified_time":"2026-01-22T10:58:51+00:00","og_image":[{"url":"https:\/\/lobosnews.com.ar\/wp-content\/uploads\/2026\/01\/en-vivo-se-instala-en-davos-el-consejo-de-paz-impulsado-por-donald-trump.jpg","type":"","width":"","height":""}],"author":"admin","twitter_card":"summary_large_image","twitter_misc":{"Escrito por":"admin","Tiempo de lectura":"3 minutos"},"schema":{"@context":"https:\/\/schema.org","@graph":[{"@type":"Article","@id":"https:\/\/lobosnews.com.ar\/index.php\/2026\/01\/22\/en-vivo-se-instala-en-davos-el-consejo-de-paz-impulsado-por-donald-trump\/#article","isPartOf":{"@id":"https:\/\/lobosnews.com.ar\/index.php\/2026\/01\/22\/en-vivo-se-instala-en-davos-el-consejo-de-paz-impulsado-por-donald-trump\/"},"author":{"name":"admin","@id":"https:\/\/lobosnews.com.ar\/#\/schema\/person\/232422a593d5c541dd9aef6aaed10943"},"headline":"EN VIVO: se instala en Davos el Consejo de Paz impulsado por Donald Trump","datePublished":"2026-01-22T10:46:12+00:00","dateModified":"2026-01-22T10:58:51+00:00","mainEntityOfPage":{"@id":"https:\/\/lobosnews.com.ar\/index.php\/2026\/01\/22\/en-vivo-se-instala-en-davos-el-consejo-de-paz-impulsado-por-donald-trump\/"},"wordCount":583,"commentCount":0,"publisher":{"@id":"https:\/\/lobosnews.com.ar\/#organization"},"image":{"@id":"https:\/\/lobosnews.com.ar\/index.php\/2026\/01\/22\/en-vivo-se-instala-en-davos-el-consejo-de-paz-impulsado-por-donald-trump\/#primaryimage"},"thumbnailUrl":"https:\/\/lobosnews.com.ar\/wp-content\/uploads\/2026\/01\/en-vivo-se-instala-en-davos-el-consejo-de-paz-impulsado-por-donald-trump-6.jpg","articleSection":["Actualidad"],"inLanguage":"es","potentialAction":[{"@type":"CommentAction","name":"Comment","target":["https:\/\/lobosnews.com.ar\/index.php\/2026\/01\/22\/en-vivo-se-instala-en-davos-el-consejo-de-paz-impulsado-por-donald-trump\/#respond"]}]},{"@type":"WebPage","@id":"https:\/\/lobosnews.com.ar\/index.php\/2026\/01\/22\/en-vivo-se-instala-en-davos-el-consejo-de-paz-impulsado-por-donald-trump\/","url":"https:\/\/lobosnews.com.ar\/index.php\/2026\/01\/22\/en-vivo-se-instala-en-davos-el-consejo-de-paz-impulsado-por-donald-trump\/","name":"EN VIVO: se instala en Davos el Consejo de Paz impulsado por Donald Trump - Lobos News","isPartOf":{"@id":"https:\/\/lobosnews.com.ar\/#website"},"primaryImageOfPage":{"@id":"https:\/\/lobosnews.com.ar\/index.php\/2026\/01\/22\/en-vivo-se-instala-en-davos-el-consejo-de-paz-impulsado-por-donald-trump\/#primaryimage"},"image":{"@id":"https:\/\/lobosnews.com.ar\/index.php\/2026\/01\/22\/en-vivo-se-instala-en-davos-el-consejo-de-paz-impulsado-por-donald-trump\/#primaryimage"},"thumbnailUrl":"https:\/\/lobosnews.com.ar\/wp-content\/uploads\/2026\/01\/en-vivo-se-instala-en-davos-el-consejo-de-paz-impulsado-por-donald-trump-6.jpg","datePublished":"2026-01-22T10:46:12+00:00","dateModified":"2026-01-22T10:58:51+00:00","breadcrumb":{"@id":"https:\/\/lobosnews.com.ar\/index.php\/2026\/01\/22\/en-vivo-se-instala-en-davos-el-consejo-de-paz-impulsado-por-donald-trump\/#breadcrumb"},"inLanguage":"es","potentialAction":[{"@type":"ReadAction","target":["https:\/\/lobosnews.com.ar\/index.php\/2026\/01\/22\/en-vivo-se-instala-en-davos-el-consejo-de-paz-impulsado-por-donald-trump\/"]}]},{"@type":"ImageObject","inLanguage":"es","@id":"https:\/\/lobosnews.com.ar\/index.php\/2026\/01\/22\/en-vivo-se-instala-en-davos-el-consejo-de-paz-impulsado-por-donald-trump\/#primaryimage","url":"https:\/\/lobosnews.com.ar\/wp-content\/uploads\/2026\/01\/en-vivo-se-instala-en-davos-el-consejo-de-paz-impulsado-por-donald-trump-6.jpg","contentUrl":"https:\/\/lobosnews.com.ar\/wp-content\/uploads\/2026\/01\/en-vivo-se-instala-en-davos-el-consejo-de-paz-impulsado-por-donald-trump-6.jpg","width":1920,"height":1080,"caption":"EN VIVO: se instala en Davos el Consejo de Paz impulsado por Donald Trump"},{"@type":"BreadcrumbList","@id":"https:\/\/lobosnews.com.ar\/index.php\/2026\/01\/22\/en-vivo-se-instala-en-davos-el-consejo-de-paz-impulsado-por-donald-trump\/#breadcrumb","itemListElement":[{"@type":"ListItem","position":1,"name":"Portada","item":"https:\/\/lobosnews.com.ar\/"},{"@type":"ListItem","position":2,"name":"EN VIVO: se instala en Davos el Consejo de Paz impulsado por Donald Trump"}]},{"@type":"WebSite","@id":"https:\/\/lobosnews.com.ar\/#website","url":"https:\/\/lobosnews.com.ar\/","name":"Lobos News","description":"Informaci\u00f3n a cada instante","publisher":{"@id":"https:\/\/lobosnews.com.ar\/#organization"},"potentialAction":[{"@type":"SearchAction","target":{"@type":"EntryPoint","urlTemplate":"https:\/\/lobosnews.com.ar\/?s={search_term_string}"},"query-input":{"@type":"PropertyValueSpecification","valueRequired":true,"valueName":"search_term_string"}}],"inLanguage":"es"},{"@type":"Organization","@id":"https:\/\/lobosnews.com.ar\/#organization","name":"Lobos News","url":"https:\/\/lobosnews.com.ar\/","logo":{"@type":"ImageObject","inLanguage":"es","@id":"https:\/\/lobosnews.com.ar\/#\/schema\/logo\/image\/","url":"https:\/\/lobosnews.com.ar\/wp-content\/uploads\/2026\/01\/logo-lobosnews.png","contentUrl":"https:\/\/lobosnews.com.ar\/wp-content\/uploads\/2026\/01\/logo-lobosnews.png","width":500,"height":200,"caption":"Lobos News"},"image":{"@id":"https:\/\/lobosnews.com.ar\/#\/schema\/logo\/image\/"}},{"@type":"Person","@id":"https:\/\/lobosnews.com.ar\/#\/schema\/person\/232422a593d5c541dd9aef6aaed10943","name":"admin","image":{"@type":"ImageObject","inLanguage":"es","@id":"https:\/\/lobosnews.com.ar\/#\/schema\/person\/image\/","url":"https:\/\/secure.gravatar.com\/avatar\/76e419471a2083bc3ceab22a763dbbf9b0c1bd15a6214cf3280e2c2dde4580f9?s=96&d=mm&r=g","contentUrl":"https:\/\/secure.gravatar.com\/avatar\/76e419471a2083bc3ceab22a763dbbf9b0c1bd15a6214cf3280e2c2dde4580f9?s=96&d=mm&r=g","caption":"admin"},"sameAs":["https:\/\/lobosnews.com.ar"],"url":"https:\/\/lobosnews.com.ar\/index.php\/author\/lobos-news\/"}]}},"jetpack_featured_media_url":"https:\/\/lobosnews.com.ar\/wp-content\/uploads\/2026\/01\/en-vivo-se-instala-en-davos-el-consejo-de-paz-impulsado-por-donald-trump-6.jpg","jetpack_sharing_enabled":true,"_links":{"self":[{"href":"https:\/\/lobosnews.com.ar\/index.php\/wp-json\/wp\/v2\/posts\/10002","targetHints":{"allow":["GET"]}}],"collection":[{"href":"https:\/\/lobosnews.com.ar\/index.php\/wp-json\/wp\/v2\/posts"}],"about":[{"href":"https:\/\/lobosnews.com.ar\/index.php\/wp-json\/wp\/v2\/types\/post"}],"author":[{"embeddable":true,"href":"https:\/\/lobosnews.com.ar\/index.php\/wp-json\/wp\/v2\/users\/1"}],"replies":[{"embeddable":true,"href":"https:\/\/lobosnews.com.ar\/index.php\/wp-json\/wp\/v2\/comments?post=10002"}],"version-history":[{"count":1,"href":"https:\/\/lobosnews.com.ar\/index.php\/wp-json\/wp\/v2\/posts\/10002\/revisions"}],"predecessor-version":[{"id":10007,"href":"https:\/\/lobosnews.com.ar\/index.php\/wp-json\/wp\/v2\/posts\/10002\/revisions\/10007"}],"wp:featuredmedia":[{"embeddable":true,"href":"https:\/\/lobosnews.com.ar\/index.php\/wp-json\/wp\/v2\/media\/10008"}],"wp:attachment":[{"href":"https:\/\/lobosnews.com.ar\/index.php\/wp-json\/wp\/v2\/media?parent=10002"}],"wp:term":[{"taxonomy":"category","embeddable":true,"href":"https:\/\/lobosnews.com.ar\/index.php\/wp-json\/wp\/v2\/categories?post=10002"},{"taxonomy":"post_tag","embeddable":true,"href":"https:\/\/lobosnews.com.ar\/index.php\/wp-json\/wp\/v2\/tags?post=10002"}],"curies":[{"name":"wp","href":"https:\/\/api.w.org\/{rel}","templated":true}]}}